{"id":96727,"date":"2025-10-23T10:19:03","date_gmt":"2025-10-23T07:19:03","guid":{"rendered":"https:\/\/kibrisdakik.com\/index.php\/2025\/10\/23\/almanyada-tatbikati-gercek-sandilar-polis-ile-asker-catisti\/"},"modified":"2025-10-23T10:19:03","modified_gmt":"2025-10-23T07:19:03","slug":"almanyada-tatbikati-gercek-sandilar-polis-ile-asker-catisti","status":"publish","type":"post","link":"https:\/\/kibrisdakik.com\/?p=96727","title":{"rendered":"Almanya&#039;da tatbikat\u0131 ger\u00e7ek sand\u0131lar: Polis ile asker \u00e7at\u0131\u015ft\u0131"},"content":{"rendered":"<p><\/p>\n<div class=\"news-content\">\n<p>\n\tOlay, Almanya&#8217;n\u0131n M\u00fcnih kentinin kuzeydo\u011fusunda yer alan Altenerding b\u00f6lgesinde yap\u0131lan &#8220;Mare\u015fal G\u00fcc\u00fc 2025&#8221; tatbikat\u0131nda meydana geldi.<\/p>\n<p>\n\tTatbikat\u0131n bir par\u00e7as\u0131 olarak kamusal alanda e\u011fitim yapan askerler, bir \u00e7iftli\u011fin ah\u0131r\u0131n\u0131n \u00e7evresinde konu\u015flanm\u0131\u015fken halk taraf\u0131ndan fark edilerek polise ihbar edildi.<\/p>\n<p>\n\t\u0130hbar \u00fczerine b\u00f6lgeye \u00e7ok say\u0131da polis sevk edildi. Polislerin geldi\u011fini g\u00f6ren tatbikattaki askerler bunu e\u011fitimlerinin bir par\u00e7as\u0131 sanarak e\u011fitim mermileriyle s\u00f6zde d\u00fc\u015fman g\u00fcc\u00fcne ate\u015f etti. Bunun \u00fczerine polis ekiplerince tatbikat yapan askerlere ger\u00e7ek mermiyle kar\u015f\u0131l\u0131k verildi.<\/p>\n<p>\n\tTatbikattaki askerlerden biri hafif \u015fekilde yaraland\u0131. Hayati tehlikesi bulunmayan asker, hastanede tedavi alt\u0131na al\u0131nd\u0131.<\/p>\n<p>\n\tYakla\u015f\u0131k 800 askerin kat\u0131ld\u0131\u011f\u0131, itfaiye ve kurtarma ekiplerinin de yer ald\u0131\u011f\u0131 tatbikatta ya\u015fanan olaya ili\u015fkin resmi a\u00e7\u0131klama yap\u0131lmazken, Alman bas\u0131n\u0131, vatanda\u015f\u0131n ihbar\u0131 \u00fczerine b\u00f6lgeye gelen polis ekiplerinin tatbikattan haberi olmad\u0131\u011f\u0131n\u0131 \u00f6ne s\u00fcrd\u00fc.<\/p>\n<p>\n\tTatbikat\u0131n senaryosunun, ise bir NATO \u00fclkesinin i\u015fgal edilmesi durumunda ittifak g\u00fc\u00e7leriyle, askeri ve sivil g\u00fc\u00e7lerin ortak hareket etme kabiliyetinin geli\u015ftirilmesine y\u00f6nelik oldu\u011fu bildirildi.\u00a0<\/p>\n<div class=\"news-tags\">\n<div class=\"title\">ET\u0130KETLER<\/div>\n<div class=\"tags\">\n                                                                            Almanya\n                                                                    <\/div>\n<\/p><\/div>\n<\/p><\/div>\n","protected":false},"excerpt":{"rendered":"<p>Olay, Almanya&#8217;n\u0131n M\u00fcnih kentinin kuzeydo\u011fusunda yer alan Altenerding b\u00f6lgesinde yap\u0131lan &#8220;Mare\u015fal G\u00fcc\u00fc 2025&#8221; tatbikat\u0131nda meydana geldi. Tatbikat\u0131n bir par\u00e7as\u0131 olarak kamusal alanda e\u011fitim yapan askerler, bir \u00e7iftli\u011fin ah\u0131r\u0131n\u0131n \u00e7evresinde konu\u015flanm\u0131\u015fken halk taraf\u0131ndan fark edilerek polise ihbar edildi. \u0130hbar \u00fczerine b\u00f6lgeye \u00e7ok say\u0131da polis sevk edildi. Polislerin geldi\u011fini g\u00f6ren tatbikattaki askerler bunu e\u011fitimlerinin bir par\u00e7as\u0131 sanarak<\/p>\n","protected":false},"author":1,"featured_media":96728,"comment_status":"open","ping_status":"open","sticky":false,"template":"","format":"standard","meta":{"footnotes":""},"categories":[306],"tags":[],"class_list":["post-96727","post","type-post","status-publish","format-standard","has-post-thumbnail","hentry","category-dunya"],"yoast_head":"<!-- This site is optimized with the Yoast SEO plugin v27.4 - https:\/\/yoast.com\/product\/yoast-seo-wordpress\/ -->\n<title>Almanya&#039;da tatbikat\u0131 ger\u00e7ek sand\u0131lar: Polis ile asker \u00e7at\u0131\u015ft\u0131 -<\/title>\n<meta name=\"robots\" content=\"index, follow, max-snippet:-1, max-image-preview:large, max-video-preview:-1\" \/>\n<link rel=\"canonical\" href=\"https:\/\/kibrisdakik.com\/?p=96727\" \/>\n<meta property=\"og:locale\" content=\"tr_TR\" \/>\n<meta property=\"og:type\" content=\"article\" \/>\n<meta property=\"og:title\" content=\"Almanya&#039;da tatbikat\u0131 ger\u00e7ek sand\u0131lar: Polis ile asker \u00e7at\u0131\u015ft\u0131 -\" \/>\n<meta property=\"og:description\" content=\"Olay, Almanya&#8217;n\u0131n M\u00fcnih kentinin kuzeydo\u011fusunda yer alan Altenerding b\u00f6lgesinde yap\u0131lan &#8220;Mare\u015fal G\u00fcc\u00fc 2025&#8221; tatbikat\u0131nda meydana geldi. Tatbikat\u0131n bir par\u00e7as\u0131 olarak kamusal alanda e\u011fitim yapan askerler, bir \u00e7iftli\u011fin ah\u0131r\u0131n\u0131n \u00e7evresinde konu\u015flanm\u0131\u015fken halk taraf\u0131ndan fark edilerek polise ihbar edildi. \u0130hbar \u00fczerine b\u00f6lgeye \u00e7ok say\u0131da polis sevk edildi. Polislerin geldi\u011fini g\u00f6ren tatbikattaki askerler bunu e\u011fitimlerinin bir par\u00e7as\u0131 sanarak\" \/>\n<meta property=\"og:url\" content=\"https:\/\/kibrisdakik.com\/?p=96727\" \/>\n<meta property=\"article:published_time\" content=\"2025-10-23T07:19:03+00:00\" \/>\n<meta property=\"og:image\" content=\"https:\/\/kibrisdakik.com\/wp-content\/uploads\/2025\/10\/almanya-polis-afp-2004539.jpg\" \/>\n\t<meta property=\"og:image:width\" content=\"1280\" \/>\n\t<meta property=\"og:image:height\" content=\"720\" \/>\n\t<meta property=\"og:image:type\" content=\"image\/jpeg\" \/>\n<meta name=\"author\" content=\"admin\" \/>\n<meta name=\"twitter:card\" content=\"summary_large_image\" \/>\n<meta name=\"twitter:label1\" content=\"Yazan:\" \/>\n\t<meta name=\"twitter:data1\" content=\"admin\" \/>\n\t<meta name=\"twitter:label2\" content=\"Tahmini okuma s\u00fcresi\" \/>\n\t<meta name=\"twitter:data2\" content=\"1 dakika\" \/>\n<script type=\"application\/ld+json\" class=\"yoast-schema-graph\">{\"@context\":\"https:\\\/\\\/schema.org\",\"@graph\":[{\"@type\":\"Article\",\"@id\":\"https:\\\/\\\/kibrisdakik.com\\\/?p=96727#article\",\"isPartOf\":{\"@id\":\"https:\\\/\\\/kibrisdakik.com\\\/?p=96727\"},\"author\":{\"name\":\"admin\",\"@id\":\"https:\\\/\\\/kibrisdakik.com\\\/#\\\/schema\\\/person\\\/9cd9d437bbb44f72b73ba127e06d8e79\"},\"headline\":\"Almanya&#039;da tatbikat\u0131 ger\u00e7ek sand\u0131lar: Polis ile asker \u00e7at\u0131\u015ft\u0131\",\"datePublished\":\"2025-10-23T07:19:03+00:00\",\"mainEntityOfPage\":{\"@id\":\"https:\\\/\\\/kibrisdakik.com\\\/?p=96727\"},\"wordCount\":207,\"commentCount\":0,\"image\":{\"@id\":\"https:\\\/\\\/kibrisdakik.com\\\/?p=96727#primaryimage\"},\"thumbnailUrl\":\"https:\\\/\\\/kibrisdakik.com\\\/wp-content\\\/uploads\\\/2025\\\/10\\\/almanya-polis-afp-2004539.jpg\",\"articleSection\":[\"D\u00fcnya\"],\"inLanguage\":\"tr\",\"potentialAction\":[{\"@type\":\"CommentAction\",\"name\":\"Comment\",\"target\":[\"https:\\\/\\\/kibrisdakik.com\\\/?p=96727#respond\"]}]},{\"@type\":\"WebPage\",\"@id\":\"https:\\\/\\\/kibrisdakik.com\\\/?p=96727\",\"url\":\"https:\\\/\\\/kibrisdakik.com\\\/?p=96727\",\"name\":\"Almanya&#039;da tatbikat\u0131 ger\u00e7ek sand\u0131lar: Polis ile asker \u00e7at\u0131\u015ft\u0131 -\",\"isPartOf\":{\"@id\":\"https:\\\/\\\/kibrisdakik.com\\\/#website\"},\"primaryImageOfPage\":{\"@id\":\"https:\\\/\\\/kibrisdakik.com\\\/?p=96727#primaryimage\"},\"image\":{\"@id\":\"https:\\\/\\\/kibrisdakik.com\\\/?p=96727#primaryimage\"},\"thumbnailUrl\":\"https:\\\/\\\/kibrisdakik.com\\\/wp-content\\\/uploads\\\/2025\\\/10\\\/almanya-polis-afp-2004539.jpg\",\"datePublished\":\"2025-10-23T07:19:03+00:00\",\"author\":{\"@id\":\"https:\\\/\\\/kibrisdakik.com\\\/#\\\/schema\\\/person\\\/9cd9d437bbb44f72b73ba127e06d8e79\"},\"breadcrumb\":{\"@id\":\"https:\\\/\\\/kibrisdakik.com\\\/?p=96727#breadcrumb\"},\"inLanguage\":\"tr\",\"potentialAction\":[{\"@type\":\"ReadAction\",\"target\":[\"https:\\\/\\\/kibrisdakik.com\\\/?p=96727\"]}]},{\"@type\":\"ImageObject\",\"inLanguage\":\"tr\",\"@id\":\"https:\\\/\\\/kibrisdakik.com\\\/?p=96727#primaryimage\",\"url\":\"https:\\\/\\\/kibrisdakik.com\\\/wp-content\\\/uploads\\\/2025\\\/10\\\/almanya-polis-afp-2004539.jpg\",\"contentUrl\":\"https:\\\/\\\/kibrisdakik.com\\\/wp-content\\\/uploads\\\/2025\\\/10\\\/almanya-polis-afp-2004539.jpg\",\"width\":1280,\"height\":720},{\"@type\":\"BreadcrumbList\",\"@id\":\"https:\\\/\\\/kibrisdakik.com\\\/?p=96727#breadcrumb\",\"itemListElement\":[{\"@type\":\"ListItem\",\"position\":1,\"name\":\"Home\",\"item\":\"https:\\\/\\\/kibrisdakik.com\\\/\"},{\"@type\":\"ListItem\",\"position\":2,\"name\":\"Almanya&#039;da tatbikat\u0131 ger\u00e7ek sand\u0131lar: Polis ile asker \u00e7at\u0131\u015ft\u0131\"}]},{\"@type\":\"WebSite\",\"@id\":\"https:\\\/\\\/kibrisdakik.com\\\/#website\",\"url\":\"https:\\\/\\\/kibrisdakik.com\\\/\",\"name\":\"\",\"description\":\"Tam vaktinde haber\",\"potentialAction\":[{\"@type\":\"SearchAction\",\"target\":{\"@type\":\"EntryPoint\",\"urlTemplate\":\"https:\\\/\\\/kibrisdakik.com\\\/?s={search_term_string}\"},\"query-input\":{\"@type\":\"PropertyValueSpecification\",\"valueRequired\":true,\"valueName\":\"search_term_string\"}}],\"inLanguage\":\"tr\"},{\"@type\":\"Person\",\"@id\":\"https:\\\/\\\/kibrisdakik.com\\\/#\\\/schema\\\/person\\\/9cd9d437bbb44f72b73ba127e06d8e79\",\"name\":\"admin\",\"image\":{\"@type\":\"ImageObject\",\"inLanguage\":\"tr\",\"@id\":\"https:\\\/\\\/secure.gravatar.com\\\/avatar\\\/ccc17943b9d660506c869530f897617f7cb1c21a4bf30023f252596d83e1f007?s=96&d=mm&r=g\",\"url\":\"https:\\\/\\\/secure.gravatar.com\\\/avatar\\\/ccc17943b9d660506c869530f897617f7cb1c21a4bf30023f252596d83e1f007?s=96&d=mm&r=g\",\"contentUrl\":\"https:\\\/\\\/secure.gravatar.com\\\/avatar\\\/ccc17943b9d660506c869530f897617f7cb1c21a4bf30023f252596d83e1f007?s=96&d=mm&r=g\",\"caption\":\"admin\"},\"sameAs\":[\"https:\\\/\\\/kibrisdakik.com\"],\"url\":\"https:\\\/\\\/kibrisdakik.com\\\/?author=1\"}]}<\/script>\n<!-- \/ Yoast SEO plugin. -->","yoast_head_json":{"title":"Almanya&#039;da tatbikat\u0131 ger\u00e7ek sand\u0131lar: Polis ile asker \u00e7at\u0131\u015ft\u0131 -","robots":{"index":"index","follow":"follow","max-snippet":"max-snippet:-1","max-image-preview":"max-image-preview:large","max-video-preview":"max-video-preview:-1"},"canonical":"https:\/\/kibrisdakik.com\/?p=96727","og_locale":"tr_TR","og_type":"article","og_title":"Almanya&#039;da tatbikat\u0131 ger\u00e7ek sand\u0131lar: Polis ile asker \u00e7at\u0131\u015ft\u0131 -","og_description":"Olay, Almanya&#8217;n\u0131n M\u00fcnih kentinin kuzeydo\u011fusunda yer alan Altenerding b\u00f6lgesinde yap\u0131lan &#8220;Mare\u015fal G\u00fcc\u00fc 2025&#8221; tatbikat\u0131nda meydana geldi. Tatbikat\u0131n bir par\u00e7as\u0131 olarak kamusal alanda e\u011fitim yapan askerler, bir \u00e7iftli\u011fin ah\u0131r\u0131n\u0131n \u00e7evresinde konu\u015flanm\u0131\u015fken halk taraf\u0131ndan fark edilerek polise ihbar edildi. \u0130hbar \u00fczerine b\u00f6lgeye \u00e7ok say\u0131da polis sevk edildi. Polislerin geldi\u011fini g\u00f6ren tatbikattaki askerler bunu e\u011fitimlerinin bir par\u00e7as\u0131 sanarak","og_url":"https:\/\/kibrisdakik.com\/?p=96727","article_published_time":"2025-10-23T07:19:03+00:00","og_image":[{"width":1280,"height":720,"url":"https:\/\/kibrisdakik.com\/wp-content\/uploads\/2025\/10\/almanya-polis-afp-2004539.jpg","type":"image\/jpeg"}],"author":"admin","twitter_card":"summary_large_image","twitter_misc":{"Yazan:":"admin","Tahmini okuma s\u00fcresi":"1 dakika"},"schema":{"@context":"https:\/\/schema.org","@graph":[{"@type":"Article","@id":"https:\/\/kibrisdakik.com\/?p=96727#article","isPartOf":{"@id":"https:\/\/kibrisdakik.com\/?p=96727"},"author":{"name":"admin","@id":"https:\/\/kibrisdakik.com\/#\/schema\/person\/9cd9d437bbb44f72b73ba127e06d8e79"},"headline":"Almanya&#039;da tatbikat\u0131 ger\u00e7ek sand\u0131lar: Polis ile asker \u00e7at\u0131\u015ft\u0131","datePublished":"2025-10-23T07:19:03+00:00","mainEntityOfPage":{"@id":"https:\/\/kibrisdakik.com\/?p=96727"},"wordCount":207,"commentCount":0,"image":{"@id":"https:\/\/kibrisdakik.com\/?p=96727#primaryimage"},"thumbnailUrl":"https:\/\/kibrisdakik.com\/wp-content\/uploads\/2025\/10\/almanya-polis-afp-2004539.jpg","articleSection":["D\u00fcnya"],"inLanguage":"tr","potentialAction":[{"@type":"CommentAction","name":"Comment","target":["https:\/\/kibrisdakik.com\/?p=96727#respond"]}]},{"@type":"WebPage","@id":"https:\/\/kibrisdakik.com\/?p=96727","url":"https:\/\/kibrisdakik.com\/?p=96727","name":"Almanya&#039;da tatbikat\u0131 ger\u00e7ek sand\u0131lar: Polis ile asker \u00e7at\u0131\u015ft\u0131 -","isPartOf":{"@id":"https:\/\/kibrisdakik.com\/#website"},"primaryImageOfPage":{"@id":"https:\/\/kibrisdakik.com\/?p=96727#primaryimage"},"image":{"@id":"https:\/\/kibrisdakik.com\/?p=96727#primaryimage"},"thumbnailUrl":"https:\/\/kibrisdakik.com\/wp-content\/uploads\/2025\/10\/almanya-polis-afp-2004539.jpg","datePublished":"2025-10-23T07:19:03+00:00","author":{"@id":"https:\/\/kibrisdakik.com\/#\/schema\/person\/9cd9d437bbb44f72b73ba127e06d8e79"},"breadcrumb":{"@id":"https:\/\/kibrisdakik.com\/?p=96727#breadcrumb"},"inLanguage":"tr","potentialAction":[{"@type":"ReadAction","target":["https:\/\/kibrisdakik.com\/?p=96727"]}]},{"@type":"ImageObject","inLanguage":"tr","@id":"https:\/\/kibrisdakik.com\/?p=96727#primaryimage","url":"https:\/\/kibrisdakik.com\/wp-content\/uploads\/2025\/10\/almanya-polis-afp-2004539.jpg","contentUrl":"https:\/\/kibrisdakik.com\/wp-content\/uploads\/2025\/10\/almanya-polis-afp-2004539.jpg","width":1280,"height":720},{"@type":"BreadcrumbList","@id":"https:\/\/kibrisdakik.com\/?p=96727#breadcrumb","itemListElement":[{"@type":"ListItem","position":1,"name":"Home","item":"https:\/\/kibrisdakik.com\/"},{"@type":"ListItem","position":2,"name":"Almanya&#039;da tatbikat\u0131 ger\u00e7ek sand\u0131lar: Polis ile asker \u00e7at\u0131\u015ft\u0131"}]},{"@type":"WebSite","@id":"https:\/\/kibrisdakik.com\/#website","url":"https:\/\/kibrisdakik.com\/","name":"","description":"Tam vaktinde haber","potentialAction":[{"@type":"SearchAction","target":{"@type":"EntryPoint","urlTemplate":"https:\/\/kibrisdakik.com\/?s={search_term_string}"},"query-input":{"@type":"PropertyValueSpecification","valueRequired":true,"valueName":"search_term_string"}}],"inLanguage":"tr"},{"@type":"Person","@id":"https:\/\/kibrisdakik.com\/#\/schema\/person\/9cd9d437bbb44f72b73ba127e06d8e79","name":"admin","image":{"@type":"ImageObject","inLanguage":"tr","@id":"https:\/\/secure.gravatar.com\/avatar\/ccc17943b9d660506c869530f897617f7cb1c21a4bf30023f252596d83e1f007?s=96&d=mm&r=g","url":"https:\/\/secure.gravatar.com\/avatar\/ccc17943b9d660506c869530f897617f7cb1c21a4bf30023f252596d83e1f007?s=96&d=mm&r=g","contentUrl":"https:\/\/secure.gravatar.com\/avatar\/ccc17943b9d660506c869530f897617f7cb1c21a4bf30023f252596d83e1f007?s=96&d=mm&r=g","caption":"admin"},"sameAs":["https:\/\/kibrisdakik.com"],"url":"https:\/\/kibrisdakik.com\/?author=1"}]}},"_links":{"self":[{"href":"https:\/\/kibrisdakik.com\/index.php?rest_route=\/wp\/v2\/posts\/96727","targetHints":{"allow":["GET"]}}],"collection":[{"href":"https:\/\/kibrisdakik.com\/index.php?rest_route=\/wp\/v2\/posts"}],"about":[{"href":"https:\/\/kibrisdakik.com\/index.php?rest_route=\/wp\/v2\/types\/post"}],"author":[{"embeddable":true,"href":"https:\/\/kibrisdakik.com\/index.php?rest_route=\/wp\/v2\/users\/1"}],"replies":[{"embeddable":true,"href":"https:\/\/kibrisdakik.com\/index.php?rest_route=%2Fwp%2Fv2%2Fcomments&post=96727"}],"version-history":[{"count":0,"href":"https:\/\/kibrisdakik.com\/index.php?rest_route=\/wp\/v2\/posts\/96727\/revisions"}],"wp:featuredmedia":[{"embeddable":true,"href":"https:\/\/kibrisdakik.com\/index.php?rest_route=\/wp\/v2\/media\/96728"}],"wp:attachment":[{"href":"https:\/\/kibrisdakik.com\/index.php?rest_route=%2Fwp%2Fv2%2Fmedia&parent=96727"}],"wp:term":[{"taxonomy":"category","embeddable":true,"href":"https:\/\/kibrisdakik.com\/index.php?rest_route=%2Fwp%2Fv2%2Fcategories&post=96727"},{"taxonomy":"post_tag","embeddable":true,"href":"https:\/\/kibrisdakik.com\/index.php?rest_route=%2Fwp%2Fv2%2Ftags&post=96727"}],"curies":[{"name":"wp","href":"https:\/\/api.w.org\/{rel}","templated":true}]}}