{"id":96731,"date":"2025-10-23T10:30:07","date_gmt":"2025-10-23T07:30:07","guid":{"rendered":"https:\/\/kibrisdakik.com\/index.php\/2025\/10\/23\/stoltenberg-erdogan-kararli-ve-bilgili-bir-lider\/"},"modified":"2025-10-23T10:30:07","modified_gmt":"2025-10-23T07:30:07","slug":"stoltenberg-erdogan-kararli-ve-bilgili-bir-lider","status":"publish","type":"post","link":"https:\/\/kibrisdakik.com\/?p=96731","title":{"rendered":"Stoltenberg: Erdo\u011fan kararl\u0131 ve bilgili bir lider"},"content":{"rendered":"<p><\/p>\n<div class=\"news-content\">\n<p>\n\tStoltenberg, Cumhurba\u015fkan\u0131 Erdo\u011fan\u2019\u0131 \u201ckonulara derinlemesine hakim olan, kararl\u0131 ve bilgili bir lider\u201d olarak tan\u0131mlayarak, \u201cOnunla ileti\u015fim kurmak kolay\u201d ifadelerini kulland\u0131.<\/p>\n<h2>\n\tBar\u0131\u015f P\u0131nar\u0131 Harek\u00e2t\u0131 ve g\u00fcvenli b\u00f6lge tart\u0131\u015fmas\u0131<\/h2>\n<p>\n\tKitab\u0131nda, 2019\u2019daki Bar\u0131\u015f P\u0131nar\u0131 Harek\u00e2t\u0131 \u00f6ncesinde Suriye\u2019nin kuzeyinde g\u00fcvenli b\u00f6lge olu\u015fturulmas\u0131na dair g\u00f6r\u00fc\u015fmelere de yer veren Stoltenberg, Erdo\u011fan\u2019\u0131n tepkisini \u015fu s\u00f6zlerle aktard\u0131:<\/p>\n<p>\n\t<em>\u201cYPG bir ter\u00f6r \u00f6rg\u00fct\u00fcd\u00fcr. Siz de bunu daha \u00f6nce kabul etmi\u015ftiniz. Neden fikrinizi de\u011fi\u015ftirdiniz?\u201d<\/em><\/p>\n<p>\n\tErdo\u011fan\u2019\u0131n ayr\u0131ca,<\/p>\n<p>\n\t\u201c<em>Onlara DEA\u015e\u2019la sava\u015fmak i\u00e7in ihtiya\u00e7 duyuyorsunuz ama bu onlar\u0131 daha az ter\u00f6rist yapm\u0131yor\u201d<\/em><br \/>\n\tdedi\u011fini belirten Stoltenberg, bu noktada Cumhurba\u015fkan\u0131 Erdo\u011fan\u2019a hak verdi\u011fini yazd\u0131.<\/p>\n<p>\n\t\u201cBir kez daha Erdo\u011fan hakl\u0131yd\u0131. DEA\u015e\u2019a kar\u015f\u0131 y\u00fcr\u00fct\u00fclen kara ve hava operasyonlar\u0131, BM G\u00fcvenlik Konseyi\u2019nden a\u00e7\u0131k bir yetki olmadan yap\u0131l\u0131yordu\u201d ifadelerini kulland\u0131.<\/p>\n<h2>\n\tFinlandiya ve \u0130sve\u00e7\u2019in \u00fcyelik s\u00fcreci<\/h2>\n<p>\n\tStoltenberg, Finlandiya ve \u0130sve\u00e7\u2019in NATO \u00fcyeli\u011fi s\u00fcrecinde T\u00fcrkiye\u2019nin oynad\u0131\u011f\u0131 belirleyici role de de\u011findi.<\/p>\n<p>\n\t\u0130ki \u00fclkenin ayn\u0131 anda \u00fcyelik s\u00fcrecine dahil edilmesini destekledi\u011fini belirten eski genel sekreter,<\/p>\n<p>\n\t\u201cAnahtar, Cumhurba\u015fkan\u0131 Erdo\u011fan\u2019\u0131n elindeydi\u201d ifadelerini kulland\u0131.<\/p>\n<p>\n\tStoltenberg, Erdo\u011fan\u2019\u0131n kendisine, \u201cTer\u00f6rle m\u00fccadelede yeterince ad\u0131m atmad\u0131lar. Onay s\u00fcrecinin nas\u0131l ilerleyece\u011fini belirleyecek olan atacaklar\u0131 bu ad\u0131mlard\u0131r\u201d dedi\u011fini de aktard\u0131.<\/p>\n<div class=\"news-tags\">\n<div class=\"title\">ET\u0130KETLER<\/div>\n<div class=\"tags\">\n                                                                            Jens Stoltenberg<br \/>\n                                                                            NATO<br \/>\n                                                                            Recep Tayyip Erdo\u011fan\n                                                                    <\/div>\n<\/p><\/div>\n<\/p><\/div>\n","protected":false},"excerpt":{"rendered":"<p>Stoltenberg, Cumhurba\u015fkan\u0131 Erdo\u011fan\u2019\u0131 \u201ckonulara derinlemesine hakim olan, kararl\u0131 ve bilgili bir lider\u201d olarak tan\u0131mlayarak, \u201cOnunla ileti\u015fim kurmak kolay\u201d ifadelerini kulland\u0131. Bar\u0131\u015f P\u0131nar\u0131 Harek\u00e2t\u0131 ve g\u00fcvenli b\u00f6lge tart\u0131\u015fmas\u0131 Kitab\u0131nda, 2019\u2019daki Bar\u0131\u015f P\u0131nar\u0131 Harek\u00e2t\u0131 \u00f6ncesinde Suriye\u2019nin kuzeyinde g\u00fcvenli b\u00f6lge olu\u015fturulmas\u0131na dair g\u00f6r\u00fc\u015fmelere de yer veren Stoltenberg, Erdo\u011fan\u2019\u0131n tepkisini \u015fu s\u00f6zlerle aktard\u0131: \u201cYPG bir ter\u00f6r \u00f6rg\u00fct\u00fcd\u00fcr. Siz de<\/p>\n","protected":false},"author":1,"featured_media":96732,"comment_status":"open","ping_status":"open","sticky":false,"template":"","format":"standard","meta":{"footnotes":""},"categories":[306],"tags":[],"class_list":["post-96731","post","type-post","status-publish","format-standard","has-post-thumbnail","hentry","category-dunya"],"yoast_head":"<!-- This site is optimized with the Yoast SEO plugin v27.5 - https:\/\/yoast.com\/product\/yoast-seo-wordpress\/ -->\n<title>Stoltenberg: Erdo\u011fan kararl\u0131 ve bilgili bir lider -<\/title>\n<meta name=\"robots\" content=\"index, follow, max-snippet:-1, max-image-preview:large, max-video-preview:-1\" \/>\n<link rel=\"canonical\" href=\"https:\/\/kibrisdakik.com\/?p=96731\" \/>\n<meta property=\"og:locale\" content=\"tr_TR\" \/>\n<meta property=\"og:type\" content=\"article\" \/>\n<meta property=\"og:title\" content=\"Stoltenberg: Erdo\u011fan kararl\u0131 ve bilgili bir lider -\" \/>\n<meta property=\"og:description\" content=\"Stoltenberg, Cumhurba\u015fkan\u0131 Erdo\u011fan\u2019\u0131 \u201ckonulara derinlemesine hakim olan, kararl\u0131 ve bilgili bir lider\u201d olarak tan\u0131mlayarak, \u201cOnunla ileti\u015fim kurmak kolay\u201d ifadelerini kulland\u0131. Bar\u0131\u015f P\u0131nar\u0131 Harek\u00e2t\u0131 ve g\u00fcvenli b\u00f6lge tart\u0131\u015fmas\u0131 Kitab\u0131nda, 2019\u2019daki Bar\u0131\u015f P\u0131nar\u0131 Harek\u00e2t\u0131 \u00f6ncesinde Suriye\u2019nin kuzeyinde g\u00fcvenli b\u00f6lge olu\u015fturulmas\u0131na dair g\u00f6r\u00fc\u015fmelere de yer veren Stoltenberg, Erdo\u011fan\u2019\u0131n tepkisini \u015fu s\u00f6zlerle aktard\u0131: \u201cYPG bir ter\u00f6r \u00f6rg\u00fct\u00fcd\u00fcr. Siz de\" \/>\n<meta property=\"og:url\" content=\"https:\/\/kibrisdakik.com\/?p=96731\" \/>\n<meta property=\"article:published_time\" content=\"2025-10-23T07:30:07+00:00\" \/>\n<meta property=\"og:image\" content=\"https:\/\/kibrisdakik.com\/wp-content\/uploads\/2025\/10\/stoltenberg-reu-2075880.jpg\" \/>\n\t<meta property=\"og:image:width\" content=\"1280\" \/>\n\t<meta property=\"og:image:height\" content=\"720\" \/>\n\t<meta property=\"og:image:type\" content=\"image\/jpeg\" \/>\n<meta name=\"author\" content=\"admin\" \/>\n<meta name=\"twitter:card\" content=\"summary_large_image\" \/>\n<meta name=\"twitter:label1\" content=\"Yazan:\" \/>\n\t<meta name=\"twitter:data1\" content=\"admin\" \/>\n\t<meta name=\"twitter:label2\" content=\"Tahmini okuma s\u00fcresi\" \/>\n\t<meta name=\"twitter:data2\" content=\"1 dakika\" \/>\n<script type=\"application\/ld+json\" class=\"yoast-schema-graph\">{\"@context\":\"https:\\\/\\\/schema.org\",\"@graph\":[{\"@type\":\"Article\",\"@id\":\"https:\\\/\\\/kibrisdakik.com\\\/?p=96731#article\",\"isPartOf\":{\"@id\":\"https:\\\/\\\/kibrisdakik.com\\\/?p=96731\"},\"author\":{\"name\":\"admin\",\"@id\":\"https:\\\/\\\/kibrisdakik.com\\\/#\\\/schema\\\/person\\\/9cd9d437bbb44f72b73ba127e06d8e79\"},\"headline\":\"Stoltenberg: Erdo\u011fan kararl\u0131 ve bilgili bir lider\",\"datePublished\":\"2025-10-23T07:30:07+00:00\",\"mainEntityOfPage\":{\"@id\":\"https:\\\/\\\/kibrisdakik.com\\\/?p=96731\"},\"wordCount\":262,\"commentCount\":0,\"image\":{\"@id\":\"https:\\\/\\\/kibrisdakik.com\\\/?p=96731#primaryimage\"},\"thumbnailUrl\":\"https:\\\/\\\/kibrisdakik.com\\\/wp-content\\\/uploads\\\/2025\\\/10\\\/stoltenberg-reu-2075880.jpg\",\"articleSection\":[\"D\u00fcnya\"],\"inLanguage\":\"tr\",\"potentialAction\":[{\"@type\":\"CommentAction\",\"name\":\"Comment\",\"target\":[\"https:\\\/\\\/kibrisdakik.com\\\/?p=96731#respond\"]}]},{\"@type\":\"WebPage\",\"@id\":\"https:\\\/\\\/kibrisdakik.com\\\/?p=96731\",\"url\":\"https:\\\/\\\/kibrisdakik.com\\\/?p=96731\",\"name\":\"Stoltenberg: Erdo\u011fan kararl\u0131 ve bilgili bir lider -\",\"isPartOf\":{\"@id\":\"https:\\\/\\\/kibrisdakik.com\\\/#website\"},\"primaryImageOfPage\":{\"@id\":\"https:\\\/\\\/kibrisdakik.com\\\/?p=96731#primaryimage\"},\"image\":{\"@id\":\"https:\\\/\\\/kibrisdakik.com\\\/?p=96731#primaryimage\"},\"thumbnailUrl\":\"https:\\\/\\\/kibrisdakik.com\\\/wp-content\\\/uploads\\\/2025\\\/10\\\/stoltenberg-reu-2075880.jpg\",\"datePublished\":\"2025-10-23T07:30:07+00:00\",\"author\":{\"@id\":\"https:\\\/\\\/kibrisdakik.com\\\/#\\\/schema\\\/person\\\/9cd9d437bbb44f72b73ba127e06d8e79\"},\"breadcrumb\":{\"@id\":\"https:\\\/\\\/kibrisdakik.com\\\/?p=96731#breadcrumb\"},\"inLanguage\":\"tr\",\"potentialAction\":[{\"@type\":\"ReadAction\",\"target\":[\"https:\\\/\\\/kibrisdakik.com\\\/?p=96731\"]}]},{\"@type\":\"ImageObject\",\"inLanguage\":\"tr\",\"@id\":\"https:\\\/\\\/kibrisdakik.com\\\/?p=96731#primaryimage\",\"url\":\"https:\\\/\\\/kibrisdakik.com\\\/wp-content\\\/uploads\\\/2025\\\/10\\\/stoltenberg-reu-2075880.jpg\",\"contentUrl\":\"https:\\\/\\\/kibrisdakik.com\\\/wp-content\\\/uploads\\\/2025\\\/10\\\/stoltenberg-reu-2075880.jpg\",\"width\":1280,\"height\":720},{\"@type\":\"BreadcrumbList\",\"@id\":\"https:\\\/\\\/kibrisdakik.com\\\/?p=96731#breadcrumb\",\"itemListElement\":[{\"@type\":\"ListItem\",\"position\":1,\"name\":\"Home\",\"item\":\"https:\\\/\\\/kibrisdakik.com\\\/\"},{\"@type\":\"ListItem\",\"position\":2,\"name\":\"Stoltenberg: Erdo\u011fan kararl\u0131 ve bilgili bir lider\"}]},{\"@type\":\"WebSite\",\"@id\":\"https:\\\/\\\/kibrisdakik.com\\\/#website\",\"url\":\"https:\\\/\\\/kibrisdakik.com\\\/\",\"name\":\"\",\"description\":\"Tam vaktinde haber\",\"potentialAction\":[{\"@type\":\"SearchAction\",\"target\":{\"@type\":\"EntryPoint\",\"urlTemplate\":\"https:\\\/\\\/kibrisdakik.com\\\/?s={search_term_string}\"},\"query-input\":{\"@type\":\"PropertyValueSpecification\",\"valueRequired\":true,\"valueName\":\"search_term_string\"}}],\"inLanguage\":\"tr\"},{\"@type\":\"Person\",\"@id\":\"https:\\\/\\\/kibrisdakik.com\\\/#\\\/schema\\\/person\\\/9cd9d437bbb44f72b73ba127e06d8e79\",\"name\":\"admin\",\"image\":{\"@type\":\"ImageObject\",\"inLanguage\":\"tr\",\"@id\":\"https:\\\/\\\/secure.gravatar.com\\\/avatar\\\/ccc17943b9d660506c869530f897617f7cb1c21a4bf30023f252596d83e1f007?s=96&d=mm&r=g\",\"url\":\"https:\\\/\\\/secure.gravatar.com\\\/avatar\\\/ccc17943b9d660506c869530f897617f7cb1c21a4bf30023f252596d83e1f007?s=96&d=mm&r=g\",\"contentUrl\":\"https:\\\/\\\/secure.gravatar.com\\\/avatar\\\/ccc17943b9d660506c869530f897617f7cb1c21a4bf30023f252596d83e1f007?s=96&d=mm&r=g\",\"caption\":\"admin\"},\"sameAs\":[\"https:\\\/\\\/kibrisdakik.com\"],\"url\":\"https:\\\/\\\/kibrisdakik.com\\\/?author=1\"}]}<\/script>\n<!-- \/ Yoast SEO plugin. -->","yoast_head_json":{"title":"Stoltenberg: Erdo\u011fan kararl\u0131 ve bilgili bir lider -","robots":{"index":"index","follow":"follow","max-snippet":"max-snippet:-1","max-image-preview":"max-image-preview:large","max-video-preview":"max-video-preview:-1"},"canonical":"https:\/\/kibrisdakik.com\/?p=96731","og_locale":"tr_TR","og_type":"article","og_title":"Stoltenberg: Erdo\u011fan kararl\u0131 ve bilgili bir lider -","og_description":"Stoltenberg, Cumhurba\u015fkan\u0131 Erdo\u011fan\u2019\u0131 \u201ckonulara derinlemesine hakim olan, kararl\u0131 ve bilgili bir lider\u201d olarak tan\u0131mlayarak, \u201cOnunla ileti\u015fim kurmak kolay\u201d ifadelerini kulland\u0131. Bar\u0131\u015f P\u0131nar\u0131 Harek\u00e2t\u0131 ve g\u00fcvenli b\u00f6lge tart\u0131\u015fmas\u0131 Kitab\u0131nda, 2019\u2019daki Bar\u0131\u015f P\u0131nar\u0131 Harek\u00e2t\u0131 \u00f6ncesinde Suriye\u2019nin kuzeyinde g\u00fcvenli b\u00f6lge olu\u015fturulmas\u0131na dair g\u00f6r\u00fc\u015fmelere de yer veren Stoltenberg, Erdo\u011fan\u2019\u0131n tepkisini \u015fu s\u00f6zlerle aktard\u0131: \u201cYPG bir ter\u00f6r \u00f6rg\u00fct\u00fcd\u00fcr. Siz de","og_url":"https:\/\/kibrisdakik.com\/?p=96731","article_published_time":"2025-10-23T07:30:07+00:00","og_image":[{"width":1280,"height":720,"url":"https:\/\/kibrisdakik.com\/wp-content\/uploads\/2025\/10\/stoltenberg-reu-2075880.jpg","type":"image\/jpeg"}],"author":"admin","twitter_card":"summary_large_image","twitter_misc":{"Yazan:":"admin","Tahmini okuma s\u00fcresi":"1 dakika"},"schema":{"@context":"https:\/\/schema.org","@graph":[{"@type":"Article","@id":"https:\/\/kibrisdakik.com\/?p=96731#article","isPartOf":{"@id":"https:\/\/kibrisdakik.com\/?p=96731"},"author":{"name":"admin","@id":"https:\/\/kibrisdakik.com\/#\/schema\/person\/9cd9d437bbb44f72b73ba127e06d8e79"},"headline":"Stoltenberg: Erdo\u011fan kararl\u0131 ve bilgili bir lider","datePublished":"2025-10-23T07:30:07+00:00","mainEntityOfPage":{"@id":"https:\/\/kibrisdakik.com\/?p=96731"},"wordCount":262,"commentCount":0,"image":{"@id":"https:\/\/kibrisdakik.com\/?p=96731#primaryimage"},"thumbnailUrl":"https:\/\/kibrisdakik.com\/wp-content\/uploads\/2025\/10\/stoltenberg-reu-2075880.jpg","articleSection":["D\u00fcnya"],"inLanguage":"tr","potentialAction":[{"@type":"CommentAction","name":"Comment","target":["https:\/\/kibrisdakik.com\/?p=96731#respond"]}]},{"@type":"WebPage","@id":"https:\/\/kibrisdakik.com\/?p=96731","url":"https:\/\/kibrisdakik.com\/?p=96731","name":"Stoltenberg: Erdo\u011fan kararl\u0131 ve bilgili bir lider -","isPartOf":{"@id":"https:\/\/kibrisdakik.com\/#website"},"primaryImageOfPage":{"@id":"https:\/\/kibrisdakik.com\/?p=96731#primaryimage"},"image":{"@id":"https:\/\/kibrisdakik.com\/?p=96731#primaryimage"},"thumbnailUrl":"https:\/\/kibrisdakik.com\/wp-content\/uploads\/2025\/10\/stoltenberg-reu-2075880.jpg","datePublished":"2025-10-23T07:30:07+00:00","author":{"@id":"https:\/\/kibrisdakik.com\/#\/schema\/person\/9cd9d437bbb44f72b73ba127e06d8e79"},"breadcrumb":{"@id":"https:\/\/kibrisdakik.com\/?p=96731#breadcrumb"},"inLanguage":"tr","potentialAction":[{"@type":"ReadAction","target":["https:\/\/kibrisdakik.com\/?p=96731"]}]},{"@type":"ImageObject","inLanguage":"tr","@id":"https:\/\/kibrisdakik.com\/?p=96731#primaryimage","url":"https:\/\/kibrisdakik.com\/wp-content\/uploads\/2025\/10\/stoltenberg-reu-2075880.jpg","contentUrl":"https:\/\/kibrisdakik.com\/wp-content\/uploads\/2025\/10\/stoltenberg-reu-2075880.jpg","width":1280,"height":720},{"@type":"BreadcrumbList","@id":"https:\/\/kibrisdakik.com\/?p=96731#breadcrumb","itemListElement":[{"@type":"ListItem","position":1,"name":"Home","item":"https:\/\/kibrisdakik.com\/"},{"@type":"ListItem","position":2,"name":"Stoltenberg: Erdo\u011fan kararl\u0131 ve bilgili bir lider"}]},{"@type":"WebSite","@id":"https:\/\/kibrisdakik.com\/#website","url":"https:\/\/kibrisdakik.com\/","name":"","description":"Tam vaktinde haber","potentialAction":[{"@type":"SearchAction","target":{"@type":"EntryPoint","urlTemplate":"https:\/\/kibrisdakik.com\/?s={search_term_string}"},"query-input":{"@type":"PropertyValueSpecification","valueRequired":true,"valueName":"search_term_string"}}],"inLanguage":"tr"},{"@type":"Person","@id":"https:\/\/kibrisdakik.com\/#\/schema\/person\/9cd9d437bbb44f72b73ba127e06d8e79","name":"admin","image":{"@type":"ImageObject","inLanguage":"tr","@id":"https:\/\/secure.gravatar.com\/avatar\/ccc17943b9d660506c869530f897617f7cb1c21a4bf30023f252596d83e1f007?s=96&d=mm&r=g","url":"https:\/\/secure.gravatar.com\/avatar\/ccc17943b9d660506c869530f897617f7cb1c21a4bf30023f252596d83e1f007?s=96&d=mm&r=g","contentUrl":"https:\/\/secure.gravatar.com\/avatar\/ccc17943b9d660506c869530f897617f7cb1c21a4bf30023f252596d83e1f007?s=96&d=mm&r=g","caption":"admin"},"sameAs":["https:\/\/kibrisdakik.com"],"url":"https:\/\/kibrisdakik.com\/?author=1"}]}},"_links":{"self":[{"href":"https:\/\/kibrisdakik.com\/index.php?rest_route=\/wp\/v2\/posts\/96731","targetHints":{"allow":["GET"]}}],"collection":[{"href":"https:\/\/kibrisdakik.com\/index.php?rest_route=\/wp\/v2\/posts"}],"about":[{"href":"https:\/\/kibrisdakik.com\/index.php?rest_route=\/wp\/v2\/types\/post"}],"author":[{"embeddable":true,"href":"https:\/\/kibrisdakik.com\/index.php?rest_route=\/wp\/v2\/users\/1"}],"replies":[{"embeddable":true,"href":"https:\/\/kibrisdakik.com\/index.php?rest_route=%2Fwp%2Fv2%2Fcomments&post=96731"}],"version-history":[{"count":0,"href":"https:\/\/kibrisdakik.com\/index.php?rest_route=\/wp\/v2\/posts\/96731\/revisions"}],"wp:featuredmedia":[{"embeddable":true,"href":"https:\/\/kibrisdakik.com\/index.php?rest_route=\/wp\/v2\/media\/96732"}],"wp:attachment":[{"href":"https:\/\/kibrisdakik.com\/index.php?rest_route=%2Fwp%2Fv2%2Fmedia&parent=96731"}],"wp:term":[{"taxonomy":"category","embeddable":true,"href":"https:\/\/kibrisdakik.com\/index.php?rest_route=%2Fwp%2Fv2%2Fcategories&post=96731"},{"taxonomy":"post_tag","embeddable":true,"href":"https:\/\/kibrisdakik.com\/index.php?rest_route=%2Fwp%2Fv2%2Ftags&post=96731"}],"curies":[{"name":"wp","href":"https:\/\/api.w.org\/{rel}","templated":true}]}}