{"id":96748,"date":"2025-10-23T11:25:00","date_gmt":"2025-10-23T08:25:00","guid":{"rendered":"https:\/\/kibrisdakik.com\/index.php\/2025\/10\/23\/meta-yapay-zeka-biriminde-600-kisiyi-isten-cikariyor\/"},"modified":"2025-10-23T11:25:00","modified_gmt":"2025-10-23T08:25:00","slug":"meta-yapay-zeka-biriminde-600-kisiyi-isten-cikariyor","status":"publish","type":"post","link":"https:\/\/kibrisdakik.com\/?p=96748","title":{"rendered":"Meta, yapay zeka biriminde 600 ki\u015fiyi i\u015ften \u00e7\u0131kar\u0131yor"},"content":{"rendered":"<p><\/p>\n<div class=\"news-content\">\n<p>\n\tNew York Times gazetesine g\u00f6re karar, Meta\u2019n\u0131n son d\u00f6nemde yapay zeka kapasitesini art\u0131rmak i\u00e7in yapt\u0131\u011f\u0131 yo\u011fun i\u015fe al\u0131mlar\u0131n ard\u0131ndan geldi. Wall Street Journal ise i\u015ften \u00e7\u0131kar\u0131lan personelin b\u00fcy\u00fck k\u0131sm\u0131na \u015firket i\u00e7inde ba\u015fka b\u00f6l\u00fcmlere ge\u00e7me imk\u00e2n\u0131 sunulaca\u011f\u0131n\u0131 yazd\u0131.<\/p>\n<p>\n\tYapay zeka b\u00f6l\u00fcm\u00fcn\u00fcn genel direkt\u00f6r\u00fc Alexandr Wang taraf\u0131ndan \u00e7al\u0131\u015fanlara g\u00f6nderilen dahili notta, bu karar\u0131n \u201ckarar alma s\u00fcre\u00e7lerinde daha az tart\u0131\u015fma gerektirece\u011fi\u201d ve ekibin daha \u00e7evik \u00e7al\u0131\u015fmas\u0131n\u0131 sa\u011flayaca\u011f\u0131 belirtildi.<\/p>\n<p>\n\tMeta, konuya ili\u015fkin AFP\u2019nin yorum talebine yan\u0131t vermedi.<\/p>\n<h2>\n\tZuckerberg, \u201cyapay s\u00fcper zek\u00e2\u201d yar\u0131\u015f\u0131nda h\u0131z kesmiyor<\/h2>\n<p>\n\tMeta CEO\u2019su Mark Zuckerberg, rakiplerine kar\u015f\u0131 avantaj sa\u011flamak i\u00e7in yapay zekaya milyarlarca dolarl\u0131k yat\u0131r\u0131m yapmaya devam ediyor. \u015eirket, insan zekas\u0131n\u0131 a\u015fan bili\u015fsel yeteneklere sahip olaca\u011f\u0131 d\u00fc\u015f\u00fcn\u00fclen \u201cyapay s\u00fcper zeka\u201d teknolojisini geli\u015ftirme yar\u0131\u015f\u0131nda \u00f6ne ge\u00e7meyi hedefliyor.<\/p>\n<p>\n\tEyl\u00fcl ay\u0131nda Meta, yapay zek\u00e2 destekli ak\u0131ll\u0131 g\u00f6zl\u00fcklerini tan\u0131tm\u0131\u015f; ekrana ve sesli komutla \u00e7al\u0131\u015fan yapay zek\u00e2 \u00f6zelliklerine sahip bu \u00fcr\u00fcnle dijital ve fiziksel d\u00fcnyay\u0131 birle\u015ftirme vizyonunu vurgulam\u0131\u015ft\u0131.<\/p>\n<p>\n\tA\u011fustos ay\u0131nda ise Meta, Kaliforniya\u2019da yapay zeka d\u00fczenlemelerini gev\u015fetmeyi savunan yerel adaylar\u0131 finanse edecek bir organizasyon kurdu\u011funu duyurmu\u015ftu.<\/p>\n<p>\n\t\u015eirket, bu ad\u0131m\u0131 \u00c7in\u2019in teknolojik rekabet g\u00fcc\u00fcne kar\u015f\u0131 \u201cdaha esnek bir yasal ortam\u201d yaratmak amac\u0131yla att\u0131\u011f\u0131n\u0131 a\u00e7\u0131klam\u0131\u015ft\u0131.<\/p>\n<div class=\"news-tags\">\n<div class=\"title\">ET\u0130KETLER<\/div>\n<div class=\"tags\">\n                                                                            Meta<br \/>\n                                                                            Yapay Zeka\n                                                                    <\/div>\n<\/p><\/div>\n<\/p><\/div>\n","protected":false},"excerpt":{"rendered":"<p>New York Times gazetesine g\u00f6re karar, Meta\u2019n\u0131n son d\u00f6nemde yapay zeka kapasitesini art\u0131rmak i\u00e7in yapt\u0131\u011f\u0131 yo\u011fun i\u015fe al\u0131mlar\u0131n ard\u0131ndan geldi. Wall Street Journal ise i\u015ften \u00e7\u0131kar\u0131lan personelin b\u00fcy\u00fck k\u0131sm\u0131na \u015firket i\u00e7inde ba\u015fka b\u00f6l\u00fcmlere ge\u00e7me imk\u00e2n\u0131 sunulaca\u011f\u0131n\u0131 yazd\u0131. Yapay zeka b\u00f6l\u00fcm\u00fcn\u00fcn genel direkt\u00f6r\u00fc Alexandr Wang taraf\u0131ndan \u00e7al\u0131\u015fanlara g\u00f6nderilen dahili notta, bu karar\u0131n \u201ckarar alma s\u00fcre\u00e7lerinde daha<\/p>\n","protected":false},"author":1,"featured_media":89653,"comment_status":"open","ping_status":"open","sticky":false,"template":"","format":"standard","meta":{"footnotes":""},"categories":[306],"tags":[],"class_list":["post-96748","post","type-post","status-publish","format-standard","has-post-thumbnail","hentry","category-dunya"],"yoast_head":"<!-- This site is optimized with the Yoast SEO plugin v27.4 - https:\/\/yoast.com\/product\/yoast-seo-wordpress\/ -->\n<title>Meta, yapay zeka biriminde 600 ki\u015fiyi i\u015ften \u00e7\u0131kar\u0131yor -<\/title>\n<meta name=\"robots\" content=\"index, follow, max-snippet:-1, max-image-preview:large, max-video-preview:-1\" \/>\n<link rel=\"canonical\" href=\"https:\/\/kibrisdakik.com\/?p=96748\" \/>\n<meta property=\"og:locale\" content=\"tr_TR\" \/>\n<meta property=\"og:type\" content=\"article\" \/>\n<meta property=\"og:title\" content=\"Meta, yapay zeka biriminde 600 ki\u015fiyi i\u015ften \u00e7\u0131kar\u0131yor -\" \/>\n<meta property=\"og:description\" content=\"New York Times gazetesine g\u00f6re karar, Meta\u2019n\u0131n son d\u00f6nemde yapay zeka kapasitesini art\u0131rmak i\u00e7in yapt\u0131\u011f\u0131 yo\u011fun i\u015fe al\u0131mlar\u0131n ard\u0131ndan geldi. Wall Street Journal ise i\u015ften \u00e7\u0131kar\u0131lan personelin b\u00fcy\u00fck k\u0131sm\u0131na \u015firket i\u00e7inde ba\u015fka b\u00f6l\u00fcmlere ge\u00e7me imk\u00e2n\u0131 sunulaca\u011f\u0131n\u0131 yazd\u0131. Yapay zeka b\u00f6l\u00fcm\u00fcn\u00fcn genel direkt\u00f6r\u00fc Alexandr Wang taraf\u0131ndan \u00e7al\u0131\u015fanlara g\u00f6nderilen dahili notta, bu karar\u0131n \u201ckarar alma s\u00fcre\u00e7lerinde daha\" \/>\n<meta property=\"og:url\" content=\"https:\/\/kibrisdakik.com\/?p=96748\" \/>\n<meta property=\"article:published_time\" content=\"2025-10-23T08:25:00+00:00\" \/>\n<meta property=\"og:image\" content=\"https:\/\/kibrisdakik.com\/wp-content\/uploads\/2025\/08\/meta-reu-2168000-740x420.jpg\" \/>\n\t<meta property=\"og:image:width\" content=\"1280\" \/>\n\t<meta property=\"og:image:height\" content=\"720\" \/>\n\t<meta property=\"og:image:type\" content=\"image\/jpeg\" \/>\n<meta name=\"author\" content=\"admin\" \/>\n<meta name=\"twitter:card\" content=\"summary_large_image\" \/>\n<meta name=\"twitter:label1\" content=\"Yazan:\" \/>\n\t<meta name=\"twitter:data1\" content=\"admin\" \/>\n\t<meta name=\"twitter:label2\" content=\"Tahmini okuma s\u00fcresi\" \/>\n\t<meta name=\"twitter:data2\" content=\"1 dakika\" \/>\n<script type=\"application\/ld+json\" class=\"yoast-schema-graph\">{\"@context\":\"https:\\\/\\\/schema.org\",\"@graph\":[{\"@type\":\"Article\",\"@id\":\"https:\\\/\\\/kibrisdakik.com\\\/?p=96748#article\",\"isPartOf\":{\"@id\":\"https:\\\/\\\/kibrisdakik.com\\\/?p=96748\"},\"author\":{\"name\":\"admin\",\"@id\":\"https:\\\/\\\/kibrisdakik.com\\\/#\\\/schema\\\/person\\\/9cd9d437bbb44f72b73ba127e06d8e79\"},\"headline\":\"Meta, yapay zeka biriminde 600 ki\u015fiyi i\u015ften \u00e7\u0131kar\u0131yor\",\"datePublished\":\"2025-10-23T08:25:00+00:00\",\"mainEntityOfPage\":{\"@id\":\"https:\\\/\\\/kibrisdakik.com\\\/?p=96748\"},\"wordCount\":279,\"commentCount\":0,\"image\":{\"@id\":\"https:\\\/\\\/kibrisdakik.com\\\/?p=96748#primaryimage\"},\"thumbnailUrl\":\"https:\\\/\\\/kibrisdakik.com\\\/wp-content\\\/uploads\\\/2025\\\/08\\\/meta-reu-2168000-740x420.jpg\",\"articleSection\":[\"D\u00fcnya\"],\"inLanguage\":\"tr\",\"potentialAction\":[{\"@type\":\"CommentAction\",\"name\":\"Comment\",\"target\":[\"https:\\\/\\\/kibrisdakik.com\\\/?p=96748#respond\"]}]},{\"@type\":\"WebPage\",\"@id\":\"https:\\\/\\\/kibrisdakik.com\\\/?p=96748\",\"url\":\"https:\\\/\\\/kibrisdakik.com\\\/?p=96748\",\"name\":\"Meta, yapay zeka biriminde 600 ki\u015fiyi i\u015ften \u00e7\u0131kar\u0131yor -\",\"isPartOf\":{\"@id\":\"https:\\\/\\\/kibrisdakik.com\\\/#website\"},\"primaryImageOfPage\":{\"@id\":\"https:\\\/\\\/kibrisdakik.com\\\/?p=96748#primaryimage\"},\"image\":{\"@id\":\"https:\\\/\\\/kibrisdakik.com\\\/?p=96748#primaryimage\"},\"thumbnailUrl\":\"https:\\\/\\\/kibrisdakik.com\\\/wp-content\\\/uploads\\\/2025\\\/08\\\/meta-reu-2168000-740x420.jpg\",\"datePublished\":\"2025-10-23T08:25:00+00:00\",\"author\":{\"@id\":\"https:\\\/\\\/kibrisdakik.com\\\/#\\\/schema\\\/person\\\/9cd9d437bbb44f72b73ba127e06d8e79\"},\"breadcrumb\":{\"@id\":\"https:\\\/\\\/kibrisdakik.com\\\/?p=96748#breadcrumb\"},\"inLanguage\":\"tr\",\"potentialAction\":[{\"@type\":\"ReadAction\",\"target\":[\"https:\\\/\\\/kibrisdakik.com\\\/?p=96748\"]}]},{\"@type\":\"ImageObject\",\"inLanguage\":\"tr\",\"@id\":\"https:\\\/\\\/kibrisdakik.com\\\/?p=96748#primaryimage\",\"url\":\"https:\\\/\\\/kibrisdakik.com\\\/wp-content\\\/uploads\\\/2025\\\/08\\\/meta-reu-2168000-740x420.jpg\",\"contentUrl\":\"https:\\\/\\\/kibrisdakik.com\\\/wp-content\\\/uploads\\\/2025\\\/08\\\/meta-reu-2168000-740x420.jpg\",\"width\":1280,\"height\":720},{\"@type\":\"BreadcrumbList\",\"@id\":\"https:\\\/\\\/kibrisdakik.com\\\/?p=96748#breadcrumb\",\"itemListElement\":[{\"@type\":\"ListItem\",\"position\":1,\"name\":\"Home\",\"item\":\"https:\\\/\\\/kibrisdakik.com\\\/\"},{\"@type\":\"ListItem\",\"position\":2,\"name\":\"Meta, yapay zeka biriminde 600 ki\u015fiyi i\u015ften \u00e7\u0131kar\u0131yor\"}]},{\"@type\":\"WebSite\",\"@id\":\"https:\\\/\\\/kibrisdakik.com\\\/#website\",\"url\":\"https:\\\/\\\/kibrisdakik.com\\\/\",\"name\":\"\",\"description\":\"Tam vaktinde haber\",\"potentialAction\":[{\"@type\":\"SearchAction\",\"target\":{\"@type\":\"EntryPoint\",\"urlTemplate\":\"https:\\\/\\\/kibrisdakik.com\\\/?s={search_term_string}\"},\"query-input\":{\"@type\":\"PropertyValueSpecification\",\"valueRequired\":true,\"valueName\":\"search_term_string\"}}],\"inLanguage\":\"tr\"},{\"@type\":\"Person\",\"@id\":\"https:\\\/\\\/kibrisdakik.com\\\/#\\\/schema\\\/person\\\/9cd9d437bbb44f72b73ba127e06d8e79\",\"name\":\"admin\",\"image\":{\"@type\":\"ImageObject\",\"inLanguage\":\"tr\",\"@id\":\"https:\\\/\\\/secure.gravatar.com\\\/avatar\\\/ccc17943b9d660506c869530f897617f7cb1c21a4bf30023f252596d83e1f007?s=96&d=mm&r=g\",\"url\":\"https:\\\/\\\/secure.gravatar.com\\\/avatar\\\/ccc17943b9d660506c869530f897617f7cb1c21a4bf30023f252596d83e1f007?s=96&d=mm&r=g\",\"contentUrl\":\"https:\\\/\\\/secure.gravatar.com\\\/avatar\\\/ccc17943b9d660506c869530f897617f7cb1c21a4bf30023f252596d83e1f007?s=96&d=mm&r=g\",\"caption\":\"admin\"},\"sameAs\":[\"https:\\\/\\\/kibrisdakik.com\"],\"url\":\"https:\\\/\\\/kibrisdakik.com\\\/?author=1\"}]}<\/script>\n<!-- \/ Yoast SEO plugin. -->","yoast_head_json":{"title":"Meta, yapay zeka biriminde 600 ki\u015fiyi i\u015ften \u00e7\u0131kar\u0131yor -","robots":{"index":"index","follow":"follow","max-snippet":"max-snippet:-1","max-image-preview":"max-image-preview:large","max-video-preview":"max-video-preview:-1"},"canonical":"https:\/\/kibrisdakik.com\/?p=96748","og_locale":"tr_TR","og_type":"article","og_title":"Meta, yapay zeka biriminde 600 ki\u015fiyi i\u015ften \u00e7\u0131kar\u0131yor -","og_description":"New York Times gazetesine g\u00f6re karar, Meta\u2019n\u0131n son d\u00f6nemde yapay zeka kapasitesini art\u0131rmak i\u00e7in yapt\u0131\u011f\u0131 yo\u011fun i\u015fe al\u0131mlar\u0131n ard\u0131ndan geldi. Wall Street Journal ise i\u015ften \u00e7\u0131kar\u0131lan personelin b\u00fcy\u00fck k\u0131sm\u0131na \u015firket i\u00e7inde ba\u015fka b\u00f6l\u00fcmlere ge\u00e7me imk\u00e2n\u0131 sunulaca\u011f\u0131n\u0131 yazd\u0131. Yapay zeka b\u00f6l\u00fcm\u00fcn\u00fcn genel direkt\u00f6r\u00fc Alexandr Wang taraf\u0131ndan \u00e7al\u0131\u015fanlara g\u00f6nderilen dahili notta, bu karar\u0131n \u201ckarar alma s\u00fcre\u00e7lerinde daha","og_url":"https:\/\/kibrisdakik.com\/?p=96748","article_published_time":"2025-10-23T08:25:00+00:00","og_image":[{"width":1280,"height":720,"url":"https:\/\/kibrisdakik.com\/wp-content\/uploads\/2025\/08\/meta-reu-2168000-740x420.jpg","type":"image\/jpeg"}],"author":"admin","twitter_card":"summary_large_image","twitter_misc":{"Yazan:":"admin","Tahmini okuma s\u00fcresi":"1 dakika"},"schema":{"@context":"https:\/\/schema.org","@graph":[{"@type":"Article","@id":"https:\/\/kibrisdakik.com\/?p=96748#article","isPartOf":{"@id":"https:\/\/kibrisdakik.com\/?p=96748"},"author":{"name":"admin","@id":"https:\/\/kibrisdakik.com\/#\/schema\/person\/9cd9d437bbb44f72b73ba127e06d8e79"},"headline":"Meta, yapay zeka biriminde 600 ki\u015fiyi i\u015ften \u00e7\u0131kar\u0131yor","datePublished":"2025-10-23T08:25:00+00:00","mainEntityOfPage":{"@id":"https:\/\/kibrisdakik.com\/?p=96748"},"wordCount":279,"commentCount":0,"image":{"@id":"https:\/\/kibrisdakik.com\/?p=96748#primaryimage"},"thumbnailUrl":"https:\/\/kibrisdakik.com\/wp-content\/uploads\/2025\/08\/meta-reu-2168000-740x420.jpg","articleSection":["D\u00fcnya"],"inLanguage":"tr","potentialAction":[{"@type":"CommentAction","name":"Comment","target":["https:\/\/kibrisdakik.com\/?p=96748#respond"]}]},{"@type":"WebPage","@id":"https:\/\/kibrisdakik.com\/?p=96748","url":"https:\/\/kibrisdakik.com\/?p=96748","name":"Meta, yapay zeka biriminde 600 ki\u015fiyi i\u015ften \u00e7\u0131kar\u0131yor -","isPartOf":{"@id":"https:\/\/kibrisdakik.com\/#website"},"primaryImageOfPage":{"@id":"https:\/\/kibrisdakik.com\/?p=96748#primaryimage"},"image":{"@id":"https:\/\/kibrisdakik.com\/?p=96748#primaryimage"},"thumbnailUrl":"https:\/\/kibrisdakik.com\/wp-content\/uploads\/2025\/08\/meta-reu-2168000-740x420.jpg","datePublished":"2025-10-23T08:25:00+00:00","author":{"@id":"https:\/\/kibrisdakik.com\/#\/schema\/person\/9cd9d437bbb44f72b73ba127e06d8e79"},"breadcrumb":{"@id":"https:\/\/kibrisdakik.com\/?p=96748#breadcrumb"},"inLanguage":"tr","potentialAction":[{"@type":"ReadAction","target":["https:\/\/kibrisdakik.com\/?p=96748"]}]},{"@type":"ImageObject","inLanguage":"tr","@id":"https:\/\/kibrisdakik.com\/?p=96748#primaryimage","url":"https:\/\/kibrisdakik.com\/wp-content\/uploads\/2025\/08\/meta-reu-2168000-740x420.jpg","contentUrl":"https:\/\/kibrisdakik.com\/wp-content\/uploads\/2025\/08\/meta-reu-2168000-740x420.jpg","width":1280,"height":720},{"@type":"BreadcrumbList","@id":"https:\/\/kibrisdakik.com\/?p=96748#breadcrumb","itemListElement":[{"@type":"ListItem","position":1,"name":"Home","item":"https:\/\/kibrisdakik.com\/"},{"@type":"ListItem","position":2,"name":"Meta, yapay zeka biriminde 600 ki\u015fiyi i\u015ften \u00e7\u0131kar\u0131yor"}]},{"@type":"WebSite","@id":"https:\/\/kibrisdakik.com\/#website","url":"https:\/\/kibrisdakik.com\/","name":"","description":"Tam vaktinde haber","potentialAction":[{"@type":"SearchAction","target":{"@type":"EntryPoint","urlTemplate":"https:\/\/kibrisdakik.com\/?s={search_term_string}"},"query-input":{"@type":"PropertyValueSpecification","valueRequired":true,"valueName":"search_term_string"}}],"inLanguage":"tr"},{"@type":"Person","@id":"https:\/\/kibrisdakik.com\/#\/schema\/person\/9cd9d437bbb44f72b73ba127e06d8e79","name":"admin","image":{"@type":"ImageObject","inLanguage":"tr","@id":"https:\/\/secure.gravatar.com\/avatar\/ccc17943b9d660506c869530f897617f7cb1c21a4bf30023f252596d83e1f007?s=96&d=mm&r=g","url":"https:\/\/secure.gravatar.com\/avatar\/ccc17943b9d660506c869530f897617f7cb1c21a4bf30023f252596d83e1f007?s=96&d=mm&r=g","contentUrl":"https:\/\/secure.gravatar.com\/avatar\/ccc17943b9d660506c869530f897617f7cb1c21a4bf30023f252596d83e1f007?s=96&d=mm&r=g","caption":"admin"},"sameAs":["https:\/\/kibrisdakik.com"],"url":"https:\/\/kibrisdakik.com\/?author=1"}]}},"_links":{"self":[{"href":"https:\/\/kibrisdakik.com\/index.php?rest_route=\/wp\/v2\/posts\/96748","targetHints":{"allow":["GET"]}}],"collection":[{"href":"https:\/\/kibrisdakik.com\/index.php?rest_route=\/wp\/v2\/posts"}],"about":[{"href":"https:\/\/kibrisdakik.com\/index.php?rest_route=\/wp\/v2\/types\/post"}],"author":[{"embeddable":true,"href":"https:\/\/kibrisdakik.com\/index.php?rest_route=\/wp\/v2\/users\/1"}],"replies":[{"embeddable":true,"href":"https:\/\/kibrisdakik.com\/index.php?rest_route=%2Fwp%2Fv2%2Fcomments&post=96748"}],"version-history":[{"count":0,"href":"https:\/\/kibrisdakik.com\/index.php?rest_route=\/wp\/v2\/posts\/96748\/revisions"}],"wp:featuredmedia":[{"embeddable":true,"href":"https:\/\/kibrisdakik.com\/index.php?rest_route=\/wp\/v2\/media\/89653"}],"wp:attachment":[{"href":"https:\/\/kibrisdakik.com\/index.php?rest_route=%2Fwp%2Fv2%2Fmedia&parent=96748"}],"wp:term":[{"taxonomy":"category","embeddable":true,"href":"https:\/\/kibrisdakik.com\/index.php?rest_route=%2Fwp%2Fv2%2Fcategories&post=96748"},{"taxonomy":"post_tag","embeddable":true,"href":"https:\/\/kibrisdakik.com\/index.php?rest_route=%2Fwp%2Fv2%2Ftags&post=96748"}],"curies":[{"name":"wp","href":"https:\/\/api.w.org\/{rel}","templated":true}]}}