{"id":96774,"date":"2025-10-23T14:25:12","date_gmt":"2025-10-23T11:25:12","guid":{"rendered":"https:\/\/kibrisdakik.com\/index.php\/2025\/10\/23\/hristodulidis-erhurman-eger-samimiyse-muzakerelere-gelecek-hafta-bile-baslayabilirim\/"},"modified":"2025-10-23T14:25:12","modified_gmt":"2025-10-23T11:25:12","slug":"hristodulidis-erhurman-eger-samimiyse-muzakerelere-gelecek-hafta-bile-baslayabilirim","status":"publish","type":"post","link":"https:\/\/kibrisdakik.com\/?p=96774","title":{"rendered":"HR\u0130STODUL\u0130D\u0130S: &#8220;ERH\u00dcRMAN E\u011eER SAM\u0130M\u0130YSE, M\u00dcZAKERELERE GELECEK HAFTA B\u0130LE BA\u015eLAYAB\u0130L\u0130R\u0130M&#8221;"},"content":{"rendered":"<p><\/p>\n<div data-text-id=\"187191\" property=\"articleBody\">\n<p>Euronews ile yapt\u0131\u011f\u0131 \u00f6zel r\u00f6portajda, G\u00fcney K\u0131br\u0131s Cumhurba\u015fkan\u0131 Nikos Hristodulidis, \u00fclkesinin gelece\u011fi, Avrupa Birli\u011fi ve Gazze\u2019de bar\u0131\u015f vizyonunu anlatt\u0131.<\/p>\n<p>G\u00fcney K\u0131br\u0131s, 2017\u2019de \u0130svi\u00e7re\u2019de \u00e7\u00f6ken Birle\u015fmi\u015f Milletler destekli m\u00fczakerelerin \u00fczerinden sekiz y\u0131l ge\u00e7tikten sonra, adan\u0131n yeniden birle\u015fmesi i\u00e7in g\u00f6r\u00fc\u015fmelere &#8220;yeniden ba\u015flamaya&#8221; haz\u0131r.<\/p>\n<p>Hristodulidis, Euronews\u2019te yay\u0131nlanan &#8220;The Europe Conversation&#8221;da, G\u00fcney K\u0131br\u0131s&#8217;\u0131n AB d\u00f6nem ba\u015fkanl\u0131\u011f\u0131ndan yakla\u015f\u0131k iki ay \u00f6nce, \u201cM\u00fczakerelere gelecek hafta bile ba\u015flayabilirim,\u201d dedi.<\/p>\n<p>Bu a\u00e7\u0131klama, AB yanl\u0131s\u0131 Sosyal Demokrat<span style=\"color:#000000\"> <\/span><a href=\"https:\/\/www.kibrispostasi.com\/keyword\/3\" rel=\"nofollow\" target=\"_blank\"><span style=\"color:#000000\">Tufan Erh\u00fcrman<\/span><\/a><span style=\"color:#000000\">\u2019<\/span>\u0131n se\u00e7im zaferinin ard\u0131ndan geldi. Erh\u00fcrman, federal bir model alt\u0131nda K\u0131br\u0131s\u2019\u0131n yeniden birle\u015fmesini savunan bir programla se\u00e7ime girmi\u015f ve bu, sorunun \u00e7\u00f6z\u00fcm\u00fc i\u00e7in yeni bir umut \u0131\u015f\u0131\u011f\u0131 yaratm\u0131\u015ft\u0131. Hristodulidis, \u201cBunun olumlu bir geli\u015fme oldu\u011funu d\u00fc\u015f\u00fcn\u00fcyorum,\u201d diye ekledi. Erh\u00fcrman m\u00fczakere masas\u0131na oturur ve \u201ciki b\u00f6lgeli, iki toplumlu federasyon\u201da ili\u015fkin g\u00f6r\u00fc\u015flerini payla\u015f\u0131rsa, Hristodulidis\u2019e g\u00f6re BM G\u00fcvenlik Konseyi karar\u0131na dayal\u0131 bir K\u0131br\u0131s sorunu \u00e7\u00f6z\u00fcm\u00fc i\u00e7in yol a\u00e7\u0131lm\u0131\u015f olacak. Di\u011fer taraftan Hristodulidis, T\u00fcrkiye Cumhurba\u015fkan\u0131 Recep Tayyip Erdo\u011fan\u2019\u0131n \u00f6nerdi\u011fi iki devletli \u00e7\u00f6z\u00fcm\u00fc reddetti.<\/p>\n<\/p><\/div>\n","protected":false},"excerpt":{"rendered":"<p>Euronews ile yapt\u0131\u011f\u0131 \u00f6zel r\u00f6portajda, G\u00fcney K\u0131br\u0131s Cumhurba\u015fkan\u0131 Nikos Hristodulidis, \u00fclkesinin gelece\u011fi, Avrupa Birli\u011fi ve Gazze\u2019de bar\u0131\u015f vizyonunu anlatt\u0131. G\u00fcney K\u0131br\u0131s, 2017\u2019de \u0130svi\u00e7re\u2019de \u00e7\u00f6ken Birle\u015fmi\u015f Milletler destekli m\u00fczakerelerin \u00fczerinden sekiz y\u0131l ge\u00e7tikten sonra, adan\u0131n yeniden birle\u015fmesi i\u00e7in g\u00f6r\u00fc\u015fmelere &#8220;yeniden ba\u015flamaya&#8221; haz\u0131r. Hristodulidis, Euronews\u2019te yay\u0131nlanan &#8220;The Europe Conversation&#8221;da, G\u00fcney K\u0131br\u0131s&#8217;\u0131n AB d\u00f6nem ba\u015fkanl\u0131\u011f\u0131ndan yakla\u015f\u0131k iki ay<\/p>\n","protected":false},"author":1,"featured_media":96775,"comment_status":"open","ping_status":"open","sticky":false,"template":"","format":"standard","meta":{"footnotes":""},"categories":[81],"tags":[],"class_list":["post-96774","post","type-post","status-publish","format-standard","has-post-thumbnail","hentry","category-kibris"],"yoast_head":"<!-- This site is optimized with the Yoast SEO plugin v27.5 - https:\/\/yoast.com\/product\/yoast-seo-wordpress\/ -->\n<title>HR\u0130STODUL\u0130D\u0130S: &quot;ERH\u00dcRMAN E\u011eER SAM\u0130M\u0130YSE, M\u00dcZAKERELERE GELECEK HAFTA B\u0130LE BA\u015eLAYAB\u0130L\u0130R\u0130M&quot; -<\/title>\n<meta name=\"robots\" content=\"index, follow, max-snippet:-1, max-image-preview:large, max-video-preview:-1\" \/>\n<link rel=\"canonical\" href=\"https:\/\/kibrisdakik.com\/?p=96774\" \/>\n<meta property=\"og:locale\" content=\"tr_TR\" \/>\n<meta property=\"og:type\" content=\"article\" \/>\n<meta property=\"og:title\" content=\"HR\u0130STODUL\u0130D\u0130S: &quot;ERH\u00dcRMAN E\u011eER SAM\u0130M\u0130YSE, M\u00dcZAKERELERE GELECEK HAFTA B\u0130LE BA\u015eLAYAB\u0130L\u0130R\u0130M&quot; -\" \/>\n<meta property=\"og:description\" content=\"Euronews ile yapt\u0131\u011f\u0131 \u00f6zel r\u00f6portajda, G\u00fcney K\u0131br\u0131s Cumhurba\u015fkan\u0131 Nikos Hristodulidis, \u00fclkesinin gelece\u011fi, Avrupa Birli\u011fi ve Gazze\u2019de bar\u0131\u015f vizyonunu anlatt\u0131. G\u00fcney K\u0131br\u0131s, 2017\u2019de \u0130svi\u00e7re\u2019de \u00e7\u00f6ken Birle\u015fmi\u015f Milletler destekli m\u00fczakerelerin \u00fczerinden sekiz y\u0131l ge\u00e7tikten sonra, adan\u0131n yeniden birle\u015fmesi i\u00e7in g\u00f6r\u00fc\u015fmelere &#8220;yeniden ba\u015flamaya&#8221; haz\u0131r. Hristodulidis, Euronews\u2019te yay\u0131nlanan &#8220;The Europe Conversation&#8221;da, G\u00fcney K\u0131br\u0131s&#8217;\u0131n AB d\u00f6nem ba\u015fkanl\u0131\u011f\u0131ndan yakla\u015f\u0131k iki ay\" \/>\n<meta property=\"og:url\" content=\"https:\/\/kibrisdakik.com\/?p=96774\" \/>\n<meta property=\"article:published_time\" content=\"2025-10-23T11:25:12+00:00\" \/>\n<meta property=\"og:image\" content=\"https:\/\/kibrisdakik.com\/wp-content\/uploads\/2025\/10\/7-318.png\" \/>\n\t<meta property=\"og:image:width\" content=\"1280\" \/>\n\t<meta property=\"og:image:height\" content=\"720\" \/>\n\t<meta property=\"og:image:type\" content=\"image\/png\" \/>\n<meta name=\"author\" content=\"admin\" \/>\n<meta name=\"twitter:card\" content=\"summary_large_image\" \/>\n<meta name=\"twitter:label1\" content=\"Yazan:\" \/>\n\t<meta name=\"twitter:data1\" content=\"admin\" \/>\n\t<meta name=\"twitter:label2\" content=\"Tahmini okuma s\u00fcresi\" \/>\n\t<meta name=\"twitter:data2\" content=\"1 dakika\" \/>\n<script type=\"application\/ld+json\" class=\"yoast-schema-graph\">{\"@context\":\"https:\\\/\\\/schema.org\",\"@graph\":[{\"@type\":\"Article\",\"@id\":\"https:\\\/\\\/kibrisdakik.com\\\/?p=96774#article\",\"isPartOf\":{\"@id\":\"https:\\\/\\\/kibrisdakik.com\\\/?p=96774\"},\"author\":{\"name\":\"admin\",\"@id\":\"https:\\\/\\\/kibrisdakik.com\\\/#\\\/schema\\\/person\\\/9cd9d437bbb44f72b73ba127e06d8e79\"},\"headline\":\"HR\u0130STODUL\u0130D\u0130S: &#8220;ERH\u00dcRMAN E\u011eER SAM\u0130M\u0130YSE, M\u00dcZAKERELERE GELECEK HAFTA B\u0130LE BA\u015eLAYAB\u0130L\u0130R\u0130M&#8221;\",\"datePublished\":\"2025-10-23T11:25:12+00:00\",\"mainEntityOfPage\":{\"@id\":\"https:\\\/\\\/kibrisdakik.com\\\/?p=96774\"},\"wordCount\":250,\"commentCount\":0,\"image\":{\"@id\":\"https:\\\/\\\/kibrisdakik.com\\\/?p=96774#primaryimage\"},\"thumbnailUrl\":\"https:\\\/\\\/kibrisdakik.com\\\/wp-content\\\/uploads\\\/2025\\\/10\\\/7-318.png\",\"articleSection\":[\"K\u0131br\u0131s\"],\"inLanguage\":\"tr\",\"potentialAction\":[{\"@type\":\"CommentAction\",\"name\":\"Comment\",\"target\":[\"https:\\\/\\\/kibrisdakik.com\\\/?p=96774#respond\"]}]},{\"@type\":\"WebPage\",\"@id\":\"https:\\\/\\\/kibrisdakik.com\\\/?p=96774\",\"url\":\"https:\\\/\\\/kibrisdakik.com\\\/?p=96774\",\"name\":\"HR\u0130STODUL\u0130D\u0130S: \\\"ERH\u00dcRMAN E\u011eER SAM\u0130M\u0130YSE, M\u00dcZAKERELERE GELECEK HAFTA B\u0130LE BA\u015eLAYAB\u0130L\u0130R\u0130M\\\" -\",\"isPartOf\":{\"@id\":\"https:\\\/\\\/kibrisdakik.com\\\/#website\"},\"primaryImageOfPage\":{\"@id\":\"https:\\\/\\\/kibrisdakik.com\\\/?p=96774#primaryimage\"},\"image\":{\"@id\":\"https:\\\/\\\/kibrisdakik.com\\\/?p=96774#primaryimage\"},\"thumbnailUrl\":\"https:\\\/\\\/kibrisdakik.com\\\/wp-content\\\/uploads\\\/2025\\\/10\\\/7-318.png\",\"datePublished\":\"2025-10-23T11:25:12+00:00\",\"author\":{\"@id\":\"https:\\\/\\\/kibrisdakik.com\\\/#\\\/schema\\\/person\\\/9cd9d437bbb44f72b73ba127e06d8e79\"},\"breadcrumb\":{\"@id\":\"https:\\\/\\\/kibrisdakik.com\\\/?p=96774#breadcrumb\"},\"inLanguage\":\"tr\",\"potentialAction\":[{\"@type\":\"ReadAction\",\"target\":[\"https:\\\/\\\/kibrisdakik.com\\\/?p=96774\"]}]},{\"@type\":\"ImageObject\",\"inLanguage\":\"tr\",\"@id\":\"https:\\\/\\\/kibrisdakik.com\\\/?p=96774#primaryimage\",\"url\":\"https:\\\/\\\/kibrisdakik.com\\\/wp-content\\\/uploads\\\/2025\\\/10\\\/7-318.png\",\"contentUrl\":\"https:\\\/\\\/kibrisdakik.com\\\/wp-content\\\/uploads\\\/2025\\\/10\\\/7-318.png\",\"width\":1280,\"height\":720},{\"@type\":\"BreadcrumbList\",\"@id\":\"https:\\\/\\\/kibrisdakik.com\\\/?p=96774#breadcrumb\",\"itemListElement\":[{\"@type\":\"ListItem\",\"position\":1,\"name\":\"Home\",\"item\":\"https:\\\/\\\/kibrisdakik.com\\\/\"},{\"@type\":\"ListItem\",\"position\":2,\"name\":\"HR\u0130STODUL\u0130D\u0130S: &#8220;ERH\u00dcRMAN E\u011eER SAM\u0130M\u0130YSE, M\u00dcZAKERELERE GELECEK HAFTA B\u0130LE BA\u015eLAYAB\u0130L\u0130R\u0130M&#8221;\"}]},{\"@type\":\"WebSite\",\"@id\":\"https:\\\/\\\/kibrisdakik.com\\\/#website\",\"url\":\"https:\\\/\\\/kibrisdakik.com\\\/\",\"name\":\"\",\"description\":\"Tam vaktinde haber\",\"potentialAction\":[{\"@type\":\"SearchAction\",\"target\":{\"@type\":\"EntryPoint\",\"urlTemplate\":\"https:\\\/\\\/kibrisdakik.com\\\/?s={search_term_string}\"},\"query-input\":{\"@type\":\"PropertyValueSpecification\",\"valueRequired\":true,\"valueName\":\"search_term_string\"}}],\"inLanguage\":\"tr\"},{\"@type\":\"Person\",\"@id\":\"https:\\\/\\\/kibrisdakik.com\\\/#\\\/schema\\\/person\\\/9cd9d437bbb44f72b73ba127e06d8e79\",\"name\":\"admin\",\"image\":{\"@type\":\"ImageObject\",\"inLanguage\":\"tr\",\"@id\":\"https:\\\/\\\/secure.gravatar.com\\\/avatar\\\/ccc17943b9d660506c869530f897617f7cb1c21a4bf30023f252596d83e1f007?s=96&d=mm&r=g\",\"url\":\"https:\\\/\\\/secure.gravatar.com\\\/avatar\\\/ccc17943b9d660506c869530f897617f7cb1c21a4bf30023f252596d83e1f007?s=96&d=mm&r=g\",\"contentUrl\":\"https:\\\/\\\/secure.gravatar.com\\\/avatar\\\/ccc17943b9d660506c869530f897617f7cb1c21a4bf30023f252596d83e1f007?s=96&d=mm&r=g\",\"caption\":\"admin\"},\"sameAs\":[\"https:\\\/\\\/kibrisdakik.com\"],\"url\":\"https:\\\/\\\/kibrisdakik.com\\\/?author=1\"}]}<\/script>\n<!-- \/ Yoast SEO plugin. -->","yoast_head_json":{"title":"HR\u0130STODUL\u0130D\u0130S: \"ERH\u00dcRMAN E\u011eER SAM\u0130M\u0130YSE, M\u00dcZAKERELERE GELECEK HAFTA B\u0130LE BA\u015eLAYAB\u0130L\u0130R\u0130M\" -","robots":{"index":"index","follow":"follow","max-snippet":"max-snippet:-1","max-image-preview":"max-image-preview:large","max-video-preview":"max-video-preview:-1"},"canonical":"https:\/\/kibrisdakik.com\/?p=96774","og_locale":"tr_TR","og_type":"article","og_title":"HR\u0130STODUL\u0130D\u0130S: \"ERH\u00dcRMAN E\u011eER SAM\u0130M\u0130YSE, M\u00dcZAKERELERE GELECEK HAFTA B\u0130LE BA\u015eLAYAB\u0130L\u0130R\u0130M\" -","og_description":"Euronews ile yapt\u0131\u011f\u0131 \u00f6zel r\u00f6portajda, G\u00fcney K\u0131br\u0131s Cumhurba\u015fkan\u0131 Nikos Hristodulidis, \u00fclkesinin gelece\u011fi, Avrupa Birli\u011fi ve Gazze\u2019de bar\u0131\u015f vizyonunu anlatt\u0131. G\u00fcney K\u0131br\u0131s, 2017\u2019de \u0130svi\u00e7re\u2019de \u00e7\u00f6ken Birle\u015fmi\u015f Milletler destekli m\u00fczakerelerin \u00fczerinden sekiz y\u0131l ge\u00e7tikten sonra, adan\u0131n yeniden birle\u015fmesi i\u00e7in g\u00f6r\u00fc\u015fmelere &#8220;yeniden ba\u015flamaya&#8221; haz\u0131r. Hristodulidis, Euronews\u2019te yay\u0131nlanan &#8220;The Europe Conversation&#8221;da, G\u00fcney K\u0131br\u0131s&#8217;\u0131n AB d\u00f6nem ba\u015fkanl\u0131\u011f\u0131ndan yakla\u015f\u0131k iki ay","og_url":"https:\/\/kibrisdakik.com\/?p=96774","article_published_time":"2025-10-23T11:25:12+00:00","og_image":[{"width":1280,"height":720,"url":"https:\/\/kibrisdakik.com\/wp-content\/uploads\/2025\/10\/7-318.png","type":"image\/png"}],"author":"admin","twitter_card":"summary_large_image","twitter_misc":{"Yazan:":"admin","Tahmini okuma s\u00fcresi":"1 dakika"},"schema":{"@context":"https:\/\/schema.org","@graph":[{"@type":"Article","@id":"https:\/\/kibrisdakik.com\/?p=96774#article","isPartOf":{"@id":"https:\/\/kibrisdakik.com\/?p=96774"},"author":{"name":"admin","@id":"https:\/\/kibrisdakik.com\/#\/schema\/person\/9cd9d437bbb44f72b73ba127e06d8e79"},"headline":"HR\u0130STODUL\u0130D\u0130S: &#8220;ERH\u00dcRMAN E\u011eER SAM\u0130M\u0130YSE, M\u00dcZAKERELERE GELECEK HAFTA B\u0130LE BA\u015eLAYAB\u0130L\u0130R\u0130M&#8221;","datePublished":"2025-10-23T11:25:12+00:00","mainEntityOfPage":{"@id":"https:\/\/kibrisdakik.com\/?p=96774"},"wordCount":250,"commentCount":0,"image":{"@id":"https:\/\/kibrisdakik.com\/?p=96774#primaryimage"},"thumbnailUrl":"https:\/\/kibrisdakik.com\/wp-content\/uploads\/2025\/10\/7-318.png","articleSection":["K\u0131br\u0131s"],"inLanguage":"tr","potentialAction":[{"@type":"CommentAction","name":"Comment","target":["https:\/\/kibrisdakik.com\/?p=96774#respond"]}]},{"@type":"WebPage","@id":"https:\/\/kibrisdakik.com\/?p=96774","url":"https:\/\/kibrisdakik.com\/?p=96774","name":"HR\u0130STODUL\u0130D\u0130S: \"ERH\u00dcRMAN E\u011eER SAM\u0130M\u0130YSE, M\u00dcZAKERELERE GELECEK HAFTA B\u0130LE BA\u015eLAYAB\u0130L\u0130R\u0130M\" -","isPartOf":{"@id":"https:\/\/kibrisdakik.com\/#website"},"primaryImageOfPage":{"@id":"https:\/\/kibrisdakik.com\/?p=96774#primaryimage"},"image":{"@id":"https:\/\/kibrisdakik.com\/?p=96774#primaryimage"},"thumbnailUrl":"https:\/\/kibrisdakik.com\/wp-content\/uploads\/2025\/10\/7-318.png","datePublished":"2025-10-23T11:25:12+00:00","author":{"@id":"https:\/\/kibrisdakik.com\/#\/schema\/person\/9cd9d437bbb44f72b73ba127e06d8e79"},"breadcrumb":{"@id":"https:\/\/kibrisdakik.com\/?p=96774#breadcrumb"},"inLanguage":"tr","potentialAction":[{"@type":"ReadAction","target":["https:\/\/kibrisdakik.com\/?p=96774"]}]},{"@type":"ImageObject","inLanguage":"tr","@id":"https:\/\/kibrisdakik.com\/?p=96774#primaryimage","url":"https:\/\/kibrisdakik.com\/wp-content\/uploads\/2025\/10\/7-318.png","contentUrl":"https:\/\/kibrisdakik.com\/wp-content\/uploads\/2025\/10\/7-318.png","width":1280,"height":720},{"@type":"BreadcrumbList","@id":"https:\/\/kibrisdakik.com\/?p=96774#breadcrumb","itemListElement":[{"@type":"ListItem","position":1,"name":"Home","item":"https:\/\/kibrisdakik.com\/"},{"@type":"ListItem","position":2,"name":"HR\u0130STODUL\u0130D\u0130S: &#8220;ERH\u00dcRMAN E\u011eER SAM\u0130M\u0130YSE, M\u00dcZAKERELERE GELECEK HAFTA B\u0130LE BA\u015eLAYAB\u0130L\u0130R\u0130M&#8221;"}]},{"@type":"WebSite","@id":"https:\/\/kibrisdakik.com\/#website","url":"https:\/\/kibrisdakik.com\/","name":"","description":"Tam vaktinde haber","potentialAction":[{"@type":"SearchAction","target":{"@type":"EntryPoint","urlTemplate":"https:\/\/kibrisdakik.com\/?s={search_term_string}"},"query-input":{"@type":"PropertyValueSpecification","valueRequired":true,"valueName":"search_term_string"}}],"inLanguage":"tr"},{"@type":"Person","@id":"https:\/\/kibrisdakik.com\/#\/schema\/person\/9cd9d437bbb44f72b73ba127e06d8e79","name":"admin","image":{"@type":"ImageObject","inLanguage":"tr","@id":"https:\/\/secure.gravatar.com\/avatar\/ccc17943b9d660506c869530f897617f7cb1c21a4bf30023f252596d83e1f007?s=96&d=mm&r=g","url":"https:\/\/secure.gravatar.com\/avatar\/ccc17943b9d660506c869530f897617f7cb1c21a4bf30023f252596d83e1f007?s=96&d=mm&r=g","contentUrl":"https:\/\/secure.gravatar.com\/avatar\/ccc17943b9d660506c869530f897617f7cb1c21a4bf30023f252596d83e1f007?s=96&d=mm&r=g","caption":"admin"},"sameAs":["https:\/\/kibrisdakik.com"],"url":"https:\/\/kibrisdakik.com\/?author=1"}]}},"_links":{"self":[{"href":"https:\/\/kibrisdakik.com\/index.php?rest_route=\/wp\/v2\/posts\/96774","targetHints":{"allow":["GET"]}}],"collection":[{"href":"https:\/\/kibrisdakik.com\/index.php?rest_route=\/wp\/v2\/posts"}],"about":[{"href":"https:\/\/kibrisdakik.com\/index.php?rest_route=\/wp\/v2\/types\/post"}],"author":[{"embeddable":true,"href":"https:\/\/kibrisdakik.com\/index.php?rest_route=\/wp\/v2\/users\/1"}],"replies":[{"embeddable":true,"href":"https:\/\/kibrisdakik.com\/index.php?rest_route=%2Fwp%2Fv2%2Fcomments&post=96774"}],"version-history":[{"count":0,"href":"https:\/\/kibrisdakik.com\/index.php?rest_route=\/wp\/v2\/posts\/96774\/revisions"}],"wp:featuredmedia":[{"embeddable":true,"href":"https:\/\/kibrisdakik.com\/index.php?rest_route=\/wp\/v2\/media\/96775"}],"wp:attachment":[{"href":"https:\/\/kibrisdakik.com\/index.php?rest_route=%2Fwp%2Fv2%2Fmedia&parent=96774"}],"wp:term":[{"taxonomy":"category","embeddable":true,"href":"https:\/\/kibrisdakik.com\/index.php?rest_route=%2Fwp%2Fv2%2Fcategories&post=96774"},{"taxonomy":"post_tag","embeddable":true,"href":"https:\/\/kibrisdakik.com\/index.php?rest_route=%2Fwp%2Fv2%2Ftags&post=96774"}],"curies":[{"name":"wp","href":"https:\/\/api.w.org\/{rel}","templated":true}]}}