{"id":96877,"date":"2025-10-24T11:30:02","date_gmt":"2025-10-24T08:30:02","guid":{"rendered":"https:\/\/kibrisdakik.com\/index.php\/2025\/10\/24\/israilli-antropolog-halper-israilin-amaci-gazzeyi-yasanilmaz-kilmak\/"},"modified":"2025-10-24T11:30:02","modified_gmt":"2025-10-24T08:30:02","slug":"israilli-antropolog-halper-israilin-amaci-gazzeyi-yasanilmaz-kilmak","status":"publish","type":"post","link":"https:\/\/kibrisdakik.com\/?p=96877","title":{"rendered":"\u0130srailli Antropolog Halper: \u0130srail&#039;in amac\u0131 Gazze&#039;yi ya\u015fan\u0131lmaz k\u0131lmak"},"content":{"rendered":"<p><\/p>\n<div class=\"news-content\">\n<p>\n\tHalper, \u0130srail&#8217;in Gazze&#8217;de i\u015fledi\u011fi sava\u015f su\u00e7lar\u0131n\u0131 ara\u015ft\u0131rmak \u00fczere kurulan k\u00fcresel ve ba\u011f\u0131ms\u0131z giri\u015fim Gazze Mahkemesinin \u0130stanbul&#8217;da d\u00fczenlenen nihai oturumu marj\u0131nda AA muhabirine deme\u00e7 verdi.<\/p>\n<h2>\n\t\u0130srail, Gazze&#8217;de yakla\u015f\u0131k 300 bin evi yerle bir etti<\/h2>\n<p>\n\t\u0130srail&#8217;in 1948&#8217;de Filistinlileri zorunlu g\u00f6\u00e7e tabi tuttu\u011fu &#8220;Nekbe&#8221; (B\u00fcy\u00fck Felaket) olay\u0131ndan itibaren Filistinlilere ait ev, cami, kilise, okul gibi neredeyse yar\u0131m milyon yap\u0131y\u0131 y\u0131kt\u0131\u011f\u0131n\u0131 hat\u0131rlatan Halper, Ekim 2023&#8217;ten bu yana ise sadece Gazze&#8217;de yakla\u015f\u0131k 300 bin evin yerle bir edildi\u011fini vurgulad\u0131.<\/p>\n<p>\n\tHalper, bu y\u0131k\u0131m\u0131n, Filistinlileri zorla topraklar\u0131ndan s\u00fcrerek &#8220;tek bir siyonist \u0130srail&#8221; devleti elde etmek i\u00e7in s\u00fcrd\u00fcr\u00fclen &#8220;etnik temizli\u011fin&#8221; bir par\u00e7as\u0131 oldu\u011funu belirterek, &#8220;\u0130srail&#8217;in amac\u0131 Gazze&#8217;yi ya\u015fan\u0131lmaz k\u0131lmak.&#8221; dedi.<\/p>\n<h2>\n\tGazze&#8217;nin yeniden in\u015fas\u0131, Gazzeliler i\u00e7in olmal\u0131<\/h2>\n<p>\n\t\u0130srail&#8217;in, Gazze&#8217;nin yeniden in\u015fas\u0131na y\u00f6nelik senaryolar\u0131na Filistinlileri dahil etmedi\u011fini, b\u00f6lgeyi turistler ve yasa d\u0131\u015f\u0131 yerle\u015fimcilerin kullan\u0131m\u0131na a\u00e7may\u0131 ama\u00e7lad\u0131\u011f\u0131n\u0131 s\u00f6yleyen Halper, yabanc\u0131 yat\u0131r\u0131mc\u0131lar\u0131n bu projelere yapt\u0131\u011f\u0131 yat\u0131r\u0131mlar\u0131n da Filistin halk\u0131n\u0131n aleyhinde oldu\u011funu vurgulad\u0131.<\/p>\n<p>\n\tHalper, &#8220;Gazze&#8217;nin yeniden in\u015fas\u0131ndan bahsetti\u011fimizde, bunun Gazze&#8217;de ya\u015fayan halk ad\u0131na yap\u0131lan ger\u00e7ek bir yeniden in\u015fa oldu\u011fundan emin olmal\u0131y\u0131z.&#8221; diye konu\u015ftu.<\/p>\n<p>\n\t\u0130srail sald\u0131r\u0131lar\u0131nda Filistinlilere ait evlerin yan\u0131 s\u0131ra Gazze&#8217;deki sivil altyap\u0131n\u0131n ve tar\u0131m alanlar\u0131n\u0131n da y\u0131k\u0131ld\u0131\u011f\u0131na dikkati \u00e7eken Halper, Gazze&#8217;nin yeniden in\u015fas\u0131n\u0131n yakla\u015f\u0131k 80 milyar dolar tutabilece\u011fini ifade etti.<\/p>\n<h2>\n\t&#8220;En b\u00fcy\u00fck tehlike, Gazzelilerin hi\u00e7bir s\u00f6z hakk\u0131n\u0131n olmamas\u0131&#8221;<\/h2>\n<p>\n\tHalper, &#8220;(ABD Ba\u015fkan\u0131 Donald) Trump&#8217;\u0131n, (eski \u0130ngiltere Ba\u015fbakan\u0131) Tony Blair ile birlikte Gazze&#8217;yi y\u00f6netece\u011fi Bar\u0131\u015f Kurulu olarak adland\u0131rd\u0131\u011f\u0131 bu yap\u0131n\u0131n en b\u00fcy\u00fck tehlikesi, Gazzelilerin hi\u00e7bir s\u00f6z hakk\u0131n\u0131n olmamas\u0131.&#8221; ifadelerini kulland\u0131.<\/p>\n<p>\n\tGazzelilere kimsenin kendi y\u00f6netimleri hakk\u0131nda hi\u00e7bir \u015fey sormad\u0131\u011f\u0131 ve Filistin Y\u00f6netimi&#8217;ni t\u00fcm bu s\u00fcrece dahil etmedi\u011fini belirten Halper, buraya ili\u015fkin her \u015feyin d\u0131\u015far\u0131dan kararla\u015ft\u0131r\u0131ld\u0131\u011f\u0131n\u0131 vurgulad\u0131.<\/p>\n<p>\n\tHalper, &#8220;Gazze nas\u0131l y\u00f6netilecek, Gazze&#8217;de kim kalacak, nas\u0131l bir yeniden yap\u0131lanma olacak? Bunlar\u0131n hi\u00e7biri Gazzeliler veya Filistin halk\u0131yla ilgili de\u011fil. As\u0131l tehlike, kendi y\u00f6netimlerini ve Gazze&#8217;de kalma kabiliyetlerini ellerinden al\u0131p s\u00f6m\u00fcrgecilere vermek. Bu ger\u00e7ekten s\u00f6m\u00fcrgeci bir durum.&#8221; de\u011ferlendirmesinde bulundu.<\/p>\n<h2>\n\t&#8220;M\u00fcsl\u00fcman ve Hristiyan mekanlar\u0131na y\u00f6nelik bir tehdit oldu\u011funu d\u00fc\u015f\u00fcn\u00fcyorum&#8221;<\/h2>\n<p>\n\tHerkesin Gazzelilerin orada kalaca\u011f\u0131ndan, haklar\u0131n\u0131n korunaca\u011f\u0131ndan ve Gazze&#8217;de ya\u015famaya devam edebileceklerinden emin olmas\u0131 gerekti\u011fine dikkati \u00e7eken Halper, s\u00f6zlerini \u015f\u00f6yle s\u00fcrd\u00fcrd\u00fc:<\/p>\n<p>\n\t&#8220;Gazze&#8217;de t\u00fcm dini mekanlar y\u0131k\u0131ld\u0131. Antik \u0130slami el yazmalar\u0131 olan camilerden bahsediyoruz. Antik kiliselerden bahsediyoruz. Biliyorsunuz, b\u00fcy\u00fck tehlike \u015fu ki, e\u011fer t\u00fcm Filistin bir Yahudi \u0130srail devleti haline gelirse, bu dini mekanlara ne olacak? Caminin sinagoga d\u00f6n\u00fc\u015fme tehlikesi ger\u00e7ekten var. M\u00fcsl\u00fcman ve Hristiyan kutsal mekanlar\u0131na y\u00f6nelik bir tehlike ve tehdit oldu\u011funu d\u00fc\u015f\u00fcn\u00fcyorum.&#8221;<\/p>\n<p>\n\tHalper, Abraham Anla\u015fmalar\u0131\u2019n\u0131n &#8220;\u0130srail ile ili\u015fkileri ve yerle\u015fimleri normalle\u015ftirme fikrine&#8221; dayanmas\u0131 halinde bunun Filistin kar\u015f\u0131t\u0131 bir plan oldu\u011fu yorumunda bulundu.<\/p>\n<p>\n\t&#8220;\u0130srail\u2019in ironik bir \u015fekilde Arap \u00fclkelerinin yard\u0131m\u0131yla kazanabilece\u011fini&#8221; savunan Halper, &#8220;Bence bu Arap devletlerinin baz\u0131 y\u00f6neticileri, b\u00f6lgenin \u00e7\u0131karlar\u0131ndan \u00f6nce kendi \u00e7\u0131karlar\u0131n\u0131 d\u00fc\u015f\u00fcn\u00fcyor ve as\u0131l tehlike de bu.&#8221; dedi.<\/p>\n<div class=\"news-tags\">\n<div class=\"title\">ET\u0130KETLER<\/div>\n<div class=\"tags\">\n                                                                            \u0130srail<br \/>\n                                                                            \u0130srail&#8217;in Gazze Soyk\u0131r\u0131m\u0131<br \/>\n                                                                            Gazze\n                                                                    <\/div>\n<\/p><\/div>\n<\/p><\/div>\n","protected":false},"excerpt":{"rendered":"<p>Halper, \u0130srail&#8217;in Gazze&#8217;de i\u015fledi\u011fi sava\u015f su\u00e7lar\u0131n\u0131 ara\u015ft\u0131rmak \u00fczere kurulan k\u00fcresel ve ba\u011f\u0131ms\u0131z giri\u015fim Gazze Mahkemesinin \u0130stanbul&#8217;da d\u00fczenlenen nihai oturumu marj\u0131nda AA muhabirine deme\u00e7 verdi. \u0130srail, Gazze&#8217;de yakla\u015f\u0131k 300 bin evi yerle bir etti \u0130srail&#8217;in 1948&#8217;de Filistinlileri zorunlu g\u00f6\u00e7e tabi tuttu\u011fu &#8220;Nekbe&#8221; (B\u00fcy\u00fck Felaket) olay\u0131ndan itibaren Filistinlilere ait ev, cami, kilise, okul gibi neredeyse yar\u0131m milyon<\/p>\n","protected":false},"author":1,"featured_media":94945,"comment_status":"open","ping_status":"open","sticky":false,"template":"","format":"standard","meta":{"footnotes":""},"categories":[306],"tags":[],"class_list":["post-96877","post","type-post","status-publish","format-standard","has-post-thumbnail","hentry","category-dunya"],"yoast_head":"<!-- This site is optimized with the Yoast SEO plugin v27.4 - https:\/\/yoast.com\/product\/yoast-seo-wordpress\/ -->\n<title>\u0130srailli Antropolog Halper: \u0130srail&#039;in amac\u0131 Gazze&#039;yi ya\u015fan\u0131lmaz k\u0131lmak -<\/title>\n<meta name=\"robots\" content=\"index, follow, max-snippet:-1, max-image-preview:large, max-video-preview:-1\" \/>\n<link rel=\"canonical\" href=\"https:\/\/kibrisdakik.com\/?p=96877\" \/>\n<meta property=\"og:locale\" content=\"tr_TR\" \/>\n<meta property=\"og:type\" content=\"article\" \/>\n<meta property=\"og:title\" content=\"\u0130srailli Antropolog Halper: \u0130srail&#039;in amac\u0131 Gazze&#039;yi ya\u015fan\u0131lmaz k\u0131lmak -\" \/>\n<meta property=\"og:description\" content=\"Halper, \u0130srail&#8217;in Gazze&#8217;de i\u015fledi\u011fi sava\u015f su\u00e7lar\u0131n\u0131 ara\u015ft\u0131rmak \u00fczere kurulan k\u00fcresel ve ba\u011f\u0131ms\u0131z giri\u015fim Gazze Mahkemesinin \u0130stanbul&#8217;da d\u00fczenlenen nihai oturumu marj\u0131nda AA muhabirine deme\u00e7 verdi. \u0130srail, Gazze&#8217;de yakla\u015f\u0131k 300 bin evi yerle bir etti \u0130srail&#8217;in 1948&#8217;de Filistinlileri zorunlu g\u00f6\u00e7e tabi tuttu\u011fu &#8220;Nekbe&#8221; (B\u00fcy\u00fck Felaket) olay\u0131ndan itibaren Filistinlilere ait ev, cami, kilise, okul gibi neredeyse yar\u0131m milyon\" \/>\n<meta property=\"og:url\" content=\"https:\/\/kibrisdakik.com\/?p=96877\" \/>\n<meta property=\"article:published_time\" content=\"2025-10-24T08:30:02+00:00\" \/>\n<meta property=\"og:image\" content=\"https:\/\/kibrisdakik.com\/wp-content\/uploads\/2025\/10\/gazze-yikim-reu-2126659.jpg\" \/>\n\t<meta property=\"og:image:width\" content=\"1280\" \/>\n\t<meta property=\"og:image:height\" content=\"720\" \/>\n\t<meta property=\"og:image:type\" content=\"image\/jpeg\" \/>\n<meta name=\"author\" content=\"admin\" \/>\n<meta name=\"twitter:card\" content=\"summary_large_image\" \/>\n<meta name=\"twitter:label1\" content=\"Yazan:\" \/>\n\t<meta name=\"twitter:data1\" content=\"admin\" \/>\n\t<meta name=\"twitter:label2\" content=\"Tahmini okuma s\u00fcresi\" \/>\n\t<meta name=\"twitter:data2\" content=\"3 dakika\" \/>\n<script type=\"application\/ld+json\" class=\"yoast-schema-graph\">{\"@context\":\"https:\\\/\\\/schema.org\",\"@graph\":[{\"@type\":\"Article\",\"@id\":\"https:\\\/\\\/kibrisdakik.com\\\/?p=96877#article\",\"isPartOf\":{\"@id\":\"https:\\\/\\\/kibrisdakik.com\\\/?p=96877\"},\"author\":{\"name\":\"admin\",\"@id\":\"https:\\\/\\\/kibrisdakik.com\\\/#\\\/schema\\\/person\\\/9cd9d437bbb44f72b73ba127e06d8e79\"},\"headline\":\"\u0130srailli Antropolog Halper: \u0130srail&#039;in amac\u0131 Gazze&#039;yi ya\u015fan\u0131lmaz k\u0131lmak\",\"datePublished\":\"2025-10-24T08:30:02+00:00\",\"mainEntityOfPage\":{\"@id\":\"https:\\\/\\\/kibrisdakik.com\\\/?p=96877\"},\"wordCount\":635,\"commentCount\":0,\"image\":{\"@id\":\"https:\\\/\\\/kibrisdakik.com\\\/?p=96877#primaryimage\"},\"thumbnailUrl\":\"https:\\\/\\\/kibrisdakik.com\\\/wp-content\\\/uploads\\\/2025\\\/10\\\/gazze-yikim-reu-2126659.jpg\",\"articleSection\":[\"D\u00fcnya\"],\"inLanguage\":\"tr\",\"potentialAction\":[{\"@type\":\"CommentAction\",\"name\":\"Comment\",\"target\":[\"https:\\\/\\\/kibrisdakik.com\\\/?p=96877#respond\"]}]},{\"@type\":\"WebPage\",\"@id\":\"https:\\\/\\\/kibrisdakik.com\\\/?p=96877\",\"url\":\"https:\\\/\\\/kibrisdakik.com\\\/?p=96877\",\"name\":\"\u0130srailli Antropolog Halper: \u0130srail&#039;in amac\u0131 Gazze&#039;yi ya\u015fan\u0131lmaz k\u0131lmak -\",\"isPartOf\":{\"@id\":\"https:\\\/\\\/kibrisdakik.com\\\/#website\"},\"primaryImageOfPage\":{\"@id\":\"https:\\\/\\\/kibrisdakik.com\\\/?p=96877#primaryimage\"},\"image\":{\"@id\":\"https:\\\/\\\/kibrisdakik.com\\\/?p=96877#primaryimage\"},\"thumbnailUrl\":\"https:\\\/\\\/kibrisdakik.com\\\/wp-content\\\/uploads\\\/2025\\\/10\\\/gazze-yikim-reu-2126659.jpg\",\"datePublished\":\"2025-10-24T08:30:02+00:00\",\"author\":{\"@id\":\"https:\\\/\\\/kibrisdakik.com\\\/#\\\/schema\\\/person\\\/9cd9d437bbb44f72b73ba127e06d8e79\"},\"breadcrumb\":{\"@id\":\"https:\\\/\\\/kibrisdakik.com\\\/?p=96877#breadcrumb\"},\"inLanguage\":\"tr\",\"potentialAction\":[{\"@type\":\"ReadAction\",\"target\":[\"https:\\\/\\\/kibrisdakik.com\\\/?p=96877\"]}]},{\"@type\":\"ImageObject\",\"inLanguage\":\"tr\",\"@id\":\"https:\\\/\\\/kibrisdakik.com\\\/?p=96877#primaryimage\",\"url\":\"https:\\\/\\\/kibrisdakik.com\\\/wp-content\\\/uploads\\\/2025\\\/10\\\/gazze-yikim-reu-2126659.jpg\",\"contentUrl\":\"https:\\\/\\\/kibrisdakik.com\\\/wp-content\\\/uploads\\\/2025\\\/10\\\/gazze-yikim-reu-2126659.jpg\",\"width\":1280,\"height\":720},{\"@type\":\"BreadcrumbList\",\"@id\":\"https:\\\/\\\/kibrisdakik.com\\\/?p=96877#breadcrumb\",\"itemListElement\":[{\"@type\":\"ListItem\",\"position\":1,\"name\":\"Home\",\"item\":\"https:\\\/\\\/kibrisdakik.com\\\/\"},{\"@type\":\"ListItem\",\"position\":2,\"name\":\"\u0130srailli Antropolog Halper: \u0130srail&#039;in amac\u0131 Gazze&#039;yi ya\u015fan\u0131lmaz k\u0131lmak\"}]},{\"@type\":\"WebSite\",\"@id\":\"https:\\\/\\\/kibrisdakik.com\\\/#website\",\"url\":\"https:\\\/\\\/kibrisdakik.com\\\/\",\"name\":\"\",\"description\":\"Tam vaktinde haber\",\"potentialAction\":[{\"@type\":\"SearchAction\",\"target\":{\"@type\":\"EntryPoint\",\"urlTemplate\":\"https:\\\/\\\/kibrisdakik.com\\\/?s={search_term_string}\"},\"query-input\":{\"@type\":\"PropertyValueSpecification\",\"valueRequired\":true,\"valueName\":\"search_term_string\"}}],\"inLanguage\":\"tr\"},{\"@type\":\"Person\",\"@id\":\"https:\\\/\\\/kibrisdakik.com\\\/#\\\/schema\\\/person\\\/9cd9d437bbb44f72b73ba127e06d8e79\",\"name\":\"admin\",\"image\":{\"@type\":\"ImageObject\",\"inLanguage\":\"tr\",\"@id\":\"https:\\\/\\\/secure.gravatar.com\\\/avatar\\\/ccc17943b9d660506c869530f897617f7cb1c21a4bf30023f252596d83e1f007?s=96&d=mm&r=g\",\"url\":\"https:\\\/\\\/secure.gravatar.com\\\/avatar\\\/ccc17943b9d660506c869530f897617f7cb1c21a4bf30023f252596d83e1f007?s=96&d=mm&r=g\",\"contentUrl\":\"https:\\\/\\\/secure.gravatar.com\\\/avatar\\\/ccc17943b9d660506c869530f897617f7cb1c21a4bf30023f252596d83e1f007?s=96&d=mm&r=g\",\"caption\":\"admin\"},\"sameAs\":[\"https:\\\/\\\/kibrisdakik.com\"],\"url\":\"https:\\\/\\\/kibrisdakik.com\\\/?author=1\"}]}<\/script>\n<!-- \/ Yoast SEO plugin. -->","yoast_head_json":{"title":"\u0130srailli Antropolog Halper: \u0130srail&#039;in amac\u0131 Gazze&#039;yi ya\u015fan\u0131lmaz k\u0131lmak -","robots":{"index":"index","follow":"follow","max-snippet":"max-snippet:-1","max-image-preview":"max-image-preview:large","max-video-preview":"max-video-preview:-1"},"canonical":"https:\/\/kibrisdakik.com\/?p=96877","og_locale":"tr_TR","og_type":"article","og_title":"\u0130srailli Antropolog Halper: \u0130srail&#039;in amac\u0131 Gazze&#039;yi ya\u015fan\u0131lmaz k\u0131lmak -","og_description":"Halper, \u0130srail&#8217;in Gazze&#8217;de i\u015fledi\u011fi sava\u015f su\u00e7lar\u0131n\u0131 ara\u015ft\u0131rmak \u00fczere kurulan k\u00fcresel ve ba\u011f\u0131ms\u0131z giri\u015fim Gazze Mahkemesinin \u0130stanbul&#8217;da d\u00fczenlenen nihai oturumu marj\u0131nda AA muhabirine deme\u00e7 verdi. \u0130srail, Gazze&#8217;de yakla\u015f\u0131k 300 bin evi yerle bir etti \u0130srail&#8217;in 1948&#8217;de Filistinlileri zorunlu g\u00f6\u00e7e tabi tuttu\u011fu &#8220;Nekbe&#8221; (B\u00fcy\u00fck Felaket) olay\u0131ndan itibaren Filistinlilere ait ev, cami, kilise, okul gibi neredeyse yar\u0131m milyon","og_url":"https:\/\/kibrisdakik.com\/?p=96877","article_published_time":"2025-10-24T08:30:02+00:00","og_image":[{"width":1280,"height":720,"url":"https:\/\/kibrisdakik.com\/wp-content\/uploads\/2025\/10\/gazze-yikim-reu-2126659.jpg","type":"image\/jpeg"}],"author":"admin","twitter_card":"summary_large_image","twitter_misc":{"Yazan:":"admin","Tahmini okuma s\u00fcresi":"3 dakika"},"schema":{"@context":"https:\/\/schema.org","@graph":[{"@type":"Article","@id":"https:\/\/kibrisdakik.com\/?p=96877#article","isPartOf":{"@id":"https:\/\/kibrisdakik.com\/?p=96877"},"author":{"name":"admin","@id":"https:\/\/kibrisdakik.com\/#\/schema\/person\/9cd9d437bbb44f72b73ba127e06d8e79"},"headline":"\u0130srailli Antropolog Halper: \u0130srail&#039;in amac\u0131 Gazze&#039;yi ya\u015fan\u0131lmaz k\u0131lmak","datePublished":"2025-10-24T08:30:02+00:00","mainEntityOfPage":{"@id":"https:\/\/kibrisdakik.com\/?p=96877"},"wordCount":635,"commentCount":0,"image":{"@id":"https:\/\/kibrisdakik.com\/?p=96877#primaryimage"},"thumbnailUrl":"https:\/\/kibrisdakik.com\/wp-content\/uploads\/2025\/10\/gazze-yikim-reu-2126659.jpg","articleSection":["D\u00fcnya"],"inLanguage":"tr","potentialAction":[{"@type":"CommentAction","name":"Comment","target":["https:\/\/kibrisdakik.com\/?p=96877#respond"]}]},{"@type":"WebPage","@id":"https:\/\/kibrisdakik.com\/?p=96877","url":"https:\/\/kibrisdakik.com\/?p=96877","name":"\u0130srailli Antropolog Halper: \u0130srail&#039;in amac\u0131 Gazze&#039;yi ya\u015fan\u0131lmaz k\u0131lmak -","isPartOf":{"@id":"https:\/\/kibrisdakik.com\/#website"},"primaryImageOfPage":{"@id":"https:\/\/kibrisdakik.com\/?p=96877#primaryimage"},"image":{"@id":"https:\/\/kibrisdakik.com\/?p=96877#primaryimage"},"thumbnailUrl":"https:\/\/kibrisdakik.com\/wp-content\/uploads\/2025\/10\/gazze-yikim-reu-2126659.jpg","datePublished":"2025-10-24T08:30:02+00:00","author":{"@id":"https:\/\/kibrisdakik.com\/#\/schema\/person\/9cd9d437bbb44f72b73ba127e06d8e79"},"breadcrumb":{"@id":"https:\/\/kibrisdakik.com\/?p=96877#breadcrumb"},"inLanguage":"tr","potentialAction":[{"@type":"ReadAction","target":["https:\/\/kibrisdakik.com\/?p=96877"]}]},{"@type":"ImageObject","inLanguage":"tr","@id":"https:\/\/kibrisdakik.com\/?p=96877#primaryimage","url":"https:\/\/kibrisdakik.com\/wp-content\/uploads\/2025\/10\/gazze-yikim-reu-2126659.jpg","contentUrl":"https:\/\/kibrisdakik.com\/wp-content\/uploads\/2025\/10\/gazze-yikim-reu-2126659.jpg","width":1280,"height":720},{"@type":"BreadcrumbList","@id":"https:\/\/kibrisdakik.com\/?p=96877#breadcrumb","itemListElement":[{"@type":"ListItem","position":1,"name":"Home","item":"https:\/\/kibrisdakik.com\/"},{"@type":"ListItem","position":2,"name":"\u0130srailli Antropolog Halper: \u0130srail&#039;in amac\u0131 Gazze&#039;yi ya\u015fan\u0131lmaz k\u0131lmak"}]},{"@type":"WebSite","@id":"https:\/\/kibrisdakik.com\/#website","url":"https:\/\/kibrisdakik.com\/","name":"","description":"Tam vaktinde haber","potentialAction":[{"@type":"SearchAction","target":{"@type":"EntryPoint","urlTemplate":"https:\/\/kibrisdakik.com\/?s={search_term_string}"},"query-input":{"@type":"PropertyValueSpecification","valueRequired":true,"valueName":"search_term_string"}}],"inLanguage":"tr"},{"@type":"Person","@id":"https:\/\/kibrisdakik.com\/#\/schema\/person\/9cd9d437bbb44f72b73ba127e06d8e79","name":"admin","image":{"@type":"ImageObject","inLanguage":"tr","@id":"https:\/\/secure.gravatar.com\/avatar\/ccc17943b9d660506c869530f897617f7cb1c21a4bf30023f252596d83e1f007?s=96&d=mm&r=g","url":"https:\/\/secure.gravatar.com\/avatar\/ccc17943b9d660506c869530f897617f7cb1c21a4bf30023f252596d83e1f007?s=96&d=mm&r=g","contentUrl":"https:\/\/secure.gravatar.com\/avatar\/ccc17943b9d660506c869530f897617f7cb1c21a4bf30023f252596d83e1f007?s=96&d=mm&r=g","caption":"admin"},"sameAs":["https:\/\/kibrisdakik.com"],"url":"https:\/\/kibrisdakik.com\/?author=1"}]}},"_links":{"self":[{"href":"https:\/\/kibrisdakik.com\/index.php?rest_route=\/wp\/v2\/posts\/96877","targetHints":{"allow":["GET"]}}],"collection":[{"href":"https:\/\/kibrisdakik.com\/index.php?rest_route=\/wp\/v2\/posts"}],"about":[{"href":"https:\/\/kibrisdakik.com\/index.php?rest_route=\/wp\/v2\/types\/post"}],"author":[{"embeddable":true,"href":"https:\/\/kibrisdakik.com\/index.php?rest_route=\/wp\/v2\/users\/1"}],"replies":[{"embeddable":true,"href":"https:\/\/kibrisdakik.com\/index.php?rest_route=%2Fwp%2Fv2%2Fcomments&post=96877"}],"version-history":[{"count":0,"href":"https:\/\/kibrisdakik.com\/index.php?rest_route=\/wp\/v2\/posts\/96877\/revisions"}],"wp:featuredmedia":[{"embeddable":true,"href":"https:\/\/kibrisdakik.com\/index.php?rest_route=\/wp\/v2\/media\/94945"}],"wp:attachment":[{"href":"https:\/\/kibrisdakik.com\/index.php?rest_route=%2Fwp%2Fv2%2Fmedia&parent=96877"}],"wp:term":[{"taxonomy":"category","embeddable":true,"href":"https:\/\/kibrisdakik.com\/index.php?rest_route=%2Fwp%2Fv2%2Fcategories&post=96877"},{"taxonomy":"post_tag","embeddable":true,"href":"https:\/\/kibrisdakik.com\/index.php?rest_route=%2Fwp%2Fv2%2Ftags&post=96877"}],"curies":[{"name":"wp","href":"https:\/\/api.w.org\/{rel}","templated":true}]}}