{"id":96878,"date":"2025-10-24T11:36:07","date_gmt":"2025-10-24T08:36:07","guid":{"rendered":"https:\/\/kibrisdakik.com\/index.php\/2025\/10\/24\/cumhurbaskani-erhurman-dr-fazil-kucukun-anit-mezarina-celenk-sundu\/"},"modified":"2025-10-24T11:36:07","modified_gmt":"2025-10-24T08:36:07","slug":"cumhurbaskani-erhurman-dr-fazil-kucukun-anit-mezarina-celenk-sundu","status":"publish","type":"post","link":"https:\/\/kibrisdakik.com\/?p=96878","title":{"rendered":"CUMHURBA\u015eKANI ERH\u00dcRMAN DR. FAZIL K\u00dc\u00c7\u00dcK\u2019\u00dcN ANIT MEZARI\u2019NA \u00c7ELENK SUNDU"},"content":{"rendered":"<p><\/p>\n<div data-text-id=\"187266\" property=\"articleBody\">\n<p>Cumhurba\u015fkan\u0131 Tufan Erh\u00fcrman, K\u0131br\u0131s T\u00fcrk Halk\u0131n\u0131n Varolu\u015f ve \u00d6zg\u00fcrl\u00fck M\u00fccadelesi Lideri Dr. Faz\u0131l K\u00fc\u00e7\u00fck\u2019\u00fcn An\u0131t Mezar\u0131\u2019na da \u00e7elenk sundu.<\/p>\n<p>Sayg\u0131 duru\u015fu ve \u0130stikl\u00e2l Mar\u015f\u0131 e\u015fli\u011finde bayraklar\u0131n g\u00f6ndere \u00e7ekilmesiyle ba\u015flayan t\u00f6rende Cumhurba\u015fkan\u0131 Erh\u00fcrman an\u0131ta \u00e7elenk koydu ve An\u0131t \u00d6zel Defteri&#8217;ni imzalad\u0131.<\/p>\n<p>T\u00f6rene, Lefko\u015fa T\u00fcrk Belediyesi Ba\u015fkan\u0131 Mehmet Harmanc\u0131 da kat\u0131ld\u0131.<\/p>\n<p>Cumhurba\u015fkan\u0131 Erh\u00fcrman, An\u0131t \u00d6zel Defteri&#8217;ne \u015funlar\u0131 yazd\u0131:<\/p>\n<p>\u201cAziz Liderimiz Dr. Faz\u0131l K\u00fc\u00e7\u00fck,<\/p>\n<p>Halk\u0131m\u0131z\u0131n en karanl\u0131k d\u00f6nemlerinde, varolu\u015f m\u00fccadelesinin \u00f6nc\u00fcs\u00fc olarak g\u00f6sterdi\u011finiz azim, kararl\u0131l\u0131k ve \u00f6nderlik, bug\u00fcn de bizlere yol g\u00f6stermeye devam ediyor.<img loading=\"lazy\" decoding=\"async\" height=\"431\" src=\"https:\/\/mhahabercom.teimg.com\/mhahaber-com\/uploads\/2025\/10\/6-374.png\" width=\"706\"\/><\/p>\n<p>Sizlerin bu kutsal m\u00fccadelede sergiledi\u011finiz dirayet, K\u0131br\u0131s T\u00fcrk halk\u0131n\u0131n \u00f6zg\u00fcrl\u00fck ve e\u015fitlik u\u011fruna verdi\u011fi m\u00fccadelenin temel ta\u015flar\u0131ndan biri olmu\u015ftur.<\/p>\n<p>Bug\u00fcn, Kuzey K\u0131br\u0131s T\u00fcrk Cumhuriyeti\u2019nin 6. Cumhurba\u015fkan\u0131 olarak huzurunuzda bulunmaktan b\u00fcy\u00fck bir onur ve sorumluluk duyuyorum.<\/p>\n<p>Sizlerin halk\u0131m\u0131z i\u00e7in ortaya koydu\u011fu kararl\u0131l\u0131\u011f\u0131n ve birlik ruhunun her ko\u015fulda s\u00fcrd\u00fcr\u00fclmesi gerekti\u011fine olan inanc\u0131m\u0131z tamd\u0131r.<img loading=\"lazy\" decoding=\"async\" height=\"431\" src=\"https:\/\/mhahabercom.teimg.com\/mhahaber-com\/uploads\/2025\/10\/5-467.png\" width=\"706\"\/><\/p>\n<p>K\u0131br\u0131s T\u00fcrk halk\u0131n\u0131n d\u00fcnyada hak etti\u011fi yeri buldu\u011fu, \u00e7ocuklar\u0131m\u0131z\u0131n gelece\u011fe umutla bakt\u0131\u011f\u0131, bar\u0131\u015f, huzur ve refah i\u00e7inde bir gelecek i\u00e7in t\u00fcm g\u00fcc\u00fcm\u00fczle \u00e7al\u0131\u015fmaya devam edece\u011fimizi huzurunuzda bir kez daha ifade etmek isterim.<\/p>\n<p>Sizlerin en zor zamanlarda halk\u0131m\u0131za kazand\u0131rd\u0131\u011f\u0131n\u0131z birlik, dayan\u0131\u015fma ve inan\u00e7 ruhunun k\u0131ymetinin bilinciyle;<img loading=\"lazy\" decoding=\"async\" height=\"431\" src=\"https:\/\/mhahabercom.teimg.com\/mhahaber-com\/uploads\/2025\/10\/7-319.png\" width=\"706\"\/><\/p>\n<p>B\u00f6l\u00fcnmeden, ayr\u0131\u015fmadan, birbirimizi kucaklayarak gelece\u011fe y\u00fcr\u00fcmekte kararl\u0131y\u0131z.<\/p>\n<p>Aziz hat\u0131ran\u0131z \u00f6n\u00fcnde sayg\u0131 ve minnetle e\u011filiyoruz.\u201d<\/p>\n<p>Bug\u00fcn sabah, Cumhuriyet Meclisi\u2019nde ger\u00e7ekle\u015fen yemin t\u00f6reninin ard\u0131ndan, Atat\u00fcrk An\u0131t\u0131\u2019na \u00e7elenk sunan Cumhurba\u015fkan\u0131 Erh\u00fcrman, daha sonra Rauf Raif Denkta\u015f\u2019\u0131n An\u0131t Mezar\u0131\u2019na \u00e7elenk sunacak.<\/p>\n<\/p><\/div>\n","protected":false},"excerpt":{"rendered":"<p>Cumhurba\u015fkan\u0131 Tufan Erh\u00fcrman, K\u0131br\u0131s T\u00fcrk Halk\u0131n\u0131n Varolu\u015f ve \u00d6zg\u00fcrl\u00fck M\u00fccadelesi Lideri Dr. Faz\u0131l K\u00fc\u00e7\u00fck\u2019\u00fcn An\u0131t Mezar\u0131\u2019na da \u00e7elenk sundu. Sayg\u0131 duru\u015fu ve \u0130stikl\u00e2l Mar\u015f\u0131 e\u015fli\u011finde bayraklar\u0131n g\u00f6ndere \u00e7ekilmesiyle ba\u015flayan t\u00f6rende Cumhurba\u015fkan\u0131 Erh\u00fcrman an\u0131ta \u00e7elenk koydu ve An\u0131t \u00d6zel Defteri&#8217;ni imzalad\u0131. T\u00f6rene, Lefko\u015fa T\u00fcrk Belediyesi Ba\u015fkan\u0131 Mehmet Harmanc\u0131 da kat\u0131ld\u0131. Cumhurba\u015fkan\u0131 Erh\u00fcrman, An\u0131t \u00d6zel Defteri&#8217;ne \u015funlar\u0131<\/p>\n","protected":false},"author":1,"featured_media":96879,"comment_status":"open","ping_status":"open","sticky":false,"template":"","format":"standard","meta":{"footnotes":""},"categories":[81],"tags":[],"class_list":["post-96878","post","type-post","status-publish","format-standard","has-post-thumbnail","hentry","category-kibris"],"yoast_head":"<!-- This site is optimized with the Yoast SEO plugin v27.4 - https:\/\/yoast.com\/product\/yoast-seo-wordpress\/ -->\n<title>CUMHURBA\u015eKANI ERH\u00dcRMAN DR. FAZIL K\u00dc\u00c7\u00dcK\u2019\u00dcN ANIT MEZARI\u2019NA \u00c7ELENK SUNDU -<\/title>\n<meta name=\"robots\" content=\"index, follow, max-snippet:-1, max-image-preview:large, max-video-preview:-1\" \/>\n<link rel=\"canonical\" href=\"https:\/\/kibrisdakik.com\/?p=96878\" \/>\n<meta property=\"og:locale\" content=\"tr_TR\" \/>\n<meta property=\"og:type\" content=\"article\" \/>\n<meta property=\"og:title\" content=\"CUMHURBA\u015eKANI ERH\u00dcRMAN DR. FAZIL K\u00dc\u00c7\u00dcK\u2019\u00dcN ANIT MEZARI\u2019NA \u00c7ELENK SUNDU -\" \/>\n<meta property=\"og:description\" content=\"Cumhurba\u015fkan\u0131 Tufan Erh\u00fcrman, K\u0131br\u0131s T\u00fcrk Halk\u0131n\u0131n Varolu\u015f ve \u00d6zg\u00fcrl\u00fck M\u00fccadelesi Lideri Dr. Faz\u0131l K\u00fc\u00e7\u00fck\u2019\u00fcn An\u0131t Mezar\u0131\u2019na da \u00e7elenk sundu. Sayg\u0131 duru\u015fu ve \u0130stikl\u00e2l Mar\u015f\u0131 e\u015fli\u011finde bayraklar\u0131n g\u00f6ndere \u00e7ekilmesiyle ba\u015flayan t\u00f6rende Cumhurba\u015fkan\u0131 Erh\u00fcrman an\u0131ta \u00e7elenk koydu ve An\u0131t \u00d6zel Defteri&#8217;ni imzalad\u0131. T\u00f6rene, Lefko\u015fa T\u00fcrk Belediyesi Ba\u015fkan\u0131 Mehmet Harmanc\u0131 da kat\u0131ld\u0131. Cumhurba\u015fkan\u0131 Erh\u00fcrman, An\u0131t \u00d6zel Defteri&#8217;ne \u015funlar\u0131\" \/>\n<meta property=\"og:url\" content=\"https:\/\/kibrisdakik.com\/?p=96878\" \/>\n<meta property=\"article:published_time\" content=\"2025-10-24T08:36:07+00:00\" \/>\n<meta property=\"og:image\" content=\"https:\/\/kibrisdakik.com\/wp-content\/uploads\/2025\/10\/mha-sari-beyaz-191.png\" \/>\n\t<meta property=\"og:image:width\" content=\"1280\" \/>\n\t<meta property=\"og:image:height\" content=\"720\" \/>\n\t<meta property=\"og:image:type\" content=\"image\/png\" \/>\n<meta name=\"author\" content=\"admin\" \/>\n<meta name=\"twitter:card\" content=\"summary_large_image\" \/>\n<meta name=\"twitter:label1\" content=\"Yazan:\" \/>\n\t<meta name=\"twitter:data1\" content=\"admin\" \/>\n\t<meta name=\"twitter:label2\" content=\"Tahmini okuma s\u00fcresi\" \/>\n\t<meta name=\"twitter:data2\" content=\"2 dakika\" \/>\n<script type=\"application\/ld+json\" class=\"yoast-schema-graph\">{\"@context\":\"https:\\\/\\\/schema.org\",\"@graph\":[{\"@type\":\"Article\",\"@id\":\"https:\\\/\\\/kibrisdakik.com\\\/?p=96878#article\",\"isPartOf\":{\"@id\":\"https:\\\/\\\/kibrisdakik.com\\\/?p=96878\"},\"author\":{\"name\":\"admin\",\"@id\":\"https:\\\/\\\/kibrisdakik.com\\\/#\\\/schema\\\/person\\\/9cd9d437bbb44f72b73ba127e06d8e79\"},\"headline\":\"CUMHURBA\u015eKANI ERH\u00dcRMAN DR. FAZIL K\u00dc\u00c7\u00dcK\u2019\u00dcN ANIT MEZARI\u2019NA \u00c7ELENK SUNDU\",\"datePublished\":\"2025-10-24T08:36:07+00:00\",\"mainEntityOfPage\":{\"@id\":\"https:\\\/\\\/kibrisdakik.com\\\/?p=96878\"},\"wordCount\":368,\"commentCount\":0,\"image\":{\"@id\":\"https:\\\/\\\/kibrisdakik.com\\\/?p=96878#primaryimage\"},\"thumbnailUrl\":\"https:\\\/\\\/kibrisdakik.com\\\/wp-content\\\/uploads\\\/2025\\\/10\\\/mha-sari-beyaz-191.png\",\"articleSection\":[\"K\u0131br\u0131s\"],\"inLanguage\":\"tr\",\"potentialAction\":[{\"@type\":\"CommentAction\",\"name\":\"Comment\",\"target\":[\"https:\\\/\\\/kibrisdakik.com\\\/?p=96878#respond\"]}]},{\"@type\":\"WebPage\",\"@id\":\"https:\\\/\\\/kibrisdakik.com\\\/?p=96878\",\"url\":\"https:\\\/\\\/kibrisdakik.com\\\/?p=96878\",\"name\":\"CUMHURBA\u015eKANI ERH\u00dcRMAN DR. FAZIL K\u00dc\u00c7\u00dcK\u2019\u00dcN ANIT MEZARI\u2019NA \u00c7ELENK SUNDU -\",\"isPartOf\":{\"@id\":\"https:\\\/\\\/kibrisdakik.com\\\/#website\"},\"primaryImageOfPage\":{\"@id\":\"https:\\\/\\\/kibrisdakik.com\\\/?p=96878#primaryimage\"},\"image\":{\"@id\":\"https:\\\/\\\/kibrisdakik.com\\\/?p=96878#primaryimage\"},\"thumbnailUrl\":\"https:\\\/\\\/kibrisdakik.com\\\/wp-content\\\/uploads\\\/2025\\\/10\\\/mha-sari-beyaz-191.png\",\"datePublished\":\"2025-10-24T08:36:07+00:00\",\"author\":{\"@id\":\"https:\\\/\\\/kibrisdakik.com\\\/#\\\/schema\\\/person\\\/9cd9d437bbb44f72b73ba127e06d8e79\"},\"breadcrumb\":{\"@id\":\"https:\\\/\\\/kibrisdakik.com\\\/?p=96878#breadcrumb\"},\"inLanguage\":\"tr\",\"potentialAction\":[{\"@type\":\"ReadAction\",\"target\":[\"https:\\\/\\\/kibrisdakik.com\\\/?p=96878\"]}]},{\"@type\":\"ImageObject\",\"inLanguage\":\"tr\",\"@id\":\"https:\\\/\\\/kibrisdakik.com\\\/?p=96878#primaryimage\",\"url\":\"https:\\\/\\\/kibrisdakik.com\\\/wp-content\\\/uploads\\\/2025\\\/10\\\/mha-sari-beyaz-191.png\",\"contentUrl\":\"https:\\\/\\\/kibrisdakik.com\\\/wp-content\\\/uploads\\\/2025\\\/10\\\/mha-sari-beyaz-191.png\",\"width\":1280,\"height\":720},{\"@type\":\"BreadcrumbList\",\"@id\":\"https:\\\/\\\/kibrisdakik.com\\\/?p=96878#breadcrumb\",\"itemListElement\":[{\"@type\":\"ListItem\",\"position\":1,\"name\":\"Home\",\"item\":\"https:\\\/\\\/kibrisdakik.com\\\/\"},{\"@type\":\"ListItem\",\"position\":2,\"name\":\"CUMHURBA\u015eKANI ERH\u00dcRMAN DR. FAZIL K\u00dc\u00c7\u00dcK\u2019\u00dcN ANIT MEZARI\u2019NA \u00c7ELENK SUNDU\"}]},{\"@type\":\"WebSite\",\"@id\":\"https:\\\/\\\/kibrisdakik.com\\\/#website\",\"url\":\"https:\\\/\\\/kibrisdakik.com\\\/\",\"name\":\"\",\"description\":\"Tam vaktinde haber\",\"potentialAction\":[{\"@type\":\"SearchAction\",\"target\":{\"@type\":\"EntryPoint\",\"urlTemplate\":\"https:\\\/\\\/kibrisdakik.com\\\/?s={search_term_string}\"},\"query-input\":{\"@type\":\"PropertyValueSpecification\",\"valueRequired\":true,\"valueName\":\"search_term_string\"}}],\"inLanguage\":\"tr\"},{\"@type\":\"Person\",\"@id\":\"https:\\\/\\\/kibrisdakik.com\\\/#\\\/schema\\\/person\\\/9cd9d437bbb44f72b73ba127e06d8e79\",\"name\":\"admin\",\"image\":{\"@type\":\"ImageObject\",\"inLanguage\":\"tr\",\"@id\":\"https:\\\/\\\/secure.gravatar.com\\\/avatar\\\/ccc17943b9d660506c869530f897617f7cb1c21a4bf30023f252596d83e1f007?s=96&d=mm&r=g\",\"url\":\"https:\\\/\\\/secure.gravatar.com\\\/avatar\\\/ccc17943b9d660506c869530f897617f7cb1c21a4bf30023f252596d83e1f007?s=96&d=mm&r=g\",\"contentUrl\":\"https:\\\/\\\/secure.gravatar.com\\\/avatar\\\/ccc17943b9d660506c869530f897617f7cb1c21a4bf30023f252596d83e1f007?s=96&d=mm&r=g\",\"caption\":\"admin\"},\"sameAs\":[\"https:\\\/\\\/kibrisdakik.com\"],\"url\":\"https:\\\/\\\/kibrisdakik.com\\\/?author=1\"}]}<\/script>\n<!-- \/ Yoast SEO plugin. -->","yoast_head_json":{"title":"CUMHURBA\u015eKANI ERH\u00dcRMAN DR. FAZIL K\u00dc\u00c7\u00dcK\u2019\u00dcN ANIT MEZARI\u2019NA \u00c7ELENK SUNDU -","robots":{"index":"index","follow":"follow","max-snippet":"max-snippet:-1","max-image-preview":"max-image-preview:large","max-video-preview":"max-video-preview:-1"},"canonical":"https:\/\/kibrisdakik.com\/?p=96878","og_locale":"tr_TR","og_type":"article","og_title":"CUMHURBA\u015eKANI ERH\u00dcRMAN DR. FAZIL K\u00dc\u00c7\u00dcK\u2019\u00dcN ANIT MEZARI\u2019NA \u00c7ELENK SUNDU -","og_description":"Cumhurba\u015fkan\u0131 Tufan Erh\u00fcrman, K\u0131br\u0131s T\u00fcrk Halk\u0131n\u0131n Varolu\u015f ve \u00d6zg\u00fcrl\u00fck M\u00fccadelesi Lideri Dr. Faz\u0131l K\u00fc\u00e7\u00fck\u2019\u00fcn An\u0131t Mezar\u0131\u2019na da \u00e7elenk sundu. Sayg\u0131 duru\u015fu ve \u0130stikl\u00e2l Mar\u015f\u0131 e\u015fli\u011finde bayraklar\u0131n g\u00f6ndere \u00e7ekilmesiyle ba\u015flayan t\u00f6rende Cumhurba\u015fkan\u0131 Erh\u00fcrman an\u0131ta \u00e7elenk koydu ve An\u0131t \u00d6zel Defteri&#8217;ni imzalad\u0131. T\u00f6rene, Lefko\u015fa T\u00fcrk Belediyesi Ba\u015fkan\u0131 Mehmet Harmanc\u0131 da kat\u0131ld\u0131. Cumhurba\u015fkan\u0131 Erh\u00fcrman, An\u0131t \u00d6zel Defteri&#8217;ne \u015funlar\u0131","og_url":"https:\/\/kibrisdakik.com\/?p=96878","article_published_time":"2025-10-24T08:36:07+00:00","og_image":[{"width":1280,"height":720,"url":"https:\/\/kibrisdakik.com\/wp-content\/uploads\/2025\/10\/mha-sari-beyaz-191.png","type":"image\/png"}],"author":"admin","twitter_card":"summary_large_image","twitter_misc":{"Yazan:":"admin","Tahmini okuma s\u00fcresi":"2 dakika"},"schema":{"@context":"https:\/\/schema.org","@graph":[{"@type":"Article","@id":"https:\/\/kibrisdakik.com\/?p=96878#article","isPartOf":{"@id":"https:\/\/kibrisdakik.com\/?p=96878"},"author":{"name":"admin","@id":"https:\/\/kibrisdakik.com\/#\/schema\/person\/9cd9d437bbb44f72b73ba127e06d8e79"},"headline":"CUMHURBA\u015eKANI ERH\u00dcRMAN DR. FAZIL K\u00dc\u00c7\u00dcK\u2019\u00dcN ANIT MEZARI\u2019NA \u00c7ELENK SUNDU","datePublished":"2025-10-24T08:36:07+00:00","mainEntityOfPage":{"@id":"https:\/\/kibrisdakik.com\/?p=96878"},"wordCount":368,"commentCount":0,"image":{"@id":"https:\/\/kibrisdakik.com\/?p=96878#primaryimage"},"thumbnailUrl":"https:\/\/kibrisdakik.com\/wp-content\/uploads\/2025\/10\/mha-sari-beyaz-191.png","articleSection":["K\u0131br\u0131s"],"inLanguage":"tr","potentialAction":[{"@type":"CommentAction","name":"Comment","target":["https:\/\/kibrisdakik.com\/?p=96878#respond"]}]},{"@type":"WebPage","@id":"https:\/\/kibrisdakik.com\/?p=96878","url":"https:\/\/kibrisdakik.com\/?p=96878","name":"CUMHURBA\u015eKANI ERH\u00dcRMAN DR. FAZIL K\u00dc\u00c7\u00dcK\u2019\u00dcN ANIT MEZARI\u2019NA \u00c7ELENK SUNDU -","isPartOf":{"@id":"https:\/\/kibrisdakik.com\/#website"},"primaryImageOfPage":{"@id":"https:\/\/kibrisdakik.com\/?p=96878#primaryimage"},"image":{"@id":"https:\/\/kibrisdakik.com\/?p=96878#primaryimage"},"thumbnailUrl":"https:\/\/kibrisdakik.com\/wp-content\/uploads\/2025\/10\/mha-sari-beyaz-191.png","datePublished":"2025-10-24T08:36:07+00:00","author":{"@id":"https:\/\/kibrisdakik.com\/#\/schema\/person\/9cd9d437bbb44f72b73ba127e06d8e79"},"breadcrumb":{"@id":"https:\/\/kibrisdakik.com\/?p=96878#breadcrumb"},"inLanguage":"tr","potentialAction":[{"@type":"ReadAction","target":["https:\/\/kibrisdakik.com\/?p=96878"]}]},{"@type":"ImageObject","inLanguage":"tr","@id":"https:\/\/kibrisdakik.com\/?p=96878#primaryimage","url":"https:\/\/kibrisdakik.com\/wp-content\/uploads\/2025\/10\/mha-sari-beyaz-191.png","contentUrl":"https:\/\/kibrisdakik.com\/wp-content\/uploads\/2025\/10\/mha-sari-beyaz-191.png","width":1280,"height":720},{"@type":"BreadcrumbList","@id":"https:\/\/kibrisdakik.com\/?p=96878#breadcrumb","itemListElement":[{"@type":"ListItem","position":1,"name":"Home","item":"https:\/\/kibrisdakik.com\/"},{"@type":"ListItem","position":2,"name":"CUMHURBA\u015eKANI ERH\u00dcRMAN DR. FAZIL K\u00dc\u00c7\u00dcK\u2019\u00dcN ANIT MEZARI\u2019NA \u00c7ELENK SUNDU"}]},{"@type":"WebSite","@id":"https:\/\/kibrisdakik.com\/#website","url":"https:\/\/kibrisdakik.com\/","name":"","description":"Tam vaktinde haber","potentialAction":[{"@type":"SearchAction","target":{"@type":"EntryPoint","urlTemplate":"https:\/\/kibrisdakik.com\/?s={search_term_string}"},"query-input":{"@type":"PropertyValueSpecification","valueRequired":true,"valueName":"search_term_string"}}],"inLanguage":"tr"},{"@type":"Person","@id":"https:\/\/kibrisdakik.com\/#\/schema\/person\/9cd9d437bbb44f72b73ba127e06d8e79","name":"admin","image":{"@type":"ImageObject","inLanguage":"tr","@id":"https:\/\/secure.gravatar.com\/avatar\/ccc17943b9d660506c869530f897617f7cb1c21a4bf30023f252596d83e1f007?s=96&d=mm&r=g","url":"https:\/\/secure.gravatar.com\/avatar\/ccc17943b9d660506c869530f897617f7cb1c21a4bf30023f252596d83e1f007?s=96&d=mm&r=g","contentUrl":"https:\/\/secure.gravatar.com\/avatar\/ccc17943b9d660506c869530f897617f7cb1c21a4bf30023f252596d83e1f007?s=96&d=mm&r=g","caption":"admin"},"sameAs":["https:\/\/kibrisdakik.com"],"url":"https:\/\/kibrisdakik.com\/?author=1"}]}},"_links":{"self":[{"href":"https:\/\/kibrisdakik.com\/index.php?rest_route=\/wp\/v2\/posts\/96878","targetHints":{"allow":["GET"]}}],"collection":[{"href":"https:\/\/kibrisdakik.com\/index.php?rest_route=\/wp\/v2\/posts"}],"about":[{"href":"https:\/\/kibrisdakik.com\/index.php?rest_route=\/wp\/v2\/types\/post"}],"author":[{"embeddable":true,"href":"https:\/\/kibrisdakik.com\/index.php?rest_route=\/wp\/v2\/users\/1"}],"replies":[{"embeddable":true,"href":"https:\/\/kibrisdakik.com\/index.php?rest_route=%2Fwp%2Fv2%2Fcomments&post=96878"}],"version-history":[{"count":0,"href":"https:\/\/kibrisdakik.com\/index.php?rest_route=\/wp\/v2\/posts\/96878\/revisions"}],"wp:featuredmedia":[{"embeddable":true,"href":"https:\/\/kibrisdakik.com\/index.php?rest_route=\/wp\/v2\/media\/96879"}],"wp:attachment":[{"href":"https:\/\/kibrisdakik.com\/index.php?rest_route=%2Fwp%2Fv2%2Fmedia&parent=96878"}],"wp:term":[{"taxonomy":"category","embeddable":true,"href":"https:\/\/kibrisdakik.com\/index.php?rest_route=%2Fwp%2Fv2%2Fcategories&post=96878"},{"taxonomy":"post_tag","embeddable":true,"href":"https:\/\/kibrisdakik.com\/index.php?rest_route=%2Fwp%2Fv2%2Ftags&post=96878"}],"curies":[{"name":"wp","href":"https:\/\/api.w.org\/{rel}","templated":true}]}}