{"id":96920,"date":"2025-10-24T14:49:00","date_gmt":"2025-10-24T11:49:00","guid":{"rendered":"https:\/\/kibrisdakik.com\/index.php\/2025\/10\/24\/tarihci-shlaim-netanyahu-hukumeti-siyonizmin-tum-olumsuz-yonlerini-barindiriyor\/"},"modified":"2025-10-24T14:49:00","modified_gmt":"2025-10-24T11:49:00","slug":"tarihci-shlaim-netanyahu-hukumeti-siyonizmin-tum-olumsuz-yonlerini-barindiriyor","status":"publish","type":"post","link":"https:\/\/kibrisdakik.com\/?p=96920","title":{"rendered":"Tarih\u00e7i Shlaim: Netanyahu h\u00fck\u00fcmeti siyonizmin t\u00fcm olumsuz y\u00f6nlerini bar\u0131nd\u0131r\u0131yor"},"content":{"rendered":"<p><\/p>\n<div class=\"news-content\">\n<p>\n\tKatil \u0130srail&#8217;in Gazze&#8217;de i\u015fledi\u011fi sava\u015f su\u00e7lar\u0131n\u0131 ara\u015ft\u0131rmak \u00fczere kurulan k\u00fcresel ve ba\u011f\u0131ms\u0131z giri\u015fim &#8220;Gazze Mahkemesi&#8221;nin nihai oturumu i\u00e7in \u0130stanbul&#8217;a gelen Profes\u00f6r Shlaim, AA muhabirine a\u00e7\u0131klamalarda bulundu.<\/p>\n<p>\n\tShlaim, &#8220;Netanyahu h\u00fck\u00fcmeti, siyonizmin t\u00fcm olumsuz y\u00f6nlerini bar\u0131nd\u0131r\u0131yor. Onun y\u00f6netimi, \u0130srail tarihinin g\u00f6rd\u00fc\u011f\u00fc en a\u015f\u0131r\u0131 sa\u011fc\u0131, a\u00e7\u0131k\u00e7a \u0131rk\u00e7\u0131, zebofobik, yay\u0131lmac\u0131 ve Yahudi \u00fcst\u00fcnl\u00fck\u00e7\u00fc h\u00fck\u00fcmet.&#8221; dedi.<\/p>\n<p>\n\tSiyonizmin de\u011fi\u015fen bir yap\u0131 arz etti\u011fini ifade eden Shlaim, Tel Aviv&#8217;deki mevcut y\u00f6netimin &#8220;siyonizmin \u00e7ok radikal bir kolu olan dini siyonizm&#8221; oldu\u011funu s\u00f6yledi.<\/p>\n<p>\n\tProfes\u00f6r Shlaim, &#8220;Bu ideoloji, Yahudilere t\u00fcm tarihi Filistin topraklar\u0131nda Gazze ve Bat\u0131 \u015eeria dahil &#8220;self-determinasyon hakk\u0131&#8221; tan\u0131yor. Bu ise Filistinlilerin kendi topraklar\u0131nda hi\u00e7bir siyasi haklar\u0131n\u0131n olmad\u0131\u011f\u0131 anlam\u0131na geliyor.&#8221; ifadelerini kulland\u0131.<\/p>\n<h2>\n\t&#8220;Gazze\u2019yi haritadan silmek istediklerini a\u00e7\u0131k\u00e7a s\u00f6yl\u00fcyorlar\u201d<\/h2>\n<p>\n\t\u0130srail\u2019in Filistinlilere y\u00f6nelik politikalar\u0131n\u0131n \u201csoyk\u0131r\u0131m\u201d niteli\u011finde oldu\u011funu vurgulayan Shlaim, &#8220;Bu kavram\u0131 kullanmakta teredd\u00fct ettim. Zira Yahudiler, \u0130kinci D\u00fcnya Sava\u015f\u0131&#8217;nda Naziler&#8217;in kurban\u0131yd\u0131. Ancak, bug\u00fcn hakikat Filistinlilerin siyonizmin savunmas\u0131z kurbanlar\u0131 oldu\u011fudur. Benim i\u00e7in d\u00f6n\u00fcm noktas\u0131 \u0130srail&#8217;in Gazze&#8217;de t\u00fcm sivillere y\u00f6nelik insani yard\u0131m\u0131 durdurmas\u0131yd\u0131. Gazze&#8217;yi yery\u00fcz\u00fcnden silmek istiyorlar. \u0130srail, Gazze&#8217;yi tamamen ya\u015fanmaz bir hale getirdi.&#8221; diye konu\u015ftu.<\/p>\n<p>\n\t&#8220;E\u011fer sivilleri a\u00e7 b\u0131rakarak \u00f6l\u00fcme mahkum ediyorsan\u0131z, bu soyk\u0131r\u0131md\u0131r.&#8221; diyen Shlaim, Soyk\u0131r\u0131m Su\u00e7unun \u00d6nlenmesi ve Cezaland\u0131r\u0131lmas\u0131 S\u00f6zle\u015fmesi&#8217;ndeki be\u015f kriterin de \u0130srail taraf\u0131ndan ihlal edildi\u011fine dikkati \u00e7ekti.<\/p>\n<p>\n\tShlaim, &#8220;Bu soyk\u0131r\u0131m farkl\u0131, \u00e7\u00fcnk\u00fc di\u011fer \u00fclkeler genellikle i\u015fledikleri su\u00e7lar\u0131 gizlemeye \u00e7al\u0131\u015f\u0131r. Oysa \u0130srail liderleri Gazze\u2019yi haritadan silmek istediklerini a\u00e7\u0131k\u00e7a s\u00f6yl\u00fcyorlar.&#8221; ifadelerini kulland\u0131.<\/p>\n<h2>\n\t&#8220;\u0130srail, Bat\u0131 \u015eeria&#8217;y\u0131 B\u00fcy\u00fck \u0130srail&#8217;e dahil etmek istiyor&#8221;<\/h2>\n<p>\n\tShlaim, 1967\u2019den bu yana \u0130srail\u2019in Bat\u0131 \u015eeria&#8217;da ve Gazze&#8217;de &#8220;i\u015fgalci g\u00fc\u00e7&#8221; konumunda oldu\u011funa dikkati \u00e7ekerek, &#8220;\u0130srail 2005\u2019te Gazze\u2019den \u00e7ekildi ama eri\u015fimi tamamen kontrol etti\u011fi i\u00e7in uluslararas\u0131 hukuka g\u00f6re hala i\u015fgalci konumda. \u0130srail&#8217;in as\u0131l ilgilendi\u011fi yer Gazze de\u011fil, Bat\u0131 \u015eeria&#8217;d\u0131r. Bat\u0131 \u015eeria\u2019y\u0131 dini bir ifadeyle Yehuda ve Samiriye olarak adland\u0131r\u0131p bu b\u00f6lgeyi B\u00fcy\u00fck \u0130srail Projesi&#8217;ne dahil etmek istiyorlar.\u201d dedi.<\/p>\n<p>\n\tBat\u0131 \u015eeria&#8217;n\u0131n &#8220;A, B ve C b\u00f6lgelerine ayr\u0131ld\u0131\u011f\u0131n\u0131&#8221; ifade eden Shlaim, &#8220;C B\u00f6lgesi&#8217;nin y\u00fczde 60&#8217;\u0131 tamamen \u0130srail&#8217;in askeri ve sivil kontrol\u00fc alt\u0131nda. \u0130srail burada etnik temizlik y\u00fcr\u00fct\u00fcyor ve \u015fimdi B b\u00f6lgesine de m\u00fcdahale ediyor.&#8221; \u015feklinde konu\u015ftu.<\/p>\n<p>\n\tTel Aviv y\u00f6netiminin Bat\u0131 \u015eeria&#8217;da Filistin topraklar\u0131ndan gasbedilen yasa d\u0131\u015f\u0131 Yahudi yerle\u015fimlerinin \u0130srail&#8217;e ilhak\u0131n\u0131 \u00f6ng\u00f6ren tasar\u0131s\u0131yla &#8220;fiili ilhak\u0131, hukuki ilhaka d\u00f6n\u00fc\u015ft\u00fcrmeyi ama\u00e7lad\u0131\u011f\u0131&#8221; de\u011ferlendirmesinde bulunan Shlaim, \u0130srail&#8217;in &#8220;yaln\u0131zca Filistin topraklar\u0131n\u0131 de\u011fil, b\u00f6lgesel hegemonyay\u0131&#8221; hedefledi\u011fini kaydetti.<\/p>\n<p>\n\tShlaim, &#8220;\u0130srail; \u0130ran\u2019a, direni\u015f eksenine, Gazze&#8217;de Hamas&#8217;a, L\u00fcbnan&#8217;da Hizbullah&#8217;a, Yemen&#8217;de Husilere kar\u015f\u0131 sava\u015f a\u00e7m\u0131\u015f durumda. Amac\u0131, Orta Do\u011fu&#8217;nun askeri s\u00fcper g\u00fcc\u00fc haline gelmek.&#8221; dedi.<\/p>\n<h2>\n\t&#8220;\u0130srail, antisemitizm tart\u0131\u015fmas\u0131n\u0131 kaybetti&#8221;<\/h2>\n<p>\n\tYahudi k\u00f6kenli \u0130ngiliz tarih\u00e7i Shlaim, Filistin haklar\u0131n\u0131 savunmak i\u00e7in yap\u0131lan g\u00f6sterileri ve etkinliklerin &#8220;antisemitizm&#8221; ile su\u00e7lanmas\u0131 hakk\u0131nda, &#8220;\u0130srail, bu tart\u0131\u015fmay\u0131 kaybetti. Antisemitizm ve antisiyonizmi ay\u0131rt etmek \u00e7ok \u00f6nemli. Antisemitizm, Yahudilerden sadece Yahudi olduklar\u0131 i\u00e7in nefret etmektir. Antisiyonizm ise \u0130srail&#8217;e kar\u015f\u0131 \u00f6zellikle Filistinlilere kar\u015f\u0131 i\u015fgal, bask\u0131 ve soyk\u0131r\u0131m politikalar\u0131n\u0131 ele\u015ftirmektir.&#8221; de\u011ferlendirmesinde bulundu.<\/p>\n<p>\n\t&#8220;\u0130srail, temeli olan ele\u015ftirilere kar\u015f\u0131 antisiyonizmi, antisemitizmle bir tutarak cevap veriyor. \u0130srail&#8217;e g\u00f6re kendisini ele\u015ftiren herkes antisemitik. Bu ikisini ay\u0131rt ederek \u0130srail&#8217;in su\u00e7lamalar\u0131na kar\u015f\u0131l\u0131k vermek \u00f6nemli.&#8221; diyen Shlaim, antisemitizmin \u00e7ok ciddi bir su\u00e7lama oldu\u011funu kaydetti.<\/p>\n<p>\n\tShlaim, \u0130srail&#8217;in antisemitizm ele\u015ftirilerinin, i\u015fledi\u011fi su\u00e7lar\u0131 me\u015frula\u015ft\u0131rmayaca\u011f\u0131n\u0131 vurgulayarak. &#8220;\u0130\u015fgal, bask\u0131 ve soyk\u0131r\u0131m ahlaki olarak me\u015frula\u015ft\u0131r\u0131lamaz.&#8221; dedi.<\/p>\n<div class=\"news-tags\">\n<div class=\"title\">ET\u0130KETLER<\/div>\n<div class=\"tags\">\n                                                                            Gazze<br \/>\n                                                                            \u0130srail&#8217;in Gazze Soyk\u0131r\u0131m\u0131<br \/>\n                                                                            \u0130srail\n                                                                    <\/div>\n<\/p><\/div>\n<\/p><\/div>\n","protected":false},"excerpt":{"rendered":"<p>Katil \u0130srail&#8217;in Gazze&#8217;de i\u015fledi\u011fi sava\u015f su\u00e7lar\u0131n\u0131 ara\u015ft\u0131rmak \u00fczere kurulan k\u00fcresel ve ba\u011f\u0131ms\u0131z giri\u015fim &#8220;Gazze Mahkemesi&#8221;nin nihai oturumu i\u00e7in \u0130stanbul&#8217;a gelen Profes\u00f6r Shlaim, AA muhabirine a\u00e7\u0131klamalarda bulundu. Shlaim, &#8220;Netanyahu h\u00fck\u00fcmeti, siyonizmin t\u00fcm olumsuz y\u00f6nlerini bar\u0131nd\u0131r\u0131yor. Onun y\u00f6netimi, \u0130srail tarihinin g\u00f6rd\u00fc\u011f\u00fc en a\u015f\u0131r\u0131 sa\u011fc\u0131, a\u00e7\u0131k\u00e7a \u0131rk\u00e7\u0131, zebofobik, yay\u0131lmac\u0131 ve Yahudi \u00fcst\u00fcnl\u00fck\u00e7\u00fc h\u00fck\u00fcmet.&#8221; dedi. Siyonizmin de\u011fi\u015fen bir yap\u0131<\/p>\n","protected":false},"author":1,"featured_media":89759,"comment_status":"open","ping_status":"open","sticky":false,"template":"","format":"standard","meta":{"footnotes":""},"categories":[306],"tags":[],"class_list":["post-96920","post","type-post","status-publish","format-standard","has-post-thumbnail","hentry","category-dunya"],"yoast_head":"<!-- This site is optimized with the Yoast SEO plugin v27.5 - https:\/\/yoast.com\/product\/yoast-seo-wordpress\/ -->\n<title>Tarih\u00e7i Shlaim: Netanyahu h\u00fck\u00fcmeti siyonizmin t\u00fcm olumsuz y\u00f6nlerini bar\u0131nd\u0131r\u0131yor -<\/title>\n<meta name=\"robots\" content=\"index, follow, max-snippet:-1, max-image-preview:large, max-video-preview:-1\" \/>\n<link rel=\"canonical\" href=\"https:\/\/kibrisdakik.com\/?p=96920\" \/>\n<meta property=\"og:locale\" content=\"tr_TR\" \/>\n<meta property=\"og:type\" content=\"article\" \/>\n<meta property=\"og:title\" content=\"Tarih\u00e7i Shlaim: Netanyahu h\u00fck\u00fcmeti siyonizmin t\u00fcm olumsuz y\u00f6nlerini bar\u0131nd\u0131r\u0131yor -\" \/>\n<meta property=\"og:description\" content=\"Katil \u0130srail&#8217;in Gazze&#8217;de i\u015fledi\u011fi sava\u015f su\u00e7lar\u0131n\u0131 ara\u015ft\u0131rmak \u00fczere kurulan k\u00fcresel ve ba\u011f\u0131ms\u0131z giri\u015fim &#8220;Gazze Mahkemesi&#8221;nin nihai oturumu i\u00e7in \u0130stanbul&#8217;a gelen Profes\u00f6r Shlaim, AA muhabirine a\u00e7\u0131klamalarda bulundu. Shlaim, &#8220;Netanyahu h\u00fck\u00fcmeti, siyonizmin t\u00fcm olumsuz y\u00f6nlerini bar\u0131nd\u0131r\u0131yor. Onun y\u00f6netimi, \u0130srail tarihinin g\u00f6rd\u00fc\u011f\u00fc en a\u015f\u0131r\u0131 sa\u011fc\u0131, a\u00e7\u0131k\u00e7a \u0131rk\u00e7\u0131, zebofobik, yay\u0131lmac\u0131 ve Yahudi \u00fcst\u00fcnl\u00fck\u00e7\u00fc h\u00fck\u00fcmet.&#8221; dedi. Siyonizmin de\u011fi\u015fen bir yap\u0131\" \/>\n<meta property=\"og:url\" content=\"https:\/\/kibrisdakik.com\/?p=96920\" \/>\n<meta property=\"article:published_time\" content=\"2025-10-24T11:49:00+00:00\" \/>\n<meta property=\"og:image\" content=\"https:\/\/kibrisdakik.com\/wp-content\/uploads\/2025\/08\/netanyahu-aa-2133815-740x420.jpg\" \/>\n\t<meta property=\"og:image:width\" content=\"1280\" \/>\n\t<meta property=\"og:image:height\" content=\"720\" \/>\n\t<meta property=\"og:image:type\" content=\"image\/jpeg\" \/>\n<meta name=\"author\" content=\"admin\" \/>\n<meta name=\"twitter:card\" content=\"summary_large_image\" \/>\n<meta name=\"twitter:label1\" content=\"Yazan:\" \/>\n\t<meta name=\"twitter:data1\" content=\"admin\" \/>\n\t<meta name=\"twitter:label2\" content=\"Tahmini okuma s\u00fcresi\" \/>\n\t<meta name=\"twitter:data2\" content=\"3 dakika\" \/>\n<script type=\"application\/ld+json\" class=\"yoast-schema-graph\">{\"@context\":\"https:\\\/\\\/schema.org\",\"@graph\":[{\"@type\":\"Article\",\"@id\":\"https:\\\/\\\/kibrisdakik.com\\\/?p=96920#article\",\"isPartOf\":{\"@id\":\"https:\\\/\\\/kibrisdakik.com\\\/?p=96920\"},\"author\":{\"name\":\"admin\",\"@id\":\"https:\\\/\\\/kibrisdakik.com\\\/#\\\/schema\\\/person\\\/9cd9d437bbb44f72b73ba127e06d8e79\"},\"headline\":\"Tarih\u00e7i Shlaim: Netanyahu h\u00fck\u00fcmeti siyonizmin t\u00fcm olumsuz y\u00f6nlerini bar\u0131nd\u0131r\u0131yor\",\"datePublished\":\"2025-10-24T11:49:00+00:00\",\"mainEntityOfPage\":{\"@id\":\"https:\\\/\\\/kibrisdakik.com\\\/?p=96920\"},\"wordCount\":710,\"commentCount\":0,\"image\":{\"@id\":\"https:\\\/\\\/kibrisdakik.com\\\/?p=96920#primaryimage\"},\"thumbnailUrl\":\"https:\\\/\\\/kibrisdakik.com\\\/wp-content\\\/uploads\\\/2025\\\/08\\\/netanyahu-aa-2133815-740x420.jpg\",\"articleSection\":[\"D\u00fcnya\"],\"inLanguage\":\"tr\",\"potentialAction\":[{\"@type\":\"CommentAction\",\"name\":\"Comment\",\"target\":[\"https:\\\/\\\/kibrisdakik.com\\\/?p=96920#respond\"]}]},{\"@type\":\"WebPage\",\"@id\":\"https:\\\/\\\/kibrisdakik.com\\\/?p=96920\",\"url\":\"https:\\\/\\\/kibrisdakik.com\\\/?p=96920\",\"name\":\"Tarih\u00e7i Shlaim: Netanyahu h\u00fck\u00fcmeti siyonizmin t\u00fcm olumsuz y\u00f6nlerini bar\u0131nd\u0131r\u0131yor -\",\"isPartOf\":{\"@id\":\"https:\\\/\\\/kibrisdakik.com\\\/#website\"},\"primaryImageOfPage\":{\"@id\":\"https:\\\/\\\/kibrisdakik.com\\\/?p=96920#primaryimage\"},\"image\":{\"@id\":\"https:\\\/\\\/kibrisdakik.com\\\/?p=96920#primaryimage\"},\"thumbnailUrl\":\"https:\\\/\\\/kibrisdakik.com\\\/wp-content\\\/uploads\\\/2025\\\/08\\\/netanyahu-aa-2133815-740x420.jpg\",\"datePublished\":\"2025-10-24T11:49:00+00:00\",\"author\":{\"@id\":\"https:\\\/\\\/kibrisdakik.com\\\/#\\\/schema\\\/person\\\/9cd9d437bbb44f72b73ba127e06d8e79\"},\"breadcrumb\":{\"@id\":\"https:\\\/\\\/kibrisdakik.com\\\/?p=96920#breadcrumb\"},\"inLanguage\":\"tr\",\"potentialAction\":[{\"@type\":\"ReadAction\",\"target\":[\"https:\\\/\\\/kibrisdakik.com\\\/?p=96920\"]}]},{\"@type\":\"ImageObject\",\"inLanguage\":\"tr\",\"@id\":\"https:\\\/\\\/kibrisdakik.com\\\/?p=96920#primaryimage\",\"url\":\"https:\\\/\\\/kibrisdakik.com\\\/wp-content\\\/uploads\\\/2025\\\/08\\\/netanyahu-aa-2133815-740x420.jpg\",\"contentUrl\":\"https:\\\/\\\/kibrisdakik.com\\\/wp-content\\\/uploads\\\/2025\\\/08\\\/netanyahu-aa-2133815-740x420.jpg\",\"width\":1280,\"height\":720},{\"@type\":\"BreadcrumbList\",\"@id\":\"https:\\\/\\\/kibrisdakik.com\\\/?p=96920#breadcrumb\",\"itemListElement\":[{\"@type\":\"ListItem\",\"position\":1,\"name\":\"Home\",\"item\":\"https:\\\/\\\/kibrisdakik.com\\\/\"},{\"@type\":\"ListItem\",\"position\":2,\"name\":\"Tarih\u00e7i Shlaim: Netanyahu h\u00fck\u00fcmeti siyonizmin t\u00fcm olumsuz y\u00f6nlerini bar\u0131nd\u0131r\u0131yor\"}]},{\"@type\":\"WebSite\",\"@id\":\"https:\\\/\\\/kibrisdakik.com\\\/#website\",\"url\":\"https:\\\/\\\/kibrisdakik.com\\\/\",\"name\":\"\",\"description\":\"Tam vaktinde haber\",\"potentialAction\":[{\"@type\":\"SearchAction\",\"target\":{\"@type\":\"EntryPoint\",\"urlTemplate\":\"https:\\\/\\\/kibrisdakik.com\\\/?s={search_term_string}\"},\"query-input\":{\"@type\":\"PropertyValueSpecification\",\"valueRequired\":true,\"valueName\":\"search_term_string\"}}],\"inLanguage\":\"tr\"},{\"@type\":\"Person\",\"@id\":\"https:\\\/\\\/kibrisdakik.com\\\/#\\\/schema\\\/person\\\/9cd9d437bbb44f72b73ba127e06d8e79\",\"name\":\"admin\",\"image\":{\"@type\":\"ImageObject\",\"inLanguage\":\"tr\",\"@id\":\"https:\\\/\\\/secure.gravatar.com\\\/avatar\\\/ccc17943b9d660506c869530f897617f7cb1c21a4bf30023f252596d83e1f007?s=96&d=mm&r=g\",\"url\":\"https:\\\/\\\/secure.gravatar.com\\\/avatar\\\/ccc17943b9d660506c869530f897617f7cb1c21a4bf30023f252596d83e1f007?s=96&d=mm&r=g\",\"contentUrl\":\"https:\\\/\\\/secure.gravatar.com\\\/avatar\\\/ccc17943b9d660506c869530f897617f7cb1c21a4bf30023f252596d83e1f007?s=96&d=mm&r=g\",\"caption\":\"admin\"},\"sameAs\":[\"https:\\\/\\\/kibrisdakik.com\"],\"url\":\"https:\\\/\\\/kibrisdakik.com\\\/?author=1\"}]}<\/script>\n<!-- \/ Yoast SEO plugin. -->","yoast_head_json":{"title":"Tarih\u00e7i Shlaim: Netanyahu h\u00fck\u00fcmeti siyonizmin t\u00fcm olumsuz y\u00f6nlerini bar\u0131nd\u0131r\u0131yor -","robots":{"index":"index","follow":"follow","max-snippet":"max-snippet:-1","max-image-preview":"max-image-preview:large","max-video-preview":"max-video-preview:-1"},"canonical":"https:\/\/kibrisdakik.com\/?p=96920","og_locale":"tr_TR","og_type":"article","og_title":"Tarih\u00e7i Shlaim: Netanyahu h\u00fck\u00fcmeti siyonizmin t\u00fcm olumsuz y\u00f6nlerini bar\u0131nd\u0131r\u0131yor -","og_description":"Katil \u0130srail&#8217;in Gazze&#8217;de i\u015fledi\u011fi sava\u015f su\u00e7lar\u0131n\u0131 ara\u015ft\u0131rmak \u00fczere kurulan k\u00fcresel ve ba\u011f\u0131ms\u0131z giri\u015fim &#8220;Gazze Mahkemesi&#8221;nin nihai oturumu i\u00e7in \u0130stanbul&#8217;a gelen Profes\u00f6r Shlaim, AA muhabirine a\u00e7\u0131klamalarda bulundu. Shlaim, &#8220;Netanyahu h\u00fck\u00fcmeti, siyonizmin t\u00fcm olumsuz y\u00f6nlerini bar\u0131nd\u0131r\u0131yor. Onun y\u00f6netimi, \u0130srail tarihinin g\u00f6rd\u00fc\u011f\u00fc en a\u015f\u0131r\u0131 sa\u011fc\u0131, a\u00e7\u0131k\u00e7a \u0131rk\u00e7\u0131, zebofobik, yay\u0131lmac\u0131 ve Yahudi \u00fcst\u00fcnl\u00fck\u00e7\u00fc h\u00fck\u00fcmet.&#8221; dedi. Siyonizmin de\u011fi\u015fen bir yap\u0131","og_url":"https:\/\/kibrisdakik.com\/?p=96920","article_published_time":"2025-10-24T11:49:00+00:00","og_image":[{"width":1280,"height":720,"url":"https:\/\/kibrisdakik.com\/wp-content\/uploads\/2025\/08\/netanyahu-aa-2133815-740x420.jpg","type":"image\/jpeg"}],"author":"admin","twitter_card":"summary_large_image","twitter_misc":{"Yazan:":"admin","Tahmini okuma s\u00fcresi":"3 dakika"},"schema":{"@context":"https:\/\/schema.org","@graph":[{"@type":"Article","@id":"https:\/\/kibrisdakik.com\/?p=96920#article","isPartOf":{"@id":"https:\/\/kibrisdakik.com\/?p=96920"},"author":{"name":"admin","@id":"https:\/\/kibrisdakik.com\/#\/schema\/person\/9cd9d437bbb44f72b73ba127e06d8e79"},"headline":"Tarih\u00e7i Shlaim: Netanyahu h\u00fck\u00fcmeti siyonizmin t\u00fcm olumsuz y\u00f6nlerini bar\u0131nd\u0131r\u0131yor","datePublished":"2025-10-24T11:49:00+00:00","mainEntityOfPage":{"@id":"https:\/\/kibrisdakik.com\/?p=96920"},"wordCount":710,"commentCount":0,"image":{"@id":"https:\/\/kibrisdakik.com\/?p=96920#primaryimage"},"thumbnailUrl":"https:\/\/kibrisdakik.com\/wp-content\/uploads\/2025\/08\/netanyahu-aa-2133815-740x420.jpg","articleSection":["D\u00fcnya"],"inLanguage":"tr","potentialAction":[{"@type":"CommentAction","name":"Comment","target":["https:\/\/kibrisdakik.com\/?p=96920#respond"]}]},{"@type":"WebPage","@id":"https:\/\/kibrisdakik.com\/?p=96920","url":"https:\/\/kibrisdakik.com\/?p=96920","name":"Tarih\u00e7i Shlaim: Netanyahu h\u00fck\u00fcmeti siyonizmin t\u00fcm olumsuz y\u00f6nlerini bar\u0131nd\u0131r\u0131yor -","isPartOf":{"@id":"https:\/\/kibrisdakik.com\/#website"},"primaryImageOfPage":{"@id":"https:\/\/kibrisdakik.com\/?p=96920#primaryimage"},"image":{"@id":"https:\/\/kibrisdakik.com\/?p=96920#primaryimage"},"thumbnailUrl":"https:\/\/kibrisdakik.com\/wp-content\/uploads\/2025\/08\/netanyahu-aa-2133815-740x420.jpg","datePublished":"2025-10-24T11:49:00+00:00","author":{"@id":"https:\/\/kibrisdakik.com\/#\/schema\/person\/9cd9d437bbb44f72b73ba127e06d8e79"},"breadcrumb":{"@id":"https:\/\/kibrisdakik.com\/?p=96920#breadcrumb"},"inLanguage":"tr","potentialAction":[{"@type":"ReadAction","target":["https:\/\/kibrisdakik.com\/?p=96920"]}]},{"@type":"ImageObject","inLanguage":"tr","@id":"https:\/\/kibrisdakik.com\/?p=96920#primaryimage","url":"https:\/\/kibrisdakik.com\/wp-content\/uploads\/2025\/08\/netanyahu-aa-2133815-740x420.jpg","contentUrl":"https:\/\/kibrisdakik.com\/wp-content\/uploads\/2025\/08\/netanyahu-aa-2133815-740x420.jpg","width":1280,"height":720},{"@type":"BreadcrumbList","@id":"https:\/\/kibrisdakik.com\/?p=96920#breadcrumb","itemListElement":[{"@type":"ListItem","position":1,"name":"Home","item":"https:\/\/kibrisdakik.com\/"},{"@type":"ListItem","position":2,"name":"Tarih\u00e7i Shlaim: Netanyahu h\u00fck\u00fcmeti siyonizmin t\u00fcm olumsuz y\u00f6nlerini bar\u0131nd\u0131r\u0131yor"}]},{"@type":"WebSite","@id":"https:\/\/kibrisdakik.com\/#website","url":"https:\/\/kibrisdakik.com\/","name":"","description":"Tam vaktinde haber","potentialAction":[{"@type":"SearchAction","target":{"@type":"EntryPoint","urlTemplate":"https:\/\/kibrisdakik.com\/?s={search_term_string}"},"query-input":{"@type":"PropertyValueSpecification","valueRequired":true,"valueName":"search_term_string"}}],"inLanguage":"tr"},{"@type":"Person","@id":"https:\/\/kibrisdakik.com\/#\/schema\/person\/9cd9d437bbb44f72b73ba127e06d8e79","name":"admin","image":{"@type":"ImageObject","inLanguage":"tr","@id":"https:\/\/secure.gravatar.com\/avatar\/ccc17943b9d660506c869530f897617f7cb1c21a4bf30023f252596d83e1f007?s=96&d=mm&r=g","url":"https:\/\/secure.gravatar.com\/avatar\/ccc17943b9d660506c869530f897617f7cb1c21a4bf30023f252596d83e1f007?s=96&d=mm&r=g","contentUrl":"https:\/\/secure.gravatar.com\/avatar\/ccc17943b9d660506c869530f897617f7cb1c21a4bf30023f252596d83e1f007?s=96&d=mm&r=g","caption":"admin"},"sameAs":["https:\/\/kibrisdakik.com"],"url":"https:\/\/kibrisdakik.com\/?author=1"}]}},"_links":{"self":[{"href":"https:\/\/kibrisdakik.com\/index.php?rest_route=\/wp\/v2\/posts\/96920","targetHints":{"allow":["GET"]}}],"collection":[{"href":"https:\/\/kibrisdakik.com\/index.php?rest_route=\/wp\/v2\/posts"}],"about":[{"href":"https:\/\/kibrisdakik.com\/index.php?rest_route=\/wp\/v2\/types\/post"}],"author":[{"embeddable":true,"href":"https:\/\/kibrisdakik.com\/index.php?rest_route=\/wp\/v2\/users\/1"}],"replies":[{"embeddable":true,"href":"https:\/\/kibrisdakik.com\/index.php?rest_route=%2Fwp%2Fv2%2Fcomments&post=96920"}],"version-history":[{"count":0,"href":"https:\/\/kibrisdakik.com\/index.php?rest_route=\/wp\/v2\/posts\/96920\/revisions"}],"wp:featuredmedia":[{"embeddable":true,"href":"https:\/\/kibrisdakik.com\/index.php?rest_route=\/wp\/v2\/media\/89759"}],"wp:attachment":[{"href":"https:\/\/kibrisdakik.com\/index.php?rest_route=%2Fwp%2Fv2%2Fmedia&parent=96920"}],"wp:term":[{"taxonomy":"category","embeddable":true,"href":"https:\/\/kibrisdakik.com\/index.php?rest_route=%2Fwp%2Fv2%2Fcategories&post=96920"},{"taxonomy":"post_tag","embeddable":true,"href":"https:\/\/kibrisdakik.com\/index.php?rest_route=%2Fwp%2Fv2%2Ftags&post=96920"}],"curies":[{"name":"wp","href":"https:\/\/api.w.org\/{rel}","templated":true}]}}