{"id":9694,"date":"2023-07-02T12:41:38","date_gmt":"2023-07-02T12:41:38","guid":{"rendered":"https:\/\/kibrisdakik.com\/index.php\/2023\/07\/02\/kurban-bayrami-tamamlandi\/"},"modified":"2023-07-02T12:41:38","modified_gmt":"2023-07-02T12:41:38","slug":"kurban-bayrami-tamamlandi","status":"publish","type":"post","link":"https:\/\/kibrisdakik.com\/?p=9694","title":{"rendered":"Kurban Bayram\u0131 tamamland\u0131"},"content":{"rendered":"<p><\/p>\n<div>\n<div class=\"mariselle-image-container center\">\n                <img width=\"630\" height=\"315\" class=\"lazy-image\" alt=\"\" decoding=\"async\" loading=\"lazy\" sizes=\"auto, (max-width: 630px) 100vw, 630px\" src=\"https:\/\/brtk.net\/wp-content\/uploads\/2023\/06\/29\/bayram-camii1.jpg?ver=2a96af1e9cf295ad07b3f0ed4c0293e6\" srcset=\"https:\/\/brtk.net\/wp-content\/uploads\/2023\/06\/29\/bayram-camii1.jpg?ver=2a96af1e9cf295ad07b3f0ed4c0293e6 630w, https:\/\/brtk.net\/wp-content\/uploads\/2023\/06\/29\/bayram-camii1-300x150.jpg?ver=2a96af1e9cf295ad07b3f0ed4c0293e6 300w\"\/>                            <\/div>\n<p>\n6 g\u00fcnl\u00fck tatil, yar\u0131n i\u015f ba\u015f\u0131 yap\u0131lmas\u0131yla sona erecek.<\/p>\n<p>\u0130slam aleminin Ramazan ile birlikte en \u00f6nemli iki bayram\u0131ndan biri olan Kurban Bayram\u0131 sona erdi. Arifenin idari tatil verilmesi ve bayram\u0131n pazar g\u00fcn\u00fcyle birle\u015fmesi nedeniyle 6 g\u00fcne \u00e7\u0131kan tatil ise bug\u00fcn sonra eriyor..<br \/>Yar\u0131n i\u015f ba\u015f\u0131 yap\u0131lacak.<\/p>\n<p>Kurban Bayram\u0131 sona erdi. Kurban Bayram\u0131\u2019n\u0131n sona ermesine ra\u011fmen, arifenin idari tatil verilmesi ve bayram\u0131n pazar g\u00fcn\u00fcyle birle\u015fmesi nedeniyle 6 g\u00fcne \u00e7\u0131kan tatilin ise son g\u00fcn\u00fc bug\u00fcn.<\/p>\n<p>Tatilin 6 g\u00fcne \u00e7\u0131kar\u0131lmas\u0131n\u0131 f\u0131rsat bilen vatanda\u015flar, aile ziyaretleri yan\u0131nda dinleniyor ve deniz kenar\u0131nda serinliyor.<br \/>Tatilin huzurlu ve sorunsuz ge\u00e7mesi i\u00e7in kurumlar\u0131n ald\u0131\u011f\u0131 \u00f6nlemler s\u00fcrerken,<br \/>Polis, vatanda\u015flara \u201cTrafik kurallar\u0131na uymas\u0131, uymayanlar\u0131 uyarmas\u0131 ve alkoll\u00fcyken ara\u00e7 kullanmamas\u0131\u201d \u00e7a\u011fr\u0131s\u0131n\u0131 yineledi.<br \/>Belediyeler de bayram i\u00e7in ald\u0131klar\u0131 \u00f6nlemler kapsam\u0131nda hizmetlerine devam ediyor.<br \/>6 g\u00fcnl\u00fck tatil, yar\u0131n i\u015f ba\u015f\u0131 yap\u0131lmas\u0131yla sona erecek.<\/p>\n<\/p><\/div>\n<p><script async\n                    defer\n                    crossorigin=\"anonymous\"\n                    src=\"https:\/\/connect.facebook.net\/tr_TR\/sdk.js#xfbml=1&#038;version=v3.3\"\n            ><\/script><\/p>\n","protected":false},"excerpt":{"rendered":"<p>6 g\u00fcnl\u00fck tatil, yar\u0131n i\u015f ba\u015f\u0131 yap\u0131lmas\u0131yla sona erecek. \u0130slam aleminin Ramazan ile birlikte en \u00f6nemli iki bayram\u0131ndan biri olan Kurban Bayram\u0131 sona erdi. Arifenin idari tatil verilmesi ve bayram\u0131n pazar g\u00fcn\u00fcyle birle\u015fmesi nedeniyle 6 g\u00fcne \u00e7\u0131kan tatil ise bug\u00fcn sonra eriyor..Yar\u0131n i\u015f ba\u015f\u0131 yap\u0131lacak. Kurban Bayram\u0131 sona erdi. Kurban Bayram\u0131\u2019n\u0131n sona ermesine ra\u011fmen, arifenin<\/p>\n","protected":false},"author":1,"featured_media":9695,"comment_status":"open","ping_status":"open","sticky":false,"template":"","format":"standard","meta":{"footnotes":""},"categories":[1],"tags":[],"class_list":["post-9694","post","type-post","status-publish","format-standard","has-post-thumbnail","hentry","category-gundem"],"yoast_head":"<!-- This site is optimized with the Yoast SEO plugin v27.4 - https:\/\/yoast.com\/product\/yoast-seo-wordpress\/ -->\n<title>Kurban Bayram\u0131 tamamland\u0131 -<\/title>\n<meta name=\"robots\" content=\"index, follow, max-snippet:-1, max-image-preview:large, max-video-preview:-1\" \/>\n<link rel=\"canonical\" href=\"https:\/\/kibrisdakik.com\/?p=9694\" \/>\n<meta property=\"og:locale\" content=\"tr_TR\" \/>\n<meta property=\"og:type\" content=\"article\" \/>\n<meta property=\"og:title\" content=\"Kurban Bayram\u0131 tamamland\u0131 -\" \/>\n<meta property=\"og:description\" content=\"6 g\u00fcnl\u00fck tatil, yar\u0131n i\u015f ba\u015f\u0131 yap\u0131lmas\u0131yla sona erecek. \u0130slam aleminin Ramazan ile birlikte en \u00f6nemli iki bayram\u0131ndan biri olan Kurban Bayram\u0131 sona erdi. Arifenin idari tatil verilmesi ve bayram\u0131n pazar g\u00fcn\u00fcyle birle\u015fmesi nedeniyle 6 g\u00fcne \u00e7\u0131kan tatil ise bug\u00fcn sonra eriyor..Yar\u0131n i\u015f ba\u015f\u0131 yap\u0131lacak. Kurban Bayram\u0131 sona erdi. Kurban Bayram\u0131\u2019n\u0131n sona ermesine ra\u011fmen, arifenin\" \/>\n<meta property=\"og:url\" content=\"https:\/\/kibrisdakik.com\/?p=9694\" \/>\n<meta property=\"article:published_time\" content=\"2023-07-02T12:41:38+00:00\" \/>\n<meta property=\"og:image\" content=\"https:\/\/kibrisdakik.com\/wp-content\/uploads\/2023\/07\/bayram-camii1.jpg\" \/>\n\t<meta property=\"og:image:width\" content=\"630\" \/>\n\t<meta property=\"og:image:height\" content=\"315\" \/>\n\t<meta property=\"og:image:type\" content=\"image\/jpeg\" \/>\n<meta name=\"author\" content=\"admin\" \/>\n<meta name=\"twitter:card\" content=\"summary_large_image\" \/>\n<meta name=\"twitter:label1\" content=\"Yazan:\" \/>\n\t<meta name=\"twitter:data1\" content=\"admin\" \/>\n\t<meta name=\"twitter:label2\" content=\"Tahmini okuma s\u00fcresi\" \/>\n\t<meta name=\"twitter:data2\" content=\"1 dakika\" \/>\n<script type=\"application\/ld+json\" class=\"yoast-schema-graph\">{\"@context\":\"https:\\\/\\\/schema.org\",\"@graph\":[{\"@type\":\"Article\",\"@id\":\"https:\\\/\\\/kibrisdakik.com\\\/?p=9694#article\",\"isPartOf\":{\"@id\":\"https:\\\/\\\/kibrisdakik.com\\\/?p=9694\"},\"author\":{\"name\":\"admin\",\"@id\":\"https:\\\/\\\/kibrisdakik.com\\\/#\\\/schema\\\/person\\\/9cd9d437bbb44f72b73ba127e06d8e79\"},\"headline\":\"Kurban Bayram\u0131 tamamland\u0131\",\"datePublished\":\"2023-07-02T12:41:38+00:00\",\"mainEntityOfPage\":{\"@id\":\"https:\\\/\\\/kibrisdakik.com\\\/?p=9694\"},\"wordCount\":177,\"commentCount\":0,\"image\":{\"@id\":\"https:\\\/\\\/kibrisdakik.com\\\/?p=9694#primaryimage\"},\"thumbnailUrl\":\"https:\\\/\\\/kibrisdakik.com\\\/wp-content\\\/uploads\\\/2023\\\/07\\\/bayram-camii1.jpg\",\"articleSection\":[\"G\u00fcndem\"],\"inLanguage\":\"tr\",\"potentialAction\":[{\"@type\":\"CommentAction\",\"name\":\"Comment\",\"target\":[\"https:\\\/\\\/kibrisdakik.com\\\/?p=9694#respond\"]}]},{\"@type\":\"WebPage\",\"@id\":\"https:\\\/\\\/kibrisdakik.com\\\/?p=9694\",\"url\":\"https:\\\/\\\/kibrisdakik.com\\\/?p=9694\",\"name\":\"Kurban Bayram\u0131 tamamland\u0131 -\",\"isPartOf\":{\"@id\":\"https:\\\/\\\/kibrisdakik.com\\\/#website\"},\"primaryImageOfPage\":{\"@id\":\"https:\\\/\\\/kibrisdakik.com\\\/?p=9694#primaryimage\"},\"image\":{\"@id\":\"https:\\\/\\\/kibrisdakik.com\\\/?p=9694#primaryimage\"},\"thumbnailUrl\":\"https:\\\/\\\/kibrisdakik.com\\\/wp-content\\\/uploads\\\/2023\\\/07\\\/bayram-camii1.jpg\",\"datePublished\":\"2023-07-02T12:41:38+00:00\",\"author\":{\"@id\":\"https:\\\/\\\/kibrisdakik.com\\\/#\\\/schema\\\/person\\\/9cd9d437bbb44f72b73ba127e06d8e79\"},\"breadcrumb\":{\"@id\":\"https:\\\/\\\/kibrisdakik.com\\\/?p=9694#breadcrumb\"},\"inLanguage\":\"tr\",\"potentialAction\":[{\"@type\":\"ReadAction\",\"target\":[\"https:\\\/\\\/kibrisdakik.com\\\/?p=9694\"]}]},{\"@type\":\"ImageObject\",\"inLanguage\":\"tr\",\"@id\":\"https:\\\/\\\/kibrisdakik.com\\\/?p=9694#primaryimage\",\"url\":\"https:\\\/\\\/kibrisdakik.com\\\/wp-content\\\/uploads\\\/2023\\\/07\\\/bayram-camii1.jpg\",\"contentUrl\":\"https:\\\/\\\/kibrisdakik.com\\\/wp-content\\\/uploads\\\/2023\\\/07\\\/bayram-camii1.jpg\",\"width\":630,\"height\":315},{\"@type\":\"BreadcrumbList\",\"@id\":\"https:\\\/\\\/kibrisdakik.com\\\/?p=9694#breadcrumb\",\"itemListElement\":[{\"@type\":\"ListItem\",\"position\":1,\"name\":\"Home\",\"item\":\"https:\\\/\\\/kibrisdakik.com\\\/\"},{\"@type\":\"ListItem\",\"position\":2,\"name\":\"Kurban Bayram\u0131 tamamland\u0131\"}]},{\"@type\":\"WebSite\",\"@id\":\"https:\\\/\\\/kibrisdakik.com\\\/#website\",\"url\":\"https:\\\/\\\/kibrisdakik.com\\\/\",\"name\":\"\",\"description\":\"Tam vaktinde haber\",\"potentialAction\":[{\"@type\":\"SearchAction\",\"target\":{\"@type\":\"EntryPoint\",\"urlTemplate\":\"https:\\\/\\\/kibrisdakik.com\\\/?s={search_term_string}\"},\"query-input\":{\"@type\":\"PropertyValueSpecification\",\"valueRequired\":true,\"valueName\":\"search_term_string\"}}],\"inLanguage\":\"tr\"},{\"@type\":\"Person\",\"@id\":\"https:\\\/\\\/kibrisdakik.com\\\/#\\\/schema\\\/person\\\/9cd9d437bbb44f72b73ba127e06d8e79\",\"name\":\"admin\",\"image\":{\"@type\":\"ImageObject\",\"inLanguage\":\"tr\",\"@id\":\"https:\\\/\\\/secure.gravatar.com\\\/avatar\\\/ccc17943b9d660506c869530f897617f7cb1c21a4bf30023f252596d83e1f007?s=96&d=mm&r=g\",\"url\":\"https:\\\/\\\/secure.gravatar.com\\\/avatar\\\/ccc17943b9d660506c869530f897617f7cb1c21a4bf30023f252596d83e1f007?s=96&d=mm&r=g\",\"contentUrl\":\"https:\\\/\\\/secure.gravatar.com\\\/avatar\\\/ccc17943b9d660506c869530f897617f7cb1c21a4bf30023f252596d83e1f007?s=96&d=mm&r=g\",\"caption\":\"admin\"},\"sameAs\":[\"https:\\\/\\\/kibrisdakik.com\"],\"url\":\"https:\\\/\\\/kibrisdakik.com\\\/?author=1\"}]}<\/script>\n<!-- \/ Yoast SEO plugin. -->","yoast_head_json":{"title":"Kurban Bayram\u0131 tamamland\u0131 -","robots":{"index":"index","follow":"follow","max-snippet":"max-snippet:-1","max-image-preview":"max-image-preview:large","max-video-preview":"max-video-preview:-1"},"canonical":"https:\/\/kibrisdakik.com\/?p=9694","og_locale":"tr_TR","og_type":"article","og_title":"Kurban Bayram\u0131 tamamland\u0131 -","og_description":"6 g\u00fcnl\u00fck tatil, yar\u0131n i\u015f ba\u015f\u0131 yap\u0131lmas\u0131yla sona erecek. \u0130slam aleminin Ramazan ile birlikte en \u00f6nemli iki bayram\u0131ndan biri olan Kurban Bayram\u0131 sona erdi. Arifenin idari tatil verilmesi ve bayram\u0131n pazar g\u00fcn\u00fcyle birle\u015fmesi nedeniyle 6 g\u00fcne \u00e7\u0131kan tatil ise bug\u00fcn sonra eriyor..Yar\u0131n i\u015f ba\u015f\u0131 yap\u0131lacak. Kurban Bayram\u0131 sona erdi. Kurban Bayram\u0131\u2019n\u0131n sona ermesine ra\u011fmen, arifenin","og_url":"https:\/\/kibrisdakik.com\/?p=9694","article_published_time":"2023-07-02T12:41:38+00:00","og_image":[{"width":630,"height":315,"url":"https:\/\/kibrisdakik.com\/wp-content\/uploads\/2023\/07\/bayram-camii1.jpg","type":"image\/jpeg"}],"author":"admin","twitter_card":"summary_large_image","twitter_misc":{"Yazan:":"admin","Tahmini okuma s\u00fcresi":"1 dakika"},"schema":{"@context":"https:\/\/schema.org","@graph":[{"@type":"Article","@id":"https:\/\/kibrisdakik.com\/?p=9694#article","isPartOf":{"@id":"https:\/\/kibrisdakik.com\/?p=9694"},"author":{"name":"admin","@id":"https:\/\/kibrisdakik.com\/#\/schema\/person\/9cd9d437bbb44f72b73ba127e06d8e79"},"headline":"Kurban Bayram\u0131 tamamland\u0131","datePublished":"2023-07-02T12:41:38+00:00","mainEntityOfPage":{"@id":"https:\/\/kibrisdakik.com\/?p=9694"},"wordCount":177,"commentCount":0,"image":{"@id":"https:\/\/kibrisdakik.com\/?p=9694#primaryimage"},"thumbnailUrl":"https:\/\/kibrisdakik.com\/wp-content\/uploads\/2023\/07\/bayram-camii1.jpg","articleSection":["G\u00fcndem"],"inLanguage":"tr","potentialAction":[{"@type":"CommentAction","name":"Comment","target":["https:\/\/kibrisdakik.com\/?p=9694#respond"]}]},{"@type":"WebPage","@id":"https:\/\/kibrisdakik.com\/?p=9694","url":"https:\/\/kibrisdakik.com\/?p=9694","name":"Kurban Bayram\u0131 tamamland\u0131 -","isPartOf":{"@id":"https:\/\/kibrisdakik.com\/#website"},"primaryImageOfPage":{"@id":"https:\/\/kibrisdakik.com\/?p=9694#primaryimage"},"image":{"@id":"https:\/\/kibrisdakik.com\/?p=9694#primaryimage"},"thumbnailUrl":"https:\/\/kibrisdakik.com\/wp-content\/uploads\/2023\/07\/bayram-camii1.jpg","datePublished":"2023-07-02T12:41:38+00:00","author":{"@id":"https:\/\/kibrisdakik.com\/#\/schema\/person\/9cd9d437bbb44f72b73ba127e06d8e79"},"breadcrumb":{"@id":"https:\/\/kibrisdakik.com\/?p=9694#breadcrumb"},"inLanguage":"tr","potentialAction":[{"@type":"ReadAction","target":["https:\/\/kibrisdakik.com\/?p=9694"]}]},{"@type":"ImageObject","inLanguage":"tr","@id":"https:\/\/kibrisdakik.com\/?p=9694#primaryimage","url":"https:\/\/kibrisdakik.com\/wp-content\/uploads\/2023\/07\/bayram-camii1.jpg","contentUrl":"https:\/\/kibrisdakik.com\/wp-content\/uploads\/2023\/07\/bayram-camii1.jpg","width":630,"height":315},{"@type":"BreadcrumbList","@id":"https:\/\/kibrisdakik.com\/?p=9694#breadcrumb","itemListElement":[{"@type":"ListItem","position":1,"name":"Home","item":"https:\/\/kibrisdakik.com\/"},{"@type":"ListItem","position":2,"name":"Kurban Bayram\u0131 tamamland\u0131"}]},{"@type":"WebSite","@id":"https:\/\/kibrisdakik.com\/#website","url":"https:\/\/kibrisdakik.com\/","name":"","description":"Tam vaktinde haber","potentialAction":[{"@type":"SearchAction","target":{"@type":"EntryPoint","urlTemplate":"https:\/\/kibrisdakik.com\/?s={search_term_string}"},"query-input":{"@type":"PropertyValueSpecification","valueRequired":true,"valueName":"search_term_string"}}],"inLanguage":"tr"},{"@type":"Person","@id":"https:\/\/kibrisdakik.com\/#\/schema\/person\/9cd9d437bbb44f72b73ba127e06d8e79","name":"admin","image":{"@type":"ImageObject","inLanguage":"tr","@id":"https:\/\/secure.gravatar.com\/avatar\/ccc17943b9d660506c869530f897617f7cb1c21a4bf30023f252596d83e1f007?s=96&d=mm&r=g","url":"https:\/\/secure.gravatar.com\/avatar\/ccc17943b9d660506c869530f897617f7cb1c21a4bf30023f252596d83e1f007?s=96&d=mm&r=g","contentUrl":"https:\/\/secure.gravatar.com\/avatar\/ccc17943b9d660506c869530f897617f7cb1c21a4bf30023f252596d83e1f007?s=96&d=mm&r=g","caption":"admin"},"sameAs":["https:\/\/kibrisdakik.com"],"url":"https:\/\/kibrisdakik.com\/?author=1"}]}},"_links":{"self":[{"href":"https:\/\/kibrisdakik.com\/index.php?rest_route=\/wp\/v2\/posts\/9694","targetHints":{"allow":["GET"]}}],"collection":[{"href":"https:\/\/kibrisdakik.com\/index.php?rest_route=\/wp\/v2\/posts"}],"about":[{"href":"https:\/\/kibrisdakik.com\/index.php?rest_route=\/wp\/v2\/types\/post"}],"author":[{"embeddable":true,"href":"https:\/\/kibrisdakik.com\/index.php?rest_route=\/wp\/v2\/users\/1"}],"replies":[{"embeddable":true,"href":"https:\/\/kibrisdakik.com\/index.php?rest_route=%2Fwp%2Fv2%2Fcomments&post=9694"}],"version-history":[{"count":0,"href":"https:\/\/kibrisdakik.com\/index.php?rest_route=\/wp\/v2\/posts\/9694\/revisions"}],"wp:featuredmedia":[{"embeddable":true,"href":"https:\/\/kibrisdakik.com\/index.php?rest_route=\/wp\/v2\/media\/9695"}],"wp:attachment":[{"href":"https:\/\/kibrisdakik.com\/index.php?rest_route=%2Fwp%2Fv2%2Fmedia&parent=9694"}],"wp:term":[{"taxonomy":"category","embeddable":true,"href":"https:\/\/kibrisdakik.com\/index.php?rest_route=%2Fwp%2Fv2%2Fcategories&post=9694"},{"taxonomy":"post_tag","embeddable":true,"href":"https:\/\/kibrisdakik.com\/index.php?rest_route=%2Fwp%2Fv2%2Ftags&post=9694"}],"curies":[{"name":"wp","href":"https:\/\/api.w.org\/{rel}","templated":true}]}}