{"id":96950,"date":"2025-10-24T17:01:01","date_gmt":"2025-10-24T14:01:01","guid":{"rendered":"https:\/\/kibrisdakik.com\/index.php\/2025\/10\/24\/bm-israilin-isgal-altindaki-bati-seriadaki-ilhak-eylemi-uluslararasi-hukuka-aykiri\/"},"modified":"2025-10-24T17:01:01","modified_gmt":"2025-10-24T14:01:01","slug":"bm-israilin-isgal-altindaki-bati-seriadaki-ilhak-eylemi-uluslararasi-hukuka-aykiri","status":"publish","type":"post","link":"https:\/\/kibrisdakik.com\/?p=96950","title":{"rendered":"BM: \u0130srail&#039;in i\u015fgal alt\u0131ndaki Bat\u0131 \u015eeria&#039;daki ilhak eylemi uluslararas\u0131 hukuka ayk\u0131r\u0131"},"content":{"rendered":"<p><\/p>\n<div class=\"news-content\">\n<p>\n\tLaurence, &#8220;\u0130srail Meclisi, i\u015fgal alt\u0131ndaki Bat\u0131 \u015eeria&#8217;da Filistin topraklar\u0131ndan gasbedilen yasa d\u0131\u015f\u0131 Yahudi yerle\u015fimlerinin \u0130srail&#8217;e ilhak\u0131n\u0131 onaylad\u0131. Bu konuya tepkiniz nedir? \u0130srail&#8217;in bu ad\u0131mlar\u0131 olas\u0131 bir bar\u0131\u015f anla\u015fmas\u0131n\u0131 tehdit etmiyor mu?&#8221; sorusunu yan\u0131tlad\u0131.<\/p>\n<p>\n\t&#8220;(Bat\u0131 \u015eeria) \u0130srail&#8217;in yerle\u015fim politikas\u0131, ilhak eylemleri ve ilgili ayr\u0131mc\u0131 mevzuat ile tedbirleri, Uluslararas\u0131 Adalet Divan\u0131n\u0131n (UAD) da onaylad\u0131\u011f\u0131 gibi, uluslararas\u0131 hukuka ayk\u0131r\u0131d\u0131r ve Filistinlilerin kendi kaderini tayin hakk\u0131n\u0131 ihlal ediyor.&#8221; diyen Laurence, \u0130srail&#8217;in buradaki t\u00fcm yerle\u015fim faaliyetlerini acilen ve tamamen durdurmas\u0131 gerekti\u011fini kaydetti.<\/p>\n<p>\n\tLaurance, &#8220;(Bat\u0131 \u015eeria&#8217;dan) \u0130srail, t\u00fcm yerle\u015fimcileri tahliye etmeli, Filistin n\u00fcfusunun zorla nakledilmesini durdurmal\u0131 ve g\u00fcvenlik g\u00fc\u00e7leri ile yerle\u015fimcilerin sald\u0131r\u0131lar\u0131n\u0131 \u00f6nlemeli ve cezaland\u0131rmal\u0131.&#8221; de\u011ferlendirmesinde bulundu.<\/p>\n<p>\n\tGazze&#8217;de \u015fu anda kritik bir d\u00f6n\u00fcm noktas\u0131nda olundu\u011funu, bu ate\u015fkesin \u0130srail ile i\u015fgal alt\u0131ndaki Filistin topraklar\u0131nda ya\u015fayan herkes i\u00e7in kal\u0131c\u0131 bir bar\u0131\u015f ve g\u00fcvenli\u011fe ula\u015fmas\u0131n\u0131 sa\u011flamak hayati \u00f6nem ta\u015f\u0131d\u0131\u011f\u0131n\u0131 belirten Laurance, Filistinlilerin kendi kaderini tayin hakk\u0131 tan\u0131nmas\u0131 gerekti\u011finin alt\u0131n\u0131 \u00e7izdi.<\/p>\n<p>\n\tLaurance, &#8220;\u0130ki devletli bir \u00e7\u00f6z\u00fcme yol a\u00e7acak kapsay\u0131c\u0131 ve anlaml\u0131 siyasi s\u00fcre\u00e7lerin \u00f6nemini yineliyoruz.&#8221; \u015feklindeki g\u00f6r\u00fc\u015f\u00fcn\u00fc payla\u015ft\u0131.<\/p>\n<h2>\n\t\u0130srail&#8217;in Bat\u0131 \u015eeria&#8217;da ilhak karar\u0131<\/h2>\n<p>\n\t\u0130\u015fgal alt\u0131ndaki Bat\u0131 \u015eeria&#8217;da Filistin topraklar\u0131ndan gasbedilen yasa d\u0131\u015f\u0131 Yahudi yerle\u015fimlerinin \u0130srail&#8217;e ilhak\u0131n\u0131n oyland\u0131\u011f\u0131 tasar\u0131, 22 Ekim&#8217;de \u0130srail Meclisindeki \u00f6n oylamada oy \u00e7o\u011funlu\u011fuyla kabul edilmi\u015fti.<\/p>\n<p>\n\tTime dergisine m\u00fclakat veren ABD Ba\u015fkan\u0131 Donald Trump, \u0130srail&#8217;in i\u015fgal alt\u0131ndaki Bat\u0131 \u015eeria&#8217;y\u0131 ilhak etmesi durumunda ABD&#8217;nin t\u00fcm deste\u011fini kaybedece\u011fi uyar\u0131s\u0131nda bulunmu\u015ftu.<\/p>\n<p>\n\tABD Ba\u015fkan Yard\u0131mc\u0131s\u0131 JD Vance, Bat\u0131 \u015eeria&#8217;n\u0131n ilhak\u0131na ili\u015fkin yasa tasar\u0131s\u0131n\u0131n, kendisi de \u0130srail&#8217;deyken Mecliste \u00f6n oylamadan ge\u00e7mesini, kendisine hakaret niteli\u011fi ta\u015f\u0131d\u0131\u011f\u0131n\u0131 ve &#8220;aptalca&#8221; bulduklar\u0131n\u0131 s\u00f6ylemi\u015fti. Vance, ABD Ba\u015fkan\u0131 Donald Trump y\u00f6netiminin politikas\u0131n\u0131n, buna kar\u015f\u0131 oldu\u011funu ve bunu s\u00fcrd\u00fcreceklerini belirtmi\u015fti.<\/p>\n<div class=\"news-tags\">\n<div class=\"title\">ET\u0130KETLER<\/div>\n<div class=\"tags\">\n                                                                            Birle\u015fmi\u015f Milletler<br \/>\n                                                                            Bat\u0131 \u015eeria<br \/>\n                                                                            \u0130srail&#8217;in Gazze Soyk\u0131r\u0131m\u0131\n                                                                    <\/div>\n<\/p><\/div>\n<\/p><\/div>\n","protected":false},"excerpt":{"rendered":"<p>Laurence, &#8220;\u0130srail Meclisi, i\u015fgal alt\u0131ndaki Bat\u0131 \u015eeria&#8217;da Filistin topraklar\u0131ndan gasbedilen yasa d\u0131\u015f\u0131 Yahudi yerle\u015fimlerinin \u0130srail&#8217;e ilhak\u0131n\u0131 onaylad\u0131. Bu konuya tepkiniz nedir? \u0130srail&#8217;in bu ad\u0131mlar\u0131 olas\u0131 bir bar\u0131\u015f anla\u015fmas\u0131n\u0131 tehdit etmiyor mu?&#8221; sorusunu yan\u0131tlad\u0131. &#8220;(Bat\u0131 \u015eeria) \u0130srail&#8217;in yerle\u015fim politikas\u0131, ilhak eylemleri ve ilgili ayr\u0131mc\u0131 mevzuat ile tedbirleri, Uluslararas\u0131 Adalet Divan\u0131n\u0131n (UAD) da onaylad\u0131\u011f\u0131 gibi, uluslararas\u0131 hukuka<\/p>\n","protected":false},"author":1,"featured_media":96951,"comment_status":"open","ping_status":"open","sticky":false,"template":"","format":"standard","meta":{"footnotes":""},"categories":[306],"tags":[],"class_list":["post-96950","post","type-post","status-publish","format-standard","has-post-thumbnail","hentry","category-dunya"],"yoast_head":"<!-- This site is optimized with the Yoast SEO plugin v27.4 - https:\/\/yoast.com\/product\/yoast-seo-wordpress\/ -->\n<title>BM: \u0130srail&#039;in i\u015fgal alt\u0131ndaki Bat\u0131 \u015eeria&#039;daki ilhak eylemi uluslararas\u0131 hukuka ayk\u0131r\u0131 -<\/title>\n<meta name=\"robots\" content=\"index, follow, max-snippet:-1, max-image-preview:large, max-video-preview:-1\" \/>\n<link rel=\"canonical\" href=\"https:\/\/kibrisdakik.com\/?p=96950\" \/>\n<meta property=\"og:locale\" content=\"tr_TR\" \/>\n<meta property=\"og:type\" content=\"article\" \/>\n<meta property=\"og:title\" content=\"BM: \u0130srail&#039;in i\u015fgal alt\u0131ndaki Bat\u0131 \u015eeria&#039;daki ilhak eylemi uluslararas\u0131 hukuka ayk\u0131r\u0131 -\" \/>\n<meta property=\"og:description\" content=\"Laurence, &#8220;\u0130srail Meclisi, i\u015fgal alt\u0131ndaki Bat\u0131 \u015eeria&#8217;da Filistin topraklar\u0131ndan gasbedilen yasa d\u0131\u015f\u0131 Yahudi yerle\u015fimlerinin \u0130srail&#8217;e ilhak\u0131n\u0131 onaylad\u0131. Bu konuya tepkiniz nedir? \u0130srail&#8217;in bu ad\u0131mlar\u0131 olas\u0131 bir bar\u0131\u015f anla\u015fmas\u0131n\u0131 tehdit etmiyor mu?&#8221; sorusunu yan\u0131tlad\u0131. &#8220;(Bat\u0131 \u015eeria) \u0130srail&#8217;in yerle\u015fim politikas\u0131, ilhak eylemleri ve ilgili ayr\u0131mc\u0131 mevzuat ile tedbirleri, Uluslararas\u0131 Adalet Divan\u0131n\u0131n (UAD) da onaylad\u0131\u011f\u0131 gibi, uluslararas\u0131 hukuka\" \/>\n<meta property=\"og:url\" content=\"https:\/\/kibrisdakik.com\/?p=96950\" \/>\n<meta property=\"article:published_time\" content=\"2025-10-24T14:01:01+00:00\" \/>\n<meta property=\"og:image\" content=\"https:\/\/kibrisdakik.com\/wp-content\/uploads\/2025\/10\/bati-seria-aa-2380736.jpg\" \/>\n\t<meta property=\"og:image:width\" content=\"1280\" \/>\n\t<meta property=\"og:image:height\" content=\"720\" \/>\n\t<meta property=\"og:image:type\" content=\"image\/jpeg\" \/>\n<meta name=\"author\" content=\"admin\" \/>\n<meta name=\"twitter:card\" content=\"summary_large_image\" \/>\n<meta name=\"twitter:label1\" content=\"Yazan:\" \/>\n\t<meta name=\"twitter:data1\" content=\"admin\" \/>\n\t<meta name=\"twitter:label2\" content=\"Tahmini okuma s\u00fcresi\" \/>\n\t<meta name=\"twitter:data2\" content=\"2 dakika\" \/>\n<script type=\"application\/ld+json\" class=\"yoast-schema-graph\">{\"@context\":\"https:\\\/\\\/schema.org\",\"@graph\":[{\"@type\":\"Article\",\"@id\":\"https:\\\/\\\/kibrisdakik.com\\\/?p=96950#article\",\"isPartOf\":{\"@id\":\"https:\\\/\\\/kibrisdakik.com\\\/?p=96950\"},\"author\":{\"name\":\"admin\",\"@id\":\"https:\\\/\\\/kibrisdakik.com\\\/#\\\/schema\\\/person\\\/9cd9d437bbb44f72b73ba127e06d8e79\"},\"headline\":\"BM: \u0130srail&#039;in i\u015fgal alt\u0131ndaki Bat\u0131 \u015eeria&#039;daki ilhak eylemi uluslararas\u0131 hukuka ayk\u0131r\u0131\",\"datePublished\":\"2025-10-24T14:01:01+00:00\",\"mainEntityOfPage\":{\"@id\":\"https:\\\/\\\/kibrisdakik.com\\\/?p=96950\"},\"wordCount\":379,\"commentCount\":0,\"image\":{\"@id\":\"https:\\\/\\\/kibrisdakik.com\\\/?p=96950#primaryimage\"},\"thumbnailUrl\":\"https:\\\/\\\/kibrisdakik.com\\\/wp-content\\\/uploads\\\/2025\\\/10\\\/bati-seria-aa-2380736.jpg\",\"articleSection\":[\"D\u00fcnya\"],\"inLanguage\":\"tr\",\"potentialAction\":[{\"@type\":\"CommentAction\",\"name\":\"Comment\",\"target\":[\"https:\\\/\\\/kibrisdakik.com\\\/?p=96950#respond\"]}]},{\"@type\":\"WebPage\",\"@id\":\"https:\\\/\\\/kibrisdakik.com\\\/?p=96950\",\"url\":\"https:\\\/\\\/kibrisdakik.com\\\/?p=96950\",\"name\":\"BM: \u0130srail&#039;in i\u015fgal alt\u0131ndaki Bat\u0131 \u015eeria&#039;daki ilhak eylemi uluslararas\u0131 hukuka ayk\u0131r\u0131 -\",\"isPartOf\":{\"@id\":\"https:\\\/\\\/kibrisdakik.com\\\/#website\"},\"primaryImageOfPage\":{\"@id\":\"https:\\\/\\\/kibrisdakik.com\\\/?p=96950#primaryimage\"},\"image\":{\"@id\":\"https:\\\/\\\/kibrisdakik.com\\\/?p=96950#primaryimage\"},\"thumbnailUrl\":\"https:\\\/\\\/kibrisdakik.com\\\/wp-content\\\/uploads\\\/2025\\\/10\\\/bati-seria-aa-2380736.jpg\",\"datePublished\":\"2025-10-24T14:01:01+00:00\",\"author\":{\"@id\":\"https:\\\/\\\/kibrisdakik.com\\\/#\\\/schema\\\/person\\\/9cd9d437bbb44f72b73ba127e06d8e79\"},\"breadcrumb\":{\"@id\":\"https:\\\/\\\/kibrisdakik.com\\\/?p=96950#breadcrumb\"},\"inLanguage\":\"tr\",\"potentialAction\":[{\"@type\":\"ReadAction\",\"target\":[\"https:\\\/\\\/kibrisdakik.com\\\/?p=96950\"]}]},{\"@type\":\"ImageObject\",\"inLanguage\":\"tr\",\"@id\":\"https:\\\/\\\/kibrisdakik.com\\\/?p=96950#primaryimage\",\"url\":\"https:\\\/\\\/kibrisdakik.com\\\/wp-content\\\/uploads\\\/2025\\\/10\\\/bati-seria-aa-2380736.jpg\",\"contentUrl\":\"https:\\\/\\\/kibrisdakik.com\\\/wp-content\\\/uploads\\\/2025\\\/10\\\/bati-seria-aa-2380736.jpg\",\"width\":1280,\"height\":720},{\"@type\":\"BreadcrumbList\",\"@id\":\"https:\\\/\\\/kibrisdakik.com\\\/?p=96950#breadcrumb\",\"itemListElement\":[{\"@type\":\"ListItem\",\"position\":1,\"name\":\"Home\",\"item\":\"https:\\\/\\\/kibrisdakik.com\\\/\"},{\"@type\":\"ListItem\",\"position\":2,\"name\":\"BM: \u0130srail&#039;in i\u015fgal alt\u0131ndaki Bat\u0131 \u015eeria&#039;daki ilhak eylemi uluslararas\u0131 hukuka ayk\u0131r\u0131\"}]},{\"@type\":\"WebSite\",\"@id\":\"https:\\\/\\\/kibrisdakik.com\\\/#website\",\"url\":\"https:\\\/\\\/kibrisdakik.com\\\/\",\"name\":\"\",\"description\":\"Tam vaktinde haber\",\"potentialAction\":[{\"@type\":\"SearchAction\",\"target\":{\"@type\":\"EntryPoint\",\"urlTemplate\":\"https:\\\/\\\/kibrisdakik.com\\\/?s={search_term_string}\"},\"query-input\":{\"@type\":\"PropertyValueSpecification\",\"valueRequired\":true,\"valueName\":\"search_term_string\"}}],\"inLanguage\":\"tr\"},{\"@type\":\"Person\",\"@id\":\"https:\\\/\\\/kibrisdakik.com\\\/#\\\/schema\\\/person\\\/9cd9d437bbb44f72b73ba127e06d8e79\",\"name\":\"admin\",\"image\":{\"@type\":\"ImageObject\",\"inLanguage\":\"tr\",\"@id\":\"https:\\\/\\\/secure.gravatar.com\\\/avatar\\\/ccc17943b9d660506c869530f897617f7cb1c21a4bf30023f252596d83e1f007?s=96&d=mm&r=g\",\"url\":\"https:\\\/\\\/secure.gravatar.com\\\/avatar\\\/ccc17943b9d660506c869530f897617f7cb1c21a4bf30023f252596d83e1f007?s=96&d=mm&r=g\",\"contentUrl\":\"https:\\\/\\\/secure.gravatar.com\\\/avatar\\\/ccc17943b9d660506c869530f897617f7cb1c21a4bf30023f252596d83e1f007?s=96&d=mm&r=g\",\"caption\":\"admin\"},\"sameAs\":[\"https:\\\/\\\/kibrisdakik.com\"],\"url\":\"https:\\\/\\\/kibrisdakik.com\\\/?author=1\"}]}<\/script>\n<!-- \/ Yoast SEO plugin. -->","yoast_head_json":{"title":"BM: \u0130srail&#039;in i\u015fgal alt\u0131ndaki Bat\u0131 \u015eeria&#039;daki ilhak eylemi uluslararas\u0131 hukuka ayk\u0131r\u0131 -","robots":{"index":"index","follow":"follow","max-snippet":"max-snippet:-1","max-image-preview":"max-image-preview:large","max-video-preview":"max-video-preview:-1"},"canonical":"https:\/\/kibrisdakik.com\/?p=96950","og_locale":"tr_TR","og_type":"article","og_title":"BM: \u0130srail&#039;in i\u015fgal alt\u0131ndaki Bat\u0131 \u015eeria&#039;daki ilhak eylemi uluslararas\u0131 hukuka ayk\u0131r\u0131 -","og_description":"Laurence, &#8220;\u0130srail Meclisi, i\u015fgal alt\u0131ndaki Bat\u0131 \u015eeria&#8217;da Filistin topraklar\u0131ndan gasbedilen yasa d\u0131\u015f\u0131 Yahudi yerle\u015fimlerinin \u0130srail&#8217;e ilhak\u0131n\u0131 onaylad\u0131. Bu konuya tepkiniz nedir? \u0130srail&#8217;in bu ad\u0131mlar\u0131 olas\u0131 bir bar\u0131\u015f anla\u015fmas\u0131n\u0131 tehdit etmiyor mu?&#8221; sorusunu yan\u0131tlad\u0131. &#8220;(Bat\u0131 \u015eeria) \u0130srail&#8217;in yerle\u015fim politikas\u0131, ilhak eylemleri ve ilgili ayr\u0131mc\u0131 mevzuat ile tedbirleri, Uluslararas\u0131 Adalet Divan\u0131n\u0131n (UAD) da onaylad\u0131\u011f\u0131 gibi, uluslararas\u0131 hukuka","og_url":"https:\/\/kibrisdakik.com\/?p=96950","article_published_time":"2025-10-24T14:01:01+00:00","og_image":[{"width":1280,"height":720,"url":"https:\/\/kibrisdakik.com\/wp-content\/uploads\/2025\/10\/bati-seria-aa-2380736.jpg","type":"image\/jpeg"}],"author":"admin","twitter_card":"summary_large_image","twitter_misc":{"Yazan:":"admin","Tahmini okuma s\u00fcresi":"2 dakika"},"schema":{"@context":"https:\/\/schema.org","@graph":[{"@type":"Article","@id":"https:\/\/kibrisdakik.com\/?p=96950#article","isPartOf":{"@id":"https:\/\/kibrisdakik.com\/?p=96950"},"author":{"name":"admin","@id":"https:\/\/kibrisdakik.com\/#\/schema\/person\/9cd9d437bbb44f72b73ba127e06d8e79"},"headline":"BM: \u0130srail&#039;in i\u015fgal alt\u0131ndaki Bat\u0131 \u015eeria&#039;daki ilhak eylemi uluslararas\u0131 hukuka ayk\u0131r\u0131","datePublished":"2025-10-24T14:01:01+00:00","mainEntityOfPage":{"@id":"https:\/\/kibrisdakik.com\/?p=96950"},"wordCount":379,"commentCount":0,"image":{"@id":"https:\/\/kibrisdakik.com\/?p=96950#primaryimage"},"thumbnailUrl":"https:\/\/kibrisdakik.com\/wp-content\/uploads\/2025\/10\/bati-seria-aa-2380736.jpg","articleSection":["D\u00fcnya"],"inLanguage":"tr","potentialAction":[{"@type":"CommentAction","name":"Comment","target":["https:\/\/kibrisdakik.com\/?p=96950#respond"]}]},{"@type":"WebPage","@id":"https:\/\/kibrisdakik.com\/?p=96950","url":"https:\/\/kibrisdakik.com\/?p=96950","name":"BM: \u0130srail&#039;in i\u015fgal alt\u0131ndaki Bat\u0131 \u015eeria&#039;daki ilhak eylemi uluslararas\u0131 hukuka ayk\u0131r\u0131 -","isPartOf":{"@id":"https:\/\/kibrisdakik.com\/#website"},"primaryImageOfPage":{"@id":"https:\/\/kibrisdakik.com\/?p=96950#primaryimage"},"image":{"@id":"https:\/\/kibrisdakik.com\/?p=96950#primaryimage"},"thumbnailUrl":"https:\/\/kibrisdakik.com\/wp-content\/uploads\/2025\/10\/bati-seria-aa-2380736.jpg","datePublished":"2025-10-24T14:01:01+00:00","author":{"@id":"https:\/\/kibrisdakik.com\/#\/schema\/person\/9cd9d437bbb44f72b73ba127e06d8e79"},"breadcrumb":{"@id":"https:\/\/kibrisdakik.com\/?p=96950#breadcrumb"},"inLanguage":"tr","potentialAction":[{"@type":"ReadAction","target":["https:\/\/kibrisdakik.com\/?p=96950"]}]},{"@type":"ImageObject","inLanguage":"tr","@id":"https:\/\/kibrisdakik.com\/?p=96950#primaryimage","url":"https:\/\/kibrisdakik.com\/wp-content\/uploads\/2025\/10\/bati-seria-aa-2380736.jpg","contentUrl":"https:\/\/kibrisdakik.com\/wp-content\/uploads\/2025\/10\/bati-seria-aa-2380736.jpg","width":1280,"height":720},{"@type":"BreadcrumbList","@id":"https:\/\/kibrisdakik.com\/?p=96950#breadcrumb","itemListElement":[{"@type":"ListItem","position":1,"name":"Home","item":"https:\/\/kibrisdakik.com\/"},{"@type":"ListItem","position":2,"name":"BM: \u0130srail&#039;in i\u015fgal alt\u0131ndaki Bat\u0131 \u015eeria&#039;daki ilhak eylemi uluslararas\u0131 hukuka ayk\u0131r\u0131"}]},{"@type":"WebSite","@id":"https:\/\/kibrisdakik.com\/#website","url":"https:\/\/kibrisdakik.com\/","name":"","description":"Tam vaktinde haber","potentialAction":[{"@type":"SearchAction","target":{"@type":"EntryPoint","urlTemplate":"https:\/\/kibrisdakik.com\/?s={search_term_string}"},"query-input":{"@type":"PropertyValueSpecification","valueRequired":true,"valueName":"search_term_string"}}],"inLanguage":"tr"},{"@type":"Person","@id":"https:\/\/kibrisdakik.com\/#\/schema\/person\/9cd9d437bbb44f72b73ba127e06d8e79","name":"admin","image":{"@type":"ImageObject","inLanguage":"tr","@id":"https:\/\/secure.gravatar.com\/avatar\/ccc17943b9d660506c869530f897617f7cb1c21a4bf30023f252596d83e1f007?s=96&d=mm&r=g","url":"https:\/\/secure.gravatar.com\/avatar\/ccc17943b9d660506c869530f897617f7cb1c21a4bf30023f252596d83e1f007?s=96&d=mm&r=g","contentUrl":"https:\/\/secure.gravatar.com\/avatar\/ccc17943b9d660506c869530f897617f7cb1c21a4bf30023f252596d83e1f007?s=96&d=mm&r=g","caption":"admin"},"sameAs":["https:\/\/kibrisdakik.com"],"url":"https:\/\/kibrisdakik.com\/?author=1"}]}},"_links":{"self":[{"href":"https:\/\/kibrisdakik.com\/index.php?rest_route=\/wp\/v2\/posts\/96950","targetHints":{"allow":["GET"]}}],"collection":[{"href":"https:\/\/kibrisdakik.com\/index.php?rest_route=\/wp\/v2\/posts"}],"about":[{"href":"https:\/\/kibrisdakik.com\/index.php?rest_route=\/wp\/v2\/types\/post"}],"author":[{"embeddable":true,"href":"https:\/\/kibrisdakik.com\/index.php?rest_route=\/wp\/v2\/users\/1"}],"replies":[{"embeddable":true,"href":"https:\/\/kibrisdakik.com\/index.php?rest_route=%2Fwp%2Fv2%2Fcomments&post=96950"}],"version-history":[{"count":0,"href":"https:\/\/kibrisdakik.com\/index.php?rest_route=\/wp\/v2\/posts\/96950\/revisions"}],"wp:featuredmedia":[{"embeddable":true,"href":"https:\/\/kibrisdakik.com\/index.php?rest_route=\/wp\/v2\/media\/96951"}],"wp:attachment":[{"href":"https:\/\/kibrisdakik.com\/index.php?rest_route=%2Fwp%2Fv2%2Fmedia&parent=96950"}],"wp:term":[{"taxonomy":"category","embeddable":true,"href":"https:\/\/kibrisdakik.com\/index.php?rest_route=%2Fwp%2Fv2%2Fcategories&post=96950"},{"taxonomy":"post_tag","embeddable":true,"href":"https:\/\/kibrisdakik.com\/index.php?rest_route=%2Fwp%2Fv2%2Ftags&post=96950"}],"curies":[{"name":"wp","href":"https:\/\/api.w.org\/{rel}","templated":true}]}}