{"id":96958,"date":"2025-10-24T17:39:03","date_gmt":"2025-10-24T14:39:03","guid":{"rendered":"https:\/\/kibrisdakik.com\/index.php\/2025\/10\/24\/ozgur-ozel-chpyi-tartistirmak-istediler-ama-basaramadilar\/"},"modified":"2025-10-24T17:39:03","modified_gmt":"2025-10-24T14:39:03","slug":"ozgur-ozel-chpyi-tartistirmak-istediler-ama-basaramadilar","status":"publish","type":"post","link":"https:\/\/kibrisdakik.com\/?p=96958","title":{"rendered":"\u00d6ZG\u00dcR \u00d6ZEL: CHP\u2019Y\u0130 TARTI\u015eTIRMAK \u0130STED\u0130LER AMA BA\u015eARAMADILAR"},"content":{"rendered":"<p><\/p>\n<div data-text-id=\"187356\" property=\"articleBody\">\n<p>CHP Genel Ba\u015fkan\u0131 \u00d6zg\u00fcr \u00d6zel, Ankara 42. Asliye Hukuk Mahkemesinin CHP 38. Ola\u011fan Kurultay\u0131&#8217;n\u0131n iptali istemiyle a\u00e7\u0131lan davada verdi\u011fi karara ili\u015fkin, &#8220;B\u00f6yle olaca\u011f\u0131n\u0131 biliyorduk ama CHP&#8217;yi tart\u0131\u015ft\u0131rmak istediler ve bug\u00fcne kadar geldiler. Bundan sonra art\u0131k bu tart\u0131\u015fmalar da geride kalm\u0131\u015ft\u0131r.&#8221; dedi.<\/p>\n<p>\u00d6zel, partisinin genel merkezinden ayr\u0131lmadan \u00f6nce bas\u0131n mensuplar\u0131n\u0131n sorular\u0131n\u0131 yan\u0131tlad\u0131.<\/p>\n<p>CHP&#8217;nin 38. Ola\u011fan Kurultay\u0131&#8217;n\u0131n iptali istemiyle a\u00e7\u0131lan davada, mahkemenin &#8220;davan\u0131n konusuz kalmas\u0131&#8221; gerek\u00e7esiyle karar verilmesine yer olmad\u0131\u011f\u0131na h\u00fckmetmesiyle ilgili soru \u00fczerine \u00d6zel, daha \u00f6nce onlarca kez verdi\u011fi cevab\u0131n bug\u00fcn kendisini mahcup etmemesinden b\u00fcy\u00fck memnuniyet duydu\u011funu s\u00f6yledi.<\/p>\n<p>S\u00f6z konusu davan\u0131n sonu\u00e7 de\u011fil, s\u00fcre\u00e7 odakl\u0131 bir dava oldu\u011funu belirten \u00d6zel, amac\u0131n CHP&#8217;yi tart\u0131\u015ft\u0131rmak ve CHP&#8217;de tart\u0131\u015fma varm\u0131\u015f g\u00f6r\u00fcnt\u00fcs\u00fc vermek oldu\u011funu savundu.<\/p>\n<p>Davay\u0131 a\u00e7an ki\u015finin davaya taraf olamayaca\u011f\u0131n\u0131 aktaran \u00d6zel, \u015fu de\u011ferlendirmelerde bulundu:<\/p>\n<p>&#8220;&#8216;CHP&#8217;de bir i\u00e7 kar\u0131\u015f\u0131kl\u0131k \u00e7\u0131karal\u0131m, ikilik yaratmaya \u00e7al\u0131\u015fal\u0131m.&#8217; dediler. Buna alet edebilecekleri birtak\u0131m aparatlar\u0131 buldular. Bizi hasta etmeye \u00e7al\u0131\u015ft\u0131lar. Hastal\u0131k yapmak i\u00e7in mikrop laz\u0131m, mikrop aray\u0131p mikrop buldular. B\u00fcnyeye onu sokmaya \u00e7al\u0131\u015ft\u0131lar. CHP&#8217;nin g\u00fc\u00e7l\u00fc b\u00fcnyesi, birlik ve beraberlik i\u00e7inde ne hastaland\u0131 ne g\u00fc\u00e7 kaybetti ne de bu mikroplar\u0131 kabul etti ve art\u0131k bu i\u015f bug\u00fcn tamamen ortadan kalkt\u0131. B\u00f6yle olaca\u011f\u0131n\u0131 biliyorduk ama CHP&#8217;yi tart\u0131\u015ft\u0131rmak istediler ve bug\u00fcne kadar geldiler. Bundan sonra art\u0131k bu tart\u0131\u015fmalar da geride kalm\u0131\u015ft\u0131r.&#8221;<\/p>\n<p>\u00d6zg\u00fcr \u00d6zel, bu s\u00fcre\u00e7te kendilerine destek veren delege, \u00fcye ve se\u00e7menler ile b\u00fct\u00fcn muhalefet partilerinin liderlerine te\u015fekk\u00fcr etti.<\/p>\n<p>Cumhurba\u015fkan\u0131 Recep Tayyip Erdo\u011fan&#8217;\u0131n s\u00f6zlerinin hat\u0131rlat\u0131lmas\u0131 \u00fczerine \u00d6zel, &#8220;Biz geldi\u011fimizde su\u00e7 i\u015fleyen varsa, \u00f6zg\u00fcr, adil yarg\u0131 kar\u015f\u0131s\u0131nda hesap verir, o benim i\u015fim de\u011fil. Ben seni siyaseten yarg\u0131l\u0131yorum, bu iftiralar\u0131n ortaya \u00e7\u0131kt\u0131 diye. Yass\u0131ada&#8217;dan, rahmetli (Adnan) Menderes&#8217;in ma\u011fduriyetinden kendine siyasi rant \u00e7\u0131karmaya \u00e7al\u0131\u015f\u0131yor.&#8221; diye konu\u015ftu.<\/p>\n<p>&#8211; &#8220;Hi\u00e7bir \u015fekilde cesaret edemezler&#8221;<\/p>\n<p>Bir bas\u0131n mensubunun, \u0130stanbul Cumhuriyet Ba\u015fsavc\u0131l\u0131\u011f\u0131nca, belediye ba\u015fkanl\u0131\u011f\u0131 g\u00f6revinden uzakla\u015ft\u0131r\u0131lan Ekrem \u0130mamo\u011flu&#8217;na &#8220;casusluk&#8221; su\u00e7undan ba\u015flat\u0131lan soru\u015fturman\u0131n \u0130BB&#8217;ye kayyum atanma riskini ortaya \u00e7\u0131kar\u0131p \u00e7\u0131karmayaca\u011f\u0131n\u0131 sormas\u0131 \u00fczerine \u00d6zel, \u015funlar\u0131 kaydetti:<\/p>\n<p>&#8220;\u00c7\u0131karmaz. Bu kayyum tart\u0131\u015fmas\u0131n\u0131 k\u00f6p\u00fcrtmeye \u00e7al\u0131\u015fanlar var. Zaten Ekrem \u0130mamo\u011flu ter\u00f6r su\u00e7lamas\u0131yla bir iddianame bekliyor. Soru\u015fturma ter\u00f6rden a\u00e7\u0131ld\u0131\u011f\u0131 an kayyum atama imkan\u0131 her zaman var. Oradan bir kayyum atama niyeti bu milletin vicdan\u0131ndan \u00f6yle bir d\u00f6nd\u00fc ki ona cesaret edemediler zaten. Yapacaksa her zaman kayyum atayabilir ama bug\u00fcn CHP kongresini yok sayma giri\u015fimi ortadan kalk\u0131nca borsa y\u00fczde 5 yukar\u0131 f\u0131rlad\u0131. Bir de \u0130stanbul B\u00fcy\u00fck\u015fehir gibi d\u00fcnyan\u0131n en bilinen metropol\u00fcn\u00fc 1 milyon farkla kaybetti\u011finiz \u015fehre b\u00f6yle bahane bulup kayyum atamaya kalkt\u0131\u011f\u0131n\u0131zda T\u00fcrkiye&#8217;ye ne yapt\u0131\u011f\u0131n\u0131z\u0131n fark\u0131nda m\u0131s\u0131n\u0131z? O y\u00fczden buna ne ekonomik olarak ne siyaseten hi\u00e7bir \u015fekilde cesaret edemezler, edemediler, edemeyecekler. Bu millet onlara bunu yapt\u0131rmaz.<\/p>\n<p>Milleti bu sefer de b\u00f6yle ikna etmeyi deneyecekler. Bir casus olursa bu T\u00fcrkiye&#8217;ye b\u00fcy\u00fck k\u00f6t\u00fcl\u00fck yapan bir adamd\u0131r. Kimse casus sevmez. Son \u00e7are, FET\u00d6&#8217;den ald\u0131klar\u0131 son mirasla ak\u0131llar\u0131nda kalan, &#8216;h\u0131rs\u0131z&#8217; dedik olmad\u0131, &#8216;yolsuz&#8217; dedik olmad\u0131, &#8216;\u00e7ald\u0131&#8217; dedik millet inanmad\u0131, &#8216;ter\u00f6r&#8217; dedik millet ayakland\u0131, dur bir de &#8216;casus&#8217; diyelim bakal\u0131m. Bu kadar olmaz, bu ay\u0131p. Buna da tenezz\u00fcl ettiler. Ekrem \u0130mamo\u011flu&#8217;na casus diyecek adam\u0131n b\u00fct\u00fcn Trabzon, b\u00fct\u00fcn \u0130stanbul, bu millet aln\u0131n\u0131 kar\u0131\u015flar.&#8221;<\/p>\n<p>\u0130stanbul&#8217;da &#8220;casusluk&#8221; su\u00e7undan ba\u015flat\u0131lan soru\u015fturmada Merdan Yanarda\u011f&#8217;\u0131n g\u00f6zalt\u0131na al\u0131nmas\u0131 ve &#8220;Casuslu\u011fun medya aya\u011f\u0131&#8221; denmesinin sorulmas\u0131 \u00fczerine \u00d6zel, &#8220;Bunu s\u00f6yleyenin de yatacak yeri yok. \u015eu Merdan Yanarda\u011f&#8217;\u0131 bir kere de bir \u015feye bula\u015ft\u0131rmay\u0131n.&#8221; dedi.<\/p>\n<\/p><\/div>\n","protected":false},"excerpt":{"rendered":"<p>CHP Genel Ba\u015fkan\u0131 \u00d6zg\u00fcr \u00d6zel, Ankara 42. Asliye Hukuk Mahkemesinin CHP 38. Ola\u011fan Kurultay\u0131&#8217;n\u0131n iptali istemiyle a\u00e7\u0131lan davada verdi\u011fi karara ili\u015fkin, &#8220;B\u00f6yle olaca\u011f\u0131n\u0131 biliyorduk ama CHP&#8217;yi tart\u0131\u015ft\u0131rmak istediler ve bug\u00fcne kadar geldiler. Bundan sonra art\u0131k bu tart\u0131\u015fmalar da geride kalm\u0131\u015ft\u0131r.&#8221; dedi. \u00d6zel, partisinin genel merkezinden ayr\u0131lmadan \u00f6nce bas\u0131n mensuplar\u0131n\u0131n sorular\u0131n\u0131 yan\u0131tlad\u0131. CHP&#8217;nin 38. Ola\u011fan Kurultay\u0131&#8217;n\u0131n<\/p>\n","protected":false},"author":1,"featured_media":96959,"comment_status":"open","ping_status":"open","sticky":false,"template":"","format":"standard","meta":{"footnotes":""},"categories":[81],"tags":[],"class_list":["post-96958","post","type-post","status-publish","format-standard","has-post-thumbnail","hentry","category-kibris"],"yoast_head":"<!-- This site is optimized with the Yoast SEO plugin v27.4 - https:\/\/yoast.com\/product\/yoast-seo-wordpress\/ -->\n<title>\u00d6ZG\u00dcR \u00d6ZEL: CHP\u2019Y\u0130 TARTI\u015eTIRMAK \u0130STED\u0130LER AMA BA\u015eARAMADILAR -<\/title>\n<meta name=\"robots\" content=\"index, follow, max-snippet:-1, max-image-preview:large, max-video-preview:-1\" \/>\n<link rel=\"canonical\" href=\"https:\/\/kibrisdakik.com\/?p=96958\" \/>\n<meta property=\"og:locale\" content=\"tr_TR\" \/>\n<meta property=\"og:type\" content=\"article\" \/>\n<meta property=\"og:title\" content=\"\u00d6ZG\u00dcR \u00d6ZEL: CHP\u2019Y\u0130 TARTI\u015eTIRMAK \u0130STED\u0130LER AMA BA\u015eARAMADILAR -\" \/>\n<meta property=\"og:description\" content=\"CHP Genel Ba\u015fkan\u0131 \u00d6zg\u00fcr \u00d6zel, Ankara 42. Asliye Hukuk Mahkemesinin CHP 38. Ola\u011fan Kurultay\u0131&#8217;n\u0131n iptali istemiyle a\u00e7\u0131lan davada verdi\u011fi karara ili\u015fkin, &#8220;B\u00f6yle olaca\u011f\u0131n\u0131 biliyorduk ama CHP&#8217;yi tart\u0131\u015ft\u0131rmak istediler ve bug\u00fcne kadar geldiler. Bundan sonra art\u0131k bu tart\u0131\u015fmalar da geride kalm\u0131\u015ft\u0131r.&#8221; dedi. \u00d6zel, partisinin genel merkezinden ayr\u0131lmadan \u00f6nce bas\u0131n mensuplar\u0131n\u0131n sorular\u0131n\u0131 yan\u0131tlad\u0131. CHP&#8217;nin 38. Ola\u011fan Kurultay\u0131&#8217;n\u0131n\" \/>\n<meta property=\"og:url\" content=\"https:\/\/kibrisdakik.com\/?p=96958\" \/>\n<meta property=\"article:published_time\" content=\"2025-10-24T14:39:03+00:00\" \/>\n<meta property=\"og:image\" content=\"https:\/\/kibrisdakik.com\/wp-content\/uploads\/2025\/10\/mha-sari-beyaz-211.png\" \/>\n\t<meta property=\"og:image:width\" content=\"1280\" \/>\n\t<meta property=\"og:image:height\" content=\"720\" \/>\n\t<meta property=\"og:image:type\" content=\"image\/png\" \/>\n<meta name=\"author\" content=\"admin\" \/>\n<meta name=\"twitter:card\" content=\"summary_large_image\" \/>\n<meta name=\"twitter:label1\" content=\"Yazan:\" \/>\n\t<meta name=\"twitter:data1\" content=\"admin\" \/>\n\t<meta name=\"twitter:label2\" content=\"Tahmini okuma s\u00fcresi\" \/>\n\t<meta name=\"twitter:data2\" content=\"4 dakika\" \/>\n<script type=\"application\/ld+json\" class=\"yoast-schema-graph\">{\"@context\":\"https:\\\/\\\/schema.org\",\"@graph\":[{\"@type\":\"Article\",\"@id\":\"https:\\\/\\\/kibrisdakik.com\\\/?p=96958#article\",\"isPartOf\":{\"@id\":\"https:\\\/\\\/kibrisdakik.com\\\/?p=96958\"},\"author\":{\"name\":\"admin\",\"@id\":\"https:\\\/\\\/kibrisdakik.com\\\/#\\\/schema\\\/person\\\/9cd9d437bbb44f72b73ba127e06d8e79\"},\"headline\":\"\u00d6ZG\u00dcR \u00d6ZEL: CHP\u2019Y\u0130 TARTI\u015eTIRMAK \u0130STED\u0130LER AMA BA\u015eARAMADILAR\",\"datePublished\":\"2025-10-24T14:39:03+00:00\",\"mainEntityOfPage\":{\"@id\":\"https:\\\/\\\/kibrisdakik.com\\\/?p=96958\"},\"wordCount\":722,\"commentCount\":0,\"image\":{\"@id\":\"https:\\\/\\\/kibrisdakik.com\\\/?p=96958#primaryimage\"},\"thumbnailUrl\":\"https:\\\/\\\/kibrisdakik.com\\\/wp-content\\\/uploads\\\/2025\\\/10\\\/mha-sari-beyaz-211.png\",\"articleSection\":[\"K\u0131br\u0131s\"],\"inLanguage\":\"tr\",\"potentialAction\":[{\"@type\":\"CommentAction\",\"name\":\"Comment\",\"target\":[\"https:\\\/\\\/kibrisdakik.com\\\/?p=96958#respond\"]}]},{\"@type\":\"WebPage\",\"@id\":\"https:\\\/\\\/kibrisdakik.com\\\/?p=96958\",\"url\":\"https:\\\/\\\/kibrisdakik.com\\\/?p=96958\",\"name\":\"\u00d6ZG\u00dcR \u00d6ZEL: CHP\u2019Y\u0130 TARTI\u015eTIRMAK \u0130STED\u0130LER AMA BA\u015eARAMADILAR -\",\"isPartOf\":{\"@id\":\"https:\\\/\\\/kibrisdakik.com\\\/#website\"},\"primaryImageOfPage\":{\"@id\":\"https:\\\/\\\/kibrisdakik.com\\\/?p=96958#primaryimage\"},\"image\":{\"@id\":\"https:\\\/\\\/kibrisdakik.com\\\/?p=96958#primaryimage\"},\"thumbnailUrl\":\"https:\\\/\\\/kibrisdakik.com\\\/wp-content\\\/uploads\\\/2025\\\/10\\\/mha-sari-beyaz-211.png\",\"datePublished\":\"2025-10-24T14:39:03+00:00\",\"author\":{\"@id\":\"https:\\\/\\\/kibrisdakik.com\\\/#\\\/schema\\\/person\\\/9cd9d437bbb44f72b73ba127e06d8e79\"},\"breadcrumb\":{\"@id\":\"https:\\\/\\\/kibrisdakik.com\\\/?p=96958#breadcrumb\"},\"inLanguage\":\"tr\",\"potentialAction\":[{\"@type\":\"ReadAction\",\"target\":[\"https:\\\/\\\/kibrisdakik.com\\\/?p=96958\"]}]},{\"@type\":\"ImageObject\",\"inLanguage\":\"tr\",\"@id\":\"https:\\\/\\\/kibrisdakik.com\\\/?p=96958#primaryimage\",\"url\":\"https:\\\/\\\/kibrisdakik.com\\\/wp-content\\\/uploads\\\/2025\\\/10\\\/mha-sari-beyaz-211.png\",\"contentUrl\":\"https:\\\/\\\/kibrisdakik.com\\\/wp-content\\\/uploads\\\/2025\\\/10\\\/mha-sari-beyaz-211.png\",\"width\":1280,\"height\":720},{\"@type\":\"BreadcrumbList\",\"@id\":\"https:\\\/\\\/kibrisdakik.com\\\/?p=96958#breadcrumb\",\"itemListElement\":[{\"@type\":\"ListItem\",\"position\":1,\"name\":\"Home\",\"item\":\"https:\\\/\\\/kibrisdakik.com\\\/\"},{\"@type\":\"ListItem\",\"position\":2,\"name\":\"\u00d6ZG\u00dcR \u00d6ZEL: CHP\u2019Y\u0130 TARTI\u015eTIRMAK \u0130STED\u0130LER AMA BA\u015eARAMADILAR\"}]},{\"@type\":\"WebSite\",\"@id\":\"https:\\\/\\\/kibrisdakik.com\\\/#website\",\"url\":\"https:\\\/\\\/kibrisdakik.com\\\/\",\"name\":\"\",\"description\":\"Tam vaktinde haber\",\"potentialAction\":[{\"@type\":\"SearchAction\",\"target\":{\"@type\":\"EntryPoint\",\"urlTemplate\":\"https:\\\/\\\/kibrisdakik.com\\\/?s={search_term_string}\"},\"query-input\":{\"@type\":\"PropertyValueSpecification\",\"valueRequired\":true,\"valueName\":\"search_term_string\"}}],\"inLanguage\":\"tr\"},{\"@type\":\"Person\",\"@id\":\"https:\\\/\\\/kibrisdakik.com\\\/#\\\/schema\\\/person\\\/9cd9d437bbb44f72b73ba127e06d8e79\",\"name\":\"admin\",\"image\":{\"@type\":\"ImageObject\",\"inLanguage\":\"tr\",\"@id\":\"https:\\\/\\\/secure.gravatar.com\\\/avatar\\\/ccc17943b9d660506c869530f897617f7cb1c21a4bf30023f252596d83e1f007?s=96&d=mm&r=g\",\"url\":\"https:\\\/\\\/secure.gravatar.com\\\/avatar\\\/ccc17943b9d660506c869530f897617f7cb1c21a4bf30023f252596d83e1f007?s=96&d=mm&r=g\",\"contentUrl\":\"https:\\\/\\\/secure.gravatar.com\\\/avatar\\\/ccc17943b9d660506c869530f897617f7cb1c21a4bf30023f252596d83e1f007?s=96&d=mm&r=g\",\"caption\":\"admin\"},\"sameAs\":[\"https:\\\/\\\/kibrisdakik.com\"],\"url\":\"https:\\\/\\\/kibrisdakik.com\\\/?author=1\"}]}<\/script>\n<!-- \/ Yoast SEO plugin. -->","yoast_head_json":{"title":"\u00d6ZG\u00dcR \u00d6ZEL: CHP\u2019Y\u0130 TARTI\u015eTIRMAK \u0130STED\u0130LER AMA BA\u015eARAMADILAR -","robots":{"index":"index","follow":"follow","max-snippet":"max-snippet:-1","max-image-preview":"max-image-preview:large","max-video-preview":"max-video-preview:-1"},"canonical":"https:\/\/kibrisdakik.com\/?p=96958","og_locale":"tr_TR","og_type":"article","og_title":"\u00d6ZG\u00dcR \u00d6ZEL: CHP\u2019Y\u0130 TARTI\u015eTIRMAK \u0130STED\u0130LER AMA BA\u015eARAMADILAR -","og_description":"CHP Genel Ba\u015fkan\u0131 \u00d6zg\u00fcr \u00d6zel, Ankara 42. Asliye Hukuk Mahkemesinin CHP 38. Ola\u011fan Kurultay\u0131&#8217;n\u0131n iptali istemiyle a\u00e7\u0131lan davada verdi\u011fi karara ili\u015fkin, &#8220;B\u00f6yle olaca\u011f\u0131n\u0131 biliyorduk ama CHP&#8217;yi tart\u0131\u015ft\u0131rmak istediler ve bug\u00fcne kadar geldiler. Bundan sonra art\u0131k bu tart\u0131\u015fmalar da geride kalm\u0131\u015ft\u0131r.&#8221; dedi. \u00d6zel, partisinin genel merkezinden ayr\u0131lmadan \u00f6nce bas\u0131n mensuplar\u0131n\u0131n sorular\u0131n\u0131 yan\u0131tlad\u0131. CHP&#8217;nin 38. Ola\u011fan Kurultay\u0131&#8217;n\u0131n","og_url":"https:\/\/kibrisdakik.com\/?p=96958","article_published_time":"2025-10-24T14:39:03+00:00","og_image":[{"width":1280,"height":720,"url":"https:\/\/kibrisdakik.com\/wp-content\/uploads\/2025\/10\/mha-sari-beyaz-211.png","type":"image\/png"}],"author":"admin","twitter_card":"summary_large_image","twitter_misc":{"Yazan:":"admin","Tahmini okuma s\u00fcresi":"4 dakika"},"schema":{"@context":"https:\/\/schema.org","@graph":[{"@type":"Article","@id":"https:\/\/kibrisdakik.com\/?p=96958#article","isPartOf":{"@id":"https:\/\/kibrisdakik.com\/?p=96958"},"author":{"name":"admin","@id":"https:\/\/kibrisdakik.com\/#\/schema\/person\/9cd9d437bbb44f72b73ba127e06d8e79"},"headline":"\u00d6ZG\u00dcR \u00d6ZEL: CHP\u2019Y\u0130 TARTI\u015eTIRMAK \u0130STED\u0130LER AMA BA\u015eARAMADILAR","datePublished":"2025-10-24T14:39:03+00:00","mainEntityOfPage":{"@id":"https:\/\/kibrisdakik.com\/?p=96958"},"wordCount":722,"commentCount":0,"image":{"@id":"https:\/\/kibrisdakik.com\/?p=96958#primaryimage"},"thumbnailUrl":"https:\/\/kibrisdakik.com\/wp-content\/uploads\/2025\/10\/mha-sari-beyaz-211.png","articleSection":["K\u0131br\u0131s"],"inLanguage":"tr","potentialAction":[{"@type":"CommentAction","name":"Comment","target":["https:\/\/kibrisdakik.com\/?p=96958#respond"]}]},{"@type":"WebPage","@id":"https:\/\/kibrisdakik.com\/?p=96958","url":"https:\/\/kibrisdakik.com\/?p=96958","name":"\u00d6ZG\u00dcR \u00d6ZEL: CHP\u2019Y\u0130 TARTI\u015eTIRMAK \u0130STED\u0130LER AMA BA\u015eARAMADILAR -","isPartOf":{"@id":"https:\/\/kibrisdakik.com\/#website"},"primaryImageOfPage":{"@id":"https:\/\/kibrisdakik.com\/?p=96958#primaryimage"},"image":{"@id":"https:\/\/kibrisdakik.com\/?p=96958#primaryimage"},"thumbnailUrl":"https:\/\/kibrisdakik.com\/wp-content\/uploads\/2025\/10\/mha-sari-beyaz-211.png","datePublished":"2025-10-24T14:39:03+00:00","author":{"@id":"https:\/\/kibrisdakik.com\/#\/schema\/person\/9cd9d437bbb44f72b73ba127e06d8e79"},"breadcrumb":{"@id":"https:\/\/kibrisdakik.com\/?p=96958#breadcrumb"},"inLanguage":"tr","potentialAction":[{"@type":"ReadAction","target":["https:\/\/kibrisdakik.com\/?p=96958"]}]},{"@type":"ImageObject","inLanguage":"tr","@id":"https:\/\/kibrisdakik.com\/?p=96958#primaryimage","url":"https:\/\/kibrisdakik.com\/wp-content\/uploads\/2025\/10\/mha-sari-beyaz-211.png","contentUrl":"https:\/\/kibrisdakik.com\/wp-content\/uploads\/2025\/10\/mha-sari-beyaz-211.png","width":1280,"height":720},{"@type":"BreadcrumbList","@id":"https:\/\/kibrisdakik.com\/?p=96958#breadcrumb","itemListElement":[{"@type":"ListItem","position":1,"name":"Home","item":"https:\/\/kibrisdakik.com\/"},{"@type":"ListItem","position":2,"name":"\u00d6ZG\u00dcR \u00d6ZEL: CHP\u2019Y\u0130 TARTI\u015eTIRMAK \u0130STED\u0130LER AMA BA\u015eARAMADILAR"}]},{"@type":"WebSite","@id":"https:\/\/kibrisdakik.com\/#website","url":"https:\/\/kibrisdakik.com\/","name":"","description":"Tam vaktinde haber","potentialAction":[{"@type":"SearchAction","target":{"@type":"EntryPoint","urlTemplate":"https:\/\/kibrisdakik.com\/?s={search_term_string}"},"query-input":{"@type":"PropertyValueSpecification","valueRequired":true,"valueName":"search_term_string"}}],"inLanguage":"tr"},{"@type":"Person","@id":"https:\/\/kibrisdakik.com\/#\/schema\/person\/9cd9d437bbb44f72b73ba127e06d8e79","name":"admin","image":{"@type":"ImageObject","inLanguage":"tr","@id":"https:\/\/secure.gravatar.com\/avatar\/ccc17943b9d660506c869530f897617f7cb1c21a4bf30023f252596d83e1f007?s=96&d=mm&r=g","url":"https:\/\/secure.gravatar.com\/avatar\/ccc17943b9d660506c869530f897617f7cb1c21a4bf30023f252596d83e1f007?s=96&d=mm&r=g","contentUrl":"https:\/\/secure.gravatar.com\/avatar\/ccc17943b9d660506c869530f897617f7cb1c21a4bf30023f252596d83e1f007?s=96&d=mm&r=g","caption":"admin"},"sameAs":["https:\/\/kibrisdakik.com"],"url":"https:\/\/kibrisdakik.com\/?author=1"}]}},"_links":{"self":[{"href":"https:\/\/kibrisdakik.com\/index.php?rest_route=\/wp\/v2\/posts\/96958","targetHints":{"allow":["GET"]}}],"collection":[{"href":"https:\/\/kibrisdakik.com\/index.php?rest_route=\/wp\/v2\/posts"}],"about":[{"href":"https:\/\/kibrisdakik.com\/index.php?rest_route=\/wp\/v2\/types\/post"}],"author":[{"embeddable":true,"href":"https:\/\/kibrisdakik.com\/index.php?rest_route=\/wp\/v2\/users\/1"}],"replies":[{"embeddable":true,"href":"https:\/\/kibrisdakik.com\/index.php?rest_route=%2Fwp%2Fv2%2Fcomments&post=96958"}],"version-history":[{"count":0,"href":"https:\/\/kibrisdakik.com\/index.php?rest_route=\/wp\/v2\/posts\/96958\/revisions"}],"wp:featuredmedia":[{"embeddable":true,"href":"https:\/\/kibrisdakik.com\/index.php?rest_route=\/wp\/v2\/media\/96959"}],"wp:attachment":[{"href":"https:\/\/kibrisdakik.com\/index.php?rest_route=%2Fwp%2Fv2%2Fmedia&parent=96958"}],"wp:term":[{"taxonomy":"category","embeddable":true,"href":"https:\/\/kibrisdakik.com\/index.php?rest_route=%2Fwp%2Fv2%2Fcategories&post=96958"},{"taxonomy":"post_tag","embeddable":true,"href":"https:\/\/kibrisdakik.com\/index.php?rest_route=%2Fwp%2Fv2%2Ftags&post=96958"}],"curies":[{"name":"wp","href":"https:\/\/api.w.org\/{rel}","templated":true}]}}