{"id":97001,"date":"2025-10-25T11:36:07","date_gmt":"2025-10-25T08:36:07","guid":{"rendered":"https:\/\/kibrisdakik.com\/index.php\/2025\/10\/25\/erhurmanin-goreve-baslamasi-dis-basinda-genis-yanki-buldu\/"},"modified":"2025-10-25T11:36:07","modified_gmt":"2025-10-25T08:36:07","slug":"erhurmanin-goreve-baslamasi-dis-basinda-genis-yanki-buldu","status":"publish","type":"post","link":"https:\/\/kibrisdakik.com\/?p=97001","title":{"rendered":"ERH\u00dcRMAN\u2019IN G\u00d6REVE BA\u015eLAMASI DI\u015e BASINDA GEN\u0130\u015e YANKI BULDU"},"content":{"rendered":"<p><\/p>\n<p><em>Kuzey K\u0131br\u0131s T\u00fcrk Cumhuriyeti\u2019nin (KKTC) yeni Cumhurba\u015fkan\u0131 Tufan Erh\u00fcrman\u2019\u0131n yemin ve devir teslim t\u00f6renindeki a\u00e7\u0131klamalar\u0131, hem i\u00e7 politikada hem de K\u0131br\u0131s m\u00fczakere s\u00fcrecinde dikkatle de\u011ferlendirildi. Haberin detaylar\u0131 BBC T\u00fcrk\u00e7e\u2019de Emre Temel, Esra Yal\u00e7\u0131nalp ve Azra Maryem Tosuner imzas\u0131yla yay\u0131mland\u0131.<\/em><\/p>\n<p>19 Ekim\u2019de yap\u0131lan se\u00e7imde y\u00fczde 62 oyla Cumhurba\u015fkan\u0131 se\u00e7ilen Tufan Erh\u00fcrman, d\u00fcn yemin ederek g\u00f6revi Ersin Tatar\u2019dan devrald\u0131. Lefko\u015fa\u2019da d\u00fczenlenen t\u00f6rende yapt\u0131\u011f\u0131 ilk konu\u015fmada Erh\u00fcrman, \u201cFederasyon diyen de, iki devlet diyen de bu adada K\u0131br\u0131s T\u00fcrk halk\u0131n\u0131n e\u015fit egemenli\u011finde hemfikirdir\u201d s\u00f6zleriyle dikkat \u00e7ekti.<\/p>\n<p>T\u00fcrkiye ile ili\u015fkilerde isti\u015fare gelene\u011finin s\u00fcrece\u011fini vurgulayan Erh\u00fcrman, \u201cHi\u00e7bir Cumhurba\u015fkan\u0131 T\u00fcrkiye ile isti\u015fare etmeden m\u00fczakere y\u00fcr\u00fctmemi\u015ftir, bu benim d\u00f6nemimde de de\u011fi\u015fmeyecek\u201d dedi.<\/p>\n<p>Yeni Cumhurba\u015fkan\u0131, \u201cK\u0131br\u0131s T\u00fcrk halk\u0131 bu adadaki iki e\u015fit kurucu ortaktan biridir\u201d ifadeleriyle siyasi e\u015fitlik ve ortak egemenlik vurgusu yapt\u0131. Ayr\u0131ca Avrupa Birli\u011fi (AB), Birle\u015fmi\u015f Milletler (BM), T\u00fcrk Devletleri Te\u015fkilat\u0131 ve \u0130slam \u0130\u015fbirli\u011fi Te\u015fkilat\u0131 gibi kurumlarla daha aktif bir diplomasi y\u00fcr\u00fct\u00fclece\u011fini a\u00e7\u0131klad\u0131.<\/p>\n<p>\u0130\u00e7 politikada ise hukukun \u00fcst\u00fcnl\u00fc\u011f\u00fc, liyakat, tarafs\u0131zl\u0131k ve kucaklay\u0131c\u0131l\u0131k kavramlar\u0131n\u0131 \u00f6ne \u00e7\u0131karan Erh\u00fcrman, \u201c\u00e7ocuklara ve gelece\u011fe vefa\u201d mesaj\u0131yla toplumsal birlik \u00e7a\u011fr\u0131s\u0131 yapt\u0131.<\/p>\n<p>BBC T\u00fcrk\u00e7e\u2019ye konu\u015fan CTP Milletvekili Sami \u00d6zuslu, Erh\u00fcrman\u2019\u0131n konu\u015fmas\u0131n\u0131 \u201cse\u00e7im s\u00fcrecinde verdi\u011fi s\u00f6zlerin bir \u00f6zeti\u201d olarak de\u011ferlendirdi. \u00d6zuslu, Erh\u00fcrman\u2019\u0131n \u201c\u00e7\u00f6z\u00fcm odakl\u0131, adil ve kapsay\u0131c\u0131 bir liderlik anlay\u0131\u015f\u0131\u201d sergiledi\u011fini belirtti.<\/p>\n<p>Siyaset uzman\u0131 Mete Hatay ise Erh\u00fcrman\u2019\u0131n federasyon temelindeki \u00e7\u00f6z\u00fcm yakla\u015f\u0131m\u0131n\u0131 \u201csamimiyet testiyle yap\u0131lacak bir s\u00fcre\u00e7\u201d olarak yorumlad\u0131. Hatay, \u201cErh\u00fcrman g\u00fcven art\u0131r\u0131c\u0131 \u00f6nlemlerle ilerlemeyi ve kal\u0131c\u0131 \u00e7\u00f6z\u00fcm i\u00e7in g\u00fcven in\u015fa etmeyi hedefliyor\u201d dedi.<\/p>\n<p>Gazeteci Fatma Arpal\u0131kl\u0131 ise se\u00e7imin, \u201cK\u0131br\u0131s T\u00fcrk toplumunun kimli\u011fine ve birli\u011fine yeniden sahip \u00e7\u0131kma\u201d iste\u011fini yans\u0131tt\u0131\u011f\u0131n\u0131 s\u00f6yledi. Arpal\u0131kl\u0131\u2019ya g\u00f6re, Erh\u00fcrman\u2019\u0131n konu\u015fmas\u0131 \u201cbiz de var\u0131z\u201d mesaj\u0131n\u0131n siyasi bir ifadesiydi.<\/p>\n<p>CTP Milletvekili \u00dcr\u00fcn Solyal\u0131 da Erh\u00fcrman\u2019\u0131n m\u00fczakerelere d\u00f6rt temel BM ilkesi (iki toplumlu, iki b\u00f6lgeli federasyon, siyasi e\u015fitlik, tek uluslararas\u0131 kimlik) \u00e7er\u00e7evesinde a\u00e7\u0131k oldu\u011funu hat\u0131rlatt\u0131 ve \u201cErh\u00fcrman hem T\u00fcrkiye\u2019ye hem G\u00fcney\u2019e \u00f6nemli mesajlar verdi\u201d dedi.<\/p>\n<p>K\u0131br\u0131s\u2019ta 2017\u2019den bu yana donmu\u015f olan m\u00fczakerelerin yeniden canlanabilece\u011fine dair umutlar artarken, Erh\u00fcrman\u2019\u0131n \u201c\u00e7\u00f6z\u00fcm olsun diye m\u00fczakere\u201d yakla\u015f\u0131m\u0131, yeni bir diplomatik d\u00f6nemin i\u015fareti olarak de\u011ferlendiriliyor.<\/p>\n<p>BBC T\u00fcrk\u00e7e\u2019nin haberine g\u00f6re, Rum lider Nikos Hristodulidis de Erh\u00fcrman\u2019\u0131n se\u00e7ilmesinin ard\u0131ndan \u201cM\u00fczakerelere gelecek hafta bile ba\u015flayabilirim\u201d a\u00e7\u0131klamas\u0131nda bulundu. Ancak taraflar aras\u0131ndaki temel g\u00f6r\u00fc\u015f ayr\u0131l\u0131klar\u0131, \u00e7\u00f6z\u00fcm s\u00fcrecinin \u00f6n\u00fcnde h\u00e2l\u00e2 en b\u00fcy\u00fck engel olarak duruyor.<\/p>\n","protected":false},"excerpt":{"rendered":"<p>Kuzey K\u0131br\u0131s T\u00fcrk Cumhuriyeti\u2019nin (KKTC) yeni Cumhurba\u015fkan\u0131 Tufan Erh\u00fcrman\u2019\u0131n yemin ve devir teslim t\u00f6renindeki a\u00e7\u0131klamalar\u0131, hem i\u00e7 politikada hem de K\u0131br\u0131s m\u00fczakere s\u00fcrecinde dikkatle de\u011ferlendirildi. Haberin detaylar\u0131 BBC T\u00fcrk\u00e7e\u2019de Emre Temel, Esra Yal\u00e7\u0131nalp ve Azra Maryem Tosuner imzas\u0131yla yay\u0131mland\u0131. 19 Ekim\u2019de yap\u0131lan se\u00e7imde y\u00fczde 62 oyla Cumhurba\u015fkan\u0131 se\u00e7ilen Tufan Erh\u00fcrman, d\u00fcn yemin ederek g\u00f6revi Ersin<\/p>\n","protected":false},"author":1,"featured_media":97002,"comment_status":"open","ping_status":"open","sticky":false,"template":"","format":"standard","meta":{"footnotes":""},"categories":[81],"tags":[],"class_list":["post-97001","post","type-post","status-publish","format-standard","has-post-thumbnail","hentry","category-kibris"],"yoast_head":"<!-- This site is optimized with the Yoast SEO plugin v27.4 - https:\/\/yoast.com\/product\/yoast-seo-wordpress\/ -->\n<title>ERH\u00dcRMAN\u2019IN G\u00d6REVE BA\u015eLAMASI DI\u015e BASINDA GEN\u0130\u015e YANKI BULDU -<\/title>\n<meta name=\"robots\" content=\"index, follow, max-snippet:-1, max-image-preview:large, max-video-preview:-1\" \/>\n<link rel=\"canonical\" href=\"https:\/\/kibrisdakik.com\/?p=97001\" \/>\n<meta property=\"og:locale\" content=\"tr_TR\" \/>\n<meta property=\"og:type\" content=\"article\" \/>\n<meta property=\"og:title\" content=\"ERH\u00dcRMAN\u2019IN G\u00d6REVE BA\u015eLAMASI DI\u015e BASINDA GEN\u0130\u015e YANKI BULDU -\" \/>\n<meta property=\"og:description\" content=\"Kuzey K\u0131br\u0131s T\u00fcrk Cumhuriyeti\u2019nin (KKTC) yeni Cumhurba\u015fkan\u0131 Tufan Erh\u00fcrman\u2019\u0131n yemin ve devir teslim t\u00f6renindeki a\u00e7\u0131klamalar\u0131, hem i\u00e7 politikada hem de K\u0131br\u0131s m\u00fczakere s\u00fcrecinde dikkatle de\u011ferlendirildi. Haberin detaylar\u0131 BBC T\u00fcrk\u00e7e\u2019de Emre Temel, Esra Yal\u00e7\u0131nalp ve Azra Maryem Tosuner imzas\u0131yla yay\u0131mland\u0131. 19 Ekim\u2019de yap\u0131lan se\u00e7imde y\u00fczde 62 oyla Cumhurba\u015fkan\u0131 se\u00e7ilen Tufan Erh\u00fcrman, d\u00fcn yemin ederek g\u00f6revi Ersin\" \/>\n<meta property=\"og:url\" content=\"https:\/\/kibrisdakik.com\/?p=97001\" \/>\n<meta property=\"article:published_time\" content=\"2025-10-25T08:36:07+00:00\" \/>\n<meta property=\"og:image\" content=\"https:\/\/kibrisdakik.com\/wp-content\/uploads\/2025\/10\/mha-sari-beyaz-227.png\" \/>\n\t<meta property=\"og:image:width\" content=\"1280\" \/>\n\t<meta property=\"og:image:height\" content=\"720\" \/>\n\t<meta property=\"og:image:type\" content=\"image\/png\" \/>\n<meta name=\"author\" content=\"admin\" \/>\n<meta name=\"twitter:card\" content=\"summary_large_image\" \/>\n<meta name=\"twitter:label1\" content=\"Yazan:\" \/>\n\t<meta name=\"twitter:data1\" content=\"admin\" \/>\n\t<meta name=\"twitter:label2\" content=\"Tahmini okuma s\u00fcresi\" \/>\n\t<meta name=\"twitter:data2\" content=\"3 dakika\" \/>\n<script type=\"application\/ld+json\" class=\"yoast-schema-graph\">{\"@context\":\"https:\\\/\\\/schema.org\",\"@graph\":[{\"@type\":\"Article\",\"@id\":\"https:\\\/\\\/kibrisdakik.com\\\/?p=97001#article\",\"isPartOf\":{\"@id\":\"https:\\\/\\\/kibrisdakik.com\\\/?p=97001\"},\"author\":{\"name\":\"admin\",\"@id\":\"https:\\\/\\\/kibrisdakik.com\\\/#\\\/schema\\\/person\\\/9cd9d437bbb44f72b73ba127e06d8e79\"},\"headline\":\"ERH\u00dcRMAN\u2019IN G\u00d6REVE BA\u015eLAMASI DI\u015e BASINDA GEN\u0130\u015e YANKI BULDU\",\"datePublished\":\"2025-10-25T08:36:07+00:00\",\"mainEntityOfPage\":{\"@id\":\"https:\\\/\\\/kibrisdakik.com\\\/?p=97001\"},\"wordCount\":557,\"commentCount\":0,\"image\":{\"@id\":\"https:\\\/\\\/kibrisdakik.com\\\/?p=97001#primaryimage\"},\"thumbnailUrl\":\"https:\\\/\\\/kibrisdakik.com\\\/wp-content\\\/uploads\\\/2025\\\/10\\\/mha-sari-beyaz-227.png\",\"articleSection\":[\"K\u0131br\u0131s\"],\"inLanguage\":\"tr\",\"potentialAction\":[{\"@type\":\"CommentAction\",\"name\":\"Comment\",\"target\":[\"https:\\\/\\\/kibrisdakik.com\\\/?p=97001#respond\"]}]},{\"@type\":\"WebPage\",\"@id\":\"https:\\\/\\\/kibrisdakik.com\\\/?p=97001\",\"url\":\"https:\\\/\\\/kibrisdakik.com\\\/?p=97001\",\"name\":\"ERH\u00dcRMAN\u2019IN G\u00d6REVE BA\u015eLAMASI DI\u015e BASINDA GEN\u0130\u015e YANKI BULDU -\",\"isPartOf\":{\"@id\":\"https:\\\/\\\/kibrisdakik.com\\\/#website\"},\"primaryImageOfPage\":{\"@id\":\"https:\\\/\\\/kibrisdakik.com\\\/?p=97001#primaryimage\"},\"image\":{\"@id\":\"https:\\\/\\\/kibrisdakik.com\\\/?p=97001#primaryimage\"},\"thumbnailUrl\":\"https:\\\/\\\/kibrisdakik.com\\\/wp-content\\\/uploads\\\/2025\\\/10\\\/mha-sari-beyaz-227.png\",\"datePublished\":\"2025-10-25T08:36:07+00:00\",\"author\":{\"@id\":\"https:\\\/\\\/kibrisdakik.com\\\/#\\\/schema\\\/person\\\/9cd9d437bbb44f72b73ba127e06d8e79\"},\"breadcrumb\":{\"@id\":\"https:\\\/\\\/kibrisdakik.com\\\/?p=97001#breadcrumb\"},\"inLanguage\":\"tr\",\"potentialAction\":[{\"@type\":\"ReadAction\",\"target\":[\"https:\\\/\\\/kibrisdakik.com\\\/?p=97001\"]}]},{\"@type\":\"ImageObject\",\"inLanguage\":\"tr\",\"@id\":\"https:\\\/\\\/kibrisdakik.com\\\/?p=97001#primaryimage\",\"url\":\"https:\\\/\\\/kibrisdakik.com\\\/wp-content\\\/uploads\\\/2025\\\/10\\\/mha-sari-beyaz-227.png\",\"contentUrl\":\"https:\\\/\\\/kibrisdakik.com\\\/wp-content\\\/uploads\\\/2025\\\/10\\\/mha-sari-beyaz-227.png\",\"width\":1280,\"height\":720},{\"@type\":\"BreadcrumbList\",\"@id\":\"https:\\\/\\\/kibrisdakik.com\\\/?p=97001#breadcrumb\",\"itemListElement\":[{\"@type\":\"ListItem\",\"position\":1,\"name\":\"Home\",\"item\":\"https:\\\/\\\/kibrisdakik.com\\\/\"},{\"@type\":\"ListItem\",\"position\":2,\"name\":\"ERH\u00dcRMAN\u2019IN G\u00d6REVE BA\u015eLAMASI DI\u015e BASINDA GEN\u0130\u015e YANKI BULDU\"}]},{\"@type\":\"WebSite\",\"@id\":\"https:\\\/\\\/kibrisdakik.com\\\/#website\",\"url\":\"https:\\\/\\\/kibrisdakik.com\\\/\",\"name\":\"\",\"description\":\"Tam vaktinde haber\",\"potentialAction\":[{\"@type\":\"SearchAction\",\"target\":{\"@type\":\"EntryPoint\",\"urlTemplate\":\"https:\\\/\\\/kibrisdakik.com\\\/?s={search_term_string}\"},\"query-input\":{\"@type\":\"PropertyValueSpecification\",\"valueRequired\":true,\"valueName\":\"search_term_string\"}}],\"inLanguage\":\"tr\"},{\"@type\":\"Person\",\"@id\":\"https:\\\/\\\/kibrisdakik.com\\\/#\\\/schema\\\/person\\\/9cd9d437bbb44f72b73ba127e06d8e79\",\"name\":\"admin\",\"image\":{\"@type\":\"ImageObject\",\"inLanguage\":\"tr\",\"@id\":\"https:\\\/\\\/secure.gravatar.com\\\/avatar\\\/ccc17943b9d660506c869530f897617f7cb1c21a4bf30023f252596d83e1f007?s=96&d=mm&r=g\",\"url\":\"https:\\\/\\\/secure.gravatar.com\\\/avatar\\\/ccc17943b9d660506c869530f897617f7cb1c21a4bf30023f252596d83e1f007?s=96&d=mm&r=g\",\"contentUrl\":\"https:\\\/\\\/secure.gravatar.com\\\/avatar\\\/ccc17943b9d660506c869530f897617f7cb1c21a4bf30023f252596d83e1f007?s=96&d=mm&r=g\",\"caption\":\"admin\"},\"sameAs\":[\"https:\\\/\\\/kibrisdakik.com\"],\"url\":\"https:\\\/\\\/kibrisdakik.com\\\/?author=1\"}]}<\/script>\n<!-- \/ Yoast SEO plugin. -->","yoast_head_json":{"title":"ERH\u00dcRMAN\u2019IN G\u00d6REVE BA\u015eLAMASI DI\u015e BASINDA GEN\u0130\u015e YANKI BULDU -","robots":{"index":"index","follow":"follow","max-snippet":"max-snippet:-1","max-image-preview":"max-image-preview:large","max-video-preview":"max-video-preview:-1"},"canonical":"https:\/\/kibrisdakik.com\/?p=97001","og_locale":"tr_TR","og_type":"article","og_title":"ERH\u00dcRMAN\u2019IN G\u00d6REVE BA\u015eLAMASI DI\u015e BASINDA GEN\u0130\u015e YANKI BULDU -","og_description":"Kuzey K\u0131br\u0131s T\u00fcrk Cumhuriyeti\u2019nin (KKTC) yeni Cumhurba\u015fkan\u0131 Tufan Erh\u00fcrman\u2019\u0131n yemin ve devir teslim t\u00f6renindeki a\u00e7\u0131klamalar\u0131, hem i\u00e7 politikada hem de K\u0131br\u0131s m\u00fczakere s\u00fcrecinde dikkatle de\u011ferlendirildi. Haberin detaylar\u0131 BBC T\u00fcrk\u00e7e\u2019de Emre Temel, Esra Yal\u00e7\u0131nalp ve Azra Maryem Tosuner imzas\u0131yla yay\u0131mland\u0131. 19 Ekim\u2019de yap\u0131lan se\u00e7imde y\u00fczde 62 oyla Cumhurba\u015fkan\u0131 se\u00e7ilen Tufan Erh\u00fcrman, d\u00fcn yemin ederek g\u00f6revi Ersin","og_url":"https:\/\/kibrisdakik.com\/?p=97001","article_published_time":"2025-10-25T08:36:07+00:00","og_image":[{"width":1280,"height":720,"url":"https:\/\/kibrisdakik.com\/wp-content\/uploads\/2025\/10\/mha-sari-beyaz-227.png","type":"image\/png"}],"author":"admin","twitter_card":"summary_large_image","twitter_misc":{"Yazan:":"admin","Tahmini okuma s\u00fcresi":"3 dakika"},"schema":{"@context":"https:\/\/schema.org","@graph":[{"@type":"Article","@id":"https:\/\/kibrisdakik.com\/?p=97001#article","isPartOf":{"@id":"https:\/\/kibrisdakik.com\/?p=97001"},"author":{"name":"admin","@id":"https:\/\/kibrisdakik.com\/#\/schema\/person\/9cd9d437bbb44f72b73ba127e06d8e79"},"headline":"ERH\u00dcRMAN\u2019IN G\u00d6REVE BA\u015eLAMASI DI\u015e BASINDA GEN\u0130\u015e YANKI BULDU","datePublished":"2025-10-25T08:36:07+00:00","mainEntityOfPage":{"@id":"https:\/\/kibrisdakik.com\/?p=97001"},"wordCount":557,"commentCount":0,"image":{"@id":"https:\/\/kibrisdakik.com\/?p=97001#primaryimage"},"thumbnailUrl":"https:\/\/kibrisdakik.com\/wp-content\/uploads\/2025\/10\/mha-sari-beyaz-227.png","articleSection":["K\u0131br\u0131s"],"inLanguage":"tr","potentialAction":[{"@type":"CommentAction","name":"Comment","target":["https:\/\/kibrisdakik.com\/?p=97001#respond"]}]},{"@type":"WebPage","@id":"https:\/\/kibrisdakik.com\/?p=97001","url":"https:\/\/kibrisdakik.com\/?p=97001","name":"ERH\u00dcRMAN\u2019IN G\u00d6REVE BA\u015eLAMASI DI\u015e BASINDA GEN\u0130\u015e YANKI BULDU -","isPartOf":{"@id":"https:\/\/kibrisdakik.com\/#website"},"primaryImageOfPage":{"@id":"https:\/\/kibrisdakik.com\/?p=97001#primaryimage"},"image":{"@id":"https:\/\/kibrisdakik.com\/?p=97001#primaryimage"},"thumbnailUrl":"https:\/\/kibrisdakik.com\/wp-content\/uploads\/2025\/10\/mha-sari-beyaz-227.png","datePublished":"2025-10-25T08:36:07+00:00","author":{"@id":"https:\/\/kibrisdakik.com\/#\/schema\/person\/9cd9d437bbb44f72b73ba127e06d8e79"},"breadcrumb":{"@id":"https:\/\/kibrisdakik.com\/?p=97001#breadcrumb"},"inLanguage":"tr","potentialAction":[{"@type":"ReadAction","target":["https:\/\/kibrisdakik.com\/?p=97001"]}]},{"@type":"ImageObject","inLanguage":"tr","@id":"https:\/\/kibrisdakik.com\/?p=97001#primaryimage","url":"https:\/\/kibrisdakik.com\/wp-content\/uploads\/2025\/10\/mha-sari-beyaz-227.png","contentUrl":"https:\/\/kibrisdakik.com\/wp-content\/uploads\/2025\/10\/mha-sari-beyaz-227.png","width":1280,"height":720},{"@type":"BreadcrumbList","@id":"https:\/\/kibrisdakik.com\/?p=97001#breadcrumb","itemListElement":[{"@type":"ListItem","position":1,"name":"Home","item":"https:\/\/kibrisdakik.com\/"},{"@type":"ListItem","position":2,"name":"ERH\u00dcRMAN\u2019IN G\u00d6REVE BA\u015eLAMASI DI\u015e BASINDA GEN\u0130\u015e YANKI BULDU"}]},{"@type":"WebSite","@id":"https:\/\/kibrisdakik.com\/#website","url":"https:\/\/kibrisdakik.com\/","name":"","description":"Tam vaktinde haber","potentialAction":[{"@type":"SearchAction","target":{"@type":"EntryPoint","urlTemplate":"https:\/\/kibrisdakik.com\/?s={search_term_string}"},"query-input":{"@type":"PropertyValueSpecification","valueRequired":true,"valueName":"search_term_string"}}],"inLanguage":"tr"},{"@type":"Person","@id":"https:\/\/kibrisdakik.com\/#\/schema\/person\/9cd9d437bbb44f72b73ba127e06d8e79","name":"admin","image":{"@type":"ImageObject","inLanguage":"tr","@id":"https:\/\/secure.gravatar.com\/avatar\/ccc17943b9d660506c869530f897617f7cb1c21a4bf30023f252596d83e1f007?s=96&d=mm&r=g","url":"https:\/\/secure.gravatar.com\/avatar\/ccc17943b9d660506c869530f897617f7cb1c21a4bf30023f252596d83e1f007?s=96&d=mm&r=g","contentUrl":"https:\/\/secure.gravatar.com\/avatar\/ccc17943b9d660506c869530f897617f7cb1c21a4bf30023f252596d83e1f007?s=96&d=mm&r=g","caption":"admin"},"sameAs":["https:\/\/kibrisdakik.com"],"url":"https:\/\/kibrisdakik.com\/?author=1"}]}},"_links":{"self":[{"href":"https:\/\/kibrisdakik.com\/index.php?rest_route=\/wp\/v2\/posts\/97001","targetHints":{"allow":["GET"]}}],"collection":[{"href":"https:\/\/kibrisdakik.com\/index.php?rest_route=\/wp\/v2\/posts"}],"about":[{"href":"https:\/\/kibrisdakik.com\/index.php?rest_route=\/wp\/v2\/types\/post"}],"author":[{"embeddable":true,"href":"https:\/\/kibrisdakik.com\/index.php?rest_route=\/wp\/v2\/users\/1"}],"replies":[{"embeddable":true,"href":"https:\/\/kibrisdakik.com\/index.php?rest_route=%2Fwp%2Fv2%2Fcomments&post=97001"}],"version-history":[{"count":0,"href":"https:\/\/kibrisdakik.com\/index.php?rest_route=\/wp\/v2\/posts\/97001\/revisions"}],"wp:featuredmedia":[{"embeddable":true,"href":"https:\/\/kibrisdakik.com\/index.php?rest_route=\/wp\/v2\/media\/97002"}],"wp:attachment":[{"href":"https:\/\/kibrisdakik.com\/index.php?rest_route=%2Fwp%2Fv2%2Fmedia&parent=97001"}],"wp:term":[{"taxonomy":"category","embeddable":true,"href":"https:\/\/kibrisdakik.com\/index.php?rest_route=%2Fwp%2Fv2%2Fcategories&post=97001"},{"taxonomy":"post_tag","embeddable":true,"href":"https:\/\/kibrisdakik.com\/index.php?rest_route=%2Fwp%2Fv2%2Ftags&post=97001"}],"curies":[{"name":"wp","href":"https:\/\/api.w.org\/{rel}","templated":true}]}}