{"id":9701,"date":"2023-07-02T14:43:47","date_gmt":"2023-07-02T14:43:47","guid":{"rendered":"https:\/\/kibrisdakik.com\/index.php\/2023\/07\/02\/lefke-yardim-ve-halk-derneginden-geleneksel-bayramlasma-yemegi\/"},"modified":"2023-07-02T14:43:47","modified_gmt":"2023-07-02T14:43:47","slug":"lefke-yardim-ve-halk-derneginden-geleneksel-bayramlasma-yemegi","status":"publish","type":"post","link":"https:\/\/kibrisdakik.com\/?p=9701","title":{"rendered":"Lefke Yard\u0131m ve Halk Derne\u011fi\u2019nden geleneksel bayramla\u015fma yeme\u011fi"},"content":{"rendered":"<p><\/p>\n<div>\n<div class=\"mariselle-image-container center\">\n                <img width=\"225\" height=\"225\" class=\"lazy-image\" alt=\"\" decoding=\"async\" loading=\"lazy\" sizes=\"auto, (max-width: 225px) 100vw, 225px\" src=\"https:\/\/brtk.net\/wp-content\/uploads\/2023\/07\/02\/lefke-yardim-ve-halk-dernegi.jpg?ver=127965f1f49c12f4862bf1f765b59c12\" srcset=\"https:\/\/brtk.net\/wp-content\/uploads\/2023\/07\/02\/lefke-yardim-ve-halk-dernegi.jpg?ver=127965f1f49c12f4862bf1f765b59c12 225w, https:\/\/brtk.net\/wp-content\/uploads\/2023\/07\/02\/lefke-yardim-ve-halk-dernegi-150x150.jpg?ver=5a84087d220036048173e257ee19d478 150w\"\/>                            <\/div>\n<p>Lefke Yard\u0131m ve Halk Derne\u011fi, Kurban Bayram\u0131\u2019n\u0131n \u00fc\u00e7\u00fcnc\u00fc g\u00fcn\u00fc birlik ve beraberli\u011fi korumak ad\u0131na 150 ki\u015filik bayramla\u015fma yeme\u011fi d\u00fczenledi.<\/p>\n<p>Dernekten verilen bilgiye g\u00f6re, Lefke Yard\u0131m ve Halk Derne\u011fi ev sahipli\u011finde Yedidalga Halk Plaj\u0131nda d\u00fczenlenen etkinli\u011fe, Meclis Ba\u015fkan\u0131 Zorlu T\u00f6re, TMT M\u00fccahitler Derne\u011fi Gemikona\u011f\u0131-Lefke \u015eube Ba\u015fkan\u0131 Ahmet Ced, <a href=\"https:\/\/brtk.net\/\"\/><a href=\"https:\/\/brtk.net\/\">KKTC<\/a> Din \u0130\u015fleri Ba\u015fkanl\u0131\u011f\u0131 Lefke Temsilcili\u011fi ve g\u00f6revlileri, YDP Lefke \u0130l\u00e7e Ba\u015fkan\u0131 Ahmet \u00c7olako\u011flu, <a href=\"https:\/\/brtk.net\/\"\/><a href=\"https:\/\/brtk.net\/\">KKTC<\/a> Muhtarlar Derne\u011fi Ba\u015fkan\u0131 Akay Darabaz ile k\u00f6y muhtarlar\u0131 ve azalar\u0131, \u00d6zg\u00fcr \u0130\u015f \u0130nsanlar\u0131 Derne\u011fi Temsilcisi Mustafa T\u0131ng\u0131r, Sosyal Demokrat Hareketi Ba\u015fkan\u0131 Alper \u00d6zsak\u0131n\u00e7 ve y\u00f6netim kurulu \u00fcyeleri, Gemikona\u011f\u0131 Kalk\u0131nd\u0131rma Derne\u011fi Ba\u015fkan\u0131 Mehmet T\u00fcrkay Fotal\u0131, Lefke Avrupa \u00dcniversitesi Hristiyan ve M\u00fcsl\u00fcman \u00f6\u011frenci komitesi ile Lefke Yard\u0131m ve Halk Derne\u011fi y\u00f6netim kurulu ve \u00fcyeleri kat\u0131ld\u0131.<\/p>\n<p>Etkinlikte, Meclis Ba\u015fkan\u0131 Zorlu T\u00f6re ile Lefke Yard\u0131m ve Halk Derne\u011fi Ba\u015fkan\u0131 Dr. Emel Y\u0131lmaz birer konu\u015fma yapt\u0131.<\/p>\n<p>Y\u0131lmaz, Lefke il\u00e7esinde ve <a href=\"https:\/\/brtk.net\/\"\/><a href=\"https:\/\/brtk.net\/\">KKTC<\/a> genelinde faaliyetlerini s\u00fcrd\u00fcren muhtarlar ile farkl\u0131 tabanlardaki sivil toplum kurulu\u015flar\u0131n\u0131 bir araya getirmek amac\u0131yla d\u00fczenlenen bayramla\u015fma yeme\u011finin beklenenin \u00fcst\u00fcnde kat\u0131l\u0131mla ger\u00e7ekle\u015fmesinden duydu\u011fu memnuniyeti dile getirdi.<\/p>\n<p>Her y\u0131l oldu\u011fu gibi bu y\u0131lda farkl\u0131 g\u00f6r\u00fc\u015fteki t\u00fcm kesimleri dostluk ve karde\u015flik \u00e7at\u0131s\u0131 alt\u0131nda Lefke\u2019de bir araya getirmeyi ba\u015fard\u0131klar\u0131n\u0131 ifade eden Y\u0131lmaz, ayn\u0131 zamanda Hristiyan M\u00fcsl\u00fcman \u00f6\u011frenci komitesi ile Lefke halk\u0131n\u0131n yemekte bulu\u015fmas\u0131n\u0131n b\u00f6lgede denge unsuru oldu\u011funun bir g\u00f6stergesi oldu\u011funu s\u00f6yledi.<\/p>\n<p>Y\u0131lmaz, organizasyona katk\u0131 herkese te\u015fekk\u00fcr etti.<\/p>\n<\/p><\/div>\n<p><script async\n                    defer\n                    crossorigin=\"anonymous\"\n                    src=\"https:\/\/connect.facebook.net\/tr_TR\/sdk.js#xfbml=1&#038;version=v3.3\"\n            ><\/script><\/p>\n","protected":false},"excerpt":{"rendered":"<p>Lefke Yard\u0131m ve Halk Derne\u011fi, Kurban Bayram\u0131\u2019n\u0131n \u00fc\u00e7\u00fcnc\u00fc g\u00fcn\u00fc birlik ve beraberli\u011fi korumak ad\u0131na 150 ki\u015filik bayramla\u015fma yeme\u011fi d\u00fczenledi. Dernekten verilen bilgiye g\u00f6re, Lefke Yard\u0131m ve Halk Derne\u011fi ev sahipli\u011finde Yedidalga Halk Plaj\u0131nda d\u00fczenlenen etkinli\u011fe, Meclis Ba\u015fkan\u0131 Zorlu T\u00f6re, TMT M\u00fccahitler Derne\u011fi Gemikona\u011f\u0131-Lefke \u015eube Ba\u015fkan\u0131 Ahmet Ced, KKTC Din \u0130\u015fleri Ba\u015fkanl\u0131\u011f\u0131 Lefke Temsilcili\u011fi ve g\u00f6revlileri,<\/p>\n","protected":false},"author":1,"featured_media":9702,"comment_status":"open","ping_status":"open","sticky":false,"template":"","format":"standard","meta":{"footnotes":""},"categories":[1],"tags":[],"class_list":["post-9701","post","type-post","status-publish","format-standard","has-post-thumbnail","hentry","category-gundem"],"yoast_head":"<!-- This site is optimized with the Yoast SEO plugin v27.4 - https:\/\/yoast.com\/product\/yoast-seo-wordpress\/ -->\n<title>Lefke Yard\u0131m ve Halk Derne\u011fi\u2019nden geleneksel bayramla\u015fma yeme\u011fi -<\/title>\n<meta name=\"robots\" content=\"index, follow, max-snippet:-1, max-image-preview:large, max-video-preview:-1\" \/>\n<link rel=\"canonical\" href=\"https:\/\/kibrisdakik.com\/?p=9701\" \/>\n<meta property=\"og:locale\" content=\"tr_TR\" \/>\n<meta property=\"og:type\" content=\"article\" \/>\n<meta property=\"og:title\" content=\"Lefke Yard\u0131m ve Halk Derne\u011fi\u2019nden geleneksel bayramla\u015fma yeme\u011fi -\" \/>\n<meta property=\"og:description\" content=\"Lefke Yard\u0131m ve Halk Derne\u011fi, Kurban Bayram\u0131\u2019n\u0131n \u00fc\u00e7\u00fcnc\u00fc g\u00fcn\u00fc birlik ve beraberli\u011fi korumak ad\u0131na 150 ki\u015filik bayramla\u015fma yeme\u011fi d\u00fczenledi. Dernekten verilen bilgiye g\u00f6re, Lefke Yard\u0131m ve Halk Derne\u011fi ev sahipli\u011finde Yedidalga Halk Plaj\u0131nda d\u00fczenlenen etkinli\u011fe, Meclis Ba\u015fkan\u0131 Zorlu T\u00f6re, TMT M\u00fccahitler Derne\u011fi Gemikona\u011f\u0131-Lefke \u015eube Ba\u015fkan\u0131 Ahmet Ced, KKTC Din \u0130\u015fleri Ba\u015fkanl\u0131\u011f\u0131 Lefke Temsilcili\u011fi ve g\u00f6revlileri,\" \/>\n<meta property=\"og:url\" content=\"https:\/\/kibrisdakik.com\/?p=9701\" \/>\n<meta property=\"article:published_time\" content=\"2023-07-02T14:43:47+00:00\" \/>\n<meta property=\"og:image\" content=\"https:\/\/kibrisdakik.com\/wp-content\/uploads\/2023\/07\/lefke-yardim-dernegiii.png\" \/>\n\t<meta property=\"og:image:width\" content=\"299\" \/>\n\t<meta property=\"og:image:height\" content=\"169\" \/>\n\t<meta property=\"og:image:type\" content=\"image\/png\" \/>\n<meta name=\"author\" content=\"admin\" \/>\n<meta name=\"twitter:card\" content=\"summary_large_image\" \/>\n<meta name=\"twitter:label1\" content=\"Yazan:\" \/>\n\t<meta name=\"twitter:data1\" content=\"admin\" \/>\n\t<meta name=\"twitter:label2\" content=\"Tahmini okuma s\u00fcresi\" \/>\n\t<meta name=\"twitter:data2\" content=\"2 dakika\" \/>\n<script type=\"application\/ld+json\" class=\"yoast-schema-graph\">{\"@context\":\"https:\\\/\\\/schema.org\",\"@graph\":[{\"@type\":\"Article\",\"@id\":\"https:\\\/\\\/kibrisdakik.com\\\/?p=9701#article\",\"isPartOf\":{\"@id\":\"https:\\\/\\\/kibrisdakik.com\\\/?p=9701\"},\"author\":{\"name\":\"admin\",\"@id\":\"https:\\\/\\\/kibrisdakik.com\\\/#\\\/schema\\\/person\\\/9cd9d437bbb44f72b73ba127e06d8e79\"},\"headline\":\"Lefke Yard\u0131m ve Halk Derne\u011fi\u2019nden geleneksel bayramla\u015fma yeme\u011fi\",\"datePublished\":\"2023-07-02T14:43:47+00:00\",\"mainEntityOfPage\":{\"@id\":\"https:\\\/\\\/kibrisdakik.com\\\/?p=9701\"},\"wordCount\":325,\"commentCount\":0,\"image\":{\"@id\":\"https:\\\/\\\/kibrisdakik.com\\\/?p=9701#primaryimage\"},\"thumbnailUrl\":\"https:\\\/\\\/kibrisdakik.com\\\/wp-content\\\/uploads\\\/2023\\\/07\\\/lefke-yardim-dernegiii.png\",\"articleSection\":[\"G\u00fcndem\"],\"inLanguage\":\"tr\",\"potentialAction\":[{\"@type\":\"CommentAction\",\"name\":\"Comment\",\"target\":[\"https:\\\/\\\/kibrisdakik.com\\\/?p=9701#respond\"]}]},{\"@type\":\"WebPage\",\"@id\":\"https:\\\/\\\/kibrisdakik.com\\\/?p=9701\",\"url\":\"https:\\\/\\\/kibrisdakik.com\\\/?p=9701\",\"name\":\"Lefke Yard\u0131m ve Halk Derne\u011fi\u2019nden geleneksel bayramla\u015fma yeme\u011fi -\",\"isPartOf\":{\"@id\":\"https:\\\/\\\/kibrisdakik.com\\\/#website\"},\"primaryImageOfPage\":{\"@id\":\"https:\\\/\\\/kibrisdakik.com\\\/?p=9701#primaryimage\"},\"image\":{\"@id\":\"https:\\\/\\\/kibrisdakik.com\\\/?p=9701#primaryimage\"},\"thumbnailUrl\":\"https:\\\/\\\/kibrisdakik.com\\\/wp-content\\\/uploads\\\/2023\\\/07\\\/lefke-yardim-dernegiii.png\",\"datePublished\":\"2023-07-02T14:43:47+00:00\",\"author\":{\"@id\":\"https:\\\/\\\/kibrisdakik.com\\\/#\\\/schema\\\/person\\\/9cd9d437bbb44f72b73ba127e06d8e79\"},\"breadcrumb\":{\"@id\":\"https:\\\/\\\/kibrisdakik.com\\\/?p=9701#breadcrumb\"},\"inLanguage\":\"tr\",\"potentialAction\":[{\"@type\":\"ReadAction\",\"target\":[\"https:\\\/\\\/kibrisdakik.com\\\/?p=9701\"]}]},{\"@type\":\"ImageObject\",\"inLanguage\":\"tr\",\"@id\":\"https:\\\/\\\/kibrisdakik.com\\\/?p=9701#primaryimage\",\"url\":\"https:\\\/\\\/kibrisdakik.com\\\/wp-content\\\/uploads\\\/2023\\\/07\\\/lefke-yardim-dernegiii.png\",\"contentUrl\":\"https:\\\/\\\/kibrisdakik.com\\\/wp-content\\\/uploads\\\/2023\\\/07\\\/lefke-yardim-dernegiii.png\",\"width\":299,\"height\":169},{\"@type\":\"BreadcrumbList\",\"@id\":\"https:\\\/\\\/kibrisdakik.com\\\/?p=9701#breadcrumb\",\"itemListElement\":[{\"@type\":\"ListItem\",\"position\":1,\"name\":\"Home\",\"item\":\"https:\\\/\\\/kibrisdakik.com\\\/\"},{\"@type\":\"ListItem\",\"position\":2,\"name\":\"Lefke Yard\u0131m ve Halk Derne\u011fi\u2019nden geleneksel bayramla\u015fma yeme\u011fi\"}]},{\"@type\":\"WebSite\",\"@id\":\"https:\\\/\\\/kibrisdakik.com\\\/#website\",\"url\":\"https:\\\/\\\/kibrisdakik.com\\\/\",\"name\":\"\",\"description\":\"Tam vaktinde haber\",\"potentialAction\":[{\"@type\":\"SearchAction\",\"target\":{\"@type\":\"EntryPoint\",\"urlTemplate\":\"https:\\\/\\\/kibrisdakik.com\\\/?s={search_term_string}\"},\"query-input\":{\"@type\":\"PropertyValueSpecification\",\"valueRequired\":true,\"valueName\":\"search_term_string\"}}],\"inLanguage\":\"tr\"},{\"@type\":\"Person\",\"@id\":\"https:\\\/\\\/kibrisdakik.com\\\/#\\\/schema\\\/person\\\/9cd9d437bbb44f72b73ba127e06d8e79\",\"name\":\"admin\",\"image\":{\"@type\":\"ImageObject\",\"inLanguage\":\"tr\",\"@id\":\"https:\\\/\\\/secure.gravatar.com\\\/avatar\\\/ccc17943b9d660506c869530f897617f7cb1c21a4bf30023f252596d83e1f007?s=96&d=mm&r=g\",\"url\":\"https:\\\/\\\/secure.gravatar.com\\\/avatar\\\/ccc17943b9d660506c869530f897617f7cb1c21a4bf30023f252596d83e1f007?s=96&d=mm&r=g\",\"contentUrl\":\"https:\\\/\\\/secure.gravatar.com\\\/avatar\\\/ccc17943b9d660506c869530f897617f7cb1c21a4bf30023f252596d83e1f007?s=96&d=mm&r=g\",\"caption\":\"admin\"},\"sameAs\":[\"https:\\\/\\\/kibrisdakik.com\"],\"url\":\"https:\\\/\\\/kibrisdakik.com\\\/?author=1\"}]}<\/script>\n<!-- \/ Yoast SEO plugin. -->","yoast_head_json":{"title":"Lefke Yard\u0131m ve Halk Derne\u011fi\u2019nden geleneksel bayramla\u015fma yeme\u011fi -","robots":{"index":"index","follow":"follow","max-snippet":"max-snippet:-1","max-image-preview":"max-image-preview:large","max-video-preview":"max-video-preview:-1"},"canonical":"https:\/\/kibrisdakik.com\/?p=9701","og_locale":"tr_TR","og_type":"article","og_title":"Lefke Yard\u0131m ve Halk Derne\u011fi\u2019nden geleneksel bayramla\u015fma yeme\u011fi -","og_description":"Lefke Yard\u0131m ve Halk Derne\u011fi, Kurban Bayram\u0131\u2019n\u0131n \u00fc\u00e7\u00fcnc\u00fc g\u00fcn\u00fc birlik ve beraberli\u011fi korumak ad\u0131na 150 ki\u015filik bayramla\u015fma yeme\u011fi d\u00fczenledi. Dernekten verilen bilgiye g\u00f6re, Lefke Yard\u0131m ve Halk Derne\u011fi ev sahipli\u011finde Yedidalga Halk Plaj\u0131nda d\u00fczenlenen etkinli\u011fe, Meclis Ba\u015fkan\u0131 Zorlu T\u00f6re, TMT M\u00fccahitler Derne\u011fi Gemikona\u011f\u0131-Lefke \u015eube Ba\u015fkan\u0131 Ahmet Ced, KKTC Din \u0130\u015fleri Ba\u015fkanl\u0131\u011f\u0131 Lefke Temsilcili\u011fi ve g\u00f6revlileri,","og_url":"https:\/\/kibrisdakik.com\/?p=9701","article_published_time":"2023-07-02T14:43:47+00:00","og_image":[{"width":299,"height":169,"url":"https:\/\/kibrisdakik.com\/wp-content\/uploads\/2023\/07\/lefke-yardim-dernegiii.png","type":"image\/png"}],"author":"admin","twitter_card":"summary_large_image","twitter_misc":{"Yazan:":"admin","Tahmini okuma s\u00fcresi":"2 dakika"},"schema":{"@context":"https:\/\/schema.org","@graph":[{"@type":"Article","@id":"https:\/\/kibrisdakik.com\/?p=9701#article","isPartOf":{"@id":"https:\/\/kibrisdakik.com\/?p=9701"},"author":{"name":"admin","@id":"https:\/\/kibrisdakik.com\/#\/schema\/person\/9cd9d437bbb44f72b73ba127e06d8e79"},"headline":"Lefke Yard\u0131m ve Halk Derne\u011fi\u2019nden geleneksel bayramla\u015fma yeme\u011fi","datePublished":"2023-07-02T14:43:47+00:00","mainEntityOfPage":{"@id":"https:\/\/kibrisdakik.com\/?p=9701"},"wordCount":325,"commentCount":0,"image":{"@id":"https:\/\/kibrisdakik.com\/?p=9701#primaryimage"},"thumbnailUrl":"https:\/\/kibrisdakik.com\/wp-content\/uploads\/2023\/07\/lefke-yardim-dernegiii.png","articleSection":["G\u00fcndem"],"inLanguage":"tr","potentialAction":[{"@type":"CommentAction","name":"Comment","target":["https:\/\/kibrisdakik.com\/?p=9701#respond"]}]},{"@type":"WebPage","@id":"https:\/\/kibrisdakik.com\/?p=9701","url":"https:\/\/kibrisdakik.com\/?p=9701","name":"Lefke Yard\u0131m ve Halk Derne\u011fi\u2019nden geleneksel bayramla\u015fma yeme\u011fi -","isPartOf":{"@id":"https:\/\/kibrisdakik.com\/#website"},"primaryImageOfPage":{"@id":"https:\/\/kibrisdakik.com\/?p=9701#primaryimage"},"image":{"@id":"https:\/\/kibrisdakik.com\/?p=9701#primaryimage"},"thumbnailUrl":"https:\/\/kibrisdakik.com\/wp-content\/uploads\/2023\/07\/lefke-yardim-dernegiii.png","datePublished":"2023-07-02T14:43:47+00:00","author":{"@id":"https:\/\/kibrisdakik.com\/#\/schema\/person\/9cd9d437bbb44f72b73ba127e06d8e79"},"breadcrumb":{"@id":"https:\/\/kibrisdakik.com\/?p=9701#breadcrumb"},"inLanguage":"tr","potentialAction":[{"@type":"ReadAction","target":["https:\/\/kibrisdakik.com\/?p=9701"]}]},{"@type":"ImageObject","inLanguage":"tr","@id":"https:\/\/kibrisdakik.com\/?p=9701#primaryimage","url":"https:\/\/kibrisdakik.com\/wp-content\/uploads\/2023\/07\/lefke-yardim-dernegiii.png","contentUrl":"https:\/\/kibrisdakik.com\/wp-content\/uploads\/2023\/07\/lefke-yardim-dernegiii.png","width":299,"height":169},{"@type":"BreadcrumbList","@id":"https:\/\/kibrisdakik.com\/?p=9701#breadcrumb","itemListElement":[{"@type":"ListItem","position":1,"name":"Home","item":"https:\/\/kibrisdakik.com\/"},{"@type":"ListItem","position":2,"name":"Lefke Yard\u0131m ve Halk Derne\u011fi\u2019nden geleneksel bayramla\u015fma yeme\u011fi"}]},{"@type":"WebSite","@id":"https:\/\/kibrisdakik.com\/#website","url":"https:\/\/kibrisdakik.com\/","name":"","description":"Tam vaktinde haber","potentialAction":[{"@type":"SearchAction","target":{"@type":"EntryPoint","urlTemplate":"https:\/\/kibrisdakik.com\/?s={search_term_string}"},"query-input":{"@type":"PropertyValueSpecification","valueRequired":true,"valueName":"search_term_string"}}],"inLanguage":"tr"},{"@type":"Person","@id":"https:\/\/kibrisdakik.com\/#\/schema\/person\/9cd9d437bbb44f72b73ba127e06d8e79","name":"admin","image":{"@type":"ImageObject","inLanguage":"tr","@id":"https:\/\/secure.gravatar.com\/avatar\/ccc17943b9d660506c869530f897617f7cb1c21a4bf30023f252596d83e1f007?s=96&d=mm&r=g","url":"https:\/\/secure.gravatar.com\/avatar\/ccc17943b9d660506c869530f897617f7cb1c21a4bf30023f252596d83e1f007?s=96&d=mm&r=g","contentUrl":"https:\/\/secure.gravatar.com\/avatar\/ccc17943b9d660506c869530f897617f7cb1c21a4bf30023f252596d83e1f007?s=96&d=mm&r=g","caption":"admin"},"sameAs":["https:\/\/kibrisdakik.com"],"url":"https:\/\/kibrisdakik.com\/?author=1"}]}},"_links":{"self":[{"href":"https:\/\/kibrisdakik.com\/index.php?rest_route=\/wp\/v2\/posts\/9701","targetHints":{"allow":["GET"]}}],"collection":[{"href":"https:\/\/kibrisdakik.com\/index.php?rest_route=\/wp\/v2\/posts"}],"about":[{"href":"https:\/\/kibrisdakik.com\/index.php?rest_route=\/wp\/v2\/types\/post"}],"author":[{"embeddable":true,"href":"https:\/\/kibrisdakik.com\/index.php?rest_route=\/wp\/v2\/users\/1"}],"replies":[{"embeddable":true,"href":"https:\/\/kibrisdakik.com\/index.php?rest_route=%2Fwp%2Fv2%2Fcomments&post=9701"}],"version-history":[{"count":0,"href":"https:\/\/kibrisdakik.com\/index.php?rest_route=\/wp\/v2\/posts\/9701\/revisions"}],"wp:featuredmedia":[{"embeddable":true,"href":"https:\/\/kibrisdakik.com\/index.php?rest_route=\/wp\/v2\/media\/9702"}],"wp:attachment":[{"href":"https:\/\/kibrisdakik.com\/index.php?rest_route=%2Fwp%2Fv2%2Fmedia&parent=9701"}],"wp:term":[{"taxonomy":"category","embeddable":true,"href":"https:\/\/kibrisdakik.com\/index.php?rest_route=%2Fwp%2Fv2%2Fcategories&post=9701"},{"taxonomy":"post_tag","embeddable":true,"href":"https:\/\/kibrisdakik.com\/index.php?rest_route=%2Fwp%2Fv2%2Ftags&post=9701"}],"curies":[{"name":"wp","href":"https:\/\/api.w.org\/{rel}","templated":true}]}}