{"id":97058,"date":"2025-10-25T16:50:13","date_gmt":"2025-10-25T13:50:13","guid":{"rendered":"https:\/\/kibrisdakik.com\/index.php\/2025\/10\/25\/gazze-mahkemesinde-filistinlilere-yonelik-uygulamalarin-apartheid-ozelligi-tasidigi-vurgulandi\/"},"modified":"2025-10-25T16:50:13","modified_gmt":"2025-10-25T13:50:13","slug":"gazze-mahkemesinde-filistinlilere-yonelik-uygulamalarin-apartheid-ozelligi-tasidigi-vurgulandi","status":"publish","type":"post","link":"https:\/\/kibrisdakik.com\/?p=97058","title":{"rendered":"Gazze Mahkemesinde, Filistinlilere y\u00f6nelik uygulamalar\u0131n apartheid \u00f6zelli\u011fi ta\u015f\u0131d\u0131\u011f\u0131 vurguland\u0131"},"content":{"rendered":"<p><\/p>\n<div class=\"news-content\">\n<p>\n\tEski Birle\u015fmi\u015f Milletler (BM) Filistin Raport\u00f6r\u00fc Prof. Dr. Richard Falk ba\u015fkanl\u0131\u011f\u0131nda, \u0130srail&#8217;in Gazze&#8217;de i\u015fledi\u011fi sava\u015f su\u00e7lar\u0131n\u0131 ara\u015ft\u0131rmak \u00fczere kurulan k\u00fcresel ve ba\u011f\u0131ms\u0131z giri\u015fim olan Gazze Mahkemesinin nihai oturumunun \u00fc\u00e7\u00fcnc\u00fc g\u00fcn\u00fcndeki panelde, Gazze&#8217;deki insani krizin k\u00f6kenleri ve yap\u0131sal nedenleri ele al\u0131nd\u0131.<\/p>\n<p>\n\tPanelde konu\u015fmac\u0131lar, ya\u015fananlar\u0131n, Filistinlilerin sistematik bi\u00e7imde m\u00fclks\u00fczle\u015ftirilmesine ve ayr\u0131mc\u0131l\u0131\u011fa dayanan derin bir yap\u0131n\u0131n sonucu oldu\u011funa dikkati \u00e7ekti ve bu durumun &#8220;apartheid&#8221; ve &#8220;etnik temizlik&#8221; anlam\u0131na geldi\u011finin alt\u0131n\u0131 \u00e7izdi.<\/p>\n<p>\n\tKonu\u015fmac\u0131lardan Filistin as\u0131ll\u0131 M\u0131s\u0131rl\u0131 \u015fair ve yorumcu Tamim al-Barghouti, Gazze&#8217;de ya\u015fanan krizi tarihsel ve ahlaki \u00e7er\u00e7evede ele ald\u0131.<\/p>\n<p>\n\tFilistinlilere y\u00f6nelik ayr\u0131mc\u0131l\u0131\u011f\u0131n \u0130srail&#8217;in anayasal ve siyasal yap\u0131s\u0131na i\u015flendi\u011fini s\u00f6yleyen Barghouti, &#8220;Filistin&#8217;de ya\u015fananlar ve y\u00fczy\u0131llard\u0131r s\u00fcrmekte olan uygulamalar, apartheid ve ayr\u0131mc\u0131l\u0131k eylemleridir, insanlar\u0131n kendi iradeleri d\u0131\u015f\u0131nda sahip olduklar\u0131 kimlikler \u00fczerinden ayr\u0131mc\u0131l\u0131\u011fa u\u011frat\u0131lmalar\u0131d\u0131r.&#8221; dedi.<\/p>\n<p>\n\tFilistinlileri yerinden etme giri\u015fimlerinin ise tarih boyunca ba\u015far\u0131s\u0131z oldu\u011funu vurgulayan Barghouti, Filistin&#8217;i i\u015fgal etme projesinin de ba\u015far\u0131s\u0131zl\u0131\u011fa u\u011frad\u0131\u011f\u0131n\u0131 belirtti.<\/p>\n<p>\n\tK\u00fcresel Sumud Filosu aktivisti Thiago Avila da panelde \u00e7evrim i\u00e7i olarak yapt\u0131\u011f\u0131 konu\u015fmada Filistin meselesiyle yirmi y\u0131ll\u0131k ili\u015fkisini anlatt\u0131.<\/p>\n<p>\n\tSon iki y\u0131l\u0131n &#8220;soyk\u0131r\u0131m\u0131 m\u00fcmk\u00fcn k\u0131lan bir sistem&#8221; olarak adland\u0131rd\u0131\u011f\u0131 sisteme kar\u015f\u0131 k\u00fcresel bir uyan\u0131\u015f yaratt\u0131\u011f\u0131n\u0131 belirten Avila, bu politikalar\u0131, \u0131rk ayr\u0131mc\u0131l\u0131\u011f\u0131n\u0131 kurumsalla\u015ft\u0131ran yasal ve siyasi \u00e7er\u00e7evelere dayand\u0131rd\u0131.<\/p>\n<p>\n\tAvila, dayan\u0131\u015fma ve direni\u015fin s\u00fcrd\u00fcr\u00fclmesi \u00e7a\u011fr\u0131s\u0131nda bulunarak, &#8220;Mutlak adalet olmadan bar\u0131\u015f olmaz ve \u015fu anda yapmam\u0131z gereken de bu.&#8221; dedi.<\/p>\n<h2>\n\t&#8220;Gazze Mahkemesi&#8221; giri\u015fimi<\/h2>\n<p>\n\tGazze Mahkemesi, \u0130srail&#8217;in sald\u0131r\u0131lar\u0131 alt\u0131ndaki Gazze&#8217;de ya\u015fananlar\u0131n hukuki, siyasi ve etik y\u00f6nlerini ara\u015ft\u0131rmak \u00fczere kuruldu.<\/p>\n<p>\n\tBa\u011f\u0131ms\u0131z bir inisiyatif olarak kurulan, insanl\u0131k ve vicdan mahkemesi olan &#8220;Gazze Mahkemesi&#8221;, uzun haz\u0131rl\u0131k s\u00fcrecinin ard\u0131ndan \u0130ngiltere&#8217;nin ba\u015fkenti Londra&#8217;da ilk uluslararas\u0131 toplant\u0131s\u0131n\u0131 ger\u00e7ekle\u015ftirdi.<\/p>\n<p>\n\tEski BM Filistin \u00d6zel Raport\u00f6r\u00fc Falk&#8217;\u0131n liderli\u011finde y\u00fcr\u00fct\u00fclen projenin ba\u015fkanl\u0131k heyetinde eski BM \u00f6zel raport\u00f6rlerinden Michael Lynk ve Hilal Elver gibi isimlerin yan\u0131 s\u0131ra Raji Sourani, Susan Akram, Ahmet K\u00f6ro\u011flu, Diana Buttu, Cemil Ayd\u0131n ve Penny Green de bulunuyor.<\/p>\n<p>\n\t\u00d6nemli bile\u015fenlerden biri olan &#8220;mahkeme \u00fcyeleri&#8221; aras\u0131nda d\u00fcnyan\u0131n farkl\u0131 b\u00f6lgelerinden bir\u00e7ok tan\u0131nm\u0131\u015f isim yer al\u0131yor.<\/p>\n<p>\n\tBunlar aras\u0131nda Ilan Pappe, Jeff Halper, Ussama Makdisi, Ayhan \u00c7itil, Cornel West, Avi Shlaim, Naomi Klein, Asl\u0131 Bali, Mahmood Mamdani, Craig Mokhiber, Hatem Bazian, Mehmet Karl\u0131, Sami Al Arian, Frank Barat, Hassan Jabareen, Willy Mutunga, Victor Kattan ve Victoria Brittain bulunuyor.<\/p>\n<p>\n\tHalk vicdan\u0131na dayanan mahkemenin kurulu\u015fu ve haz\u0131rl\u0131k toplant\u0131s\u0131 Kas\u0131m 2024&#8217;te Londra&#8217;da, ikinci aya\u011f\u0131 ise May\u0131s 2025&#8217;te Bosna Hersek&#8217;in ba\u015fkenti Saraybosna&#8217;da d\u00fczenlendi.<\/p>\n<p>\n\tMahkeme, \u0130srail&#8217;in Gazze soyk\u0131r\u0131m\u0131n\u0131 ve Filistin halk\u0131na y\u00f6nelik i\u015fledi\u011fi hak ihlallerini \u00e7ok boyutlu inceleyerek g\u00fcndeme ta\u015f\u0131may\u0131 ve uluslararas\u0131 toplumun dikkatini \u00e7ekmeyi hedefliyor.<\/p>\n<div class=\"news-tags\">\n<div class=\"title\">ET\u0130KETLER<\/div>\n<div class=\"tags\">\n                                                                            Gazze<br \/>\n                                                                            \u0130srail&#8217;in Gazze Soyk\u0131r\u0131m\u0131<br \/>\n                                                                            \u0130srail\n                                                                    <\/div>\n<\/p><\/div>\n<\/p><\/div>\n","protected":false},"excerpt":{"rendered":"<p>Eski Birle\u015fmi\u015f Milletler (BM) Filistin Raport\u00f6r\u00fc Prof. Dr. Richard Falk ba\u015fkanl\u0131\u011f\u0131nda, \u0130srail&#8217;in Gazze&#8217;de i\u015fledi\u011fi sava\u015f su\u00e7lar\u0131n\u0131 ara\u015ft\u0131rmak \u00fczere kurulan k\u00fcresel ve ba\u011f\u0131ms\u0131z giri\u015fim olan Gazze Mahkemesinin nihai oturumunun \u00fc\u00e7\u00fcnc\u00fc g\u00fcn\u00fcndeki panelde, Gazze&#8217;deki insani krizin k\u00f6kenleri ve yap\u0131sal nedenleri ele al\u0131nd\u0131. Panelde konu\u015fmac\u0131lar, ya\u015fananlar\u0131n, Filistinlilerin sistematik bi\u00e7imde m\u00fclks\u00fczle\u015ftirilmesine ve ayr\u0131mc\u0131l\u0131\u011fa dayanan derin bir yap\u0131n\u0131n sonucu oldu\u011funa<\/p>\n","protected":false},"author":1,"featured_media":97059,"comment_status":"open","ping_status":"open","sticky":false,"template":"","format":"standard","meta":{"footnotes":""},"categories":[306],"tags":[],"class_list":["post-97058","post","type-post","status-publish","format-standard","has-post-thumbnail","hentry","category-dunya"],"yoast_head":"<!-- This site is optimized with the Yoast SEO plugin v27.4 - https:\/\/yoast.com\/product\/yoast-seo-wordpress\/ -->\n<title>Gazze Mahkemesinde, Filistinlilere y\u00f6nelik uygulamalar\u0131n apartheid \u00f6zelli\u011fi ta\u015f\u0131d\u0131\u011f\u0131 vurguland\u0131 -<\/title>\n<meta name=\"robots\" content=\"index, follow, max-snippet:-1, max-image-preview:large, max-video-preview:-1\" \/>\n<link rel=\"canonical\" href=\"https:\/\/kibrisdakik.com\/?p=97058\" \/>\n<meta property=\"og:locale\" content=\"tr_TR\" \/>\n<meta property=\"og:type\" content=\"article\" \/>\n<meta property=\"og:title\" content=\"Gazze Mahkemesinde, Filistinlilere y\u00f6nelik uygulamalar\u0131n apartheid \u00f6zelli\u011fi ta\u015f\u0131d\u0131\u011f\u0131 vurguland\u0131 -\" \/>\n<meta property=\"og:description\" content=\"Eski Birle\u015fmi\u015f Milletler (BM) Filistin Raport\u00f6r\u00fc Prof. Dr. Richard Falk ba\u015fkanl\u0131\u011f\u0131nda, \u0130srail&#8217;in Gazze&#8217;de i\u015fledi\u011fi sava\u015f su\u00e7lar\u0131n\u0131 ara\u015ft\u0131rmak \u00fczere kurulan k\u00fcresel ve ba\u011f\u0131ms\u0131z giri\u015fim olan Gazze Mahkemesinin nihai oturumunun \u00fc\u00e7\u00fcnc\u00fc g\u00fcn\u00fcndeki panelde, Gazze&#8217;deki insani krizin k\u00f6kenleri ve yap\u0131sal nedenleri ele al\u0131nd\u0131. Panelde konu\u015fmac\u0131lar, ya\u015fananlar\u0131n, Filistinlilerin sistematik bi\u00e7imde m\u00fclks\u00fczle\u015ftirilmesine ve ayr\u0131mc\u0131l\u0131\u011fa dayanan derin bir yap\u0131n\u0131n sonucu oldu\u011funa\" \/>\n<meta property=\"og:url\" content=\"https:\/\/kibrisdakik.com\/?p=97058\" \/>\n<meta property=\"article:published_time\" content=\"2025-10-25T13:50:13+00:00\" \/>\n<meta property=\"og:image\" content=\"https:\/\/kibrisdakik.com\/wp-content\/uploads\/2025\/10\/gazze-mahkemesi-2411236.jpg\" \/>\n\t<meta property=\"og:image:width\" content=\"1280\" \/>\n\t<meta property=\"og:image:height\" content=\"720\" \/>\n\t<meta property=\"og:image:type\" content=\"image\/jpeg\" \/>\n<meta name=\"author\" content=\"admin\" \/>\n<meta name=\"twitter:card\" content=\"summary_large_image\" \/>\n<meta name=\"twitter:label1\" content=\"Yazan:\" \/>\n\t<meta name=\"twitter:data1\" content=\"admin\" \/>\n\t<meta name=\"twitter:label2\" content=\"Tahmini okuma s\u00fcresi\" \/>\n\t<meta name=\"twitter:data2\" content=\"3 dakika\" \/>\n<script type=\"application\/ld+json\" class=\"yoast-schema-graph\">{\"@context\":\"https:\\\/\\\/schema.org\",\"@graph\":[{\"@type\":\"Article\",\"@id\":\"https:\\\/\\\/kibrisdakik.com\\\/?p=97058#article\",\"isPartOf\":{\"@id\":\"https:\\\/\\\/kibrisdakik.com\\\/?p=97058\"},\"author\":{\"name\":\"admin\",\"@id\":\"https:\\\/\\\/kibrisdakik.com\\\/#\\\/schema\\\/person\\\/9cd9d437bbb44f72b73ba127e06d8e79\"},\"headline\":\"Gazze Mahkemesinde, Filistinlilere y\u00f6nelik uygulamalar\u0131n apartheid \u00f6zelli\u011fi ta\u015f\u0131d\u0131\u011f\u0131 vurguland\u0131\",\"datePublished\":\"2025-10-25T13:50:13+00:00\",\"mainEntityOfPage\":{\"@id\":\"https:\\\/\\\/kibrisdakik.com\\\/?p=97058\"},\"wordCount\":580,\"commentCount\":0,\"image\":{\"@id\":\"https:\\\/\\\/kibrisdakik.com\\\/?p=97058#primaryimage\"},\"thumbnailUrl\":\"https:\\\/\\\/kibrisdakik.com\\\/wp-content\\\/uploads\\\/2025\\\/10\\\/gazze-mahkemesi-2411236.jpg\",\"articleSection\":[\"D\u00fcnya\"],\"inLanguage\":\"tr\",\"potentialAction\":[{\"@type\":\"CommentAction\",\"name\":\"Comment\",\"target\":[\"https:\\\/\\\/kibrisdakik.com\\\/?p=97058#respond\"]}]},{\"@type\":\"WebPage\",\"@id\":\"https:\\\/\\\/kibrisdakik.com\\\/?p=97058\",\"url\":\"https:\\\/\\\/kibrisdakik.com\\\/?p=97058\",\"name\":\"Gazze Mahkemesinde, Filistinlilere y\u00f6nelik uygulamalar\u0131n apartheid \u00f6zelli\u011fi ta\u015f\u0131d\u0131\u011f\u0131 vurguland\u0131 -\",\"isPartOf\":{\"@id\":\"https:\\\/\\\/kibrisdakik.com\\\/#website\"},\"primaryImageOfPage\":{\"@id\":\"https:\\\/\\\/kibrisdakik.com\\\/?p=97058#primaryimage\"},\"image\":{\"@id\":\"https:\\\/\\\/kibrisdakik.com\\\/?p=97058#primaryimage\"},\"thumbnailUrl\":\"https:\\\/\\\/kibrisdakik.com\\\/wp-content\\\/uploads\\\/2025\\\/10\\\/gazze-mahkemesi-2411236.jpg\",\"datePublished\":\"2025-10-25T13:50:13+00:00\",\"author\":{\"@id\":\"https:\\\/\\\/kibrisdakik.com\\\/#\\\/schema\\\/person\\\/9cd9d437bbb44f72b73ba127e06d8e79\"},\"breadcrumb\":{\"@id\":\"https:\\\/\\\/kibrisdakik.com\\\/?p=97058#breadcrumb\"},\"inLanguage\":\"tr\",\"potentialAction\":[{\"@type\":\"ReadAction\",\"target\":[\"https:\\\/\\\/kibrisdakik.com\\\/?p=97058\"]}]},{\"@type\":\"ImageObject\",\"inLanguage\":\"tr\",\"@id\":\"https:\\\/\\\/kibrisdakik.com\\\/?p=97058#primaryimage\",\"url\":\"https:\\\/\\\/kibrisdakik.com\\\/wp-content\\\/uploads\\\/2025\\\/10\\\/gazze-mahkemesi-2411236.jpg\",\"contentUrl\":\"https:\\\/\\\/kibrisdakik.com\\\/wp-content\\\/uploads\\\/2025\\\/10\\\/gazze-mahkemesi-2411236.jpg\",\"width\":1280,\"height\":720},{\"@type\":\"BreadcrumbList\",\"@id\":\"https:\\\/\\\/kibrisdakik.com\\\/?p=97058#breadcrumb\",\"itemListElement\":[{\"@type\":\"ListItem\",\"position\":1,\"name\":\"Home\",\"item\":\"https:\\\/\\\/kibrisdakik.com\\\/\"},{\"@type\":\"ListItem\",\"position\":2,\"name\":\"Gazze Mahkemesinde, Filistinlilere y\u00f6nelik uygulamalar\u0131n apartheid \u00f6zelli\u011fi ta\u015f\u0131d\u0131\u011f\u0131 vurguland\u0131\"}]},{\"@type\":\"WebSite\",\"@id\":\"https:\\\/\\\/kibrisdakik.com\\\/#website\",\"url\":\"https:\\\/\\\/kibrisdakik.com\\\/\",\"name\":\"\",\"description\":\"Tam vaktinde haber\",\"potentialAction\":[{\"@type\":\"SearchAction\",\"target\":{\"@type\":\"EntryPoint\",\"urlTemplate\":\"https:\\\/\\\/kibrisdakik.com\\\/?s={search_term_string}\"},\"query-input\":{\"@type\":\"PropertyValueSpecification\",\"valueRequired\":true,\"valueName\":\"search_term_string\"}}],\"inLanguage\":\"tr\"},{\"@type\":\"Person\",\"@id\":\"https:\\\/\\\/kibrisdakik.com\\\/#\\\/schema\\\/person\\\/9cd9d437bbb44f72b73ba127e06d8e79\",\"name\":\"admin\",\"image\":{\"@type\":\"ImageObject\",\"inLanguage\":\"tr\",\"@id\":\"https:\\\/\\\/secure.gravatar.com\\\/avatar\\\/ccc17943b9d660506c869530f897617f7cb1c21a4bf30023f252596d83e1f007?s=96&d=mm&r=g\",\"url\":\"https:\\\/\\\/secure.gravatar.com\\\/avatar\\\/ccc17943b9d660506c869530f897617f7cb1c21a4bf30023f252596d83e1f007?s=96&d=mm&r=g\",\"contentUrl\":\"https:\\\/\\\/secure.gravatar.com\\\/avatar\\\/ccc17943b9d660506c869530f897617f7cb1c21a4bf30023f252596d83e1f007?s=96&d=mm&r=g\",\"caption\":\"admin\"},\"sameAs\":[\"https:\\\/\\\/kibrisdakik.com\"],\"url\":\"https:\\\/\\\/kibrisdakik.com\\\/?author=1\"}]}<\/script>\n<!-- \/ Yoast SEO plugin. -->","yoast_head_json":{"title":"Gazze Mahkemesinde, Filistinlilere y\u00f6nelik uygulamalar\u0131n apartheid \u00f6zelli\u011fi ta\u015f\u0131d\u0131\u011f\u0131 vurguland\u0131 -","robots":{"index":"index","follow":"follow","max-snippet":"max-snippet:-1","max-image-preview":"max-image-preview:large","max-video-preview":"max-video-preview:-1"},"canonical":"https:\/\/kibrisdakik.com\/?p=97058","og_locale":"tr_TR","og_type":"article","og_title":"Gazze Mahkemesinde, Filistinlilere y\u00f6nelik uygulamalar\u0131n apartheid \u00f6zelli\u011fi ta\u015f\u0131d\u0131\u011f\u0131 vurguland\u0131 -","og_description":"Eski Birle\u015fmi\u015f Milletler (BM) Filistin Raport\u00f6r\u00fc Prof. Dr. Richard Falk ba\u015fkanl\u0131\u011f\u0131nda, \u0130srail&#8217;in Gazze&#8217;de i\u015fledi\u011fi sava\u015f su\u00e7lar\u0131n\u0131 ara\u015ft\u0131rmak \u00fczere kurulan k\u00fcresel ve ba\u011f\u0131ms\u0131z giri\u015fim olan Gazze Mahkemesinin nihai oturumunun \u00fc\u00e7\u00fcnc\u00fc g\u00fcn\u00fcndeki panelde, Gazze&#8217;deki insani krizin k\u00f6kenleri ve yap\u0131sal nedenleri ele al\u0131nd\u0131. Panelde konu\u015fmac\u0131lar, ya\u015fananlar\u0131n, Filistinlilerin sistematik bi\u00e7imde m\u00fclks\u00fczle\u015ftirilmesine ve ayr\u0131mc\u0131l\u0131\u011fa dayanan derin bir yap\u0131n\u0131n sonucu oldu\u011funa","og_url":"https:\/\/kibrisdakik.com\/?p=97058","article_published_time":"2025-10-25T13:50:13+00:00","og_image":[{"width":1280,"height":720,"url":"https:\/\/kibrisdakik.com\/wp-content\/uploads\/2025\/10\/gazze-mahkemesi-2411236.jpg","type":"image\/jpeg"}],"author":"admin","twitter_card":"summary_large_image","twitter_misc":{"Yazan:":"admin","Tahmini okuma s\u00fcresi":"3 dakika"},"schema":{"@context":"https:\/\/schema.org","@graph":[{"@type":"Article","@id":"https:\/\/kibrisdakik.com\/?p=97058#article","isPartOf":{"@id":"https:\/\/kibrisdakik.com\/?p=97058"},"author":{"name":"admin","@id":"https:\/\/kibrisdakik.com\/#\/schema\/person\/9cd9d437bbb44f72b73ba127e06d8e79"},"headline":"Gazze Mahkemesinde, Filistinlilere y\u00f6nelik uygulamalar\u0131n apartheid \u00f6zelli\u011fi ta\u015f\u0131d\u0131\u011f\u0131 vurguland\u0131","datePublished":"2025-10-25T13:50:13+00:00","mainEntityOfPage":{"@id":"https:\/\/kibrisdakik.com\/?p=97058"},"wordCount":580,"commentCount":0,"image":{"@id":"https:\/\/kibrisdakik.com\/?p=97058#primaryimage"},"thumbnailUrl":"https:\/\/kibrisdakik.com\/wp-content\/uploads\/2025\/10\/gazze-mahkemesi-2411236.jpg","articleSection":["D\u00fcnya"],"inLanguage":"tr","potentialAction":[{"@type":"CommentAction","name":"Comment","target":["https:\/\/kibrisdakik.com\/?p=97058#respond"]}]},{"@type":"WebPage","@id":"https:\/\/kibrisdakik.com\/?p=97058","url":"https:\/\/kibrisdakik.com\/?p=97058","name":"Gazze Mahkemesinde, Filistinlilere y\u00f6nelik uygulamalar\u0131n apartheid \u00f6zelli\u011fi ta\u015f\u0131d\u0131\u011f\u0131 vurguland\u0131 -","isPartOf":{"@id":"https:\/\/kibrisdakik.com\/#website"},"primaryImageOfPage":{"@id":"https:\/\/kibrisdakik.com\/?p=97058#primaryimage"},"image":{"@id":"https:\/\/kibrisdakik.com\/?p=97058#primaryimage"},"thumbnailUrl":"https:\/\/kibrisdakik.com\/wp-content\/uploads\/2025\/10\/gazze-mahkemesi-2411236.jpg","datePublished":"2025-10-25T13:50:13+00:00","author":{"@id":"https:\/\/kibrisdakik.com\/#\/schema\/person\/9cd9d437bbb44f72b73ba127e06d8e79"},"breadcrumb":{"@id":"https:\/\/kibrisdakik.com\/?p=97058#breadcrumb"},"inLanguage":"tr","potentialAction":[{"@type":"ReadAction","target":["https:\/\/kibrisdakik.com\/?p=97058"]}]},{"@type":"ImageObject","inLanguage":"tr","@id":"https:\/\/kibrisdakik.com\/?p=97058#primaryimage","url":"https:\/\/kibrisdakik.com\/wp-content\/uploads\/2025\/10\/gazze-mahkemesi-2411236.jpg","contentUrl":"https:\/\/kibrisdakik.com\/wp-content\/uploads\/2025\/10\/gazze-mahkemesi-2411236.jpg","width":1280,"height":720},{"@type":"BreadcrumbList","@id":"https:\/\/kibrisdakik.com\/?p=97058#breadcrumb","itemListElement":[{"@type":"ListItem","position":1,"name":"Home","item":"https:\/\/kibrisdakik.com\/"},{"@type":"ListItem","position":2,"name":"Gazze Mahkemesinde, Filistinlilere y\u00f6nelik uygulamalar\u0131n apartheid \u00f6zelli\u011fi ta\u015f\u0131d\u0131\u011f\u0131 vurguland\u0131"}]},{"@type":"WebSite","@id":"https:\/\/kibrisdakik.com\/#website","url":"https:\/\/kibrisdakik.com\/","name":"","description":"Tam vaktinde haber","potentialAction":[{"@type":"SearchAction","target":{"@type":"EntryPoint","urlTemplate":"https:\/\/kibrisdakik.com\/?s={search_term_string}"},"query-input":{"@type":"PropertyValueSpecification","valueRequired":true,"valueName":"search_term_string"}}],"inLanguage":"tr"},{"@type":"Person","@id":"https:\/\/kibrisdakik.com\/#\/schema\/person\/9cd9d437bbb44f72b73ba127e06d8e79","name":"admin","image":{"@type":"ImageObject","inLanguage":"tr","@id":"https:\/\/secure.gravatar.com\/avatar\/ccc17943b9d660506c869530f897617f7cb1c21a4bf30023f252596d83e1f007?s=96&d=mm&r=g","url":"https:\/\/secure.gravatar.com\/avatar\/ccc17943b9d660506c869530f897617f7cb1c21a4bf30023f252596d83e1f007?s=96&d=mm&r=g","contentUrl":"https:\/\/secure.gravatar.com\/avatar\/ccc17943b9d660506c869530f897617f7cb1c21a4bf30023f252596d83e1f007?s=96&d=mm&r=g","caption":"admin"},"sameAs":["https:\/\/kibrisdakik.com"],"url":"https:\/\/kibrisdakik.com\/?author=1"}]}},"_links":{"self":[{"href":"https:\/\/kibrisdakik.com\/index.php?rest_route=\/wp\/v2\/posts\/97058","targetHints":{"allow":["GET"]}}],"collection":[{"href":"https:\/\/kibrisdakik.com\/index.php?rest_route=\/wp\/v2\/posts"}],"about":[{"href":"https:\/\/kibrisdakik.com\/index.php?rest_route=\/wp\/v2\/types\/post"}],"author":[{"embeddable":true,"href":"https:\/\/kibrisdakik.com\/index.php?rest_route=\/wp\/v2\/users\/1"}],"replies":[{"embeddable":true,"href":"https:\/\/kibrisdakik.com\/index.php?rest_route=%2Fwp%2Fv2%2Fcomments&post=97058"}],"version-history":[{"count":0,"href":"https:\/\/kibrisdakik.com\/index.php?rest_route=\/wp\/v2\/posts\/97058\/revisions"}],"wp:featuredmedia":[{"embeddable":true,"href":"https:\/\/kibrisdakik.com\/index.php?rest_route=\/wp\/v2\/media\/97059"}],"wp:attachment":[{"href":"https:\/\/kibrisdakik.com\/index.php?rest_route=%2Fwp%2Fv2%2Fmedia&parent=97058"}],"wp:term":[{"taxonomy":"category","embeddable":true,"href":"https:\/\/kibrisdakik.com\/index.php?rest_route=%2Fwp%2Fv2%2Fcategories&post=97058"},{"taxonomy":"post_tag","embeddable":true,"href":"https:\/\/kibrisdakik.com\/index.php?rest_route=%2Fwp%2Fv2%2Ftags&post=97058"}],"curies":[{"name":"wp","href":"https:\/\/api.w.org\/{rel}","templated":true}]}}