{"id":97081,"date":"2025-10-26T09:20:29","date_gmt":"2025-10-26T07:20:29","guid":{"rendered":"https:\/\/kibrisdakik.com\/index.php\/2025\/10\/26\/israilin-yerinden-ettigi-lubnanlilar-2-yil-sonra-dondukleri-zeytinliklerini-yok-edilmis-halde-buldu\/"},"modified":"2025-10-26T09:20:29","modified_gmt":"2025-10-26T07:20:29","slug":"israilin-yerinden-ettigi-lubnanlilar-2-yil-sonra-dondukleri-zeytinliklerini-yok-edilmis-halde-buldu","status":"publish","type":"post","link":"https:\/\/kibrisdakik.com\/?p=97081","title":{"rendered":"\u0130srail&#039;in yerinden etti\u011fi L\u00fcbnanl\u0131lar, 2 y\u0131l sonra d\u00f6nd\u00fckleri zeytinliklerini yok edilmi\u015f halde buldu"},"content":{"rendered":"<p><\/p>\n<div class=\"news-content\">\n<p>\n\tZeytin yeti\u015ftiricili\u011fi, Akdeniz \u00fclkesi L\u00fcbnan&#8217;da \u00e7ift\u00e7iler i\u00e7in temel bir gelir kayna\u011f\u0131n\u0131 olu\u015fturuyor.<\/p>\n<p>\n\tL\u00fcbnan&#8217;da yakla\u015f\u0131k 13,5 milyon zeytin a\u011fac\u0131 bulunuyor. Bu a\u011fa\u00e7lar, \u00fclkenin 10 bin 452 kilometrekarelik toplam y\u00fcz \u00f6l\u00e7\u00fcm\u00fcn\u00fcn yakla\u015f\u0131k y\u00fczde 5,4&#8217;\u00fcn\u00fc kapl\u0131yor ve her y\u0131l 100 ila 200 bin ton aras\u0131nda zeytin \u00fcretiyor.<\/p>\n<p>\n\t\u00dclkenin g\u00fcneyi de L\u00fcbnan&#8217;\u0131n zeytinliklerinin y\u00fczde 39&#8217;unu bar\u0131nd\u0131r\u0131yor.<\/p>\n<p>\n\tAncak \u0130srail&#8217;in L\u00fcbnan&#8217;\u0131n g\u00fcneyine y\u00f6nelik sald\u0131r\u0131lar\u0131 \u00e7ok say\u0131da ki\u015fiyi evini ve topra\u011f\u0131n\u0131 terk etmek zorunda b\u0131rakt\u0131.<\/p>\n<p>\n\t\u0130srail s\u0131n\u0131r\u0131na 5 kilometrelik mesafede bulunan tar\u0131m arazilerine, g\u00fcvenlik gerek\u00e7eleri nedeniyle uzun s\u00fcredir eri\u015fim yasak veya k\u0131s\u0131tl\u0131yd\u0131.<\/p>\n<p>\n\tAncak 18 Ekim itibar\u0131yla yetkililer, 3 g\u00fcn s\u00fcreyle ge\u00e7ici giri\u015f izni verilmesini onaylad\u0131. Gerek g\u00f6r\u00fclmesi halinde bu s\u00fcrenin uzat\u0131labilece\u011fi belirtildi.<\/p>\n<p>\n\tB\u00f6ylece s\u0131n\u0131r hatt\u0131ndaki k\u00f6ylerde ya\u015fayan \u00e7ift\u00e7iler, 2 y\u0131l aradan sonra ilk kez zeytinliklerini hasat i\u00e7in ziyaret edebildi.<\/p>\n<p>\n\t\u015eebaa, Kefr \u015euba ve B\u0131satra \u00c7iftli\u011fi&#8217;nden k\u00f6yl\u00fcler, \u0130srail&#8217;in b\u00f6lgeye sald\u0131r\u0131lar\u0131 sonucu mahrum kald\u0131klar\u0131 zeytin bah\u00e7elerine Birle\u015fmi\u015f Milletler L\u00fcbnan Ge\u00e7ici Bar\u0131\u015f G\u00fcc\u00fc (UNIFIL) ve L\u00fcbnan ordusunun korumas\u0131nda girebildi.<\/p>\n<h2>\n\t50 bin a\u011fa\u00e7 yok edildi<\/h2>\n<p>\n\tL\u00fcbnan Tar\u0131m Bakan\u0131 Nizar Hani, yapt\u0131\u011f\u0131 a\u00e7\u0131klamada, Birle\u015fmi\u015f Milletler G\u0131da ve Tar\u0131m \u00d6rg\u00fct\u00fc (FAO), D\u00fcnya Bankas\u0131 ve Ulusal Bilimsel Ara\u015ft\u0131rmalar Konseyi ile ortak haz\u0131rlad\u0131klar\u0131 rapora g\u00f6re, \u0130srail sald\u0131r\u0131lar\u0131 sonucu L\u00fcbnan&#8217;\u0131n 50 bin a\u011fa\u00e7 kaybetti\u011fini s\u00f6yledi.<\/p>\n<p>\n\tHani, &#8220;Bu nedenle Tar\u0131m Bakanl\u0131\u011f\u0131, may\u0131s ay\u0131nda 50 bin zeytin a\u011fac\u0131n\u0131n yeniden dikilmesi i\u00e7in bir kampanya ba\u015flatt\u0131. \u015eu ana kadar bunlardan 2 bini dikildi, geri kalanlar\u0131n dikimine ise gelecek aydan itibaren devam edilecek.&#8221; dedi.<\/p>\n<h2>\n\t&#8220;A\u011fa\u00e7lar\u0131 yanm\u0131\u015f, topra\u011f\u0131 ise tamamen kaz\u0131lm\u0131\u015f halde bulduk&#8221;<\/h2>\n<p>\n\tKefr \u015euba beldesinden \u00e7ift\u00e7i Muhammed el-Kadri, &#8220;2 y\u0131ld\u0131r ilk kez topra\u011f\u0131ma geldim. A\u011fa\u00e7lar\u0131 yanm\u0131\u015f, topra\u011f\u0131 ise tamamen kaz\u0131lm\u0131\u015f halde bulduk.&#8221; ifadesini kulland\u0131.<\/p>\n<p>\n\tKadri, \u0130srail sald\u0131r\u0131lar\u0131 sonucu yollar\u0131n tahrip olmas\u0131ndan dolay\u0131 b\u00f6lgeye g\u00fc\u00e7l\u00fckle ula\u015ft\u0131klar\u0131n\u0131 kaydetti.<\/p>\n<h2>\n\t&#8220;Zeytin hasad\u0131 s\u00fcresince yan\u0131m\u0131zda olmalar\u0131n\u0131 talep ettik&#8221;<\/h2>\n<p>\n\tArkub Belediyeler Birli\u011fi Ba\u015fkan\u0131 Kas\u0131m Kadri ise \u00e7ift\u00e7ilerin 2 hasat sezonunu \u00fcst \u00fcste kaybetti\u011fini vurgulayarak bu y\u0131lki zeytin hasad\u0131n\u0131n iyi ge\u00e7mesini umduklar\u0131n\u0131 anlatt\u0131.<\/p>\n<p>\n\tKadri, g\u00fcney halk\u0131n\u0131n sadece kendi topraklar\u0131nda onurlu \u015fekilde bar\u0131\u015f i\u00e7inde ya\u015famak istedi\u011fine dikkati \u00e7ekerek, &#8220;Ordunun ve UNIFIL&#8217;in g\u00f6revi g\u00fcvenli\u011fi ve bar\u0131\u015f\u0131 korumak, vatanda\u015flar\u0131 koruyup desteklemektir. Bu nedenle zeytin hasad\u0131 s\u00fcresince yan\u0131m\u0131zda olmalar\u0131n\u0131 talep ettik.&#8221; ifadelerini kulland\u0131.<\/p>\n<p>\n\tKefr \u015euba&#8217;daki Tar\u0131m Kooperatifi Ba\u015fkan\u0131 Visam Yahya, s\u0131n\u0131r hatt\u0131nda zeytin a\u011fac\u0131 ekili onlarca hektarl\u0131k arazinin kaz\u0131nd\u0131\u011f\u0131n\u0131 s\u00f6yledi.<\/p>\n<p>\n\tYahya, &#8220;Zeytin hasad\u0131 i\u00e7in geldik. \u00c7o\u011fu arazilerimiz \u0130srail s\u0131n\u0131r\u0131nda yer al\u0131yor. Buralara girmek yasakt\u0131.&#8221; dedi.<\/p>\n<p>\n\tB\u0131satra b\u00f6lgesinden \u00e7ift\u00e7i kad\u0131nlardan Um Hudur Zehra ise kar\u015f\u0131la\u015ft\u0131\u011f\u0131 manzara kar\u015f\u0131s\u0131nda \u015funlar\u0131 kaydetti:<\/p>\n<p>\n\t&#8220;Bu a\u011fa\u00e7 400 ya\u015f\u0131nda, ancak hi\u00e7bir meyve vermedi. Y\u0131llard\u0131r emek verdik r\u0131zk\u0131m\u0131z heder oldu.&#8221;<\/p>\n<p>\n\tKas\u0131m Ali ise ge\u00e7im kayna\u011f\u0131n\u0131 kaybetmenin \u00fcz\u00fcnt\u00fcs\u00fcyle g\u00f6zya\u015flar\u0131n\u0131 tutamayarak, &#8220;Hi\u00e7bir \u015fey b\u0131rakmad\u0131lar. Ne me\u015fe, ne zeytin, ne de ta\u015f. Topra\u011f\u0131m\u0131 tamamen yok ettiler, 50 y\u0131ll\u0131k eme\u011fimi bir anda y\u0131kt\u0131lar.&#8221; dedi.<\/p>\n<h2>\n\t&#8220;Bir\u00e7ok tarla bombard\u0131man sonucu tamamen yand\u0131&#8221;<\/h2>\n<p>\n\tKefr \u015euba muhtar\u0131 Hasan Ali Zehra ise 2 y\u0131l aradan sonra topraklar\u0131n\u0131 yeniden g\u00f6rmenin tarif edilemez bir duygu oldu\u011funu vurgulad\u0131.<\/p>\n<p>\n\tZehra, bu y\u0131l zeytin \u00fcretiminin ihmal nedeniyle b\u00fcy\u00fck \u00f6l\u00e7\u00fcde azald\u0131\u011f\u0131n\u0131 belirterek baz\u0131 zeytinlik sahiplerinin ge\u00e7mi\u015fte 20 ila 25 bidon (her biri 20 litre) zeytinya\u011f\u0131 elde ettiklerini ve ge\u00e7imlerini bu sat\u0131\u015ftan sa\u011flad\u0131klar\u0131n\u0131 ifade etti.<\/p>\n<p>\n\t2 y\u0131l boyunca zeytin a\u011fa\u00e7lar\u0131n\u0131n hi\u00e7 meyve vermedi\u011fine i\u015faret eden Zehra, &#8220;\u00c7\u00fcnk\u00fc bu s\u00fcrede \u0130srail sald\u0131r\u0131lar\u0131 nedeniyle kimse bak\u0131m yapamad\u0131. Ayr\u0131ca bir\u00e7ok tarla bombard\u0131man sonucu tamamen yand\u0131.&#8221; ifadelerini kulland\u0131.<\/p>\n<div class=\"news-tags\">\n<div class=\"title\">ET\u0130KETLER<\/div>\n<div class=\"tags\">\n                                                                            L\u00fcbnan<br \/>\n                                                                            \u0130srail\n                                                                    <\/div>\n<\/p><\/div>\n<\/p><\/div>\n","protected":false},"excerpt":{"rendered":"<p>Zeytin yeti\u015ftiricili\u011fi, Akdeniz \u00fclkesi L\u00fcbnan&#8217;da \u00e7ift\u00e7iler i\u00e7in temel bir gelir kayna\u011f\u0131n\u0131 olu\u015fturuyor. L\u00fcbnan&#8217;da yakla\u015f\u0131k 13,5 milyon zeytin a\u011fac\u0131 bulunuyor. Bu a\u011fa\u00e7lar, \u00fclkenin 10 bin 452 kilometrekarelik toplam y\u00fcz \u00f6l\u00e7\u00fcm\u00fcn\u00fcn yakla\u015f\u0131k y\u00fczde 5,4&#8217;\u00fcn\u00fc kapl\u0131yor ve her y\u0131l 100 ila 200 bin ton aras\u0131nda zeytin \u00fcretiyor. \u00dclkenin g\u00fcneyi de L\u00fcbnan&#8217;\u0131n zeytinliklerinin y\u00fczde 39&#8217;unu bar\u0131nd\u0131r\u0131yor. Ancak \u0130srail&#8217;in L\u00fcbnan&#8217;\u0131n<\/p>\n","protected":false},"author":1,"featured_media":97082,"comment_status":"open","ping_status":"open","sticky":false,"template":"","format":"standard","meta":{"footnotes":""},"categories":[306],"tags":[],"class_list":["post-97081","post","type-post","status-publish","format-standard","has-post-thumbnail","hentry","category-dunya"],"yoast_head":"<!-- This site is optimized with the Yoast SEO plugin v27.4 - https:\/\/yoast.com\/product\/yoast-seo-wordpress\/ -->\n<title>\u0130srail&#039;in yerinden etti\u011fi L\u00fcbnanl\u0131lar, 2 y\u0131l sonra d\u00f6nd\u00fckleri zeytinliklerini yok edilmi\u015f halde buldu -<\/title>\n<meta name=\"robots\" content=\"index, follow, max-snippet:-1, max-image-preview:large, max-video-preview:-1\" \/>\n<link rel=\"canonical\" href=\"https:\/\/kibrisdakik.com\/?p=97081\" \/>\n<meta property=\"og:locale\" content=\"tr_TR\" \/>\n<meta property=\"og:type\" content=\"article\" \/>\n<meta property=\"og:title\" content=\"\u0130srail&#039;in yerinden etti\u011fi L\u00fcbnanl\u0131lar, 2 y\u0131l sonra d\u00f6nd\u00fckleri zeytinliklerini yok edilmi\u015f halde buldu -\" \/>\n<meta property=\"og:description\" content=\"Zeytin yeti\u015ftiricili\u011fi, Akdeniz \u00fclkesi L\u00fcbnan&#8217;da \u00e7ift\u00e7iler i\u00e7in temel bir gelir kayna\u011f\u0131n\u0131 olu\u015fturuyor. L\u00fcbnan&#8217;da yakla\u015f\u0131k 13,5 milyon zeytin a\u011fac\u0131 bulunuyor. Bu a\u011fa\u00e7lar, \u00fclkenin 10 bin 452 kilometrekarelik toplam y\u00fcz \u00f6l\u00e7\u00fcm\u00fcn\u00fcn yakla\u015f\u0131k y\u00fczde 5,4&#8217;\u00fcn\u00fc kapl\u0131yor ve her y\u0131l 100 ila 200 bin ton aras\u0131nda zeytin \u00fcretiyor. \u00dclkenin g\u00fcneyi de L\u00fcbnan&#8217;\u0131n zeytinliklerinin y\u00fczde 39&#8217;unu bar\u0131nd\u0131r\u0131yor. Ancak \u0130srail&#8217;in L\u00fcbnan&#8217;\u0131n\" \/>\n<meta property=\"og:url\" content=\"https:\/\/kibrisdakik.com\/?p=97081\" \/>\n<meta property=\"article:published_time\" content=\"2025-10-26T07:20:29+00:00\" \/>\n<meta property=\"og:image\" content=\"https:\/\/kibrisdakik.com\/wp-content\/uploads\/2025\/10\/lbn-zytn-aa-2411247.jpg\" \/>\n\t<meta property=\"og:image:width\" content=\"1280\" \/>\n\t<meta property=\"og:image:height\" content=\"720\" \/>\n\t<meta property=\"og:image:type\" content=\"image\/jpeg\" \/>\n<meta name=\"author\" content=\"admin\" \/>\n<meta name=\"twitter:card\" content=\"summary_large_image\" \/>\n<meta name=\"twitter:label1\" content=\"Yazan:\" \/>\n\t<meta name=\"twitter:data1\" content=\"admin\" \/>\n\t<meta name=\"twitter:label2\" content=\"Tahmini okuma s\u00fcresi\" \/>\n\t<meta name=\"twitter:data2\" content=\"4 dakika\" \/>\n<script type=\"application\/ld+json\" class=\"yoast-schema-graph\">{\"@context\":\"https:\\\/\\\/schema.org\",\"@graph\":[{\"@type\":\"Article\",\"@id\":\"https:\\\/\\\/kibrisdakik.com\\\/?p=97081#article\",\"isPartOf\":{\"@id\":\"https:\\\/\\\/kibrisdakik.com\\\/?p=97081\"},\"author\":{\"name\":\"admin\",\"@id\":\"https:\\\/\\\/kibrisdakik.com\\\/#\\\/schema\\\/person\\\/9cd9d437bbb44f72b73ba127e06d8e79\"},\"headline\":\"\u0130srail&#039;in yerinden etti\u011fi L\u00fcbnanl\u0131lar, 2 y\u0131l sonra d\u00f6nd\u00fckleri zeytinliklerini yok edilmi\u015f halde buldu\",\"datePublished\":\"2025-10-26T07:20:29+00:00\",\"mainEntityOfPage\":{\"@id\":\"https:\\\/\\\/kibrisdakik.com\\\/?p=97081\"},\"wordCount\":755,\"commentCount\":0,\"image\":{\"@id\":\"https:\\\/\\\/kibrisdakik.com\\\/?p=97081#primaryimage\"},\"thumbnailUrl\":\"https:\\\/\\\/kibrisdakik.com\\\/wp-content\\\/uploads\\\/2025\\\/10\\\/lbn-zytn-aa-2411247.jpg\",\"articleSection\":[\"D\u00fcnya\"],\"inLanguage\":\"tr\",\"potentialAction\":[{\"@type\":\"CommentAction\",\"name\":\"Comment\",\"target\":[\"https:\\\/\\\/kibrisdakik.com\\\/?p=97081#respond\"]}]},{\"@type\":\"WebPage\",\"@id\":\"https:\\\/\\\/kibrisdakik.com\\\/?p=97081\",\"url\":\"https:\\\/\\\/kibrisdakik.com\\\/?p=97081\",\"name\":\"\u0130srail&#039;in yerinden etti\u011fi L\u00fcbnanl\u0131lar, 2 y\u0131l sonra d\u00f6nd\u00fckleri zeytinliklerini yok edilmi\u015f halde buldu -\",\"isPartOf\":{\"@id\":\"https:\\\/\\\/kibrisdakik.com\\\/#website\"},\"primaryImageOfPage\":{\"@id\":\"https:\\\/\\\/kibrisdakik.com\\\/?p=97081#primaryimage\"},\"image\":{\"@id\":\"https:\\\/\\\/kibrisdakik.com\\\/?p=97081#primaryimage\"},\"thumbnailUrl\":\"https:\\\/\\\/kibrisdakik.com\\\/wp-content\\\/uploads\\\/2025\\\/10\\\/lbn-zytn-aa-2411247.jpg\",\"datePublished\":\"2025-10-26T07:20:29+00:00\",\"author\":{\"@id\":\"https:\\\/\\\/kibrisdakik.com\\\/#\\\/schema\\\/person\\\/9cd9d437bbb44f72b73ba127e06d8e79\"},\"breadcrumb\":{\"@id\":\"https:\\\/\\\/kibrisdakik.com\\\/?p=97081#breadcrumb\"},\"inLanguage\":\"tr\",\"potentialAction\":[{\"@type\":\"ReadAction\",\"target\":[\"https:\\\/\\\/kibrisdakik.com\\\/?p=97081\"]}]},{\"@type\":\"ImageObject\",\"inLanguage\":\"tr\",\"@id\":\"https:\\\/\\\/kibrisdakik.com\\\/?p=97081#primaryimage\",\"url\":\"https:\\\/\\\/kibrisdakik.com\\\/wp-content\\\/uploads\\\/2025\\\/10\\\/lbn-zytn-aa-2411247.jpg\",\"contentUrl\":\"https:\\\/\\\/kibrisdakik.com\\\/wp-content\\\/uploads\\\/2025\\\/10\\\/lbn-zytn-aa-2411247.jpg\",\"width\":1280,\"height\":720},{\"@type\":\"BreadcrumbList\",\"@id\":\"https:\\\/\\\/kibrisdakik.com\\\/?p=97081#breadcrumb\",\"itemListElement\":[{\"@type\":\"ListItem\",\"position\":1,\"name\":\"Home\",\"item\":\"https:\\\/\\\/kibrisdakik.com\\\/\"},{\"@type\":\"ListItem\",\"position\":2,\"name\":\"\u0130srail&#039;in yerinden etti\u011fi L\u00fcbnanl\u0131lar, 2 y\u0131l sonra d\u00f6nd\u00fckleri zeytinliklerini yok edilmi\u015f halde buldu\"}]},{\"@type\":\"WebSite\",\"@id\":\"https:\\\/\\\/kibrisdakik.com\\\/#website\",\"url\":\"https:\\\/\\\/kibrisdakik.com\\\/\",\"name\":\"\",\"description\":\"Tam vaktinde haber\",\"potentialAction\":[{\"@type\":\"SearchAction\",\"target\":{\"@type\":\"EntryPoint\",\"urlTemplate\":\"https:\\\/\\\/kibrisdakik.com\\\/?s={search_term_string}\"},\"query-input\":{\"@type\":\"PropertyValueSpecification\",\"valueRequired\":true,\"valueName\":\"search_term_string\"}}],\"inLanguage\":\"tr\"},{\"@type\":\"Person\",\"@id\":\"https:\\\/\\\/kibrisdakik.com\\\/#\\\/schema\\\/person\\\/9cd9d437bbb44f72b73ba127e06d8e79\",\"name\":\"admin\",\"image\":{\"@type\":\"ImageObject\",\"inLanguage\":\"tr\",\"@id\":\"https:\\\/\\\/secure.gravatar.com\\\/avatar\\\/ccc17943b9d660506c869530f897617f7cb1c21a4bf30023f252596d83e1f007?s=96&d=mm&r=g\",\"url\":\"https:\\\/\\\/secure.gravatar.com\\\/avatar\\\/ccc17943b9d660506c869530f897617f7cb1c21a4bf30023f252596d83e1f007?s=96&d=mm&r=g\",\"contentUrl\":\"https:\\\/\\\/secure.gravatar.com\\\/avatar\\\/ccc17943b9d660506c869530f897617f7cb1c21a4bf30023f252596d83e1f007?s=96&d=mm&r=g\",\"caption\":\"admin\"},\"sameAs\":[\"https:\\\/\\\/kibrisdakik.com\"],\"url\":\"https:\\\/\\\/kibrisdakik.com\\\/?author=1\"}]}<\/script>\n<!-- \/ Yoast SEO plugin. -->","yoast_head_json":{"title":"\u0130srail&#039;in yerinden etti\u011fi L\u00fcbnanl\u0131lar, 2 y\u0131l sonra d\u00f6nd\u00fckleri zeytinliklerini yok edilmi\u015f halde buldu -","robots":{"index":"index","follow":"follow","max-snippet":"max-snippet:-1","max-image-preview":"max-image-preview:large","max-video-preview":"max-video-preview:-1"},"canonical":"https:\/\/kibrisdakik.com\/?p=97081","og_locale":"tr_TR","og_type":"article","og_title":"\u0130srail&#039;in yerinden etti\u011fi L\u00fcbnanl\u0131lar, 2 y\u0131l sonra d\u00f6nd\u00fckleri zeytinliklerini yok edilmi\u015f halde buldu -","og_description":"Zeytin yeti\u015ftiricili\u011fi, Akdeniz \u00fclkesi L\u00fcbnan&#8217;da \u00e7ift\u00e7iler i\u00e7in temel bir gelir kayna\u011f\u0131n\u0131 olu\u015fturuyor. L\u00fcbnan&#8217;da yakla\u015f\u0131k 13,5 milyon zeytin a\u011fac\u0131 bulunuyor. Bu a\u011fa\u00e7lar, \u00fclkenin 10 bin 452 kilometrekarelik toplam y\u00fcz \u00f6l\u00e7\u00fcm\u00fcn\u00fcn yakla\u015f\u0131k y\u00fczde 5,4&#8217;\u00fcn\u00fc kapl\u0131yor ve her y\u0131l 100 ila 200 bin ton aras\u0131nda zeytin \u00fcretiyor. \u00dclkenin g\u00fcneyi de L\u00fcbnan&#8217;\u0131n zeytinliklerinin y\u00fczde 39&#8217;unu bar\u0131nd\u0131r\u0131yor. Ancak \u0130srail&#8217;in L\u00fcbnan&#8217;\u0131n","og_url":"https:\/\/kibrisdakik.com\/?p=97081","article_published_time":"2025-10-26T07:20:29+00:00","og_image":[{"width":1280,"height":720,"url":"https:\/\/kibrisdakik.com\/wp-content\/uploads\/2025\/10\/lbn-zytn-aa-2411247.jpg","type":"image\/jpeg"}],"author":"admin","twitter_card":"summary_large_image","twitter_misc":{"Yazan:":"admin","Tahmini okuma s\u00fcresi":"4 dakika"},"schema":{"@context":"https:\/\/schema.org","@graph":[{"@type":"Article","@id":"https:\/\/kibrisdakik.com\/?p=97081#article","isPartOf":{"@id":"https:\/\/kibrisdakik.com\/?p=97081"},"author":{"name":"admin","@id":"https:\/\/kibrisdakik.com\/#\/schema\/person\/9cd9d437bbb44f72b73ba127e06d8e79"},"headline":"\u0130srail&#039;in yerinden etti\u011fi L\u00fcbnanl\u0131lar, 2 y\u0131l sonra d\u00f6nd\u00fckleri zeytinliklerini yok edilmi\u015f halde buldu","datePublished":"2025-10-26T07:20:29+00:00","mainEntityOfPage":{"@id":"https:\/\/kibrisdakik.com\/?p=97081"},"wordCount":755,"commentCount":0,"image":{"@id":"https:\/\/kibrisdakik.com\/?p=97081#primaryimage"},"thumbnailUrl":"https:\/\/kibrisdakik.com\/wp-content\/uploads\/2025\/10\/lbn-zytn-aa-2411247.jpg","articleSection":["D\u00fcnya"],"inLanguage":"tr","potentialAction":[{"@type":"CommentAction","name":"Comment","target":["https:\/\/kibrisdakik.com\/?p=97081#respond"]}]},{"@type":"WebPage","@id":"https:\/\/kibrisdakik.com\/?p=97081","url":"https:\/\/kibrisdakik.com\/?p=97081","name":"\u0130srail&#039;in yerinden etti\u011fi L\u00fcbnanl\u0131lar, 2 y\u0131l sonra d\u00f6nd\u00fckleri zeytinliklerini yok edilmi\u015f halde buldu -","isPartOf":{"@id":"https:\/\/kibrisdakik.com\/#website"},"primaryImageOfPage":{"@id":"https:\/\/kibrisdakik.com\/?p=97081#primaryimage"},"image":{"@id":"https:\/\/kibrisdakik.com\/?p=97081#primaryimage"},"thumbnailUrl":"https:\/\/kibrisdakik.com\/wp-content\/uploads\/2025\/10\/lbn-zytn-aa-2411247.jpg","datePublished":"2025-10-26T07:20:29+00:00","author":{"@id":"https:\/\/kibrisdakik.com\/#\/schema\/person\/9cd9d437bbb44f72b73ba127e06d8e79"},"breadcrumb":{"@id":"https:\/\/kibrisdakik.com\/?p=97081#breadcrumb"},"inLanguage":"tr","potentialAction":[{"@type":"ReadAction","target":["https:\/\/kibrisdakik.com\/?p=97081"]}]},{"@type":"ImageObject","inLanguage":"tr","@id":"https:\/\/kibrisdakik.com\/?p=97081#primaryimage","url":"https:\/\/kibrisdakik.com\/wp-content\/uploads\/2025\/10\/lbn-zytn-aa-2411247.jpg","contentUrl":"https:\/\/kibrisdakik.com\/wp-content\/uploads\/2025\/10\/lbn-zytn-aa-2411247.jpg","width":1280,"height":720},{"@type":"BreadcrumbList","@id":"https:\/\/kibrisdakik.com\/?p=97081#breadcrumb","itemListElement":[{"@type":"ListItem","position":1,"name":"Home","item":"https:\/\/kibrisdakik.com\/"},{"@type":"ListItem","position":2,"name":"\u0130srail&#039;in yerinden etti\u011fi L\u00fcbnanl\u0131lar, 2 y\u0131l sonra d\u00f6nd\u00fckleri zeytinliklerini yok edilmi\u015f halde buldu"}]},{"@type":"WebSite","@id":"https:\/\/kibrisdakik.com\/#website","url":"https:\/\/kibrisdakik.com\/","name":"","description":"Tam vaktinde haber","potentialAction":[{"@type":"SearchAction","target":{"@type":"EntryPoint","urlTemplate":"https:\/\/kibrisdakik.com\/?s={search_term_string}"},"query-input":{"@type":"PropertyValueSpecification","valueRequired":true,"valueName":"search_term_string"}}],"inLanguage":"tr"},{"@type":"Person","@id":"https:\/\/kibrisdakik.com\/#\/schema\/person\/9cd9d437bbb44f72b73ba127e06d8e79","name":"admin","image":{"@type":"ImageObject","inLanguage":"tr","@id":"https:\/\/secure.gravatar.com\/avatar\/ccc17943b9d660506c869530f897617f7cb1c21a4bf30023f252596d83e1f007?s=96&d=mm&r=g","url":"https:\/\/secure.gravatar.com\/avatar\/ccc17943b9d660506c869530f897617f7cb1c21a4bf30023f252596d83e1f007?s=96&d=mm&r=g","contentUrl":"https:\/\/secure.gravatar.com\/avatar\/ccc17943b9d660506c869530f897617f7cb1c21a4bf30023f252596d83e1f007?s=96&d=mm&r=g","caption":"admin"},"sameAs":["https:\/\/kibrisdakik.com"],"url":"https:\/\/kibrisdakik.com\/?author=1"}]}},"_links":{"self":[{"href":"https:\/\/kibrisdakik.com\/index.php?rest_route=\/wp\/v2\/posts\/97081","targetHints":{"allow":["GET"]}}],"collection":[{"href":"https:\/\/kibrisdakik.com\/index.php?rest_route=\/wp\/v2\/posts"}],"about":[{"href":"https:\/\/kibrisdakik.com\/index.php?rest_route=\/wp\/v2\/types\/post"}],"author":[{"embeddable":true,"href":"https:\/\/kibrisdakik.com\/index.php?rest_route=\/wp\/v2\/users\/1"}],"replies":[{"embeddable":true,"href":"https:\/\/kibrisdakik.com\/index.php?rest_route=%2Fwp%2Fv2%2Fcomments&post=97081"}],"version-history":[{"count":0,"href":"https:\/\/kibrisdakik.com\/index.php?rest_route=\/wp\/v2\/posts\/97081\/revisions"}],"wp:featuredmedia":[{"embeddable":true,"href":"https:\/\/kibrisdakik.com\/index.php?rest_route=\/wp\/v2\/media\/97082"}],"wp:attachment":[{"href":"https:\/\/kibrisdakik.com\/index.php?rest_route=%2Fwp%2Fv2%2Fmedia&parent=97081"}],"wp:term":[{"taxonomy":"category","embeddable":true,"href":"https:\/\/kibrisdakik.com\/index.php?rest_route=%2Fwp%2Fv2%2Fcategories&post=97081"},{"taxonomy":"post_tag","embeddable":true,"href":"https:\/\/kibrisdakik.com\/index.php?rest_route=%2Fwp%2Fv2%2Ftags&post=97081"}],"curies":[{"name":"wp","href":"https:\/\/api.w.org\/{rel}","templated":true}]}}