{"id":97112,"date":"2025-10-26T22:32:17","date_gmt":"2025-10-26T20:32:17","guid":{"rendered":"https:\/\/kibrisdakik.com\/index.php\/2025\/10\/26\/filistinli-esirler-siddet-ac-birakilma-ve-tibbi-ihmale-maruz-kaliyor\/"},"modified":"2025-10-26T22:32:17","modified_gmt":"2025-10-26T20:32:17","slug":"filistinli-esirler-siddet-ac-birakilma-ve-tibbi-ihmale-maruz-kaliyor","status":"publish","type":"post","link":"https:\/\/kibrisdakik.com\/?p=97112","title":{"rendered":"Filistinli esirler \u015fiddet, a\u00e7 b\u0131rak\u0131lma ve t\u0131bbi ihmale maruz kal\u0131yor"},"content":{"rendered":"<p><\/p>\n<div class=\"news-content\">\n<p>\n\tFilistin Esirler ve Serbest B\u0131rak\u0131lanlar Heyeti&#8217;nin avukatlar\u0131n\u0131n Filistinli esirleri ziyaretinin ard\u0131ndan yap\u0131lan yaz\u0131l\u0131 a\u00e7\u0131klamada, Filistinli esirlerin durumuna ili\u015fkin bilgi verildi.<\/p>\n<p>\n\tA\u00e7\u0131klamada, Filistinli esirlerin hapishanelerde trajik ya\u015fam ko\u015fullar\u0131 i\u00e7inde olduklar\u0131na i\u015faret edildi.<\/p>\n<p>\n\tEsirlerin s\u00fcrekli olarak d\u00f6v\u00fcl\u00fcp a\u015fa\u011f\u0131land\u0131klar\u0131 ve odalar\u0131na yap\u0131lan bask\u0131nlara maruz kald\u0131klar\u0131, ayr\u0131ca a\u00e7 b\u0131rak\u0131lma ve t\u0131bbi ihmal politikalar\u0131na tabi tutulduklar\u0131 belirtildi.<\/p>\n<p>\n\tFilistinli esirlerin k\u0131\u015fl\u0131k k\u0131yafet eksikli\u011fi nedeniyle \u015fikayet\u00e7i olduklar\u0131 aktar\u0131lan a\u00e7\u0131klamada, gece s\u0131cakl\u0131klar\u0131n d\u00fc\u015fmeye ba\u015flad\u0131\u011f\u0131, mevcut giysilerin so\u011fu\u011fa kar\u015f\u0131 yeterli koruma sa\u011flamad\u0131\u011f\u0131 vurguland\u0131.<\/p>\n<p>\n\tHeyetin a\u00e7\u0131klamas\u0131nda, tutuklular\u0131n hayat\u0131 ve hapishanedeki ko\u015fullardan \u0130srail h\u00fck\u00fcmeti ve ona ba\u011fl\u0131 hapishane y\u00f6netiminin tamamen sorumlu oldu\u011fu ifade edildi.<\/p>\n<p>\n\t\u0130nsan haklar\u0131 kurulu\u015flar\u0131na \u00e7a\u011fr\u0131 yap\u0131lan a\u00e7\u0131klamada, &#8220;\u0130srail&#8217;i uluslararas\u0131 anla\u015fmalara ve s\u00f6zle\u015fmelere uymaya zorlamak ve \u00f6zellikle k\u0131\u015f yakla\u015f\u0131rken esirlerin haklar\u0131n\u0131 sa\u011flamak i\u00e7in derhal harekete ge\u00e7meleri&#8221; talep edildi.<\/p>\n<div class=\"news-tags\">\n<div class=\"title\">ET\u0130KETLER<\/div>\n<div class=\"tags\">\n                                                                            Filistin Devleti<br \/>\n                                                                            \u0130srail&#8217;in Gazze Soyk\u0131r\u0131m\u0131<br \/>\n                                                                            \u0130srail\n                                                                    <\/div>\n<\/p><\/div>\n<\/p><\/div>\n","protected":false},"excerpt":{"rendered":"<p>Filistin Esirler ve Serbest B\u0131rak\u0131lanlar Heyeti&#8217;nin avukatlar\u0131n\u0131n Filistinli esirleri ziyaretinin ard\u0131ndan yap\u0131lan yaz\u0131l\u0131 a\u00e7\u0131klamada, Filistinli esirlerin durumuna ili\u015fkin bilgi verildi. A\u00e7\u0131klamada, Filistinli esirlerin hapishanelerde trajik ya\u015fam ko\u015fullar\u0131 i\u00e7inde olduklar\u0131na i\u015faret edildi. Esirlerin s\u00fcrekli olarak d\u00f6v\u00fcl\u00fcp a\u015fa\u011f\u0131land\u0131klar\u0131 ve odalar\u0131na yap\u0131lan bask\u0131nlara maruz kald\u0131klar\u0131, ayr\u0131ca a\u00e7 b\u0131rak\u0131lma ve t\u0131bbi ihmal politikalar\u0131na tabi tutulduklar\u0131 belirtildi. Filistinli esirlerin k\u0131\u015fl\u0131k<\/p>\n","protected":false},"author":1,"featured_media":95579,"comment_status":"open","ping_status":"open","sticky":false,"template":"","format":"standard","meta":{"footnotes":""},"categories":[306],"tags":[],"class_list":["post-97112","post","type-post","status-publish","format-standard","has-post-thumbnail","hentry","category-dunya"],"yoast_head":"<!-- This site is optimized with the Yoast SEO plugin v27.5 - https:\/\/yoast.com\/product\/yoast-seo-wordpress\/ -->\n<title>Filistinli esirler \u015fiddet, a\u00e7 b\u0131rak\u0131lma ve t\u0131bbi ihmale maruz kal\u0131yor -<\/title>\n<meta name=\"robots\" content=\"index, follow, max-snippet:-1, max-image-preview:large, max-video-preview:-1\" \/>\n<link rel=\"canonical\" href=\"https:\/\/kibrisdakik.com\/?p=97112\" \/>\n<meta property=\"og:locale\" content=\"tr_TR\" \/>\n<meta property=\"og:type\" content=\"article\" \/>\n<meta property=\"og:title\" content=\"Filistinli esirler \u015fiddet, a\u00e7 b\u0131rak\u0131lma ve t\u0131bbi ihmale maruz kal\u0131yor -\" \/>\n<meta property=\"og:description\" content=\"Filistin Esirler ve Serbest B\u0131rak\u0131lanlar Heyeti&#8217;nin avukatlar\u0131n\u0131n Filistinli esirleri ziyaretinin ard\u0131ndan yap\u0131lan yaz\u0131l\u0131 a\u00e7\u0131klamada, Filistinli esirlerin durumuna ili\u015fkin bilgi verildi. A\u00e7\u0131klamada, Filistinli esirlerin hapishanelerde trajik ya\u015fam ko\u015fullar\u0131 i\u00e7inde olduklar\u0131na i\u015faret edildi. Esirlerin s\u00fcrekli olarak d\u00f6v\u00fcl\u00fcp a\u015fa\u011f\u0131land\u0131klar\u0131 ve odalar\u0131na yap\u0131lan bask\u0131nlara maruz kald\u0131klar\u0131, ayr\u0131ca a\u00e7 b\u0131rak\u0131lma ve t\u0131bbi ihmal politikalar\u0131na tabi tutulduklar\u0131 belirtildi. Filistinli esirlerin k\u0131\u015fl\u0131k\" \/>\n<meta property=\"og:url\" content=\"https:\/\/kibrisdakik.com\/?p=97112\" \/>\n<meta property=\"article:published_time\" content=\"2025-10-26T20:32:17+00:00\" \/>\n<meta property=\"og:image\" content=\"https:\/\/kibrisdakik.com\/wp-content\/uploads\/2025\/10\/filistinli-esir-2407292.jpg\" \/>\n\t<meta property=\"og:image:width\" content=\"1280\" \/>\n\t<meta property=\"og:image:height\" content=\"720\" \/>\n\t<meta property=\"og:image:type\" content=\"image\/jpeg\" \/>\n<meta name=\"author\" content=\"admin\" \/>\n<meta name=\"twitter:card\" content=\"summary_large_image\" \/>\n<meta name=\"twitter:label1\" content=\"Yazan:\" \/>\n\t<meta name=\"twitter:data1\" content=\"admin\" \/>\n\t<meta name=\"twitter:label2\" content=\"Tahmini okuma s\u00fcresi\" \/>\n\t<meta name=\"twitter:data2\" content=\"1 dakika\" \/>\n<script type=\"application\/ld+json\" class=\"yoast-schema-graph\">{\"@context\":\"https:\\\/\\\/schema.org\",\"@graph\":[{\"@type\":\"Article\",\"@id\":\"https:\\\/\\\/kibrisdakik.com\\\/?p=97112#article\",\"isPartOf\":{\"@id\":\"https:\\\/\\\/kibrisdakik.com\\\/?p=97112\"},\"author\":{\"name\":\"admin\",\"@id\":\"https:\\\/\\\/kibrisdakik.com\\\/#\\\/schema\\\/person\\\/9cd9d437bbb44f72b73ba127e06d8e79\"},\"headline\":\"Filistinli esirler \u015fiddet, a\u00e7 b\u0131rak\u0131lma ve t\u0131bbi ihmale maruz kal\u0131yor\",\"datePublished\":\"2025-10-26T20:32:17+00:00\",\"mainEntityOfPage\":{\"@id\":\"https:\\\/\\\/kibrisdakik.com\\\/?p=97112\"},\"wordCount\":211,\"commentCount\":0,\"image\":{\"@id\":\"https:\\\/\\\/kibrisdakik.com\\\/?p=97112#primaryimage\"},\"thumbnailUrl\":\"https:\\\/\\\/kibrisdakik.com\\\/wp-content\\\/uploads\\\/2025\\\/10\\\/filistinli-esir-2407292.jpg\",\"articleSection\":[\"D\u00fcnya\"],\"inLanguage\":\"tr\",\"potentialAction\":[{\"@type\":\"CommentAction\",\"name\":\"Comment\",\"target\":[\"https:\\\/\\\/kibrisdakik.com\\\/?p=97112#respond\"]}]},{\"@type\":\"WebPage\",\"@id\":\"https:\\\/\\\/kibrisdakik.com\\\/?p=97112\",\"url\":\"https:\\\/\\\/kibrisdakik.com\\\/?p=97112\",\"name\":\"Filistinli esirler \u015fiddet, a\u00e7 b\u0131rak\u0131lma ve t\u0131bbi ihmale maruz kal\u0131yor -\",\"isPartOf\":{\"@id\":\"https:\\\/\\\/kibrisdakik.com\\\/#website\"},\"primaryImageOfPage\":{\"@id\":\"https:\\\/\\\/kibrisdakik.com\\\/?p=97112#primaryimage\"},\"image\":{\"@id\":\"https:\\\/\\\/kibrisdakik.com\\\/?p=97112#primaryimage\"},\"thumbnailUrl\":\"https:\\\/\\\/kibrisdakik.com\\\/wp-content\\\/uploads\\\/2025\\\/10\\\/filistinli-esir-2407292.jpg\",\"datePublished\":\"2025-10-26T20:32:17+00:00\",\"author\":{\"@id\":\"https:\\\/\\\/kibrisdakik.com\\\/#\\\/schema\\\/person\\\/9cd9d437bbb44f72b73ba127e06d8e79\"},\"breadcrumb\":{\"@id\":\"https:\\\/\\\/kibrisdakik.com\\\/?p=97112#breadcrumb\"},\"inLanguage\":\"tr\",\"potentialAction\":[{\"@type\":\"ReadAction\",\"target\":[\"https:\\\/\\\/kibrisdakik.com\\\/?p=97112\"]}]},{\"@type\":\"ImageObject\",\"inLanguage\":\"tr\",\"@id\":\"https:\\\/\\\/kibrisdakik.com\\\/?p=97112#primaryimage\",\"url\":\"https:\\\/\\\/kibrisdakik.com\\\/wp-content\\\/uploads\\\/2025\\\/10\\\/filistinli-esir-2407292.jpg\",\"contentUrl\":\"https:\\\/\\\/kibrisdakik.com\\\/wp-content\\\/uploads\\\/2025\\\/10\\\/filistinli-esir-2407292.jpg\",\"width\":1280,\"height\":720},{\"@type\":\"BreadcrumbList\",\"@id\":\"https:\\\/\\\/kibrisdakik.com\\\/?p=97112#breadcrumb\",\"itemListElement\":[{\"@type\":\"ListItem\",\"position\":1,\"name\":\"Home\",\"item\":\"https:\\\/\\\/kibrisdakik.com\\\/\"},{\"@type\":\"ListItem\",\"position\":2,\"name\":\"Filistinli esirler \u015fiddet, a\u00e7 b\u0131rak\u0131lma ve t\u0131bbi ihmale maruz kal\u0131yor\"}]},{\"@type\":\"WebSite\",\"@id\":\"https:\\\/\\\/kibrisdakik.com\\\/#website\",\"url\":\"https:\\\/\\\/kibrisdakik.com\\\/\",\"name\":\"\",\"description\":\"Tam vaktinde haber\",\"potentialAction\":[{\"@type\":\"SearchAction\",\"target\":{\"@type\":\"EntryPoint\",\"urlTemplate\":\"https:\\\/\\\/kibrisdakik.com\\\/?s={search_term_string}\"},\"query-input\":{\"@type\":\"PropertyValueSpecification\",\"valueRequired\":true,\"valueName\":\"search_term_string\"}}],\"inLanguage\":\"tr\"},{\"@type\":\"Person\",\"@id\":\"https:\\\/\\\/kibrisdakik.com\\\/#\\\/schema\\\/person\\\/9cd9d437bbb44f72b73ba127e06d8e79\",\"name\":\"admin\",\"image\":{\"@type\":\"ImageObject\",\"inLanguage\":\"tr\",\"@id\":\"https:\\\/\\\/secure.gravatar.com\\\/avatar\\\/ccc17943b9d660506c869530f897617f7cb1c21a4bf30023f252596d83e1f007?s=96&d=mm&r=g\",\"url\":\"https:\\\/\\\/secure.gravatar.com\\\/avatar\\\/ccc17943b9d660506c869530f897617f7cb1c21a4bf30023f252596d83e1f007?s=96&d=mm&r=g\",\"contentUrl\":\"https:\\\/\\\/secure.gravatar.com\\\/avatar\\\/ccc17943b9d660506c869530f897617f7cb1c21a4bf30023f252596d83e1f007?s=96&d=mm&r=g\",\"caption\":\"admin\"},\"sameAs\":[\"https:\\\/\\\/kibrisdakik.com\"],\"url\":\"https:\\\/\\\/kibrisdakik.com\\\/?author=1\"}]}<\/script>\n<!-- \/ Yoast SEO plugin. -->","yoast_head_json":{"title":"Filistinli esirler \u015fiddet, a\u00e7 b\u0131rak\u0131lma ve t\u0131bbi ihmale maruz kal\u0131yor -","robots":{"index":"index","follow":"follow","max-snippet":"max-snippet:-1","max-image-preview":"max-image-preview:large","max-video-preview":"max-video-preview:-1"},"canonical":"https:\/\/kibrisdakik.com\/?p=97112","og_locale":"tr_TR","og_type":"article","og_title":"Filistinli esirler \u015fiddet, a\u00e7 b\u0131rak\u0131lma ve t\u0131bbi ihmale maruz kal\u0131yor -","og_description":"Filistin Esirler ve Serbest B\u0131rak\u0131lanlar Heyeti&#8217;nin avukatlar\u0131n\u0131n Filistinli esirleri ziyaretinin ard\u0131ndan yap\u0131lan yaz\u0131l\u0131 a\u00e7\u0131klamada, Filistinli esirlerin durumuna ili\u015fkin bilgi verildi. A\u00e7\u0131klamada, Filistinli esirlerin hapishanelerde trajik ya\u015fam ko\u015fullar\u0131 i\u00e7inde olduklar\u0131na i\u015faret edildi. Esirlerin s\u00fcrekli olarak d\u00f6v\u00fcl\u00fcp a\u015fa\u011f\u0131land\u0131klar\u0131 ve odalar\u0131na yap\u0131lan bask\u0131nlara maruz kald\u0131klar\u0131, ayr\u0131ca a\u00e7 b\u0131rak\u0131lma ve t\u0131bbi ihmal politikalar\u0131na tabi tutulduklar\u0131 belirtildi. Filistinli esirlerin k\u0131\u015fl\u0131k","og_url":"https:\/\/kibrisdakik.com\/?p=97112","article_published_time":"2025-10-26T20:32:17+00:00","og_image":[{"width":1280,"height":720,"url":"https:\/\/kibrisdakik.com\/wp-content\/uploads\/2025\/10\/filistinli-esir-2407292.jpg","type":"image\/jpeg"}],"author":"admin","twitter_card":"summary_large_image","twitter_misc":{"Yazan:":"admin","Tahmini okuma s\u00fcresi":"1 dakika"},"schema":{"@context":"https:\/\/schema.org","@graph":[{"@type":"Article","@id":"https:\/\/kibrisdakik.com\/?p=97112#article","isPartOf":{"@id":"https:\/\/kibrisdakik.com\/?p=97112"},"author":{"name":"admin","@id":"https:\/\/kibrisdakik.com\/#\/schema\/person\/9cd9d437bbb44f72b73ba127e06d8e79"},"headline":"Filistinli esirler \u015fiddet, a\u00e7 b\u0131rak\u0131lma ve t\u0131bbi ihmale maruz kal\u0131yor","datePublished":"2025-10-26T20:32:17+00:00","mainEntityOfPage":{"@id":"https:\/\/kibrisdakik.com\/?p=97112"},"wordCount":211,"commentCount":0,"image":{"@id":"https:\/\/kibrisdakik.com\/?p=97112#primaryimage"},"thumbnailUrl":"https:\/\/kibrisdakik.com\/wp-content\/uploads\/2025\/10\/filistinli-esir-2407292.jpg","articleSection":["D\u00fcnya"],"inLanguage":"tr","potentialAction":[{"@type":"CommentAction","name":"Comment","target":["https:\/\/kibrisdakik.com\/?p=97112#respond"]}]},{"@type":"WebPage","@id":"https:\/\/kibrisdakik.com\/?p=97112","url":"https:\/\/kibrisdakik.com\/?p=97112","name":"Filistinli esirler \u015fiddet, a\u00e7 b\u0131rak\u0131lma ve t\u0131bbi ihmale maruz kal\u0131yor -","isPartOf":{"@id":"https:\/\/kibrisdakik.com\/#website"},"primaryImageOfPage":{"@id":"https:\/\/kibrisdakik.com\/?p=97112#primaryimage"},"image":{"@id":"https:\/\/kibrisdakik.com\/?p=97112#primaryimage"},"thumbnailUrl":"https:\/\/kibrisdakik.com\/wp-content\/uploads\/2025\/10\/filistinli-esir-2407292.jpg","datePublished":"2025-10-26T20:32:17+00:00","author":{"@id":"https:\/\/kibrisdakik.com\/#\/schema\/person\/9cd9d437bbb44f72b73ba127e06d8e79"},"breadcrumb":{"@id":"https:\/\/kibrisdakik.com\/?p=97112#breadcrumb"},"inLanguage":"tr","potentialAction":[{"@type":"ReadAction","target":["https:\/\/kibrisdakik.com\/?p=97112"]}]},{"@type":"ImageObject","inLanguage":"tr","@id":"https:\/\/kibrisdakik.com\/?p=97112#primaryimage","url":"https:\/\/kibrisdakik.com\/wp-content\/uploads\/2025\/10\/filistinli-esir-2407292.jpg","contentUrl":"https:\/\/kibrisdakik.com\/wp-content\/uploads\/2025\/10\/filistinli-esir-2407292.jpg","width":1280,"height":720},{"@type":"BreadcrumbList","@id":"https:\/\/kibrisdakik.com\/?p=97112#breadcrumb","itemListElement":[{"@type":"ListItem","position":1,"name":"Home","item":"https:\/\/kibrisdakik.com\/"},{"@type":"ListItem","position":2,"name":"Filistinli esirler \u015fiddet, a\u00e7 b\u0131rak\u0131lma ve t\u0131bbi ihmale maruz kal\u0131yor"}]},{"@type":"WebSite","@id":"https:\/\/kibrisdakik.com\/#website","url":"https:\/\/kibrisdakik.com\/","name":"","description":"Tam vaktinde haber","potentialAction":[{"@type":"SearchAction","target":{"@type":"EntryPoint","urlTemplate":"https:\/\/kibrisdakik.com\/?s={search_term_string}"},"query-input":{"@type":"PropertyValueSpecification","valueRequired":true,"valueName":"search_term_string"}}],"inLanguage":"tr"},{"@type":"Person","@id":"https:\/\/kibrisdakik.com\/#\/schema\/person\/9cd9d437bbb44f72b73ba127e06d8e79","name":"admin","image":{"@type":"ImageObject","inLanguage":"tr","@id":"https:\/\/secure.gravatar.com\/avatar\/ccc17943b9d660506c869530f897617f7cb1c21a4bf30023f252596d83e1f007?s=96&d=mm&r=g","url":"https:\/\/secure.gravatar.com\/avatar\/ccc17943b9d660506c869530f897617f7cb1c21a4bf30023f252596d83e1f007?s=96&d=mm&r=g","contentUrl":"https:\/\/secure.gravatar.com\/avatar\/ccc17943b9d660506c869530f897617f7cb1c21a4bf30023f252596d83e1f007?s=96&d=mm&r=g","caption":"admin"},"sameAs":["https:\/\/kibrisdakik.com"],"url":"https:\/\/kibrisdakik.com\/?author=1"}]}},"_links":{"self":[{"href":"https:\/\/kibrisdakik.com\/index.php?rest_route=\/wp\/v2\/posts\/97112","targetHints":{"allow":["GET"]}}],"collection":[{"href":"https:\/\/kibrisdakik.com\/index.php?rest_route=\/wp\/v2\/posts"}],"about":[{"href":"https:\/\/kibrisdakik.com\/index.php?rest_route=\/wp\/v2\/types\/post"}],"author":[{"embeddable":true,"href":"https:\/\/kibrisdakik.com\/index.php?rest_route=\/wp\/v2\/users\/1"}],"replies":[{"embeddable":true,"href":"https:\/\/kibrisdakik.com\/index.php?rest_route=%2Fwp%2Fv2%2Fcomments&post=97112"}],"version-history":[{"count":0,"href":"https:\/\/kibrisdakik.com\/index.php?rest_route=\/wp\/v2\/posts\/97112\/revisions"}],"wp:featuredmedia":[{"embeddable":true,"href":"https:\/\/kibrisdakik.com\/index.php?rest_route=\/wp\/v2\/media\/95579"}],"wp:attachment":[{"href":"https:\/\/kibrisdakik.com\/index.php?rest_route=%2Fwp%2Fv2%2Fmedia&parent=97112"}],"wp:term":[{"taxonomy":"category","embeddable":true,"href":"https:\/\/kibrisdakik.com\/index.php?rest_route=%2Fwp%2Fv2%2Fcategories&post=97112"},{"taxonomy":"post_tag","embeddable":true,"href":"https:\/\/kibrisdakik.com\/index.php?rest_route=%2Fwp%2Fv2%2Ftags&post=97112"}],"curies":[{"name":"wp","href":"https:\/\/api.w.org\/{rel}","templated":true}]}}