{"id":97156,"date":"2025-10-27T11:47:04","date_gmt":"2025-10-27T09:47:04","guid":{"rendered":"https:\/\/kibrisdakik.com\/index.php\/2025\/10\/27\/tip-is-cengiz-topelde-eksiklik-krize-donusuyor\/"},"modified":"2025-10-27T11:47:04","modified_gmt":"2025-10-27T09:47:04","slug":"tip-is-cengiz-topelde-eksiklik-krize-donusuyor","status":"publish","type":"post","link":"https:\/\/kibrisdakik.com\/?p=97156","title":{"rendered":"TIP-\u0130\u015e: CENG\u0130Z TOPEL\u2019DE EKS\u0130KL\u0130K KR\u0130ZE D\u00d6N\u00dc\u015e\u00dcYOR"},"content":{"rendered":"<p><\/p>\n<p>K\u0131br\u0131s T\u00fcrk Hekimler Sendikas\u0131 (T\u0131p-\u0130\u015f), Cengiz Topel Hastanesi\u2019nde ya\u015fanan ta\u015f\u0131ma personeli (port\u00f6r) eksikli\u011finin hizmetleri aksatacak d\u00fczeye geldi\u011fini ve krize d\u00f6n\u00fc\u015ft\u00fc\u011f\u00fcn\u00fc savundu.<\/p>\n<p>Sa\u011fl\u0131k Bakanl\u0131\u011f\u0131\u2019n\u0131 \u201cumursamaz ve duyars\u0131z\u201d olmakla ele\u015ftiren sendika, sorunun ivedilikle \u00e7\u00f6z\u00fclmemesi halinde ikinci bir uyar\u0131 yap\u0131lmaks\u0131z\u0131n grev dahil her t\u00fcrl\u00fc yasal ve sendikal hakk\u0131 kullanacaklar\u0131n\u0131 a\u00e7\u0131klad\u0131.<\/p>\n<p>Sendikadan yap\u0131lan yaz\u0131l\u0131 a\u00e7\u0131klamada, se\u00e7im d\u00f6nemlerinde hastanede \u00e7al\u0131\u015fmak \u00fczere al\u0131nan mevsimlik i\u015f\u00e7i ve s\u00f6zle\u015fmeli personelin yaln\u0131zca g\u00fcnd\u00fcz saatlerinde g\u00f6revlendirilmesinin, hizmetin 24 saat kesintisiz s\u00fcrd\u00fcr\u00fclmesini engelledi\u011fi iddia edildi.<\/p>\n<p>A\u00e7\u0131klamada ayr\u0131ca, te\u015fkilat yasalar\u0131na g\u00f6re atanmas\u0131 gereken ba\u015fhekimin hastaneye atanmad\u0131\u011f\u0131, hizmetin aksamadan devam edebilmesi i\u00e7in y\u00f6netimin vardiya sistemine ge\u00e7meyi planlad\u0131\u011f\u0131, ancak Sa\u011fl\u0131k Bakanl\u0131\u011f\u0131\u2019n\u0131n bu personele vardiyal\u0131 \u00e7al\u0131\u015fma izni vermeyerek s\u00fcreci t\u0131kad\u0131\u011f\u0131 savunuldu.<\/p>\n<p>Bakanl\u0131\u011f\u0131n sorunun \u00e7\u00f6z\u00fcm\u00fc y\u00f6n\u00fcnde herhangi bir giri\u015fimde bulunmad\u0131\u011f\u0131, tam tersine \u201cn\u00f6betteki doktor \u00e7\u00f6zs\u00fcn\u201d anlay\u0131\u015f\u0131yla hareket etti\u011fi \u00f6ne s\u00fcr\u00fclen a\u00e7\u0131klamada, \u201cYo\u011fun i\u015f y\u00fck\u00fc alt\u0131nda, k\u0131s\u0131tl\u0131 imk\u00e2nlarla \u00e7al\u0131\u015fan sa\u011fl\u0131k personelinin bu t\u00fcr idari m\u00fcdahalelerle g\u00f6revini lay\u0131k\u0131yla yerine getirmesi giderek zorla\u015fmakta; bu durum hem hizmet kalitesini hem de hasta g\u00fcvenli\u011fini ciddi bi\u00e7imde tehlikeye atmaktad\u0131r\u201d ifadelerine yer verildi.<\/p>\n","protected":false},"excerpt":{"rendered":"<p>K\u0131br\u0131s T\u00fcrk Hekimler Sendikas\u0131 (T\u0131p-\u0130\u015f), Cengiz Topel Hastanesi\u2019nde ya\u015fanan ta\u015f\u0131ma personeli (port\u00f6r) eksikli\u011finin hizmetleri aksatacak d\u00fczeye geldi\u011fini ve krize d\u00f6n\u00fc\u015ft\u00fc\u011f\u00fcn\u00fc savundu. Sa\u011fl\u0131k Bakanl\u0131\u011f\u0131\u2019n\u0131 \u201cumursamaz ve duyars\u0131z\u201d olmakla ele\u015ftiren sendika, sorunun ivedilikle \u00e7\u00f6z\u00fclmemesi halinde ikinci bir uyar\u0131 yap\u0131lmaks\u0131z\u0131n grev dahil her t\u00fcrl\u00fc yasal ve sendikal hakk\u0131 kullanacaklar\u0131n\u0131 a\u00e7\u0131klad\u0131. Sendikadan yap\u0131lan yaz\u0131l\u0131 a\u00e7\u0131klamada, se\u00e7im d\u00f6nemlerinde hastanede \u00e7al\u0131\u015fmak<\/p>\n","protected":false},"author":1,"featured_media":97157,"comment_status":"open","ping_status":"open","sticky":false,"template":"","format":"standard","meta":{"footnotes":""},"categories":[81],"tags":[],"class_list":["post-97156","post","type-post","status-publish","format-standard","has-post-thumbnail","hentry","category-kibris"],"yoast_head":"<!-- This site is optimized with the Yoast SEO plugin v27.5 - https:\/\/yoast.com\/product\/yoast-seo-wordpress\/ -->\n<title>TIP-\u0130\u015e: CENG\u0130Z TOPEL\u2019DE EKS\u0130KL\u0130K KR\u0130ZE D\u00d6N\u00dc\u015e\u00dcYOR -<\/title>\n<meta name=\"robots\" content=\"index, follow, max-snippet:-1, max-image-preview:large, max-video-preview:-1\" \/>\n<link rel=\"canonical\" href=\"https:\/\/kibrisdakik.com\/?p=97156\" \/>\n<meta property=\"og:locale\" content=\"tr_TR\" \/>\n<meta property=\"og:type\" content=\"article\" \/>\n<meta property=\"og:title\" content=\"TIP-\u0130\u015e: CENG\u0130Z TOPEL\u2019DE EKS\u0130KL\u0130K KR\u0130ZE D\u00d6N\u00dc\u015e\u00dcYOR -\" \/>\n<meta property=\"og:description\" content=\"K\u0131br\u0131s T\u00fcrk Hekimler Sendikas\u0131 (T\u0131p-\u0130\u015f), Cengiz Topel Hastanesi\u2019nde ya\u015fanan ta\u015f\u0131ma personeli (port\u00f6r) eksikli\u011finin hizmetleri aksatacak d\u00fczeye geldi\u011fini ve krize d\u00f6n\u00fc\u015ft\u00fc\u011f\u00fcn\u00fc savundu. Sa\u011fl\u0131k Bakanl\u0131\u011f\u0131\u2019n\u0131 \u201cumursamaz ve duyars\u0131z\u201d olmakla ele\u015ftiren sendika, sorunun ivedilikle \u00e7\u00f6z\u00fclmemesi halinde ikinci bir uyar\u0131 yap\u0131lmaks\u0131z\u0131n grev dahil her t\u00fcrl\u00fc yasal ve sendikal hakk\u0131 kullanacaklar\u0131n\u0131 a\u00e7\u0131klad\u0131. Sendikadan yap\u0131lan yaz\u0131l\u0131 a\u00e7\u0131klamada, se\u00e7im d\u00f6nemlerinde hastanede \u00e7al\u0131\u015fmak\" \/>\n<meta property=\"og:url\" content=\"https:\/\/kibrisdakik.com\/?p=97156\" \/>\n<meta property=\"article:published_time\" content=\"2025-10-27T09:47:04+00:00\" \/>\n<meta property=\"og:image\" content=\"https:\/\/kibrisdakik.com\/wp-content\/uploads\/2025\/10\/mha-sari-beyaz-266.png\" \/>\n\t<meta property=\"og:image:width\" content=\"1280\" \/>\n\t<meta property=\"og:image:height\" content=\"720\" \/>\n\t<meta property=\"og:image:type\" content=\"image\/png\" \/>\n<meta name=\"author\" content=\"admin\" \/>\n<meta name=\"twitter:card\" content=\"summary_large_image\" \/>\n<meta name=\"twitter:label1\" content=\"Yazan:\" \/>\n\t<meta name=\"twitter:data1\" content=\"admin\" \/>\n\t<meta name=\"twitter:label2\" content=\"Tahmini okuma s\u00fcresi\" \/>\n\t<meta name=\"twitter:data2\" content=\"1 dakika\" \/>\n<script type=\"application\/ld+json\" class=\"yoast-schema-graph\">{\"@context\":\"https:\\\/\\\/schema.org\",\"@graph\":[{\"@type\":\"Article\",\"@id\":\"https:\\\/\\\/kibrisdakik.com\\\/?p=97156#article\",\"isPartOf\":{\"@id\":\"https:\\\/\\\/kibrisdakik.com\\\/?p=97156\"},\"author\":{\"name\":\"admin\",\"@id\":\"https:\\\/\\\/kibrisdakik.com\\\/#\\\/schema\\\/person\\\/9cd9d437bbb44f72b73ba127e06d8e79\"},\"headline\":\"TIP-\u0130\u015e: CENG\u0130Z TOPEL\u2019DE EKS\u0130KL\u0130K KR\u0130ZE D\u00d6N\u00dc\u015e\u00dcYOR\",\"datePublished\":\"2025-10-27T09:47:04+00:00\",\"mainEntityOfPage\":{\"@id\":\"https:\\\/\\\/kibrisdakik.com\\\/?p=97156\"},\"wordCount\":263,\"commentCount\":0,\"image\":{\"@id\":\"https:\\\/\\\/kibrisdakik.com\\\/?p=97156#primaryimage\"},\"thumbnailUrl\":\"https:\\\/\\\/kibrisdakik.com\\\/wp-content\\\/uploads\\\/2025\\\/10\\\/mha-sari-beyaz-266.png\",\"articleSection\":[\"K\u0131br\u0131s\"],\"inLanguage\":\"tr\",\"potentialAction\":[{\"@type\":\"CommentAction\",\"name\":\"Comment\",\"target\":[\"https:\\\/\\\/kibrisdakik.com\\\/?p=97156#respond\"]}]},{\"@type\":\"WebPage\",\"@id\":\"https:\\\/\\\/kibrisdakik.com\\\/?p=97156\",\"url\":\"https:\\\/\\\/kibrisdakik.com\\\/?p=97156\",\"name\":\"TIP-\u0130\u015e: CENG\u0130Z TOPEL\u2019DE EKS\u0130KL\u0130K KR\u0130ZE D\u00d6N\u00dc\u015e\u00dcYOR -\",\"isPartOf\":{\"@id\":\"https:\\\/\\\/kibrisdakik.com\\\/#website\"},\"primaryImageOfPage\":{\"@id\":\"https:\\\/\\\/kibrisdakik.com\\\/?p=97156#primaryimage\"},\"image\":{\"@id\":\"https:\\\/\\\/kibrisdakik.com\\\/?p=97156#primaryimage\"},\"thumbnailUrl\":\"https:\\\/\\\/kibrisdakik.com\\\/wp-content\\\/uploads\\\/2025\\\/10\\\/mha-sari-beyaz-266.png\",\"datePublished\":\"2025-10-27T09:47:04+00:00\",\"author\":{\"@id\":\"https:\\\/\\\/kibrisdakik.com\\\/#\\\/schema\\\/person\\\/9cd9d437bbb44f72b73ba127e06d8e79\"},\"breadcrumb\":{\"@id\":\"https:\\\/\\\/kibrisdakik.com\\\/?p=97156#breadcrumb\"},\"inLanguage\":\"tr\",\"potentialAction\":[{\"@type\":\"ReadAction\",\"target\":[\"https:\\\/\\\/kibrisdakik.com\\\/?p=97156\"]}]},{\"@type\":\"ImageObject\",\"inLanguage\":\"tr\",\"@id\":\"https:\\\/\\\/kibrisdakik.com\\\/?p=97156#primaryimage\",\"url\":\"https:\\\/\\\/kibrisdakik.com\\\/wp-content\\\/uploads\\\/2025\\\/10\\\/mha-sari-beyaz-266.png\",\"contentUrl\":\"https:\\\/\\\/kibrisdakik.com\\\/wp-content\\\/uploads\\\/2025\\\/10\\\/mha-sari-beyaz-266.png\",\"width\":1280,\"height\":720},{\"@type\":\"BreadcrumbList\",\"@id\":\"https:\\\/\\\/kibrisdakik.com\\\/?p=97156#breadcrumb\",\"itemListElement\":[{\"@type\":\"ListItem\",\"position\":1,\"name\":\"Home\",\"item\":\"https:\\\/\\\/kibrisdakik.com\\\/\"},{\"@type\":\"ListItem\",\"position\":2,\"name\":\"TIP-\u0130\u015e: CENG\u0130Z TOPEL\u2019DE EKS\u0130KL\u0130K KR\u0130ZE D\u00d6N\u00dc\u015e\u00dcYOR\"}]},{\"@type\":\"WebSite\",\"@id\":\"https:\\\/\\\/kibrisdakik.com\\\/#website\",\"url\":\"https:\\\/\\\/kibrisdakik.com\\\/\",\"name\":\"\",\"description\":\"Tam vaktinde haber\",\"potentialAction\":[{\"@type\":\"SearchAction\",\"target\":{\"@type\":\"EntryPoint\",\"urlTemplate\":\"https:\\\/\\\/kibrisdakik.com\\\/?s={search_term_string}\"},\"query-input\":{\"@type\":\"PropertyValueSpecification\",\"valueRequired\":true,\"valueName\":\"search_term_string\"}}],\"inLanguage\":\"tr\"},{\"@type\":\"Person\",\"@id\":\"https:\\\/\\\/kibrisdakik.com\\\/#\\\/schema\\\/person\\\/9cd9d437bbb44f72b73ba127e06d8e79\",\"name\":\"admin\",\"image\":{\"@type\":\"ImageObject\",\"inLanguage\":\"tr\",\"@id\":\"https:\\\/\\\/secure.gravatar.com\\\/avatar\\\/ccc17943b9d660506c869530f897617f7cb1c21a4bf30023f252596d83e1f007?s=96&d=mm&r=g\",\"url\":\"https:\\\/\\\/secure.gravatar.com\\\/avatar\\\/ccc17943b9d660506c869530f897617f7cb1c21a4bf30023f252596d83e1f007?s=96&d=mm&r=g\",\"contentUrl\":\"https:\\\/\\\/secure.gravatar.com\\\/avatar\\\/ccc17943b9d660506c869530f897617f7cb1c21a4bf30023f252596d83e1f007?s=96&d=mm&r=g\",\"caption\":\"admin\"},\"sameAs\":[\"https:\\\/\\\/kibrisdakik.com\"],\"url\":\"https:\\\/\\\/kibrisdakik.com\\\/?author=1\"}]}<\/script>\n<!-- \/ Yoast SEO plugin. -->","yoast_head_json":{"title":"TIP-\u0130\u015e: CENG\u0130Z TOPEL\u2019DE EKS\u0130KL\u0130K KR\u0130ZE D\u00d6N\u00dc\u015e\u00dcYOR -","robots":{"index":"index","follow":"follow","max-snippet":"max-snippet:-1","max-image-preview":"max-image-preview:large","max-video-preview":"max-video-preview:-1"},"canonical":"https:\/\/kibrisdakik.com\/?p=97156","og_locale":"tr_TR","og_type":"article","og_title":"TIP-\u0130\u015e: CENG\u0130Z TOPEL\u2019DE EKS\u0130KL\u0130K KR\u0130ZE D\u00d6N\u00dc\u015e\u00dcYOR -","og_description":"K\u0131br\u0131s T\u00fcrk Hekimler Sendikas\u0131 (T\u0131p-\u0130\u015f), Cengiz Topel Hastanesi\u2019nde ya\u015fanan ta\u015f\u0131ma personeli (port\u00f6r) eksikli\u011finin hizmetleri aksatacak d\u00fczeye geldi\u011fini ve krize d\u00f6n\u00fc\u015ft\u00fc\u011f\u00fcn\u00fc savundu. Sa\u011fl\u0131k Bakanl\u0131\u011f\u0131\u2019n\u0131 \u201cumursamaz ve duyars\u0131z\u201d olmakla ele\u015ftiren sendika, sorunun ivedilikle \u00e7\u00f6z\u00fclmemesi halinde ikinci bir uyar\u0131 yap\u0131lmaks\u0131z\u0131n grev dahil her t\u00fcrl\u00fc yasal ve sendikal hakk\u0131 kullanacaklar\u0131n\u0131 a\u00e7\u0131klad\u0131. Sendikadan yap\u0131lan yaz\u0131l\u0131 a\u00e7\u0131klamada, se\u00e7im d\u00f6nemlerinde hastanede \u00e7al\u0131\u015fmak","og_url":"https:\/\/kibrisdakik.com\/?p=97156","article_published_time":"2025-10-27T09:47:04+00:00","og_image":[{"width":1280,"height":720,"url":"https:\/\/kibrisdakik.com\/wp-content\/uploads\/2025\/10\/mha-sari-beyaz-266.png","type":"image\/png"}],"author":"admin","twitter_card":"summary_large_image","twitter_misc":{"Yazan:":"admin","Tahmini okuma s\u00fcresi":"1 dakika"},"schema":{"@context":"https:\/\/schema.org","@graph":[{"@type":"Article","@id":"https:\/\/kibrisdakik.com\/?p=97156#article","isPartOf":{"@id":"https:\/\/kibrisdakik.com\/?p=97156"},"author":{"name":"admin","@id":"https:\/\/kibrisdakik.com\/#\/schema\/person\/9cd9d437bbb44f72b73ba127e06d8e79"},"headline":"TIP-\u0130\u015e: CENG\u0130Z TOPEL\u2019DE EKS\u0130KL\u0130K KR\u0130ZE D\u00d6N\u00dc\u015e\u00dcYOR","datePublished":"2025-10-27T09:47:04+00:00","mainEntityOfPage":{"@id":"https:\/\/kibrisdakik.com\/?p=97156"},"wordCount":263,"commentCount":0,"image":{"@id":"https:\/\/kibrisdakik.com\/?p=97156#primaryimage"},"thumbnailUrl":"https:\/\/kibrisdakik.com\/wp-content\/uploads\/2025\/10\/mha-sari-beyaz-266.png","articleSection":["K\u0131br\u0131s"],"inLanguage":"tr","potentialAction":[{"@type":"CommentAction","name":"Comment","target":["https:\/\/kibrisdakik.com\/?p=97156#respond"]}]},{"@type":"WebPage","@id":"https:\/\/kibrisdakik.com\/?p=97156","url":"https:\/\/kibrisdakik.com\/?p=97156","name":"TIP-\u0130\u015e: CENG\u0130Z TOPEL\u2019DE EKS\u0130KL\u0130K KR\u0130ZE D\u00d6N\u00dc\u015e\u00dcYOR -","isPartOf":{"@id":"https:\/\/kibrisdakik.com\/#website"},"primaryImageOfPage":{"@id":"https:\/\/kibrisdakik.com\/?p=97156#primaryimage"},"image":{"@id":"https:\/\/kibrisdakik.com\/?p=97156#primaryimage"},"thumbnailUrl":"https:\/\/kibrisdakik.com\/wp-content\/uploads\/2025\/10\/mha-sari-beyaz-266.png","datePublished":"2025-10-27T09:47:04+00:00","author":{"@id":"https:\/\/kibrisdakik.com\/#\/schema\/person\/9cd9d437bbb44f72b73ba127e06d8e79"},"breadcrumb":{"@id":"https:\/\/kibrisdakik.com\/?p=97156#breadcrumb"},"inLanguage":"tr","potentialAction":[{"@type":"ReadAction","target":["https:\/\/kibrisdakik.com\/?p=97156"]}]},{"@type":"ImageObject","inLanguage":"tr","@id":"https:\/\/kibrisdakik.com\/?p=97156#primaryimage","url":"https:\/\/kibrisdakik.com\/wp-content\/uploads\/2025\/10\/mha-sari-beyaz-266.png","contentUrl":"https:\/\/kibrisdakik.com\/wp-content\/uploads\/2025\/10\/mha-sari-beyaz-266.png","width":1280,"height":720},{"@type":"BreadcrumbList","@id":"https:\/\/kibrisdakik.com\/?p=97156#breadcrumb","itemListElement":[{"@type":"ListItem","position":1,"name":"Home","item":"https:\/\/kibrisdakik.com\/"},{"@type":"ListItem","position":2,"name":"TIP-\u0130\u015e: CENG\u0130Z TOPEL\u2019DE EKS\u0130KL\u0130K KR\u0130ZE D\u00d6N\u00dc\u015e\u00dcYOR"}]},{"@type":"WebSite","@id":"https:\/\/kibrisdakik.com\/#website","url":"https:\/\/kibrisdakik.com\/","name":"","description":"Tam vaktinde haber","potentialAction":[{"@type":"SearchAction","target":{"@type":"EntryPoint","urlTemplate":"https:\/\/kibrisdakik.com\/?s={search_term_string}"},"query-input":{"@type":"PropertyValueSpecification","valueRequired":true,"valueName":"search_term_string"}}],"inLanguage":"tr"},{"@type":"Person","@id":"https:\/\/kibrisdakik.com\/#\/schema\/person\/9cd9d437bbb44f72b73ba127e06d8e79","name":"admin","image":{"@type":"ImageObject","inLanguage":"tr","@id":"https:\/\/secure.gravatar.com\/avatar\/ccc17943b9d660506c869530f897617f7cb1c21a4bf30023f252596d83e1f007?s=96&d=mm&r=g","url":"https:\/\/secure.gravatar.com\/avatar\/ccc17943b9d660506c869530f897617f7cb1c21a4bf30023f252596d83e1f007?s=96&d=mm&r=g","contentUrl":"https:\/\/secure.gravatar.com\/avatar\/ccc17943b9d660506c869530f897617f7cb1c21a4bf30023f252596d83e1f007?s=96&d=mm&r=g","caption":"admin"},"sameAs":["https:\/\/kibrisdakik.com"],"url":"https:\/\/kibrisdakik.com\/?author=1"}]}},"_links":{"self":[{"href":"https:\/\/kibrisdakik.com\/index.php?rest_route=\/wp\/v2\/posts\/97156","targetHints":{"allow":["GET"]}}],"collection":[{"href":"https:\/\/kibrisdakik.com\/index.php?rest_route=\/wp\/v2\/posts"}],"about":[{"href":"https:\/\/kibrisdakik.com\/index.php?rest_route=\/wp\/v2\/types\/post"}],"author":[{"embeddable":true,"href":"https:\/\/kibrisdakik.com\/index.php?rest_route=\/wp\/v2\/users\/1"}],"replies":[{"embeddable":true,"href":"https:\/\/kibrisdakik.com\/index.php?rest_route=%2Fwp%2Fv2%2Fcomments&post=97156"}],"version-history":[{"count":0,"href":"https:\/\/kibrisdakik.com\/index.php?rest_route=\/wp\/v2\/posts\/97156\/revisions"}],"wp:featuredmedia":[{"embeddable":true,"href":"https:\/\/kibrisdakik.com\/index.php?rest_route=\/wp\/v2\/media\/97157"}],"wp:attachment":[{"href":"https:\/\/kibrisdakik.com\/index.php?rest_route=%2Fwp%2Fv2%2Fmedia&parent=97156"}],"wp:term":[{"taxonomy":"category","embeddable":true,"href":"https:\/\/kibrisdakik.com\/index.php?rest_route=%2Fwp%2Fv2%2Fcategories&post=97156"},{"taxonomy":"post_tag","embeddable":true,"href":"https:\/\/kibrisdakik.com\/index.php?rest_route=%2Fwp%2Fv2%2Ftags&post=97156"}],"curies":[{"name":"wp","href":"https:\/\/api.w.org\/{rel}","templated":true}]}}