{"id":97160,"date":"2025-10-27T12:06:00","date_gmt":"2025-10-27T10:06:00","guid":{"rendered":"https:\/\/kibrisdakik.com\/index.php\/2025\/10\/27\/isgalci-israil-ordusu-15i-daha-once-serbest-birakilan-21-filistinliyi-gozaltina-aldi\/"},"modified":"2025-10-27T12:06:00","modified_gmt":"2025-10-27T10:06:00","slug":"isgalci-israil-ordusu-15i-daha-once-serbest-birakilan-21-filistinliyi-gozaltina-aldi","status":"publish","type":"post","link":"https:\/\/kibrisdakik.com\/?p=97160","title":{"rendered":"\u0130\u015fgalci \u0130srail ordusu, 15i daha \u00f6nce serbest b\u0131rak\u0131lan 21 Filistinliyi g\u00f6zalt\u0131na ald\u0131"},"content":{"rendered":"<p><\/p>\n<div class=\"news-content\">\n<p>\n\tFilistin Esirler Cemiyeti ile Filistin Kurtulu\u015f \u00d6rg\u00fct\u00fcne ba\u011fl\u0131 Esirler ve Serbest B\u0131rak\u0131lanlar Heyetinden yap\u0131lan ortak a\u00e7\u0131klamada, \u0130srail askerlerinin Bat\u0131 \u015eeria&#8217;daki bask\u0131nlar\u0131n\u0131 s\u00fcrd\u00fcrd\u00fc\u011f\u00fc belirtildi.<\/p>\n<p>\n\t\u0130srail g\u00fc\u00e7lerinin Eriha kentindeki Akabe Cebr M\u00fclteci Kamp\u0131\u2019na bask\u0131n d\u00fczenleyerek, esir takas\u0131 kapsam\u0131nda serbest kalan 15 ki\u015fiyi yeniden g\u00f6zalt\u0131na ald\u0131\u011f\u0131 aktar\u0131lan a\u00e7\u0131klamada, bask\u0131n s\u0131ras\u0131nda bir\u00e7ok ki\u015finin darbedildi\u011fi ve sorgulanmak \u00fczere bilinmeyen bir yere g\u00f6t\u00fcr\u00fcld\u00fc\u011f\u00fc kaydedildi.<\/p>\n<p>\n\t\u0130srail ordusu ayr\u0131ca Ramallah, El-Halil, Beyt\u00fcllahim, Nablus ve Tulkerim kentlerinde \u00e7ok say\u0131da eve bask\u0131n d\u00fczenleyerek 6 ki\u015fiyi daha g\u00f6zalt\u0131na ald\u0131.<\/p>\n<p>\n\tG\u00f6zalt\u0131na al\u0131nanlar aras\u0131nda, Hamas hareketinin \u00f6nde gelen isimlerinden ve eski El-Bire Belediye Ba\u015fkan\u0131 Cemal et-Tavil de yer al\u0131yor.<\/p>\n<p>\n\tYerel kaynaklara g\u00f6re \u0130srail g\u00fc\u00e7leri, Tavil&#8217;in Bire kentindeki evine bask\u0131n d\u00fczenleyerek, \u00e7ocuklar\u0131n\u0131 kelep\u00e7eleyerek darbetti ard\u0131ndan kendisini g\u00f6zalt\u0131na alarak bilinmeyen bir yere g\u00f6t\u00fcrd\u00fc.<\/p>\n<p>\n\t\u0130srail&#8217;in Gazze \u015eeridi&#8217;ne sald\u0131r\u0131 ba\u015flatt\u0131\u011f\u0131 8 Ekim 2023&#8217;ten bu yana i\u015fgal alt\u0131ndaki Bat\u0131 \u015eeria ve Do\u011fu Kud\u00fcs&#8217;te de Filistinlilere y\u00f6nelik g\u00f6zalt\u0131, bask\u0131n ve sald\u0131r\u0131larda art\u0131\u015f ya\u015fan\u0131yor.<\/p>\n<div class=\"news-tags\">\n<div class=\"title\">ET\u0130KETLER<\/div>\n<div class=\"tags\">\n                                                                            \u0130srail<br \/>\n                                                                            \u0130srail&#8217;in Gazze Soyk\u0131r\u0131m\u0131<br \/>\n                                                                            Gazze<br \/>\n                                                                            Bat\u0131 \u015eeria\n                                                                    <\/div>\n<\/p><\/div>\n<\/p><\/div>\n","protected":false},"excerpt":{"rendered":"<p>Filistin Esirler Cemiyeti ile Filistin Kurtulu\u015f \u00d6rg\u00fct\u00fcne ba\u011fl\u0131 Esirler ve Serbest B\u0131rak\u0131lanlar Heyetinden yap\u0131lan ortak a\u00e7\u0131klamada, \u0130srail askerlerinin Bat\u0131 \u015eeria&#8217;daki bask\u0131nlar\u0131n\u0131 s\u00fcrd\u00fcrd\u00fc\u011f\u00fc belirtildi. \u0130srail g\u00fc\u00e7lerinin Eriha kentindeki Akabe Cebr M\u00fclteci Kamp\u0131\u2019na bask\u0131n d\u00fczenleyerek, esir takas\u0131 kapsam\u0131nda serbest kalan 15 ki\u015fiyi yeniden g\u00f6zalt\u0131na ald\u0131\u011f\u0131 aktar\u0131lan a\u00e7\u0131klamada, bask\u0131n s\u0131ras\u0131nda bir\u00e7ok ki\u015finin darbedildi\u011fi ve sorgulanmak \u00fczere bilinmeyen bir<\/p>\n","protected":false},"author":1,"featured_media":97161,"comment_status":"open","ping_status":"open","sticky":false,"template":"","format":"standard","meta":{"footnotes":""},"categories":[306],"tags":[],"class_list":["post-97160","post","type-post","status-publish","format-standard","has-post-thumbnail","hentry","category-dunya"],"yoast_head":"<!-- This site is optimized with the Yoast SEO plugin v27.4 - https:\/\/yoast.com\/product\/yoast-seo-wordpress\/ -->\n<title>\u0130\u015fgalci \u0130srail ordusu, 15i daha \u00f6nce serbest b\u0131rak\u0131lan 21 Filistinliyi g\u00f6zalt\u0131na ald\u0131 -<\/title>\n<meta name=\"robots\" content=\"index, follow, max-snippet:-1, max-image-preview:large, max-video-preview:-1\" \/>\n<link rel=\"canonical\" href=\"https:\/\/kibrisdakik.com\/?p=97160\" \/>\n<meta property=\"og:locale\" content=\"tr_TR\" \/>\n<meta property=\"og:type\" content=\"article\" \/>\n<meta property=\"og:title\" content=\"\u0130\u015fgalci \u0130srail ordusu, 15i daha \u00f6nce serbest b\u0131rak\u0131lan 21 Filistinliyi g\u00f6zalt\u0131na ald\u0131 -\" \/>\n<meta property=\"og:description\" content=\"Filistin Esirler Cemiyeti ile Filistin Kurtulu\u015f \u00d6rg\u00fct\u00fcne ba\u011fl\u0131 Esirler ve Serbest B\u0131rak\u0131lanlar Heyetinden yap\u0131lan ortak a\u00e7\u0131klamada, \u0130srail askerlerinin Bat\u0131 \u015eeria&#8217;daki bask\u0131nlar\u0131n\u0131 s\u00fcrd\u00fcrd\u00fc\u011f\u00fc belirtildi. \u0130srail g\u00fc\u00e7lerinin Eriha kentindeki Akabe Cebr M\u00fclteci Kamp\u0131\u2019na bask\u0131n d\u00fczenleyerek, esir takas\u0131 kapsam\u0131nda serbest kalan 15 ki\u015fiyi yeniden g\u00f6zalt\u0131na ald\u0131\u011f\u0131 aktar\u0131lan a\u00e7\u0131klamada, bask\u0131n s\u0131ras\u0131nda bir\u00e7ok ki\u015finin darbedildi\u011fi ve sorgulanmak \u00fczere bilinmeyen bir\" \/>\n<meta property=\"og:url\" content=\"https:\/\/kibrisdakik.com\/?p=97160\" \/>\n<meta property=\"article:published_time\" content=\"2025-10-27T10:06:00+00:00\" \/>\n<meta property=\"og:image\" content=\"https:\/\/kibrisdakik.com\/wp-content\/uploads\/2025\/10\/israil-bati-seria-aa-1584415.jpg\" \/>\n\t<meta property=\"og:image:width\" content=\"1280\" \/>\n\t<meta property=\"og:image:height\" content=\"720\" \/>\n\t<meta property=\"og:image:type\" content=\"image\/jpeg\" \/>\n<meta name=\"author\" content=\"admin\" \/>\n<meta name=\"twitter:card\" content=\"summary_large_image\" \/>\n<meta name=\"twitter:label1\" content=\"Yazan:\" \/>\n\t<meta name=\"twitter:data1\" content=\"admin\" \/>\n\t<meta name=\"twitter:label2\" content=\"Tahmini okuma s\u00fcresi\" \/>\n\t<meta name=\"twitter:data2\" content=\"1 dakika\" \/>\n<script type=\"application\/ld+json\" class=\"yoast-schema-graph\">{\"@context\":\"https:\\\/\\\/schema.org\",\"@graph\":[{\"@type\":\"Article\",\"@id\":\"https:\\\/\\\/kibrisdakik.com\\\/?p=97160#article\",\"isPartOf\":{\"@id\":\"https:\\\/\\\/kibrisdakik.com\\\/?p=97160\"},\"author\":{\"name\":\"admin\",\"@id\":\"https:\\\/\\\/kibrisdakik.com\\\/#\\\/schema\\\/person\\\/9cd9d437bbb44f72b73ba127e06d8e79\"},\"headline\":\"\u0130\u015fgalci \u0130srail ordusu, 15i daha \u00f6nce serbest b\u0131rak\u0131lan 21 Filistinliyi g\u00f6zalt\u0131na ald\u0131\",\"datePublished\":\"2025-10-27T10:06:00+00:00\",\"mainEntityOfPage\":{\"@id\":\"https:\\\/\\\/kibrisdakik.com\\\/?p=97160\"},\"wordCount\":236,\"commentCount\":0,\"image\":{\"@id\":\"https:\\\/\\\/kibrisdakik.com\\\/?p=97160#primaryimage\"},\"thumbnailUrl\":\"https:\\\/\\\/kibrisdakik.com\\\/wp-content\\\/uploads\\\/2025\\\/10\\\/israil-bati-seria-aa-1584415.jpg\",\"articleSection\":[\"D\u00fcnya\"],\"inLanguage\":\"tr\",\"potentialAction\":[{\"@type\":\"CommentAction\",\"name\":\"Comment\",\"target\":[\"https:\\\/\\\/kibrisdakik.com\\\/?p=97160#respond\"]}]},{\"@type\":\"WebPage\",\"@id\":\"https:\\\/\\\/kibrisdakik.com\\\/?p=97160\",\"url\":\"https:\\\/\\\/kibrisdakik.com\\\/?p=97160\",\"name\":\"\u0130\u015fgalci \u0130srail ordusu, 15i daha \u00f6nce serbest b\u0131rak\u0131lan 21 Filistinliyi g\u00f6zalt\u0131na ald\u0131 -\",\"isPartOf\":{\"@id\":\"https:\\\/\\\/kibrisdakik.com\\\/#website\"},\"primaryImageOfPage\":{\"@id\":\"https:\\\/\\\/kibrisdakik.com\\\/?p=97160#primaryimage\"},\"image\":{\"@id\":\"https:\\\/\\\/kibrisdakik.com\\\/?p=97160#primaryimage\"},\"thumbnailUrl\":\"https:\\\/\\\/kibrisdakik.com\\\/wp-content\\\/uploads\\\/2025\\\/10\\\/israil-bati-seria-aa-1584415.jpg\",\"datePublished\":\"2025-10-27T10:06:00+00:00\",\"author\":{\"@id\":\"https:\\\/\\\/kibrisdakik.com\\\/#\\\/schema\\\/person\\\/9cd9d437bbb44f72b73ba127e06d8e79\"},\"breadcrumb\":{\"@id\":\"https:\\\/\\\/kibrisdakik.com\\\/?p=97160#breadcrumb\"},\"inLanguage\":\"tr\",\"potentialAction\":[{\"@type\":\"ReadAction\",\"target\":[\"https:\\\/\\\/kibrisdakik.com\\\/?p=97160\"]}]},{\"@type\":\"ImageObject\",\"inLanguage\":\"tr\",\"@id\":\"https:\\\/\\\/kibrisdakik.com\\\/?p=97160#primaryimage\",\"url\":\"https:\\\/\\\/kibrisdakik.com\\\/wp-content\\\/uploads\\\/2025\\\/10\\\/israil-bati-seria-aa-1584415.jpg\",\"contentUrl\":\"https:\\\/\\\/kibrisdakik.com\\\/wp-content\\\/uploads\\\/2025\\\/10\\\/israil-bati-seria-aa-1584415.jpg\",\"width\":1280,\"height\":720},{\"@type\":\"BreadcrumbList\",\"@id\":\"https:\\\/\\\/kibrisdakik.com\\\/?p=97160#breadcrumb\",\"itemListElement\":[{\"@type\":\"ListItem\",\"position\":1,\"name\":\"Home\",\"item\":\"https:\\\/\\\/kibrisdakik.com\\\/\"},{\"@type\":\"ListItem\",\"position\":2,\"name\":\"\u0130\u015fgalci \u0130srail ordusu, 15i daha \u00f6nce serbest b\u0131rak\u0131lan 21 Filistinliyi g\u00f6zalt\u0131na ald\u0131\"}]},{\"@type\":\"WebSite\",\"@id\":\"https:\\\/\\\/kibrisdakik.com\\\/#website\",\"url\":\"https:\\\/\\\/kibrisdakik.com\\\/\",\"name\":\"\",\"description\":\"Tam vaktinde haber\",\"potentialAction\":[{\"@type\":\"SearchAction\",\"target\":{\"@type\":\"EntryPoint\",\"urlTemplate\":\"https:\\\/\\\/kibrisdakik.com\\\/?s={search_term_string}\"},\"query-input\":{\"@type\":\"PropertyValueSpecification\",\"valueRequired\":true,\"valueName\":\"search_term_string\"}}],\"inLanguage\":\"tr\"},{\"@type\":\"Person\",\"@id\":\"https:\\\/\\\/kibrisdakik.com\\\/#\\\/schema\\\/person\\\/9cd9d437bbb44f72b73ba127e06d8e79\",\"name\":\"admin\",\"image\":{\"@type\":\"ImageObject\",\"inLanguage\":\"tr\",\"@id\":\"https:\\\/\\\/secure.gravatar.com\\\/avatar\\\/ccc17943b9d660506c869530f897617f7cb1c21a4bf30023f252596d83e1f007?s=96&d=mm&r=g\",\"url\":\"https:\\\/\\\/secure.gravatar.com\\\/avatar\\\/ccc17943b9d660506c869530f897617f7cb1c21a4bf30023f252596d83e1f007?s=96&d=mm&r=g\",\"contentUrl\":\"https:\\\/\\\/secure.gravatar.com\\\/avatar\\\/ccc17943b9d660506c869530f897617f7cb1c21a4bf30023f252596d83e1f007?s=96&d=mm&r=g\",\"caption\":\"admin\"},\"sameAs\":[\"https:\\\/\\\/kibrisdakik.com\"],\"url\":\"https:\\\/\\\/kibrisdakik.com\\\/?author=1\"}]}<\/script>\n<!-- \/ Yoast SEO plugin. -->","yoast_head_json":{"title":"\u0130\u015fgalci \u0130srail ordusu, 15i daha \u00f6nce serbest b\u0131rak\u0131lan 21 Filistinliyi g\u00f6zalt\u0131na ald\u0131 -","robots":{"index":"index","follow":"follow","max-snippet":"max-snippet:-1","max-image-preview":"max-image-preview:large","max-video-preview":"max-video-preview:-1"},"canonical":"https:\/\/kibrisdakik.com\/?p=97160","og_locale":"tr_TR","og_type":"article","og_title":"\u0130\u015fgalci \u0130srail ordusu, 15i daha \u00f6nce serbest b\u0131rak\u0131lan 21 Filistinliyi g\u00f6zalt\u0131na ald\u0131 -","og_description":"Filistin Esirler Cemiyeti ile Filistin Kurtulu\u015f \u00d6rg\u00fct\u00fcne ba\u011fl\u0131 Esirler ve Serbest B\u0131rak\u0131lanlar Heyetinden yap\u0131lan ortak a\u00e7\u0131klamada, \u0130srail askerlerinin Bat\u0131 \u015eeria&#8217;daki bask\u0131nlar\u0131n\u0131 s\u00fcrd\u00fcrd\u00fc\u011f\u00fc belirtildi. \u0130srail g\u00fc\u00e7lerinin Eriha kentindeki Akabe Cebr M\u00fclteci Kamp\u0131\u2019na bask\u0131n d\u00fczenleyerek, esir takas\u0131 kapsam\u0131nda serbest kalan 15 ki\u015fiyi yeniden g\u00f6zalt\u0131na ald\u0131\u011f\u0131 aktar\u0131lan a\u00e7\u0131klamada, bask\u0131n s\u0131ras\u0131nda bir\u00e7ok ki\u015finin darbedildi\u011fi ve sorgulanmak \u00fczere bilinmeyen bir","og_url":"https:\/\/kibrisdakik.com\/?p=97160","article_published_time":"2025-10-27T10:06:00+00:00","og_image":[{"width":1280,"height":720,"url":"https:\/\/kibrisdakik.com\/wp-content\/uploads\/2025\/10\/israil-bati-seria-aa-1584415.jpg","type":"image\/jpeg"}],"author":"admin","twitter_card":"summary_large_image","twitter_misc":{"Yazan:":"admin","Tahmini okuma s\u00fcresi":"1 dakika"},"schema":{"@context":"https:\/\/schema.org","@graph":[{"@type":"Article","@id":"https:\/\/kibrisdakik.com\/?p=97160#article","isPartOf":{"@id":"https:\/\/kibrisdakik.com\/?p=97160"},"author":{"name":"admin","@id":"https:\/\/kibrisdakik.com\/#\/schema\/person\/9cd9d437bbb44f72b73ba127e06d8e79"},"headline":"\u0130\u015fgalci \u0130srail ordusu, 15i daha \u00f6nce serbest b\u0131rak\u0131lan 21 Filistinliyi g\u00f6zalt\u0131na ald\u0131","datePublished":"2025-10-27T10:06:00+00:00","mainEntityOfPage":{"@id":"https:\/\/kibrisdakik.com\/?p=97160"},"wordCount":236,"commentCount":0,"image":{"@id":"https:\/\/kibrisdakik.com\/?p=97160#primaryimage"},"thumbnailUrl":"https:\/\/kibrisdakik.com\/wp-content\/uploads\/2025\/10\/israil-bati-seria-aa-1584415.jpg","articleSection":["D\u00fcnya"],"inLanguage":"tr","potentialAction":[{"@type":"CommentAction","name":"Comment","target":["https:\/\/kibrisdakik.com\/?p=97160#respond"]}]},{"@type":"WebPage","@id":"https:\/\/kibrisdakik.com\/?p=97160","url":"https:\/\/kibrisdakik.com\/?p=97160","name":"\u0130\u015fgalci \u0130srail ordusu, 15i daha \u00f6nce serbest b\u0131rak\u0131lan 21 Filistinliyi g\u00f6zalt\u0131na ald\u0131 -","isPartOf":{"@id":"https:\/\/kibrisdakik.com\/#website"},"primaryImageOfPage":{"@id":"https:\/\/kibrisdakik.com\/?p=97160#primaryimage"},"image":{"@id":"https:\/\/kibrisdakik.com\/?p=97160#primaryimage"},"thumbnailUrl":"https:\/\/kibrisdakik.com\/wp-content\/uploads\/2025\/10\/israil-bati-seria-aa-1584415.jpg","datePublished":"2025-10-27T10:06:00+00:00","author":{"@id":"https:\/\/kibrisdakik.com\/#\/schema\/person\/9cd9d437bbb44f72b73ba127e06d8e79"},"breadcrumb":{"@id":"https:\/\/kibrisdakik.com\/?p=97160#breadcrumb"},"inLanguage":"tr","potentialAction":[{"@type":"ReadAction","target":["https:\/\/kibrisdakik.com\/?p=97160"]}]},{"@type":"ImageObject","inLanguage":"tr","@id":"https:\/\/kibrisdakik.com\/?p=97160#primaryimage","url":"https:\/\/kibrisdakik.com\/wp-content\/uploads\/2025\/10\/israil-bati-seria-aa-1584415.jpg","contentUrl":"https:\/\/kibrisdakik.com\/wp-content\/uploads\/2025\/10\/israil-bati-seria-aa-1584415.jpg","width":1280,"height":720},{"@type":"BreadcrumbList","@id":"https:\/\/kibrisdakik.com\/?p=97160#breadcrumb","itemListElement":[{"@type":"ListItem","position":1,"name":"Home","item":"https:\/\/kibrisdakik.com\/"},{"@type":"ListItem","position":2,"name":"\u0130\u015fgalci \u0130srail ordusu, 15i daha \u00f6nce serbest b\u0131rak\u0131lan 21 Filistinliyi g\u00f6zalt\u0131na ald\u0131"}]},{"@type":"WebSite","@id":"https:\/\/kibrisdakik.com\/#website","url":"https:\/\/kibrisdakik.com\/","name":"","description":"Tam vaktinde haber","potentialAction":[{"@type":"SearchAction","target":{"@type":"EntryPoint","urlTemplate":"https:\/\/kibrisdakik.com\/?s={search_term_string}"},"query-input":{"@type":"PropertyValueSpecification","valueRequired":true,"valueName":"search_term_string"}}],"inLanguage":"tr"},{"@type":"Person","@id":"https:\/\/kibrisdakik.com\/#\/schema\/person\/9cd9d437bbb44f72b73ba127e06d8e79","name":"admin","image":{"@type":"ImageObject","inLanguage":"tr","@id":"https:\/\/secure.gravatar.com\/avatar\/ccc17943b9d660506c869530f897617f7cb1c21a4bf30023f252596d83e1f007?s=96&d=mm&r=g","url":"https:\/\/secure.gravatar.com\/avatar\/ccc17943b9d660506c869530f897617f7cb1c21a4bf30023f252596d83e1f007?s=96&d=mm&r=g","contentUrl":"https:\/\/secure.gravatar.com\/avatar\/ccc17943b9d660506c869530f897617f7cb1c21a4bf30023f252596d83e1f007?s=96&d=mm&r=g","caption":"admin"},"sameAs":["https:\/\/kibrisdakik.com"],"url":"https:\/\/kibrisdakik.com\/?author=1"}]}},"_links":{"self":[{"href":"https:\/\/kibrisdakik.com\/index.php?rest_route=\/wp\/v2\/posts\/97160","targetHints":{"allow":["GET"]}}],"collection":[{"href":"https:\/\/kibrisdakik.com\/index.php?rest_route=\/wp\/v2\/posts"}],"about":[{"href":"https:\/\/kibrisdakik.com\/index.php?rest_route=\/wp\/v2\/types\/post"}],"author":[{"embeddable":true,"href":"https:\/\/kibrisdakik.com\/index.php?rest_route=\/wp\/v2\/users\/1"}],"replies":[{"embeddable":true,"href":"https:\/\/kibrisdakik.com\/index.php?rest_route=%2Fwp%2Fv2%2Fcomments&post=97160"}],"version-history":[{"count":0,"href":"https:\/\/kibrisdakik.com\/index.php?rest_route=\/wp\/v2\/posts\/97160\/revisions"}],"wp:featuredmedia":[{"embeddable":true,"href":"https:\/\/kibrisdakik.com\/index.php?rest_route=\/wp\/v2\/media\/97161"}],"wp:attachment":[{"href":"https:\/\/kibrisdakik.com\/index.php?rest_route=%2Fwp%2Fv2%2Fmedia&parent=97160"}],"wp:term":[{"taxonomy":"category","embeddable":true,"href":"https:\/\/kibrisdakik.com\/index.php?rest_route=%2Fwp%2Fv2%2Fcategories&post=97160"},{"taxonomy":"post_tag","embeddable":true,"href":"https:\/\/kibrisdakik.com\/index.php?rest_route=%2Fwp%2Fv2%2Ftags&post=97160"}],"curies":[{"name":"wp","href":"https:\/\/api.w.org\/{rel}","templated":true}]}}