{"id":97177,"date":"2025-10-27T13:37:04","date_gmt":"2025-10-27T11:37:04","guid":{"rendered":"https:\/\/kibrisdakik.com\/index.php\/2025\/10\/27\/ktoeos-ltlde-uyari-grevi-yapti\/"},"modified":"2025-10-27T13:37:04","modified_gmt":"2025-10-27T11:37:04","slug":"ktoeos-ltlde-uyari-grevi-yapti","status":"publish","type":"post","link":"https:\/\/kibrisdakik.com\/?p=97177","title":{"rendered":"KTOE\u00d6S, LTL&#8217;DE UYARI GREV\u0130 YAPTI"},"content":{"rendered":"<p><\/p>\n<div data-text-id=\"187538\" property=\"articleBody\">\n<p>K\u0131br\u0131s T\u00fcrk Orta E\u011fitim \u00d6\u011fretmenler Sendikas\u0131 (KTOE\u00d6S), liselerde, \u00f6zellikle teknik liselerdeki teknoloji at\u00f6lyelerinde kalabal\u0131k \u00f6\u011frenci n\u00fcfusu bulundu\u011fu ve e\u011fitimde s\u00fcregelen sorunlar\u0131n \u00e7\u00f6z\u00fcm\u00fcne \u00f6ncelik verilmedi\u011fi gerek\u00e7esiyle Lefko\u015fa T\u00fcrk Lisesi\u2019nde uyar\u0131 grevi yapt\u0131.<\/p>\n<p>KTOE\u00d6S Ba\u015fkan\u0131 Selma Eylem, \u201c\u00fclkenin imam hatiplere ya da ilahiyat kolejlerine de\u011fil e\u015fit, bilimsel, l\u00e2ik ve Atat\u00fcrk&#8217;\u00fcn \u00e7izdi\u011fi yol ve \u00e7izgide bir e\u011fitim sistemine ihtiya\u00e7 duydu\u011funu\u201d savundu.<\/p>\n<p>Eylem, okul \u00f6n\u00fcnde yapt\u0131\u011f\u0131 a\u00e7\u0131klamada, Rauf R. Denkta\u015f Meslek Lisesi&#8217;nde oldu\u011fu gibi LTL&#8217;de de at\u00f6lyelerde bir kalabal\u0131kla\u015fma ya\u015fand\u0131\u011f\u0131na i\u015faret etti. Eylem, t\u00fcz\u00fck, yasa ve Anayasa tan\u0131maz \u015fekilde hareket edilerek, e\u011fitimdeki sorunlar\u0131 gidermek yerine \u00f6\u011fretmeni korkutma, sindirme ve sendikal m\u00fccadeleyi zay\u0131flatma yolunun se\u00e7ti\u011fini iddia etti.<\/p>\n<p>Selma Eylem, Milli E\u011fitim Bakanl\u0131\u011f\u0131&#8217;na &#8220;m\u00fcd\u00fcr, m\u00fcd\u00fcr muavini, at\u00f6lye \u015fefi eksiklikleri, konteyner s\u0131n\u0131flarda okumaya devam eden \u00f6\u011frenciler, \u00f6zelde \u00e7al\u0131\u015ft\u0131ktan sonra devlete ge\u00e7ecek \u00f6\u011fretmenlerin sorunlar\u0131 ve disiplin t\u00fcz\u00fc\u011f\u00fc&#8221; \u00fczerinden ele\u015ftirdi.<\/p>\n<p>Eylem, bug\u00fcn Cumhuriyet Meclisi&#8217;nde g\u00fcndeme gelecek &#8220;Gazima\u011fusa&#8217;ya ilahiyat koleji a\u00e7\u0131lmas\u0131&#8221; konusunu da ele\u015ftirerek, \u00f6\u011fretmenin bilimsel, laik, e\u011fitim ve \u00e7a\u011fda\u015f \u00e7al\u0131\u015fma ko\u015fullar\u0131 i\u00e7in m\u00fccadeleden vazge\u00e7meyece\u011fini s\u00f6yledi. \u00c7ok fazla din dersi i\u00e7eren bir m\u00fcfredat, ba\u015f\u00f6rt\u00fcs\u00fc ve gezilerle toplum m\u00fchendisli\u011finin hedeflendi\u011fini ileri s\u00fcren Eylem, sorgulamayan, biat eden, itaatk\u00e2r bir toplum yarat\u0131lmaya \u00e7al\u0131\u015f\u0131ld\u0131\u011f\u0131n\u0131 savundu.<\/p>\n<p>-G\u00f6k\u00e7ebel: &#8220;Mecliste bug\u00fcn konu\u015fulmas\u0131 gereken bir bakan\u0131n \u00fclkeye ihanetidir, ilahiyat kolejinin ikincisinin a\u00e7\u0131lmas\u0131 de\u011fil&#8230;&#8221;<\/p>\n<p>KTOE\u00d6S Genel Sekreteri Tahir G\u00f6k\u00e7ebel de Rauf Denkta\u015f Meslek Lisesi&#8217;nde 2, LTL&#8217;de 1 \u00f6\u011fretmenin bug\u00fcn grevde oldu\u011funu hat\u0131rlatarak, E\u011fitim Bakanl\u0131\u011f\u0131&#8217;n\u0131n kamusal e\u011fitimle ilgili hi\u00e7bir gailesi olmamas\u0131na tepki olarak bu eylemlerin ortaya kondu\u011funu s\u00f6yledi.<\/p>\n<p>Aletlerle u\u011fra\u015f\u0131lan b\u00f6l\u00fcmlerin risk i\u00e7ermesi nedeniyle, ilgili t\u00fcz\u00fckte &#8220;Bir at\u00f6lyede en fazla 16 \u00f6\u011frenci olur&#8221; ifadesinin yer ald\u0131\u011f\u0131n\u0131 hat\u0131rlatan G\u00f6k\u00e7ebel, \u00f6\u011frenci say\u0131s\u0131n\u0131n baz\u0131 okullarda 19, baz\u0131lar\u0131nda ise 20&#8217;yi buldu\u011funu ifade etti. Okullar\u0131n kozmopolit bir yap\u0131ya b\u00fcr\u00fcnd\u00fc\u011f\u00fcne i\u015faret eden G\u00f6k\u00e7ebel, yabanc\u0131 \u00f6\u011frencilerle \u00f6zel e\u011fitim gereksinimi bulunan \u00f6\u011frencilerin ayn\u0131 ortamda e\u011fitim g\u00f6rd\u00fc\u011f\u00fcn\u00fc s\u00f6yledi.<\/p>\n<p>Tahir G\u00f6k\u00e7ebel, Rauf R. Denkta\u015f Meslek Lisesi&#8217;nde g\u00fcnlerdir ya\u015fanan soruna \u00e7\u00f6z\u00fcm aramak yerine, \u00f6\u011fretmene soru\u015fturma a\u00e7arak, korkutma ve sindirme yoluna gidildi\u011fi ele\u015ftirisinde bulunan G\u00f6k\u00e7ebel, LTL&#8217;nin halen deprem risk raporunun ortada olmad\u0131\u011f\u0131 ve devlet okullar\u0131n\u0131n fakirle\u015ftirildi\u011fi bir ortamda her t\u00fcrl\u00fc imk\u00e2na sahip ilahiyat kolejlerinin ikincisini a\u00e7arak kamusal e\u011fitim \u00fczerinde oyunlar oynanmaya \u00e7al\u0131\u015f\u0131ld\u0131\u011f\u0131n\u0131 iddia etti.<\/p>\n<p>Okullardaki \u00f6zel g\u00fcvenlik g\u00f6revlisi uygulamas\u0131n\u0131 &#8220;D\u00f6rt taraf\u0131 a\u00e7\u0131k ancak kap\u0131s\u0131nda kilit bulunan Nasrettin Hoca t\u00fcrbesine&#8221; benzeterek ele\u015ftiren G\u00f6k\u00e7ebel, bu g\u00fcvenlik g\u00f6revlilerinin g\u00fcvenlik soru\u015fturmalar\u0131n\u0131n yap\u0131l\u0131p yap\u0131lmad\u0131\u011f\u0131n\u0131, kadro \u015femalar\u0131n\u0131n belli olup olmad\u0131\u011f\u0131n\u0131 sordu.<\/p>\n<p>G\u00f6k\u00e7ebel, hakk\u0131nda \u00e7e\u015fitli iddialar bulunan bir bakan\u0131n \u00f6\u011fretmen ve \u00f6\u011fretmene hilekar demesinin manidar oldu\u011funu s\u00f6yleyerek, Milli E\u011fitim Bakan\u0131 Naz\u0131m \u00c7avu\u015fo\u011flu&#8217;na, e\u011fitimin \u00f6n\u00fcndeki takozu kald\u0131r\u0131p, kamusal e\u011fitimin \u00f6n\u00fcn\u00fc a\u00e7ma \u00e7a\u011fr\u0131s\u0131 yapt\u0131.<\/p>\n<p>Gazetecilerin sorular\u0131n\u0131 da yan\u0131tlayan G\u00f6k\u00e7ebel, &#8220;tam g\u00fcn&#8221; denilen e\u011fitimin &#8220;sahte tam g\u00fcn&#8221; e\u011fitimi oldu\u011funu ileri s\u00fcrerek, kadro eksiklikleri ve di\u011fer yap\u0131sal sorunlar nedeniyle bunun bir dayatmadan \u00f6teye gidemedi\u011fini ve &#8220;gericile\u015ftirme politikas\u0131n\u0131n&#8221; bir par\u00e7as\u0131 oldu\u011funu savundu.<\/p>\n<p>G\u00f6k\u00e7ebel, verimsiz ve \u00e7al\u0131\u015fmayan bir \u015feyin d\u00fczeltilmesi i\u00e7in yapt\u0131\u011f\u0131 bug\u00fcnk\u00fc eylemin bir uyar\u0131 mahiyetinde oldu\u011funu belirterek, bahse konu sorunlara \u00e7\u00f6z\u00fcm bulunmamas\u0131 halinde geni\u015fleyerek devam edece\u011fini de s\u00f6zlerine ekledi.<\/p>\n<\/p><\/div>\n","protected":false},"excerpt":{"rendered":"<p>K\u0131br\u0131s T\u00fcrk Orta E\u011fitim \u00d6\u011fretmenler Sendikas\u0131 (KTOE\u00d6S), liselerde, \u00f6zellikle teknik liselerdeki teknoloji at\u00f6lyelerinde kalabal\u0131k \u00f6\u011frenci n\u00fcfusu bulundu\u011fu ve e\u011fitimde s\u00fcregelen sorunlar\u0131n \u00e7\u00f6z\u00fcm\u00fcne \u00f6ncelik verilmedi\u011fi gerek\u00e7esiyle Lefko\u015fa T\u00fcrk Lisesi\u2019nde uyar\u0131 grevi yapt\u0131. KTOE\u00d6S Ba\u015fkan\u0131 Selma Eylem, \u201c\u00fclkenin imam hatiplere ya da ilahiyat kolejlerine de\u011fil e\u015fit, bilimsel, l\u00e2ik ve Atat\u00fcrk&#8217;\u00fcn \u00e7izdi\u011fi yol ve \u00e7izgide bir e\u011fitim sistemine<\/p>\n","protected":false},"author":1,"featured_media":97178,"comment_status":"open","ping_status":"open","sticky":false,"template":"","format":"standard","meta":{"footnotes":""},"categories":[81],"tags":[],"class_list":["post-97177","post","type-post","status-publish","format-standard","has-post-thumbnail","hentry","category-kibris"],"yoast_head":"<!-- This site is optimized with the Yoast SEO plugin v27.5 - https:\/\/yoast.com\/product\/yoast-seo-wordpress\/ -->\n<title>KTOE\u00d6S, LTL&#039;DE UYARI GREV\u0130 YAPTI -<\/title>\n<meta name=\"robots\" content=\"index, follow, max-snippet:-1, max-image-preview:large, max-video-preview:-1\" \/>\n<link rel=\"canonical\" href=\"https:\/\/kibrisdakik.com\/?p=97177\" \/>\n<meta property=\"og:locale\" content=\"tr_TR\" \/>\n<meta property=\"og:type\" content=\"article\" \/>\n<meta property=\"og:title\" content=\"KTOE\u00d6S, LTL&#039;DE UYARI GREV\u0130 YAPTI -\" \/>\n<meta property=\"og:description\" content=\"K\u0131br\u0131s T\u00fcrk Orta E\u011fitim \u00d6\u011fretmenler Sendikas\u0131 (KTOE\u00d6S), liselerde, \u00f6zellikle teknik liselerdeki teknoloji at\u00f6lyelerinde kalabal\u0131k \u00f6\u011frenci n\u00fcfusu bulundu\u011fu ve e\u011fitimde s\u00fcregelen sorunlar\u0131n \u00e7\u00f6z\u00fcm\u00fcne \u00f6ncelik verilmedi\u011fi gerek\u00e7esiyle Lefko\u015fa T\u00fcrk Lisesi\u2019nde uyar\u0131 grevi yapt\u0131. KTOE\u00d6S Ba\u015fkan\u0131 Selma Eylem, \u201c\u00fclkenin imam hatiplere ya da ilahiyat kolejlerine de\u011fil e\u015fit, bilimsel, l\u00e2ik ve Atat\u00fcrk&#8217;\u00fcn \u00e7izdi\u011fi yol ve \u00e7izgide bir e\u011fitim sistemine\" \/>\n<meta property=\"og:url\" content=\"https:\/\/kibrisdakik.com\/?p=97177\" \/>\n<meta property=\"article:published_time\" content=\"2025-10-27T11:37:04+00:00\" \/>\n<meta property=\"og:image\" content=\"https:\/\/kibrisdakik.com\/wp-content\/uploads\/2025\/10\/mha-sari-beyaz-276.png\" \/>\n\t<meta property=\"og:image:width\" content=\"1280\" \/>\n\t<meta property=\"og:image:height\" content=\"720\" \/>\n\t<meta property=\"og:image:type\" content=\"image\/png\" \/>\n<meta name=\"author\" content=\"admin\" \/>\n<meta name=\"twitter:card\" content=\"summary_large_image\" \/>\n<meta name=\"twitter:label1\" content=\"Yazan:\" \/>\n\t<meta name=\"twitter:data1\" content=\"admin\" \/>\n\t<meta name=\"twitter:label2\" content=\"Tahmini okuma s\u00fcresi\" \/>\n\t<meta name=\"twitter:data2\" content=\"3 dakika\" \/>\n<script type=\"application\/ld+json\" class=\"yoast-schema-graph\">{\"@context\":\"https:\\\/\\\/schema.org\",\"@graph\":[{\"@type\":\"Article\",\"@id\":\"https:\\\/\\\/kibrisdakik.com\\\/?p=97177#article\",\"isPartOf\":{\"@id\":\"https:\\\/\\\/kibrisdakik.com\\\/?p=97177\"},\"author\":{\"name\":\"admin\",\"@id\":\"https:\\\/\\\/kibrisdakik.com\\\/#\\\/schema\\\/person\\\/9cd9d437bbb44f72b73ba127e06d8e79\"},\"headline\":\"KTOE\u00d6S, LTL&#8217;DE UYARI GREV\u0130 YAPTI\",\"datePublished\":\"2025-10-27T11:37:04+00:00\",\"mainEntityOfPage\":{\"@id\":\"https:\\\/\\\/kibrisdakik.com\\\/?p=97177\"},\"wordCount\":690,\"commentCount\":0,\"image\":{\"@id\":\"https:\\\/\\\/kibrisdakik.com\\\/?p=97177#primaryimage\"},\"thumbnailUrl\":\"https:\\\/\\\/kibrisdakik.com\\\/wp-content\\\/uploads\\\/2025\\\/10\\\/mha-sari-beyaz-276.png\",\"articleSection\":[\"K\u0131br\u0131s\"],\"inLanguage\":\"tr\",\"potentialAction\":[{\"@type\":\"CommentAction\",\"name\":\"Comment\",\"target\":[\"https:\\\/\\\/kibrisdakik.com\\\/?p=97177#respond\"]}]},{\"@type\":\"WebPage\",\"@id\":\"https:\\\/\\\/kibrisdakik.com\\\/?p=97177\",\"url\":\"https:\\\/\\\/kibrisdakik.com\\\/?p=97177\",\"name\":\"KTOE\u00d6S, LTL'DE UYARI GREV\u0130 YAPTI -\",\"isPartOf\":{\"@id\":\"https:\\\/\\\/kibrisdakik.com\\\/#website\"},\"primaryImageOfPage\":{\"@id\":\"https:\\\/\\\/kibrisdakik.com\\\/?p=97177#primaryimage\"},\"image\":{\"@id\":\"https:\\\/\\\/kibrisdakik.com\\\/?p=97177#primaryimage\"},\"thumbnailUrl\":\"https:\\\/\\\/kibrisdakik.com\\\/wp-content\\\/uploads\\\/2025\\\/10\\\/mha-sari-beyaz-276.png\",\"datePublished\":\"2025-10-27T11:37:04+00:00\",\"author\":{\"@id\":\"https:\\\/\\\/kibrisdakik.com\\\/#\\\/schema\\\/person\\\/9cd9d437bbb44f72b73ba127e06d8e79\"},\"breadcrumb\":{\"@id\":\"https:\\\/\\\/kibrisdakik.com\\\/?p=97177#breadcrumb\"},\"inLanguage\":\"tr\",\"potentialAction\":[{\"@type\":\"ReadAction\",\"target\":[\"https:\\\/\\\/kibrisdakik.com\\\/?p=97177\"]}]},{\"@type\":\"ImageObject\",\"inLanguage\":\"tr\",\"@id\":\"https:\\\/\\\/kibrisdakik.com\\\/?p=97177#primaryimage\",\"url\":\"https:\\\/\\\/kibrisdakik.com\\\/wp-content\\\/uploads\\\/2025\\\/10\\\/mha-sari-beyaz-276.png\",\"contentUrl\":\"https:\\\/\\\/kibrisdakik.com\\\/wp-content\\\/uploads\\\/2025\\\/10\\\/mha-sari-beyaz-276.png\",\"width\":1280,\"height\":720},{\"@type\":\"BreadcrumbList\",\"@id\":\"https:\\\/\\\/kibrisdakik.com\\\/?p=97177#breadcrumb\",\"itemListElement\":[{\"@type\":\"ListItem\",\"position\":1,\"name\":\"Home\",\"item\":\"https:\\\/\\\/kibrisdakik.com\\\/\"},{\"@type\":\"ListItem\",\"position\":2,\"name\":\"KTOE\u00d6S, LTL&#8217;DE UYARI GREV\u0130 YAPTI\"}]},{\"@type\":\"WebSite\",\"@id\":\"https:\\\/\\\/kibrisdakik.com\\\/#website\",\"url\":\"https:\\\/\\\/kibrisdakik.com\\\/\",\"name\":\"\",\"description\":\"Tam vaktinde haber\",\"potentialAction\":[{\"@type\":\"SearchAction\",\"target\":{\"@type\":\"EntryPoint\",\"urlTemplate\":\"https:\\\/\\\/kibrisdakik.com\\\/?s={search_term_string}\"},\"query-input\":{\"@type\":\"PropertyValueSpecification\",\"valueRequired\":true,\"valueName\":\"search_term_string\"}}],\"inLanguage\":\"tr\"},{\"@type\":\"Person\",\"@id\":\"https:\\\/\\\/kibrisdakik.com\\\/#\\\/schema\\\/person\\\/9cd9d437bbb44f72b73ba127e06d8e79\",\"name\":\"admin\",\"image\":{\"@type\":\"ImageObject\",\"inLanguage\":\"tr\",\"@id\":\"https:\\\/\\\/secure.gravatar.com\\\/avatar\\\/ccc17943b9d660506c869530f897617f7cb1c21a4bf30023f252596d83e1f007?s=96&d=mm&r=g\",\"url\":\"https:\\\/\\\/secure.gravatar.com\\\/avatar\\\/ccc17943b9d660506c869530f897617f7cb1c21a4bf30023f252596d83e1f007?s=96&d=mm&r=g\",\"contentUrl\":\"https:\\\/\\\/secure.gravatar.com\\\/avatar\\\/ccc17943b9d660506c869530f897617f7cb1c21a4bf30023f252596d83e1f007?s=96&d=mm&r=g\",\"caption\":\"admin\"},\"sameAs\":[\"https:\\\/\\\/kibrisdakik.com\"],\"url\":\"https:\\\/\\\/kibrisdakik.com\\\/?author=1\"}]}<\/script>\n<!-- \/ Yoast SEO plugin. -->","yoast_head_json":{"title":"KTOE\u00d6S, LTL'DE UYARI GREV\u0130 YAPTI -","robots":{"index":"index","follow":"follow","max-snippet":"max-snippet:-1","max-image-preview":"max-image-preview:large","max-video-preview":"max-video-preview:-1"},"canonical":"https:\/\/kibrisdakik.com\/?p=97177","og_locale":"tr_TR","og_type":"article","og_title":"KTOE\u00d6S, LTL'DE UYARI GREV\u0130 YAPTI -","og_description":"K\u0131br\u0131s T\u00fcrk Orta E\u011fitim \u00d6\u011fretmenler Sendikas\u0131 (KTOE\u00d6S), liselerde, \u00f6zellikle teknik liselerdeki teknoloji at\u00f6lyelerinde kalabal\u0131k \u00f6\u011frenci n\u00fcfusu bulundu\u011fu ve e\u011fitimde s\u00fcregelen sorunlar\u0131n \u00e7\u00f6z\u00fcm\u00fcne \u00f6ncelik verilmedi\u011fi gerek\u00e7esiyle Lefko\u015fa T\u00fcrk Lisesi\u2019nde uyar\u0131 grevi yapt\u0131. KTOE\u00d6S Ba\u015fkan\u0131 Selma Eylem, \u201c\u00fclkenin imam hatiplere ya da ilahiyat kolejlerine de\u011fil e\u015fit, bilimsel, l\u00e2ik ve Atat\u00fcrk&#8217;\u00fcn \u00e7izdi\u011fi yol ve \u00e7izgide bir e\u011fitim sistemine","og_url":"https:\/\/kibrisdakik.com\/?p=97177","article_published_time":"2025-10-27T11:37:04+00:00","og_image":[{"width":1280,"height":720,"url":"https:\/\/kibrisdakik.com\/wp-content\/uploads\/2025\/10\/mha-sari-beyaz-276.png","type":"image\/png"}],"author":"admin","twitter_card":"summary_large_image","twitter_misc":{"Yazan:":"admin","Tahmini okuma s\u00fcresi":"3 dakika"},"schema":{"@context":"https:\/\/schema.org","@graph":[{"@type":"Article","@id":"https:\/\/kibrisdakik.com\/?p=97177#article","isPartOf":{"@id":"https:\/\/kibrisdakik.com\/?p=97177"},"author":{"name":"admin","@id":"https:\/\/kibrisdakik.com\/#\/schema\/person\/9cd9d437bbb44f72b73ba127e06d8e79"},"headline":"KTOE\u00d6S, LTL&#8217;DE UYARI GREV\u0130 YAPTI","datePublished":"2025-10-27T11:37:04+00:00","mainEntityOfPage":{"@id":"https:\/\/kibrisdakik.com\/?p=97177"},"wordCount":690,"commentCount":0,"image":{"@id":"https:\/\/kibrisdakik.com\/?p=97177#primaryimage"},"thumbnailUrl":"https:\/\/kibrisdakik.com\/wp-content\/uploads\/2025\/10\/mha-sari-beyaz-276.png","articleSection":["K\u0131br\u0131s"],"inLanguage":"tr","potentialAction":[{"@type":"CommentAction","name":"Comment","target":["https:\/\/kibrisdakik.com\/?p=97177#respond"]}]},{"@type":"WebPage","@id":"https:\/\/kibrisdakik.com\/?p=97177","url":"https:\/\/kibrisdakik.com\/?p=97177","name":"KTOE\u00d6S, LTL'DE UYARI GREV\u0130 YAPTI -","isPartOf":{"@id":"https:\/\/kibrisdakik.com\/#website"},"primaryImageOfPage":{"@id":"https:\/\/kibrisdakik.com\/?p=97177#primaryimage"},"image":{"@id":"https:\/\/kibrisdakik.com\/?p=97177#primaryimage"},"thumbnailUrl":"https:\/\/kibrisdakik.com\/wp-content\/uploads\/2025\/10\/mha-sari-beyaz-276.png","datePublished":"2025-10-27T11:37:04+00:00","author":{"@id":"https:\/\/kibrisdakik.com\/#\/schema\/person\/9cd9d437bbb44f72b73ba127e06d8e79"},"breadcrumb":{"@id":"https:\/\/kibrisdakik.com\/?p=97177#breadcrumb"},"inLanguage":"tr","potentialAction":[{"@type":"ReadAction","target":["https:\/\/kibrisdakik.com\/?p=97177"]}]},{"@type":"ImageObject","inLanguage":"tr","@id":"https:\/\/kibrisdakik.com\/?p=97177#primaryimage","url":"https:\/\/kibrisdakik.com\/wp-content\/uploads\/2025\/10\/mha-sari-beyaz-276.png","contentUrl":"https:\/\/kibrisdakik.com\/wp-content\/uploads\/2025\/10\/mha-sari-beyaz-276.png","width":1280,"height":720},{"@type":"BreadcrumbList","@id":"https:\/\/kibrisdakik.com\/?p=97177#breadcrumb","itemListElement":[{"@type":"ListItem","position":1,"name":"Home","item":"https:\/\/kibrisdakik.com\/"},{"@type":"ListItem","position":2,"name":"KTOE\u00d6S, LTL&#8217;DE UYARI GREV\u0130 YAPTI"}]},{"@type":"WebSite","@id":"https:\/\/kibrisdakik.com\/#website","url":"https:\/\/kibrisdakik.com\/","name":"","description":"Tam vaktinde haber","potentialAction":[{"@type":"SearchAction","target":{"@type":"EntryPoint","urlTemplate":"https:\/\/kibrisdakik.com\/?s={search_term_string}"},"query-input":{"@type":"PropertyValueSpecification","valueRequired":true,"valueName":"search_term_string"}}],"inLanguage":"tr"},{"@type":"Person","@id":"https:\/\/kibrisdakik.com\/#\/schema\/person\/9cd9d437bbb44f72b73ba127e06d8e79","name":"admin","image":{"@type":"ImageObject","inLanguage":"tr","@id":"https:\/\/secure.gravatar.com\/avatar\/ccc17943b9d660506c869530f897617f7cb1c21a4bf30023f252596d83e1f007?s=96&d=mm&r=g","url":"https:\/\/secure.gravatar.com\/avatar\/ccc17943b9d660506c869530f897617f7cb1c21a4bf30023f252596d83e1f007?s=96&d=mm&r=g","contentUrl":"https:\/\/secure.gravatar.com\/avatar\/ccc17943b9d660506c869530f897617f7cb1c21a4bf30023f252596d83e1f007?s=96&d=mm&r=g","caption":"admin"},"sameAs":["https:\/\/kibrisdakik.com"],"url":"https:\/\/kibrisdakik.com\/?author=1"}]}},"_links":{"self":[{"href":"https:\/\/kibrisdakik.com\/index.php?rest_route=\/wp\/v2\/posts\/97177","targetHints":{"allow":["GET"]}}],"collection":[{"href":"https:\/\/kibrisdakik.com\/index.php?rest_route=\/wp\/v2\/posts"}],"about":[{"href":"https:\/\/kibrisdakik.com\/index.php?rest_route=\/wp\/v2\/types\/post"}],"author":[{"embeddable":true,"href":"https:\/\/kibrisdakik.com\/index.php?rest_route=\/wp\/v2\/users\/1"}],"replies":[{"embeddable":true,"href":"https:\/\/kibrisdakik.com\/index.php?rest_route=%2Fwp%2Fv2%2Fcomments&post=97177"}],"version-history":[{"count":0,"href":"https:\/\/kibrisdakik.com\/index.php?rest_route=\/wp\/v2\/posts\/97177\/revisions"}],"wp:featuredmedia":[{"embeddable":true,"href":"https:\/\/kibrisdakik.com\/index.php?rest_route=\/wp\/v2\/media\/97178"}],"wp:attachment":[{"href":"https:\/\/kibrisdakik.com\/index.php?rest_route=%2Fwp%2Fv2%2Fmedia&parent=97177"}],"wp:term":[{"taxonomy":"category","embeddable":true,"href":"https:\/\/kibrisdakik.com\/index.php?rest_route=%2Fwp%2Fv2%2Fcategories&post=97177"},{"taxonomy":"post_tag","embeddable":true,"href":"https:\/\/kibrisdakik.com\/index.php?rest_route=%2Fwp%2Fv2%2Ftags&post=97177"}],"curies":[{"name":"wp","href":"https:\/\/api.w.org\/{rel}","templated":true}]}}