{"id":97195,"date":"2025-10-27T15:16:08","date_gmt":"2025-10-27T13:16:08","guid":{"rendered":"https:\/\/kibrisdakik.com\/index.php\/2025\/10\/27\/29-ekim-torenleri-icin-bazi-yollar-trafige-kapatilacak\/"},"modified":"2025-10-27T15:16:08","modified_gmt":"2025-10-27T13:16:08","slug":"29-ekim-torenleri-icin-bazi-yollar-trafige-kapatilacak","status":"publish","type":"post","link":"https:\/\/kibrisdakik.com\/?p=97195","title":{"rendered":"29 EK\u0130M T\u00d6RENLER\u0130 \u0130\u00c7\u0130N BAZI YOLLAR TRAF\u0130\u011eE KAPATILACAK"},"content":{"rendered":"<p><\/p>\n<p>Polis Genel M\u00fcd\u00fcrl\u00fc\u011f\u00fc, 29 Ekim Cumhuriyet Bayram\u0131\u2019n\u0131n 102\u2019nci y\u0131l d\u00f6n\u00fcm\u00fc dolay\u0131s\u0131yla t\u00fcm il\u00e7elerde yap\u0131lacak t\u00f6ren y\u00fcr\u00fcy\u00fc\u015fleri ve bando konserleri nedeniyle baz\u0131 yollar\u0131n ge\u00e7ici olarak trafi\u011fe kapat\u0131laca\u011f\u0131n\u0131 duyurdu.<\/p>\n<p>A\u00e7\u0131klamaya g\u00f6re, 29 Ekim 2025 \u00c7ar\u015famba g\u00fcn\u00fc ger\u00e7ekle\u015ftirilecek t\u00f6renler \u00f6ncesinde, y\u00fcr\u00fcy\u00fc\u015f g\u00fczergahlar\u0131 etkinliklerin ba\u015flamas\u0131ndan bir saat \u00f6nce ara\u00e7 trafi\u011fine kapat\u0131lacak. Ula\u015f\u0131m, alternatif yollardan sa\u011flanacak.<\/p>\n<p><strong>T\u00f6ren y\u00fcr\u00fcy\u00fc\u015f\u00fc g\u00fczergahlar\u0131 \u015f\u00f6yle:<\/strong><\/p>\n<ul>\n<li>\n<p><strong>\u0130skele:<\/strong> Saat 09.00\u2019da \u015eehitler An\u0131t\u0131 \u00f6n\u00fcnden ba\u015flayarak Ecevit Meydan\u0131\u2019nda sona erecek.<\/p>\n<\/li>\n<li>\n<p><strong>Lefke:<\/strong> Saat 09.30\u2019da Lefke Polis Karakolu \u00f6n\u00fcnden ba\u015flayacak, Atat\u00fcrk Caddesi takip edilerek Atat\u00fcrk Park\u0131 \u00f6n\u00fcndeki meydanda tamamlanacak.<\/p>\n<\/li>\n<li>\n<p><strong>Gazima\u011fusa:<\/strong> Saat 11.30\u2019da Zafer An\u0131t\u0131 \u00c7emberi\u2019nden ba\u015flayarak \u0130stiklal Caddesi \u00fczerinden Nam\u0131k Kemal Meydan\u0131\u2019nda sona erecek.<\/p>\n<\/li>\n<li>\n<p><strong>G\u00fczelyurt:<\/strong> Saat 11.45\u2019te Kaymakaml\u0131k \u00f6n\u00fcnden ba\u015flayacak y\u00fcr\u00fcy\u00fc\u015f, Ecevit Caddesi takip edilerek Kapal\u0131 Pazar \u00f6n\u00fcnde bitecek.<\/p>\n<\/li>\n<li>\n<p><strong>Lefko\u015fa:<\/strong> Saat 14.30\u2019da Mehmet Akif Caddesi (Dereboyu) Pronto \u00c7emberi\u2019nden ba\u015flayacak y\u00fcr\u00fcy\u00fc\u015f, Avenue AVM \u00f6n\u00fcnde sona erecek.<\/p>\n<\/li>\n<li>\n<p><strong>Girne:<\/strong> Saat 15.00\u2019te The Ark\u0131n Colony Hotel \u00f6n\u00fcnden ba\u015flayacak y\u00fcr\u00fcy\u00fc\u015f, Ramadan Cemil Meydan\u0131, Ziya R\u0131zk\u0131 Caddesi, Turgut Tahsin Sokak ve 20 Temmuz Kordonboyu Caddesi g\u00fczergah\u0131 izlenerek Atat\u00fcrk An\u0131t\u0131 \u00f6n\u00fcnde tamamlanacak.<\/p>\n<\/li>\n<\/ul>\n<p>Polis, belirtilen saatlerde s\u00fcr\u00fcc\u00fclerin alternatif yollar\u0131 kullanmalar\u0131n\u0131, y\u00fcr\u00fcy\u00fc\u015f g\u00fczergahlar\u0131na ara\u00e7 park etmemelerini ve trafik i\u015faretlerine uymalar\u0131n\u0131 \u00f6nemle hat\u0131rlatt\u0131.<\/p>\n","protected":false},"excerpt":{"rendered":"<p>Polis Genel M\u00fcd\u00fcrl\u00fc\u011f\u00fc, 29 Ekim Cumhuriyet Bayram\u0131\u2019n\u0131n 102\u2019nci y\u0131l d\u00f6n\u00fcm\u00fc dolay\u0131s\u0131yla t\u00fcm il\u00e7elerde yap\u0131lacak t\u00f6ren y\u00fcr\u00fcy\u00fc\u015fleri ve bando konserleri nedeniyle baz\u0131 yollar\u0131n ge\u00e7ici olarak trafi\u011fe kapat\u0131laca\u011f\u0131n\u0131 duyurdu. A\u00e7\u0131klamaya g\u00f6re, 29 Ekim 2025 \u00c7ar\u015famba g\u00fcn\u00fc ger\u00e7ekle\u015ftirilecek t\u00f6renler \u00f6ncesinde, y\u00fcr\u00fcy\u00fc\u015f g\u00fczergahlar\u0131 etkinliklerin ba\u015flamas\u0131ndan bir saat \u00f6nce ara\u00e7 trafi\u011fine kapat\u0131lacak. Ula\u015f\u0131m, alternatif yollardan sa\u011flanacak. T\u00f6ren y\u00fcr\u00fcy\u00fc\u015f\u00fc g\u00fczergahlar\u0131 \u015f\u00f6yle:<\/p>\n","protected":false},"author":1,"featured_media":97196,"comment_status":"open","ping_status":"open","sticky":false,"template":"","format":"standard","meta":{"footnotes":""},"categories":[81],"tags":[],"class_list":["post-97195","post","type-post","status-publish","format-standard","has-post-thumbnail","hentry","category-kibris"],"yoast_head":"<!-- This site is optimized with the Yoast SEO plugin v27.5 - https:\/\/yoast.com\/product\/yoast-seo-wordpress\/ -->\n<title>29 EK\u0130M T\u00d6RENLER\u0130 \u0130\u00c7\u0130N BAZI YOLLAR TRAF\u0130\u011eE KAPATILACAK -<\/title>\n<meta name=\"robots\" content=\"index, follow, max-snippet:-1, max-image-preview:large, max-video-preview:-1\" \/>\n<link rel=\"canonical\" href=\"https:\/\/kibrisdakik.com\/?p=97195\" \/>\n<meta property=\"og:locale\" content=\"tr_TR\" \/>\n<meta property=\"og:type\" content=\"article\" \/>\n<meta property=\"og:title\" content=\"29 EK\u0130M T\u00d6RENLER\u0130 \u0130\u00c7\u0130N BAZI YOLLAR TRAF\u0130\u011eE KAPATILACAK -\" \/>\n<meta property=\"og:description\" content=\"Polis Genel M\u00fcd\u00fcrl\u00fc\u011f\u00fc, 29 Ekim Cumhuriyet Bayram\u0131\u2019n\u0131n 102\u2019nci y\u0131l d\u00f6n\u00fcm\u00fc dolay\u0131s\u0131yla t\u00fcm il\u00e7elerde yap\u0131lacak t\u00f6ren y\u00fcr\u00fcy\u00fc\u015fleri ve bando konserleri nedeniyle baz\u0131 yollar\u0131n ge\u00e7ici olarak trafi\u011fe kapat\u0131laca\u011f\u0131n\u0131 duyurdu. A\u00e7\u0131klamaya g\u00f6re, 29 Ekim 2025 \u00c7ar\u015famba g\u00fcn\u00fc ger\u00e7ekle\u015ftirilecek t\u00f6renler \u00f6ncesinde, y\u00fcr\u00fcy\u00fc\u015f g\u00fczergahlar\u0131 etkinliklerin ba\u015flamas\u0131ndan bir saat \u00f6nce ara\u00e7 trafi\u011fine kapat\u0131lacak. Ula\u015f\u0131m, alternatif yollardan sa\u011flanacak. T\u00f6ren y\u00fcr\u00fcy\u00fc\u015f\u00fc g\u00fczergahlar\u0131 \u015f\u00f6yle:\" \/>\n<meta property=\"og:url\" content=\"https:\/\/kibrisdakik.com\/?p=97195\" \/>\n<meta property=\"article:published_time\" content=\"2025-10-27T13:16:08+00:00\" \/>\n<meta property=\"og:image\" content=\"https:\/\/kibrisdakik.com\/wp-content\/uploads\/2025\/10\/mha-sari-beyaz-285.png\" \/>\n\t<meta property=\"og:image:width\" content=\"1280\" \/>\n\t<meta property=\"og:image:height\" content=\"720\" \/>\n\t<meta property=\"og:image:type\" content=\"image\/png\" \/>\n<meta name=\"author\" content=\"admin\" \/>\n<meta name=\"twitter:card\" content=\"summary_large_image\" \/>\n<meta name=\"twitter:label1\" content=\"Yazan:\" \/>\n\t<meta name=\"twitter:data1\" content=\"admin\" \/>\n\t<meta name=\"twitter:label2\" content=\"Tahmini okuma s\u00fcresi\" \/>\n\t<meta name=\"twitter:data2\" content=\"1 dakika\" \/>\n<script type=\"application\/ld+json\" class=\"yoast-schema-graph\">{\"@context\":\"https:\\\/\\\/schema.org\",\"@graph\":[{\"@type\":\"Article\",\"@id\":\"https:\\\/\\\/kibrisdakik.com\\\/?p=97195#article\",\"isPartOf\":{\"@id\":\"https:\\\/\\\/kibrisdakik.com\\\/?p=97195\"},\"author\":{\"name\":\"admin\",\"@id\":\"https:\\\/\\\/kibrisdakik.com\\\/#\\\/schema\\\/person\\\/9cd9d437bbb44f72b73ba127e06d8e79\"},\"headline\":\"29 EK\u0130M T\u00d6RENLER\u0130 \u0130\u00c7\u0130N BAZI YOLLAR TRAF\u0130\u011eE KAPATILACAK\",\"datePublished\":\"2025-10-27T13:16:08+00:00\",\"mainEntityOfPage\":{\"@id\":\"https:\\\/\\\/kibrisdakik.com\\\/?p=97195\"},\"wordCount\":273,\"commentCount\":0,\"image\":{\"@id\":\"https:\\\/\\\/kibrisdakik.com\\\/?p=97195#primaryimage\"},\"thumbnailUrl\":\"https:\\\/\\\/kibrisdakik.com\\\/wp-content\\\/uploads\\\/2025\\\/10\\\/mha-sari-beyaz-285.png\",\"articleSection\":[\"K\u0131br\u0131s\"],\"inLanguage\":\"tr\",\"potentialAction\":[{\"@type\":\"CommentAction\",\"name\":\"Comment\",\"target\":[\"https:\\\/\\\/kibrisdakik.com\\\/?p=97195#respond\"]}]},{\"@type\":\"WebPage\",\"@id\":\"https:\\\/\\\/kibrisdakik.com\\\/?p=97195\",\"url\":\"https:\\\/\\\/kibrisdakik.com\\\/?p=97195\",\"name\":\"29 EK\u0130M T\u00d6RENLER\u0130 \u0130\u00c7\u0130N BAZI YOLLAR TRAF\u0130\u011eE KAPATILACAK -\",\"isPartOf\":{\"@id\":\"https:\\\/\\\/kibrisdakik.com\\\/#website\"},\"primaryImageOfPage\":{\"@id\":\"https:\\\/\\\/kibrisdakik.com\\\/?p=97195#primaryimage\"},\"image\":{\"@id\":\"https:\\\/\\\/kibrisdakik.com\\\/?p=97195#primaryimage\"},\"thumbnailUrl\":\"https:\\\/\\\/kibrisdakik.com\\\/wp-content\\\/uploads\\\/2025\\\/10\\\/mha-sari-beyaz-285.png\",\"datePublished\":\"2025-10-27T13:16:08+00:00\",\"author\":{\"@id\":\"https:\\\/\\\/kibrisdakik.com\\\/#\\\/schema\\\/person\\\/9cd9d437bbb44f72b73ba127e06d8e79\"},\"breadcrumb\":{\"@id\":\"https:\\\/\\\/kibrisdakik.com\\\/?p=97195#breadcrumb\"},\"inLanguage\":\"tr\",\"potentialAction\":[{\"@type\":\"ReadAction\",\"target\":[\"https:\\\/\\\/kibrisdakik.com\\\/?p=97195\"]}]},{\"@type\":\"ImageObject\",\"inLanguage\":\"tr\",\"@id\":\"https:\\\/\\\/kibrisdakik.com\\\/?p=97195#primaryimage\",\"url\":\"https:\\\/\\\/kibrisdakik.com\\\/wp-content\\\/uploads\\\/2025\\\/10\\\/mha-sari-beyaz-285.png\",\"contentUrl\":\"https:\\\/\\\/kibrisdakik.com\\\/wp-content\\\/uploads\\\/2025\\\/10\\\/mha-sari-beyaz-285.png\",\"width\":1280,\"height\":720},{\"@type\":\"BreadcrumbList\",\"@id\":\"https:\\\/\\\/kibrisdakik.com\\\/?p=97195#breadcrumb\",\"itemListElement\":[{\"@type\":\"ListItem\",\"position\":1,\"name\":\"Home\",\"item\":\"https:\\\/\\\/kibrisdakik.com\\\/\"},{\"@type\":\"ListItem\",\"position\":2,\"name\":\"29 EK\u0130M T\u00d6RENLER\u0130 \u0130\u00c7\u0130N BAZI YOLLAR TRAF\u0130\u011eE KAPATILACAK\"}]},{\"@type\":\"WebSite\",\"@id\":\"https:\\\/\\\/kibrisdakik.com\\\/#website\",\"url\":\"https:\\\/\\\/kibrisdakik.com\\\/\",\"name\":\"\",\"description\":\"Tam vaktinde haber\",\"potentialAction\":[{\"@type\":\"SearchAction\",\"target\":{\"@type\":\"EntryPoint\",\"urlTemplate\":\"https:\\\/\\\/kibrisdakik.com\\\/?s={search_term_string}\"},\"query-input\":{\"@type\":\"PropertyValueSpecification\",\"valueRequired\":true,\"valueName\":\"search_term_string\"}}],\"inLanguage\":\"tr\"},{\"@type\":\"Person\",\"@id\":\"https:\\\/\\\/kibrisdakik.com\\\/#\\\/schema\\\/person\\\/9cd9d437bbb44f72b73ba127e06d8e79\",\"name\":\"admin\",\"image\":{\"@type\":\"ImageObject\",\"inLanguage\":\"tr\",\"@id\":\"https:\\\/\\\/secure.gravatar.com\\\/avatar\\\/ccc17943b9d660506c869530f897617f7cb1c21a4bf30023f252596d83e1f007?s=96&d=mm&r=g\",\"url\":\"https:\\\/\\\/secure.gravatar.com\\\/avatar\\\/ccc17943b9d660506c869530f897617f7cb1c21a4bf30023f252596d83e1f007?s=96&d=mm&r=g\",\"contentUrl\":\"https:\\\/\\\/secure.gravatar.com\\\/avatar\\\/ccc17943b9d660506c869530f897617f7cb1c21a4bf30023f252596d83e1f007?s=96&d=mm&r=g\",\"caption\":\"admin\"},\"sameAs\":[\"https:\\\/\\\/kibrisdakik.com\"],\"url\":\"https:\\\/\\\/kibrisdakik.com\\\/?author=1\"}]}<\/script>\n<!-- \/ Yoast SEO plugin. -->","yoast_head_json":{"title":"29 EK\u0130M T\u00d6RENLER\u0130 \u0130\u00c7\u0130N BAZI YOLLAR TRAF\u0130\u011eE KAPATILACAK -","robots":{"index":"index","follow":"follow","max-snippet":"max-snippet:-1","max-image-preview":"max-image-preview:large","max-video-preview":"max-video-preview:-1"},"canonical":"https:\/\/kibrisdakik.com\/?p=97195","og_locale":"tr_TR","og_type":"article","og_title":"29 EK\u0130M T\u00d6RENLER\u0130 \u0130\u00c7\u0130N BAZI YOLLAR TRAF\u0130\u011eE KAPATILACAK -","og_description":"Polis Genel M\u00fcd\u00fcrl\u00fc\u011f\u00fc, 29 Ekim Cumhuriyet Bayram\u0131\u2019n\u0131n 102\u2019nci y\u0131l d\u00f6n\u00fcm\u00fc dolay\u0131s\u0131yla t\u00fcm il\u00e7elerde yap\u0131lacak t\u00f6ren y\u00fcr\u00fcy\u00fc\u015fleri ve bando konserleri nedeniyle baz\u0131 yollar\u0131n ge\u00e7ici olarak trafi\u011fe kapat\u0131laca\u011f\u0131n\u0131 duyurdu. A\u00e7\u0131klamaya g\u00f6re, 29 Ekim 2025 \u00c7ar\u015famba g\u00fcn\u00fc ger\u00e7ekle\u015ftirilecek t\u00f6renler \u00f6ncesinde, y\u00fcr\u00fcy\u00fc\u015f g\u00fczergahlar\u0131 etkinliklerin ba\u015flamas\u0131ndan bir saat \u00f6nce ara\u00e7 trafi\u011fine kapat\u0131lacak. Ula\u015f\u0131m, alternatif yollardan sa\u011flanacak. T\u00f6ren y\u00fcr\u00fcy\u00fc\u015f\u00fc g\u00fczergahlar\u0131 \u015f\u00f6yle:","og_url":"https:\/\/kibrisdakik.com\/?p=97195","article_published_time":"2025-10-27T13:16:08+00:00","og_image":[{"width":1280,"height":720,"url":"https:\/\/kibrisdakik.com\/wp-content\/uploads\/2025\/10\/mha-sari-beyaz-285.png","type":"image\/png"}],"author":"admin","twitter_card":"summary_large_image","twitter_misc":{"Yazan:":"admin","Tahmini okuma s\u00fcresi":"1 dakika"},"schema":{"@context":"https:\/\/schema.org","@graph":[{"@type":"Article","@id":"https:\/\/kibrisdakik.com\/?p=97195#article","isPartOf":{"@id":"https:\/\/kibrisdakik.com\/?p=97195"},"author":{"name":"admin","@id":"https:\/\/kibrisdakik.com\/#\/schema\/person\/9cd9d437bbb44f72b73ba127e06d8e79"},"headline":"29 EK\u0130M T\u00d6RENLER\u0130 \u0130\u00c7\u0130N BAZI YOLLAR TRAF\u0130\u011eE KAPATILACAK","datePublished":"2025-10-27T13:16:08+00:00","mainEntityOfPage":{"@id":"https:\/\/kibrisdakik.com\/?p=97195"},"wordCount":273,"commentCount":0,"image":{"@id":"https:\/\/kibrisdakik.com\/?p=97195#primaryimage"},"thumbnailUrl":"https:\/\/kibrisdakik.com\/wp-content\/uploads\/2025\/10\/mha-sari-beyaz-285.png","articleSection":["K\u0131br\u0131s"],"inLanguage":"tr","potentialAction":[{"@type":"CommentAction","name":"Comment","target":["https:\/\/kibrisdakik.com\/?p=97195#respond"]}]},{"@type":"WebPage","@id":"https:\/\/kibrisdakik.com\/?p=97195","url":"https:\/\/kibrisdakik.com\/?p=97195","name":"29 EK\u0130M T\u00d6RENLER\u0130 \u0130\u00c7\u0130N BAZI YOLLAR TRAF\u0130\u011eE KAPATILACAK -","isPartOf":{"@id":"https:\/\/kibrisdakik.com\/#website"},"primaryImageOfPage":{"@id":"https:\/\/kibrisdakik.com\/?p=97195#primaryimage"},"image":{"@id":"https:\/\/kibrisdakik.com\/?p=97195#primaryimage"},"thumbnailUrl":"https:\/\/kibrisdakik.com\/wp-content\/uploads\/2025\/10\/mha-sari-beyaz-285.png","datePublished":"2025-10-27T13:16:08+00:00","author":{"@id":"https:\/\/kibrisdakik.com\/#\/schema\/person\/9cd9d437bbb44f72b73ba127e06d8e79"},"breadcrumb":{"@id":"https:\/\/kibrisdakik.com\/?p=97195#breadcrumb"},"inLanguage":"tr","potentialAction":[{"@type":"ReadAction","target":["https:\/\/kibrisdakik.com\/?p=97195"]}]},{"@type":"ImageObject","inLanguage":"tr","@id":"https:\/\/kibrisdakik.com\/?p=97195#primaryimage","url":"https:\/\/kibrisdakik.com\/wp-content\/uploads\/2025\/10\/mha-sari-beyaz-285.png","contentUrl":"https:\/\/kibrisdakik.com\/wp-content\/uploads\/2025\/10\/mha-sari-beyaz-285.png","width":1280,"height":720},{"@type":"BreadcrumbList","@id":"https:\/\/kibrisdakik.com\/?p=97195#breadcrumb","itemListElement":[{"@type":"ListItem","position":1,"name":"Home","item":"https:\/\/kibrisdakik.com\/"},{"@type":"ListItem","position":2,"name":"29 EK\u0130M T\u00d6RENLER\u0130 \u0130\u00c7\u0130N BAZI YOLLAR TRAF\u0130\u011eE KAPATILACAK"}]},{"@type":"WebSite","@id":"https:\/\/kibrisdakik.com\/#website","url":"https:\/\/kibrisdakik.com\/","name":"","description":"Tam vaktinde haber","potentialAction":[{"@type":"SearchAction","target":{"@type":"EntryPoint","urlTemplate":"https:\/\/kibrisdakik.com\/?s={search_term_string}"},"query-input":{"@type":"PropertyValueSpecification","valueRequired":true,"valueName":"search_term_string"}}],"inLanguage":"tr"},{"@type":"Person","@id":"https:\/\/kibrisdakik.com\/#\/schema\/person\/9cd9d437bbb44f72b73ba127e06d8e79","name":"admin","image":{"@type":"ImageObject","inLanguage":"tr","@id":"https:\/\/secure.gravatar.com\/avatar\/ccc17943b9d660506c869530f897617f7cb1c21a4bf30023f252596d83e1f007?s=96&d=mm&r=g","url":"https:\/\/secure.gravatar.com\/avatar\/ccc17943b9d660506c869530f897617f7cb1c21a4bf30023f252596d83e1f007?s=96&d=mm&r=g","contentUrl":"https:\/\/secure.gravatar.com\/avatar\/ccc17943b9d660506c869530f897617f7cb1c21a4bf30023f252596d83e1f007?s=96&d=mm&r=g","caption":"admin"},"sameAs":["https:\/\/kibrisdakik.com"],"url":"https:\/\/kibrisdakik.com\/?author=1"}]}},"_links":{"self":[{"href":"https:\/\/kibrisdakik.com\/index.php?rest_route=\/wp\/v2\/posts\/97195","targetHints":{"allow":["GET"]}}],"collection":[{"href":"https:\/\/kibrisdakik.com\/index.php?rest_route=\/wp\/v2\/posts"}],"about":[{"href":"https:\/\/kibrisdakik.com\/index.php?rest_route=\/wp\/v2\/types\/post"}],"author":[{"embeddable":true,"href":"https:\/\/kibrisdakik.com\/index.php?rest_route=\/wp\/v2\/users\/1"}],"replies":[{"embeddable":true,"href":"https:\/\/kibrisdakik.com\/index.php?rest_route=%2Fwp%2Fv2%2Fcomments&post=97195"}],"version-history":[{"count":0,"href":"https:\/\/kibrisdakik.com\/index.php?rest_route=\/wp\/v2\/posts\/97195\/revisions"}],"wp:featuredmedia":[{"embeddable":true,"href":"https:\/\/kibrisdakik.com\/index.php?rest_route=\/wp\/v2\/media\/97196"}],"wp:attachment":[{"href":"https:\/\/kibrisdakik.com\/index.php?rest_route=%2Fwp%2Fv2%2Fmedia&parent=97195"}],"wp:term":[{"taxonomy":"category","embeddable":true,"href":"https:\/\/kibrisdakik.com\/index.php?rest_route=%2Fwp%2Fv2%2Fcategories&post=97195"},{"taxonomy":"post_tag","embeddable":true,"href":"https:\/\/kibrisdakik.com\/index.php?rest_route=%2Fwp%2Fv2%2Ftags&post=97195"}],"curies":[{"name":"wp","href":"https:\/\/api.w.org\/{rel}","templated":true}]}}