{"id":97225,"date":"2025-10-27T17:50:05","date_gmt":"2025-10-27T15:50:05","guid":{"rendered":"https:\/\/kibrisdakik.com\/index.php\/2025\/10\/27\/ikamet-izinsiz-zanlilar-7-gun-daha-tutuklu-kalacak\/"},"modified":"2025-10-27T17:50:05","modified_gmt":"2025-10-27T15:50:05","slug":"ikamet-izinsiz-zanlilar-7-gun-daha-tutuklu-kalacak","status":"publish","type":"post","link":"https:\/\/kibrisdakik.com\/?p=97225","title":{"rendered":"\u0130KAMET \u0130Z\u0130NS\u0130Z ZANLILAR 7 G\u00dcN DAHA TUTUKLU KALACAK"},"content":{"rendered":"<p><\/p>\n<div data-text-id=\"187571\" property=\"articleBody\">\n<p>KKTC&#8217;de ikamet izinsiz olduklar\u0131 tespit edilerek tutuklanan S Abdulkarim Khal\u0131l ve Modather Abdo yeniden mahkemeye \u00e7\u0131kar\u0131ld\u0131. Polis memuru Emine Yekli mahkemeye olgular\u0131 aktard\u0131.<\/p>\n<p>Polis, 23 Ekim 2024 tarihinde saat 09.30 s\u0131ralar\u0131nda Lefko\u015fa Polis M\u00fcd\u00fcrl\u00fc\u011f\u00fc Muhaceret b\u00f6l\u00fcm\u00fcne gelen Sudan uyruklu zanl\u0131lar\u0131n paralar\u0131 olmad\u0131\u011f\u0131n\u0131, \u00fclkelerine gitmek istediklerini s\u00f6ylediklerini a\u00e7\u0131klad\u0131. Polis, yap\u0131lan muhaceret kontrol\u00fcnde Abdulkarim Khal\u0131l\u2019in 17.12.2024 tarihinden itibaren toplamda 310 g\u00fcn, Modather Abdo\u2019nun ise 17.12.2024 tarihinden itibaren toplamda 310 g\u00fcn KKTC&#8217;de izinsiz ikamet ettikleri tespitlerinin tespit edildi\u011fini a\u00e7\u0131klad\u0131. Polis, zanl\u0131lar\u0131n tutuklanarak, soru\u015fturma ba\u015flat\u0131ld\u0131\u011f\u0131n\u0131 belirtti. Polis, soru\u015fturman\u0131n devam etti\u011fini, zanl\u0131lar\u0131n ihra\u00e7 edilmeleri i\u00e7in \u0130\u00e7i\u015fleri Bakanl\u0131\u011f\u0131na yaz\u0131 yaz\u0131laca\u011f\u0131n\u0131 belirterek, 7 g\u00fcn ek s\u00fcre talep etti.<\/p>\n<p>Huzurundaki \u015fahadeti de\u011ferlendiren Yarg\u0131\u00e7 \u015eevket Gazi, zanl\u0131lar\u0131n 7 g\u00fcn s\u00fcreyle tutuklu kalmas\u0131na emir verdi.<\/p>\n<p>Kamal\u0131 Haber<\/p>\n<\/p><\/div>\n","protected":false},"excerpt":{"rendered":"<p>KKTC&#8217;de ikamet izinsiz olduklar\u0131 tespit edilerek tutuklanan S Abdulkarim Khal\u0131l ve Modather Abdo yeniden mahkemeye \u00e7\u0131kar\u0131ld\u0131. Polis memuru Emine Yekli mahkemeye olgular\u0131 aktard\u0131. Polis, 23 Ekim 2024 tarihinde saat 09.30 s\u0131ralar\u0131nda Lefko\u015fa Polis M\u00fcd\u00fcrl\u00fc\u011f\u00fc Muhaceret b\u00f6l\u00fcm\u00fcne gelen Sudan uyruklu zanl\u0131lar\u0131n paralar\u0131 olmad\u0131\u011f\u0131n\u0131, \u00fclkelerine gitmek istediklerini s\u00f6ylediklerini a\u00e7\u0131klad\u0131. Polis, yap\u0131lan muhaceret kontrol\u00fcnde Abdulkarim Khal\u0131l\u2019in 17.12.2024 tarihinden<\/p>\n","protected":false},"author":1,"featured_media":97226,"comment_status":"open","ping_status":"open","sticky":false,"template":"","format":"standard","meta":{"footnotes":""},"categories":[81],"tags":[],"class_list":["post-97225","post","type-post","status-publish","format-standard","has-post-thumbnail","hentry","category-kibris"],"yoast_head":"<!-- This site is optimized with the Yoast SEO plugin v27.5 - https:\/\/yoast.com\/product\/yoast-seo-wordpress\/ -->\n<title>\u0130KAMET \u0130Z\u0130NS\u0130Z ZANLILAR 7 G\u00dcN DAHA TUTUKLU KALACAK -<\/title>\n<meta name=\"robots\" content=\"index, follow, max-snippet:-1, max-image-preview:large, max-video-preview:-1\" \/>\n<link rel=\"canonical\" href=\"https:\/\/kibrisdakik.com\/?p=97225\" \/>\n<meta property=\"og:locale\" content=\"tr_TR\" \/>\n<meta property=\"og:type\" content=\"article\" \/>\n<meta property=\"og:title\" content=\"\u0130KAMET \u0130Z\u0130NS\u0130Z ZANLILAR 7 G\u00dcN DAHA TUTUKLU KALACAK -\" \/>\n<meta property=\"og:description\" content=\"KKTC&#8217;de ikamet izinsiz olduklar\u0131 tespit edilerek tutuklanan S Abdulkarim Khal\u0131l ve Modather Abdo yeniden mahkemeye \u00e7\u0131kar\u0131ld\u0131. Polis memuru Emine Yekli mahkemeye olgular\u0131 aktard\u0131. Polis, 23 Ekim 2024 tarihinde saat 09.30 s\u0131ralar\u0131nda Lefko\u015fa Polis M\u00fcd\u00fcrl\u00fc\u011f\u00fc Muhaceret b\u00f6l\u00fcm\u00fcne gelen Sudan uyruklu zanl\u0131lar\u0131n paralar\u0131 olmad\u0131\u011f\u0131n\u0131, \u00fclkelerine gitmek istediklerini s\u00f6ylediklerini a\u00e7\u0131klad\u0131. Polis, yap\u0131lan muhaceret kontrol\u00fcnde Abdulkarim Khal\u0131l\u2019in 17.12.2024 tarihinden\" \/>\n<meta property=\"og:url\" content=\"https:\/\/kibrisdakik.com\/?p=97225\" \/>\n<meta property=\"article:published_time\" content=\"2025-10-27T15:50:05+00:00\" \/>\n<meta property=\"og:image\" content=\"https:\/\/kibrisdakik.com\/wp-content\/uploads\/2025\/10\/mha-sari-beyaz-290.png\" \/>\n\t<meta property=\"og:image:width\" content=\"1280\" \/>\n\t<meta property=\"og:image:height\" content=\"720\" \/>\n\t<meta property=\"og:image:type\" content=\"image\/png\" \/>\n<meta name=\"author\" content=\"admin\" \/>\n<meta name=\"twitter:card\" content=\"summary_large_image\" \/>\n<meta name=\"twitter:label1\" content=\"Yazan:\" \/>\n\t<meta name=\"twitter:data1\" content=\"admin\" \/>\n\t<meta name=\"twitter:label2\" content=\"Tahmini okuma s\u00fcresi\" \/>\n\t<meta name=\"twitter:data2\" content=\"1 dakika\" \/>\n<script type=\"application\/ld+json\" class=\"yoast-schema-graph\">{\"@context\":\"https:\\\/\\\/schema.org\",\"@graph\":[{\"@type\":\"Article\",\"@id\":\"https:\\\/\\\/kibrisdakik.com\\\/?p=97225#article\",\"isPartOf\":{\"@id\":\"https:\\\/\\\/kibrisdakik.com\\\/?p=97225\"},\"author\":{\"name\":\"admin\",\"@id\":\"https:\\\/\\\/kibrisdakik.com\\\/#\\\/schema\\\/person\\\/9cd9d437bbb44f72b73ba127e06d8e79\"},\"headline\":\"\u0130KAMET \u0130Z\u0130NS\u0130Z ZANLILAR 7 G\u00dcN DAHA TUTUKLU KALACAK\",\"datePublished\":\"2025-10-27T15:50:05+00:00\",\"mainEntityOfPage\":{\"@id\":\"https:\\\/\\\/kibrisdakik.com\\\/?p=97225\"},\"wordCount\":166,\"commentCount\":0,\"image\":{\"@id\":\"https:\\\/\\\/kibrisdakik.com\\\/?p=97225#primaryimage\"},\"thumbnailUrl\":\"https:\\\/\\\/kibrisdakik.com\\\/wp-content\\\/uploads\\\/2025\\\/10\\\/mha-sari-beyaz-290.png\",\"articleSection\":[\"K\u0131br\u0131s\"],\"inLanguage\":\"tr\",\"potentialAction\":[{\"@type\":\"CommentAction\",\"name\":\"Comment\",\"target\":[\"https:\\\/\\\/kibrisdakik.com\\\/?p=97225#respond\"]}]},{\"@type\":\"WebPage\",\"@id\":\"https:\\\/\\\/kibrisdakik.com\\\/?p=97225\",\"url\":\"https:\\\/\\\/kibrisdakik.com\\\/?p=97225\",\"name\":\"\u0130KAMET \u0130Z\u0130NS\u0130Z ZANLILAR 7 G\u00dcN DAHA TUTUKLU KALACAK -\",\"isPartOf\":{\"@id\":\"https:\\\/\\\/kibrisdakik.com\\\/#website\"},\"primaryImageOfPage\":{\"@id\":\"https:\\\/\\\/kibrisdakik.com\\\/?p=97225#primaryimage\"},\"image\":{\"@id\":\"https:\\\/\\\/kibrisdakik.com\\\/?p=97225#primaryimage\"},\"thumbnailUrl\":\"https:\\\/\\\/kibrisdakik.com\\\/wp-content\\\/uploads\\\/2025\\\/10\\\/mha-sari-beyaz-290.png\",\"datePublished\":\"2025-10-27T15:50:05+00:00\",\"author\":{\"@id\":\"https:\\\/\\\/kibrisdakik.com\\\/#\\\/schema\\\/person\\\/9cd9d437bbb44f72b73ba127e06d8e79\"},\"breadcrumb\":{\"@id\":\"https:\\\/\\\/kibrisdakik.com\\\/?p=97225#breadcrumb\"},\"inLanguage\":\"tr\",\"potentialAction\":[{\"@type\":\"ReadAction\",\"target\":[\"https:\\\/\\\/kibrisdakik.com\\\/?p=97225\"]}]},{\"@type\":\"ImageObject\",\"inLanguage\":\"tr\",\"@id\":\"https:\\\/\\\/kibrisdakik.com\\\/?p=97225#primaryimage\",\"url\":\"https:\\\/\\\/kibrisdakik.com\\\/wp-content\\\/uploads\\\/2025\\\/10\\\/mha-sari-beyaz-290.png\",\"contentUrl\":\"https:\\\/\\\/kibrisdakik.com\\\/wp-content\\\/uploads\\\/2025\\\/10\\\/mha-sari-beyaz-290.png\",\"width\":1280,\"height\":720},{\"@type\":\"BreadcrumbList\",\"@id\":\"https:\\\/\\\/kibrisdakik.com\\\/?p=97225#breadcrumb\",\"itemListElement\":[{\"@type\":\"ListItem\",\"position\":1,\"name\":\"Home\",\"item\":\"https:\\\/\\\/kibrisdakik.com\\\/\"},{\"@type\":\"ListItem\",\"position\":2,\"name\":\"\u0130KAMET \u0130Z\u0130NS\u0130Z ZANLILAR 7 G\u00dcN DAHA TUTUKLU KALACAK\"}]},{\"@type\":\"WebSite\",\"@id\":\"https:\\\/\\\/kibrisdakik.com\\\/#website\",\"url\":\"https:\\\/\\\/kibrisdakik.com\\\/\",\"name\":\"\",\"description\":\"Tam vaktinde haber\",\"potentialAction\":[{\"@type\":\"SearchAction\",\"target\":{\"@type\":\"EntryPoint\",\"urlTemplate\":\"https:\\\/\\\/kibrisdakik.com\\\/?s={search_term_string}\"},\"query-input\":{\"@type\":\"PropertyValueSpecification\",\"valueRequired\":true,\"valueName\":\"search_term_string\"}}],\"inLanguage\":\"tr\"},{\"@type\":\"Person\",\"@id\":\"https:\\\/\\\/kibrisdakik.com\\\/#\\\/schema\\\/person\\\/9cd9d437bbb44f72b73ba127e06d8e79\",\"name\":\"admin\",\"image\":{\"@type\":\"ImageObject\",\"inLanguage\":\"tr\",\"@id\":\"https:\\\/\\\/secure.gravatar.com\\\/avatar\\\/ccc17943b9d660506c869530f897617f7cb1c21a4bf30023f252596d83e1f007?s=96&d=mm&r=g\",\"url\":\"https:\\\/\\\/secure.gravatar.com\\\/avatar\\\/ccc17943b9d660506c869530f897617f7cb1c21a4bf30023f252596d83e1f007?s=96&d=mm&r=g\",\"contentUrl\":\"https:\\\/\\\/secure.gravatar.com\\\/avatar\\\/ccc17943b9d660506c869530f897617f7cb1c21a4bf30023f252596d83e1f007?s=96&d=mm&r=g\",\"caption\":\"admin\"},\"sameAs\":[\"https:\\\/\\\/kibrisdakik.com\"],\"url\":\"https:\\\/\\\/kibrisdakik.com\\\/?author=1\"}]}<\/script>\n<!-- \/ Yoast SEO plugin. -->","yoast_head_json":{"title":"\u0130KAMET \u0130Z\u0130NS\u0130Z ZANLILAR 7 G\u00dcN DAHA TUTUKLU KALACAK -","robots":{"index":"index","follow":"follow","max-snippet":"max-snippet:-1","max-image-preview":"max-image-preview:large","max-video-preview":"max-video-preview:-1"},"canonical":"https:\/\/kibrisdakik.com\/?p=97225","og_locale":"tr_TR","og_type":"article","og_title":"\u0130KAMET \u0130Z\u0130NS\u0130Z ZANLILAR 7 G\u00dcN DAHA TUTUKLU KALACAK -","og_description":"KKTC&#8217;de ikamet izinsiz olduklar\u0131 tespit edilerek tutuklanan S Abdulkarim Khal\u0131l ve Modather Abdo yeniden mahkemeye \u00e7\u0131kar\u0131ld\u0131. Polis memuru Emine Yekli mahkemeye olgular\u0131 aktard\u0131. Polis, 23 Ekim 2024 tarihinde saat 09.30 s\u0131ralar\u0131nda Lefko\u015fa Polis M\u00fcd\u00fcrl\u00fc\u011f\u00fc Muhaceret b\u00f6l\u00fcm\u00fcne gelen Sudan uyruklu zanl\u0131lar\u0131n paralar\u0131 olmad\u0131\u011f\u0131n\u0131, \u00fclkelerine gitmek istediklerini s\u00f6ylediklerini a\u00e7\u0131klad\u0131. Polis, yap\u0131lan muhaceret kontrol\u00fcnde Abdulkarim Khal\u0131l\u2019in 17.12.2024 tarihinden","og_url":"https:\/\/kibrisdakik.com\/?p=97225","article_published_time":"2025-10-27T15:50:05+00:00","og_image":[{"width":1280,"height":720,"url":"https:\/\/kibrisdakik.com\/wp-content\/uploads\/2025\/10\/mha-sari-beyaz-290.png","type":"image\/png"}],"author":"admin","twitter_card":"summary_large_image","twitter_misc":{"Yazan:":"admin","Tahmini okuma s\u00fcresi":"1 dakika"},"schema":{"@context":"https:\/\/schema.org","@graph":[{"@type":"Article","@id":"https:\/\/kibrisdakik.com\/?p=97225#article","isPartOf":{"@id":"https:\/\/kibrisdakik.com\/?p=97225"},"author":{"name":"admin","@id":"https:\/\/kibrisdakik.com\/#\/schema\/person\/9cd9d437bbb44f72b73ba127e06d8e79"},"headline":"\u0130KAMET \u0130Z\u0130NS\u0130Z ZANLILAR 7 G\u00dcN DAHA TUTUKLU KALACAK","datePublished":"2025-10-27T15:50:05+00:00","mainEntityOfPage":{"@id":"https:\/\/kibrisdakik.com\/?p=97225"},"wordCount":166,"commentCount":0,"image":{"@id":"https:\/\/kibrisdakik.com\/?p=97225#primaryimage"},"thumbnailUrl":"https:\/\/kibrisdakik.com\/wp-content\/uploads\/2025\/10\/mha-sari-beyaz-290.png","articleSection":["K\u0131br\u0131s"],"inLanguage":"tr","potentialAction":[{"@type":"CommentAction","name":"Comment","target":["https:\/\/kibrisdakik.com\/?p=97225#respond"]}]},{"@type":"WebPage","@id":"https:\/\/kibrisdakik.com\/?p=97225","url":"https:\/\/kibrisdakik.com\/?p=97225","name":"\u0130KAMET \u0130Z\u0130NS\u0130Z ZANLILAR 7 G\u00dcN DAHA TUTUKLU KALACAK -","isPartOf":{"@id":"https:\/\/kibrisdakik.com\/#website"},"primaryImageOfPage":{"@id":"https:\/\/kibrisdakik.com\/?p=97225#primaryimage"},"image":{"@id":"https:\/\/kibrisdakik.com\/?p=97225#primaryimage"},"thumbnailUrl":"https:\/\/kibrisdakik.com\/wp-content\/uploads\/2025\/10\/mha-sari-beyaz-290.png","datePublished":"2025-10-27T15:50:05+00:00","author":{"@id":"https:\/\/kibrisdakik.com\/#\/schema\/person\/9cd9d437bbb44f72b73ba127e06d8e79"},"breadcrumb":{"@id":"https:\/\/kibrisdakik.com\/?p=97225#breadcrumb"},"inLanguage":"tr","potentialAction":[{"@type":"ReadAction","target":["https:\/\/kibrisdakik.com\/?p=97225"]}]},{"@type":"ImageObject","inLanguage":"tr","@id":"https:\/\/kibrisdakik.com\/?p=97225#primaryimage","url":"https:\/\/kibrisdakik.com\/wp-content\/uploads\/2025\/10\/mha-sari-beyaz-290.png","contentUrl":"https:\/\/kibrisdakik.com\/wp-content\/uploads\/2025\/10\/mha-sari-beyaz-290.png","width":1280,"height":720},{"@type":"BreadcrumbList","@id":"https:\/\/kibrisdakik.com\/?p=97225#breadcrumb","itemListElement":[{"@type":"ListItem","position":1,"name":"Home","item":"https:\/\/kibrisdakik.com\/"},{"@type":"ListItem","position":2,"name":"\u0130KAMET \u0130Z\u0130NS\u0130Z ZANLILAR 7 G\u00dcN DAHA TUTUKLU KALACAK"}]},{"@type":"WebSite","@id":"https:\/\/kibrisdakik.com\/#website","url":"https:\/\/kibrisdakik.com\/","name":"","description":"Tam vaktinde haber","potentialAction":[{"@type":"SearchAction","target":{"@type":"EntryPoint","urlTemplate":"https:\/\/kibrisdakik.com\/?s={search_term_string}"},"query-input":{"@type":"PropertyValueSpecification","valueRequired":true,"valueName":"search_term_string"}}],"inLanguage":"tr"},{"@type":"Person","@id":"https:\/\/kibrisdakik.com\/#\/schema\/person\/9cd9d437bbb44f72b73ba127e06d8e79","name":"admin","image":{"@type":"ImageObject","inLanguage":"tr","@id":"https:\/\/secure.gravatar.com\/avatar\/ccc17943b9d660506c869530f897617f7cb1c21a4bf30023f252596d83e1f007?s=96&d=mm&r=g","url":"https:\/\/secure.gravatar.com\/avatar\/ccc17943b9d660506c869530f897617f7cb1c21a4bf30023f252596d83e1f007?s=96&d=mm&r=g","contentUrl":"https:\/\/secure.gravatar.com\/avatar\/ccc17943b9d660506c869530f897617f7cb1c21a4bf30023f252596d83e1f007?s=96&d=mm&r=g","caption":"admin"},"sameAs":["https:\/\/kibrisdakik.com"],"url":"https:\/\/kibrisdakik.com\/?author=1"}]}},"_links":{"self":[{"href":"https:\/\/kibrisdakik.com\/index.php?rest_route=\/wp\/v2\/posts\/97225","targetHints":{"allow":["GET"]}}],"collection":[{"href":"https:\/\/kibrisdakik.com\/index.php?rest_route=\/wp\/v2\/posts"}],"about":[{"href":"https:\/\/kibrisdakik.com\/index.php?rest_route=\/wp\/v2\/types\/post"}],"author":[{"embeddable":true,"href":"https:\/\/kibrisdakik.com\/index.php?rest_route=\/wp\/v2\/users\/1"}],"replies":[{"embeddable":true,"href":"https:\/\/kibrisdakik.com\/index.php?rest_route=%2Fwp%2Fv2%2Fcomments&post=97225"}],"version-history":[{"count":0,"href":"https:\/\/kibrisdakik.com\/index.php?rest_route=\/wp\/v2\/posts\/97225\/revisions"}],"wp:featuredmedia":[{"embeddable":true,"href":"https:\/\/kibrisdakik.com\/index.php?rest_route=\/wp\/v2\/media\/97226"}],"wp:attachment":[{"href":"https:\/\/kibrisdakik.com\/index.php?rest_route=%2Fwp%2Fv2%2Fmedia&parent=97225"}],"wp:term":[{"taxonomy":"category","embeddable":true,"href":"https:\/\/kibrisdakik.com\/index.php?rest_route=%2Fwp%2Fv2%2Fcategories&post=97225"},{"taxonomy":"post_tag","embeddable":true,"href":"https:\/\/kibrisdakik.com\/index.php?rest_route=%2Fwp%2Fv2%2Ftags&post=97225"}],"curies":[{"name":"wp","href":"https:\/\/api.w.org\/{rel}","templated":true}]}}