{"id":97233,"date":"2025-10-27T19:47:01","date_gmt":"2025-10-27T17:47:01","guid":{"rendered":"https:\/\/kibrisdakik.com\/index.php\/2025\/10\/27\/ingiltere-basbakani-starmerdan-eurofighter-anlasmasina-dair-aciklama\/"},"modified":"2025-10-27T19:47:01","modified_gmt":"2025-10-27T17:47:01","slug":"ingiltere-basbakani-starmerdan-eurofighter-anlasmasina-dair-aciklama","status":"publish","type":"post","link":"https:\/\/kibrisdakik.com\/?p=97233","title":{"rendered":"\u0130ngiltere Ba\u015fbakan\u0131 Starmer&#039;dan &#039;Eurofighter&#039; anla\u015fmas\u0131na dair a\u00e7\u0131klama"},"content":{"rendered":"<p><\/p>\n<div class=\"news-content\">\n<p>\n\tStarmer, Cumhurba\u015fkan\u0131 Recep Tayyip Erdo\u011fan ile Cumhurba\u015fkanl\u0131\u011f\u0131 K\u00fclliyesi&#8217;ndeki g\u00f6r\u00fc\u015fmesinin ard\u0131ndan d\u00fczenlenen ortak bas\u0131n toplant\u0131s\u0131nda konu\u015ftu.<\/p>\n<p>\n\tYeni ve modern bir serbest ticaret anla\u015fmas\u0131 ile g\u00fcvenlik ve ter\u00f6rizmle m\u00fccadelenin yan\u0131 s\u0131ra g\u00f6\u00e7, enerji ve bir\u00e7ok farkl\u0131 konuda ortak hareket edebileceklerini belirten Starmer, T\u00fcrkiye&#8217;ye ekonomik ve stratejik \u00f6nemi giderek artan bir \u00fclke olarak yakla\u015ft\u0131klar\u0131n\u0131 s\u00f6yledi.<\/p>\n<blockquote class=\"twitter-tweet\">\n<p dir=\"ltr\" lang=\"tr\">\n\t\t&#8220;T\u00fcrkiye giderek artan \u00f6neme sahip&#8221;<\/p>\n<p>\t\t\u0130ngiltere Ba\u015fbakan\u0131 Starmer: Eskiye oranla \u00e7ok daha yak\u0131n \u00e7al\u0131\u015fan iki \u00fclkeyiz. G\u00fcvenlik, ter\u00f6rle m\u00fccadele, enerji ve bir\u00e7ok farkl\u0131 konuda birlikte yapabilece\u011fimiz \u00e7ok \u015fey var. <a href=\"https:\/\/t.co\/LsPWxpgPKh\">pic.twitter.com\/LsPWxpgPKh<\/a><\/p>\n<p>\t\u2014 TRT Haber Canl\u0131 (@trthabercanli) <a href=\"https:\/\/twitter.com\/trthabercanli\/status\/1982851046423642255?ref_src=twsrc%5Etfw\">October 27, 2025<\/a><\/p><\/blockquote>\n<p><script async src=\"https:\/\/platform.twitter.com\/widgets.js\" charset=\"utf-8\"><\/script><\/p>\n<p>\n\tStarmer, &#8220;(T\u00fcrkiye-\u0130ngiltere) Stratejik bir ortakl\u0131\u011f\u0131, ilk \u0130ngiltere-T\u00fcrkiye ikili i\u015f birli\u011fi \u00e7er\u00e7evesini duyuruyoruz.&#8221; ifadesini kullanarak, \u00f6nemli bir mihenk ta\u015f\u0131 olan bu geli\u015fmenin mevcut i\u015f birli\u011finin derinli\u011fini art\u0131raca\u011f\u0131n\u0131 ve daha ileriye ta\u015f\u0131yaca\u011f\u0131n\u0131 vurgulad\u0131.<\/p>\n<\/p>\n<div class=\"related-news\">\n<div class=\"related-news-image\"><\/div>\n<div class=\"related-news-title\">Cumhurba\u015fkan\u0131 Erdo\u011fan: Eurofighter anla\u015fmas\u0131 i\u00e7in imzalar\u0131 att\u0131k<\/div>\n<\/div>\n<p>\n\t\u0130ngiltere&#8217;nin T\u00fcrkiye&#8217;ye 20 Eurofighter Typhoon sava\u015f u\u00e7a\u011f\u0131 sa\u011flayaca\u011f\u0131n\u0131 ve gelecekte daha fazlas\u0131n\u0131n al\u0131nmas\u0131 se\u00e7ene\u011finin bulundu\u011funu bildiren Starmer, &#8220;Bu NATO&#8217;daki g\u00fcvenli\u011fi derinle\u015ftirecek, art\u0131racak. \u0130kili savunma sanayindeki i\u015f birli\u011fini art\u0131racak.&#8221; dedi.<\/p>\n<p>\n\tStarmer, sava\u015f u\u00e7a\u011f\u0131 sat\u0131\u015f\u0131n\u0131n T\u00fcrkiye ve \u0130ngiltere&#8217;de ekonomik b\u00fcy\u00fcmeyi art\u0131raca\u011f\u0131n\u0131 dile getirerek, bu \u00e7er\u00e7evede \u0130ngilizler i\u00e7in 20 bin istihdam imkan\u0131n\u0131n sa\u011flanaca\u011f\u0131n\u0131 aktard\u0131.<\/p>\n<div class=\"news-tags\">\n<div class=\"title\">ET\u0130KETLER<\/div>\n<div class=\"tags\">\n                                                                            \u0130ngiltere\n                                                                    <\/div>\n<\/p><\/div>\n<\/p><\/div>\n","protected":false},"excerpt":{"rendered":"<p>Starmer, Cumhurba\u015fkan\u0131 Recep Tayyip Erdo\u011fan ile Cumhurba\u015fkanl\u0131\u011f\u0131 K\u00fclliyesi&#8217;ndeki g\u00f6r\u00fc\u015fmesinin ard\u0131ndan d\u00fczenlenen ortak bas\u0131n toplant\u0131s\u0131nda konu\u015ftu. Yeni ve modern bir serbest ticaret anla\u015fmas\u0131 ile g\u00fcvenlik ve ter\u00f6rizmle m\u00fccadelenin yan\u0131 s\u0131ra g\u00f6\u00e7, enerji ve bir\u00e7ok farkl\u0131 konuda ortak hareket edebileceklerini belirten Starmer, T\u00fcrkiye&#8217;ye ekonomik ve stratejik \u00f6nemi giderek artan bir \u00fclke olarak yakla\u015ft\u0131klar\u0131n\u0131 s\u00f6yledi. &#8220;T\u00fcrkiye giderek artan<\/p>\n","protected":false},"author":1,"featured_media":97234,"comment_status":"open","ping_status":"open","sticky":false,"template":"","format":"standard","meta":{"footnotes":""},"categories":[306],"tags":[],"class_list":["post-97233","post","type-post","status-publish","format-standard","has-post-thumbnail","hentry","category-dunya"],"yoast_head":"<!-- This site is optimized with the Yoast SEO plugin v27.5 - https:\/\/yoast.com\/product\/yoast-seo-wordpress\/ -->\n<title>\u0130ngiltere Ba\u015fbakan\u0131 Starmer&#039;dan &#039;Eurofighter&#039; anla\u015fmas\u0131na dair a\u00e7\u0131klama -<\/title>\n<meta name=\"robots\" content=\"index, follow, max-snippet:-1, max-image-preview:large, max-video-preview:-1\" \/>\n<link rel=\"canonical\" href=\"https:\/\/kibrisdakik.com\/?p=97233\" \/>\n<meta property=\"og:locale\" content=\"tr_TR\" \/>\n<meta property=\"og:type\" content=\"article\" \/>\n<meta property=\"og:title\" content=\"\u0130ngiltere Ba\u015fbakan\u0131 Starmer&#039;dan &#039;Eurofighter&#039; anla\u015fmas\u0131na dair a\u00e7\u0131klama -\" \/>\n<meta property=\"og:description\" content=\"Starmer, Cumhurba\u015fkan\u0131 Recep Tayyip Erdo\u011fan ile Cumhurba\u015fkanl\u0131\u011f\u0131 K\u00fclliyesi&#8217;ndeki g\u00f6r\u00fc\u015fmesinin ard\u0131ndan d\u00fczenlenen ortak bas\u0131n toplant\u0131s\u0131nda konu\u015ftu. Yeni ve modern bir serbest ticaret anla\u015fmas\u0131 ile g\u00fcvenlik ve ter\u00f6rizmle m\u00fccadelenin yan\u0131 s\u0131ra g\u00f6\u00e7, enerji ve bir\u00e7ok farkl\u0131 konuda ortak hareket edebileceklerini belirten Starmer, T\u00fcrkiye&#8217;ye ekonomik ve stratejik \u00f6nemi giderek artan bir \u00fclke olarak yakla\u015ft\u0131klar\u0131n\u0131 s\u00f6yledi. &#8220;T\u00fcrkiye giderek artan\" \/>\n<meta property=\"og:url\" content=\"https:\/\/kibrisdakik.com\/?p=97233\" \/>\n<meta property=\"article:published_time\" content=\"2025-10-27T17:47:01+00:00\" \/>\n<meta property=\"og:image\" content=\"https:\/\/kibrisdakik.com\/wp-content\/uploads\/2025\/10\/starmer-aa-2411599.jpg\" \/>\n\t<meta property=\"og:image:width\" content=\"1280\" \/>\n\t<meta property=\"og:image:height\" content=\"720\" \/>\n\t<meta property=\"og:image:type\" content=\"image\/jpeg\" \/>\n<meta name=\"author\" content=\"admin\" \/>\n<meta name=\"twitter:card\" content=\"summary_large_image\" \/>\n<meta name=\"twitter:label1\" content=\"Yazan:\" \/>\n\t<meta name=\"twitter:data1\" content=\"admin\" \/>\n\t<meta name=\"twitter:label2\" content=\"Tahmini okuma s\u00fcresi\" \/>\n\t<meta name=\"twitter:data2\" content=\"1 dakika\" \/>\n<script type=\"application\/ld+json\" class=\"yoast-schema-graph\">{\"@context\":\"https:\\\/\\\/schema.org\",\"@graph\":[{\"@type\":\"Article\",\"@id\":\"https:\\\/\\\/kibrisdakik.com\\\/?p=97233#article\",\"isPartOf\":{\"@id\":\"https:\\\/\\\/kibrisdakik.com\\\/?p=97233\"},\"author\":{\"name\":\"admin\",\"@id\":\"https:\\\/\\\/kibrisdakik.com\\\/#\\\/schema\\\/person\\\/9cd9d437bbb44f72b73ba127e06d8e79\"},\"headline\":\"\u0130ngiltere Ba\u015fbakan\u0131 Starmer&#039;dan &#039;Eurofighter&#039; anla\u015fmas\u0131na dair a\u00e7\u0131klama\",\"datePublished\":\"2025-10-27T17:47:01+00:00\",\"mainEntityOfPage\":{\"@id\":\"https:\\\/\\\/kibrisdakik.com\\\/?p=97233\"},\"wordCount\":271,\"commentCount\":0,\"image\":{\"@id\":\"https:\\\/\\\/kibrisdakik.com\\\/?p=97233#primaryimage\"},\"thumbnailUrl\":\"https:\\\/\\\/kibrisdakik.com\\\/wp-content\\\/uploads\\\/2025\\\/10\\\/starmer-aa-2411599.jpg\",\"articleSection\":[\"D\u00fcnya\"],\"inLanguage\":\"tr\",\"potentialAction\":[{\"@type\":\"CommentAction\",\"name\":\"Comment\",\"target\":[\"https:\\\/\\\/kibrisdakik.com\\\/?p=97233#respond\"]}]},{\"@type\":\"WebPage\",\"@id\":\"https:\\\/\\\/kibrisdakik.com\\\/?p=97233\",\"url\":\"https:\\\/\\\/kibrisdakik.com\\\/?p=97233\",\"name\":\"\u0130ngiltere Ba\u015fbakan\u0131 Starmer&#039;dan &#039;Eurofighter&#039; anla\u015fmas\u0131na dair a\u00e7\u0131klama -\",\"isPartOf\":{\"@id\":\"https:\\\/\\\/kibrisdakik.com\\\/#website\"},\"primaryImageOfPage\":{\"@id\":\"https:\\\/\\\/kibrisdakik.com\\\/?p=97233#primaryimage\"},\"image\":{\"@id\":\"https:\\\/\\\/kibrisdakik.com\\\/?p=97233#primaryimage\"},\"thumbnailUrl\":\"https:\\\/\\\/kibrisdakik.com\\\/wp-content\\\/uploads\\\/2025\\\/10\\\/starmer-aa-2411599.jpg\",\"datePublished\":\"2025-10-27T17:47:01+00:00\",\"author\":{\"@id\":\"https:\\\/\\\/kibrisdakik.com\\\/#\\\/schema\\\/person\\\/9cd9d437bbb44f72b73ba127e06d8e79\"},\"breadcrumb\":{\"@id\":\"https:\\\/\\\/kibrisdakik.com\\\/?p=97233#breadcrumb\"},\"inLanguage\":\"tr\",\"potentialAction\":[{\"@type\":\"ReadAction\",\"target\":[\"https:\\\/\\\/kibrisdakik.com\\\/?p=97233\"]}]},{\"@type\":\"ImageObject\",\"inLanguage\":\"tr\",\"@id\":\"https:\\\/\\\/kibrisdakik.com\\\/?p=97233#primaryimage\",\"url\":\"https:\\\/\\\/kibrisdakik.com\\\/wp-content\\\/uploads\\\/2025\\\/10\\\/starmer-aa-2411599.jpg\",\"contentUrl\":\"https:\\\/\\\/kibrisdakik.com\\\/wp-content\\\/uploads\\\/2025\\\/10\\\/starmer-aa-2411599.jpg\",\"width\":1280,\"height\":720},{\"@type\":\"BreadcrumbList\",\"@id\":\"https:\\\/\\\/kibrisdakik.com\\\/?p=97233#breadcrumb\",\"itemListElement\":[{\"@type\":\"ListItem\",\"position\":1,\"name\":\"Home\",\"item\":\"https:\\\/\\\/kibrisdakik.com\\\/\"},{\"@type\":\"ListItem\",\"position\":2,\"name\":\"\u0130ngiltere Ba\u015fbakan\u0131 Starmer&#039;dan &#039;Eurofighter&#039; anla\u015fmas\u0131na dair a\u00e7\u0131klama\"}]},{\"@type\":\"WebSite\",\"@id\":\"https:\\\/\\\/kibrisdakik.com\\\/#website\",\"url\":\"https:\\\/\\\/kibrisdakik.com\\\/\",\"name\":\"\",\"description\":\"Tam vaktinde haber\",\"potentialAction\":[{\"@type\":\"SearchAction\",\"target\":{\"@type\":\"EntryPoint\",\"urlTemplate\":\"https:\\\/\\\/kibrisdakik.com\\\/?s={search_term_string}\"},\"query-input\":{\"@type\":\"PropertyValueSpecification\",\"valueRequired\":true,\"valueName\":\"search_term_string\"}}],\"inLanguage\":\"tr\"},{\"@type\":\"Person\",\"@id\":\"https:\\\/\\\/kibrisdakik.com\\\/#\\\/schema\\\/person\\\/9cd9d437bbb44f72b73ba127e06d8e79\",\"name\":\"admin\",\"image\":{\"@type\":\"ImageObject\",\"inLanguage\":\"tr\",\"@id\":\"https:\\\/\\\/secure.gravatar.com\\\/avatar\\\/ccc17943b9d660506c869530f897617f7cb1c21a4bf30023f252596d83e1f007?s=96&d=mm&r=g\",\"url\":\"https:\\\/\\\/secure.gravatar.com\\\/avatar\\\/ccc17943b9d660506c869530f897617f7cb1c21a4bf30023f252596d83e1f007?s=96&d=mm&r=g\",\"contentUrl\":\"https:\\\/\\\/secure.gravatar.com\\\/avatar\\\/ccc17943b9d660506c869530f897617f7cb1c21a4bf30023f252596d83e1f007?s=96&d=mm&r=g\",\"caption\":\"admin\"},\"sameAs\":[\"https:\\\/\\\/kibrisdakik.com\"],\"url\":\"https:\\\/\\\/kibrisdakik.com\\\/?author=1\"}]}<\/script>\n<!-- \/ Yoast SEO plugin. -->","yoast_head_json":{"title":"\u0130ngiltere Ba\u015fbakan\u0131 Starmer&#039;dan &#039;Eurofighter&#039; anla\u015fmas\u0131na dair a\u00e7\u0131klama -","robots":{"index":"index","follow":"follow","max-snippet":"max-snippet:-1","max-image-preview":"max-image-preview:large","max-video-preview":"max-video-preview:-1"},"canonical":"https:\/\/kibrisdakik.com\/?p=97233","og_locale":"tr_TR","og_type":"article","og_title":"\u0130ngiltere Ba\u015fbakan\u0131 Starmer&#039;dan &#039;Eurofighter&#039; anla\u015fmas\u0131na dair a\u00e7\u0131klama -","og_description":"Starmer, Cumhurba\u015fkan\u0131 Recep Tayyip Erdo\u011fan ile Cumhurba\u015fkanl\u0131\u011f\u0131 K\u00fclliyesi&#8217;ndeki g\u00f6r\u00fc\u015fmesinin ard\u0131ndan d\u00fczenlenen ortak bas\u0131n toplant\u0131s\u0131nda konu\u015ftu. Yeni ve modern bir serbest ticaret anla\u015fmas\u0131 ile g\u00fcvenlik ve ter\u00f6rizmle m\u00fccadelenin yan\u0131 s\u0131ra g\u00f6\u00e7, enerji ve bir\u00e7ok farkl\u0131 konuda ortak hareket edebileceklerini belirten Starmer, T\u00fcrkiye&#8217;ye ekonomik ve stratejik \u00f6nemi giderek artan bir \u00fclke olarak yakla\u015ft\u0131klar\u0131n\u0131 s\u00f6yledi. &#8220;T\u00fcrkiye giderek artan","og_url":"https:\/\/kibrisdakik.com\/?p=97233","article_published_time":"2025-10-27T17:47:01+00:00","og_image":[{"width":1280,"height":720,"url":"https:\/\/kibrisdakik.com\/wp-content\/uploads\/2025\/10\/starmer-aa-2411599.jpg","type":"image\/jpeg"}],"author":"admin","twitter_card":"summary_large_image","twitter_misc":{"Yazan:":"admin","Tahmini okuma s\u00fcresi":"1 dakika"},"schema":{"@context":"https:\/\/schema.org","@graph":[{"@type":"Article","@id":"https:\/\/kibrisdakik.com\/?p=97233#article","isPartOf":{"@id":"https:\/\/kibrisdakik.com\/?p=97233"},"author":{"name":"admin","@id":"https:\/\/kibrisdakik.com\/#\/schema\/person\/9cd9d437bbb44f72b73ba127e06d8e79"},"headline":"\u0130ngiltere Ba\u015fbakan\u0131 Starmer&#039;dan &#039;Eurofighter&#039; anla\u015fmas\u0131na dair a\u00e7\u0131klama","datePublished":"2025-10-27T17:47:01+00:00","mainEntityOfPage":{"@id":"https:\/\/kibrisdakik.com\/?p=97233"},"wordCount":271,"commentCount":0,"image":{"@id":"https:\/\/kibrisdakik.com\/?p=97233#primaryimage"},"thumbnailUrl":"https:\/\/kibrisdakik.com\/wp-content\/uploads\/2025\/10\/starmer-aa-2411599.jpg","articleSection":["D\u00fcnya"],"inLanguage":"tr","potentialAction":[{"@type":"CommentAction","name":"Comment","target":["https:\/\/kibrisdakik.com\/?p=97233#respond"]}]},{"@type":"WebPage","@id":"https:\/\/kibrisdakik.com\/?p=97233","url":"https:\/\/kibrisdakik.com\/?p=97233","name":"\u0130ngiltere Ba\u015fbakan\u0131 Starmer&#039;dan &#039;Eurofighter&#039; anla\u015fmas\u0131na dair a\u00e7\u0131klama -","isPartOf":{"@id":"https:\/\/kibrisdakik.com\/#website"},"primaryImageOfPage":{"@id":"https:\/\/kibrisdakik.com\/?p=97233#primaryimage"},"image":{"@id":"https:\/\/kibrisdakik.com\/?p=97233#primaryimage"},"thumbnailUrl":"https:\/\/kibrisdakik.com\/wp-content\/uploads\/2025\/10\/starmer-aa-2411599.jpg","datePublished":"2025-10-27T17:47:01+00:00","author":{"@id":"https:\/\/kibrisdakik.com\/#\/schema\/person\/9cd9d437bbb44f72b73ba127e06d8e79"},"breadcrumb":{"@id":"https:\/\/kibrisdakik.com\/?p=97233#breadcrumb"},"inLanguage":"tr","potentialAction":[{"@type":"ReadAction","target":["https:\/\/kibrisdakik.com\/?p=97233"]}]},{"@type":"ImageObject","inLanguage":"tr","@id":"https:\/\/kibrisdakik.com\/?p=97233#primaryimage","url":"https:\/\/kibrisdakik.com\/wp-content\/uploads\/2025\/10\/starmer-aa-2411599.jpg","contentUrl":"https:\/\/kibrisdakik.com\/wp-content\/uploads\/2025\/10\/starmer-aa-2411599.jpg","width":1280,"height":720},{"@type":"BreadcrumbList","@id":"https:\/\/kibrisdakik.com\/?p=97233#breadcrumb","itemListElement":[{"@type":"ListItem","position":1,"name":"Home","item":"https:\/\/kibrisdakik.com\/"},{"@type":"ListItem","position":2,"name":"\u0130ngiltere Ba\u015fbakan\u0131 Starmer&#039;dan &#039;Eurofighter&#039; anla\u015fmas\u0131na dair a\u00e7\u0131klama"}]},{"@type":"WebSite","@id":"https:\/\/kibrisdakik.com\/#website","url":"https:\/\/kibrisdakik.com\/","name":"","description":"Tam vaktinde haber","potentialAction":[{"@type":"SearchAction","target":{"@type":"EntryPoint","urlTemplate":"https:\/\/kibrisdakik.com\/?s={search_term_string}"},"query-input":{"@type":"PropertyValueSpecification","valueRequired":true,"valueName":"search_term_string"}}],"inLanguage":"tr"},{"@type":"Person","@id":"https:\/\/kibrisdakik.com\/#\/schema\/person\/9cd9d437bbb44f72b73ba127e06d8e79","name":"admin","image":{"@type":"ImageObject","inLanguage":"tr","@id":"https:\/\/secure.gravatar.com\/avatar\/ccc17943b9d660506c869530f897617f7cb1c21a4bf30023f252596d83e1f007?s=96&d=mm&r=g","url":"https:\/\/secure.gravatar.com\/avatar\/ccc17943b9d660506c869530f897617f7cb1c21a4bf30023f252596d83e1f007?s=96&d=mm&r=g","contentUrl":"https:\/\/secure.gravatar.com\/avatar\/ccc17943b9d660506c869530f897617f7cb1c21a4bf30023f252596d83e1f007?s=96&d=mm&r=g","caption":"admin"},"sameAs":["https:\/\/kibrisdakik.com"],"url":"https:\/\/kibrisdakik.com\/?author=1"}]}},"_links":{"self":[{"href":"https:\/\/kibrisdakik.com\/index.php?rest_route=\/wp\/v2\/posts\/97233","targetHints":{"allow":["GET"]}}],"collection":[{"href":"https:\/\/kibrisdakik.com\/index.php?rest_route=\/wp\/v2\/posts"}],"about":[{"href":"https:\/\/kibrisdakik.com\/index.php?rest_route=\/wp\/v2\/types\/post"}],"author":[{"embeddable":true,"href":"https:\/\/kibrisdakik.com\/index.php?rest_route=\/wp\/v2\/users\/1"}],"replies":[{"embeddable":true,"href":"https:\/\/kibrisdakik.com\/index.php?rest_route=%2Fwp%2Fv2%2Fcomments&post=97233"}],"version-history":[{"count":0,"href":"https:\/\/kibrisdakik.com\/index.php?rest_route=\/wp\/v2\/posts\/97233\/revisions"}],"wp:featuredmedia":[{"embeddable":true,"href":"https:\/\/kibrisdakik.com\/index.php?rest_route=\/wp\/v2\/media\/97234"}],"wp:attachment":[{"href":"https:\/\/kibrisdakik.com\/index.php?rest_route=%2Fwp%2Fv2%2Fmedia&parent=97233"}],"wp:term":[{"taxonomy":"category","embeddable":true,"href":"https:\/\/kibrisdakik.com\/index.php?rest_route=%2Fwp%2Fv2%2Fcategories&post=97233"},{"taxonomy":"post_tag","embeddable":true,"href":"https:\/\/kibrisdakik.com\/index.php?rest_route=%2Fwp%2Fv2%2Ftags&post=97233"}],"curies":[{"name":"wp","href":"https:\/\/api.w.org\/{rel}","templated":true}]}}