{"id":97281,"date":"2025-10-28T11:52:08","date_gmt":"2025-10-28T09:52:08","guid":{"rendered":"https:\/\/kibrisdakik.com\/index.php\/2025\/10\/28\/kibris-tmt-mucahitler-dernegi-turkiye-cumhuriyetinin-102-yilini-kutladi\/"},"modified":"2025-10-28T11:52:08","modified_gmt":"2025-10-28T09:52:08","slug":"kibris-tmt-mucahitler-dernegi-turkiye-cumhuriyetinin-102-yilini-kutladi","status":"publish","type":"post","link":"https:\/\/kibrisdakik.com\/?p=97281","title":{"rendered":"KIBRIS TMT M\u00dcCAH\u0130TLER DERNE\u011e\u0130, T\u00dcRK\u0130YE CUMHUR\u0130YET\u2019\u0130N\u0130N 102. YILINI KUTLADI"},"content":{"rendered":"<p><\/p>\n<p>K\u0131br\u0131s TMT M\u00fccahitler Derne\u011fi, T\u00fcrkiye Cumhuriyeti\u2019nin 102. kurulu\u015f y\u0131l d\u00f6n\u00fcm\u00fcn\u00fc kutlad\u0131.<\/p>\n<p>Dernek Genel Ba\u015fkan\u0131 Celal Bayar, TBMM&#8217;nin Cumhuriyet&#8217;i ilan etmesinin 102. y\u0131ld\u00f6n\u00fcm\u00fc dolay\u0131s\u0131yla yay\u0131mlad\u0131\u011f\u0131 mesajda anavatan T\u00fcrkiye Cumhuriyeti\u2019nin kurulu\u015funun, T\u00fcrk ulusunun en b\u00fcy\u00fck bayram\u0131 oldu\u011funu vurgulayarak; , Cumhuriyet Bayram\u0131n\u0131 b\u00fcy\u00fck bir co\u015fku, sevin\u00e7 ve gururla g\u00f6n\u00fclden kutlad\u0131klar\u0131n\u0131 kaydetti.<\/p>\n<p>Cumhuriyeti kuran Ulu \u00d6nder Gazi Mustafa Kemal Atat\u00fcrk ile silah arkada\u015flar\u0131na ve Kahraman T\u00fcrk halk\u0131na sonsuz \u015f\u00fckranlar\u0131n\u0131 sunan Bayar, \u015funlar\u0131 kaydetti:<\/p>\n<p>\u201cKurtulu\u015f Sava\u015f\u0131 sonucunda 29 Ekim 1923\u2019de ba\u011f\u0131ms\u0131z, modern ve Laik T\u00fcrkiye Cumhuriyeti d\u00fcnyadaki sayg\u0131n yerini alm\u0131\u015f ve 102 ya\u015f\u0131nda dimdik ayaktad\u0131r. Ulu \u00d6nder Atat\u00fcrk\u2019\u00fcn dedi\u011fi gibi sonsuza kadar ya\u015fayacakt\u0131r.<\/p>\n<p>K\u0131br\u0131s T\u00fcrk Halk\u0131 da, her zaman Anavatan\u2019\u0131n izinden y\u00fcr\u00fcm\u00fc\u015f, Atat\u00fcrk\u2019\u00fc \u00f6rnek alm\u0131\u015f ve benzer bir direni\u015fle \u00f6zg\u00fcrl\u00fc\u011f\u00fcne ve egemenli\u011fine kavu\u015fmu\u015ftur. Bizim Cumhuriyetimiz de 42 ya\u015f\u0131na ula\u015fm\u0131\u015ft\u0131r. Her iki Cumhuriyetimize de nice nice y\u00fcz y\u0131lar dileriz.<\/p>\n<p>Bug\u00fcn i\u00e7ten ve d\u0131\u015ftan T\u00fcrkiye Cumhuriyetine ve Kuzey K\u0131br\u0131s T\u00fcrk Cumhuriyetine g\u00f6z dikenler vard\u0131r. Ancak bunlar, hi\u00e7bir zaman emellerine kavu\u015famayacaklard\u0131r. Anavatanda ve yavruvatanda T\u00fcrk halk\u0131n\u0131n ve T\u00fcrk gen\u00e7li\u011finin her zaman oldu\u011fu gibi bundan sonra da kararl\u0131l\u0131kla Cumhuriyet\u2019lerimize sahip \u00e7\u0131kacaklar\u0131na olan inanc\u0131m\u0131z tamd\u0131r.<\/p>\n<p>Cumhuriyetin 102. y\u0131l\u0131nda, b\u00fcy\u00fck T\u00fcrk Ulusu\u2019nun ve onun ayr\u0131lmaz par\u00e7as\u0131 olan K\u0131br\u0131s T\u00fcrk halk\u0131n\u0131n bu kutsal Cumhuriyet Bayram\u0131 kutlu olsun. Ya\u015fas\u0131n anavatan T\u00fcrkiye Cumhuriyeti. Ya\u015fas\u0131n yavruvatan Kuzey K\u0131br\u0131s T\u00fcrk Cumhuriyeti.\u201d<\/p>\n","protected":false},"excerpt":{"rendered":"<p>K\u0131br\u0131s TMT M\u00fccahitler Derne\u011fi, T\u00fcrkiye Cumhuriyeti\u2019nin 102. kurulu\u015f y\u0131l d\u00f6n\u00fcm\u00fcn\u00fc kutlad\u0131. Dernek Genel Ba\u015fkan\u0131 Celal Bayar, TBMM&#8217;nin Cumhuriyet&#8217;i ilan etmesinin 102. y\u0131ld\u00f6n\u00fcm\u00fc dolay\u0131s\u0131yla yay\u0131mlad\u0131\u011f\u0131 mesajda anavatan T\u00fcrkiye Cumhuriyeti\u2019nin kurulu\u015funun, T\u00fcrk ulusunun en b\u00fcy\u00fck bayram\u0131 oldu\u011funu vurgulayarak; , Cumhuriyet Bayram\u0131n\u0131 b\u00fcy\u00fck bir co\u015fku, sevin\u00e7 ve gururla g\u00f6n\u00fclden kutlad\u0131klar\u0131n\u0131 kaydetti. Cumhuriyeti kuran Ulu \u00d6nder Gazi Mustafa Kemal<\/p>\n","protected":false},"author":1,"featured_media":97282,"comment_status":"open","ping_status":"open","sticky":false,"template":"","format":"standard","meta":{"footnotes":""},"categories":[81],"tags":[],"class_list":["post-97281","post","type-post","status-publish","format-standard","has-post-thumbnail","hentry","category-kibris"],"yoast_head":"<!-- This site is optimized with the Yoast SEO plugin v27.5 - https:\/\/yoast.com\/product\/yoast-seo-wordpress\/ -->\n<title>KIBRIS TMT M\u00dcCAH\u0130TLER DERNE\u011e\u0130, T\u00dcRK\u0130YE CUMHUR\u0130YET\u2019\u0130N\u0130N 102. YILINI KUTLADI -<\/title>\n<meta name=\"robots\" content=\"index, follow, max-snippet:-1, max-image-preview:large, max-video-preview:-1\" \/>\n<link rel=\"canonical\" href=\"https:\/\/kibrisdakik.com\/?p=97281\" \/>\n<meta property=\"og:locale\" content=\"tr_TR\" \/>\n<meta property=\"og:type\" content=\"article\" \/>\n<meta property=\"og:title\" content=\"KIBRIS TMT M\u00dcCAH\u0130TLER DERNE\u011e\u0130, T\u00dcRK\u0130YE CUMHUR\u0130YET\u2019\u0130N\u0130N 102. YILINI KUTLADI -\" \/>\n<meta property=\"og:description\" content=\"K\u0131br\u0131s TMT M\u00fccahitler Derne\u011fi, T\u00fcrkiye Cumhuriyeti\u2019nin 102. kurulu\u015f y\u0131l d\u00f6n\u00fcm\u00fcn\u00fc kutlad\u0131. Dernek Genel Ba\u015fkan\u0131 Celal Bayar, TBMM&#8217;nin Cumhuriyet&#8217;i ilan etmesinin 102. y\u0131ld\u00f6n\u00fcm\u00fc dolay\u0131s\u0131yla yay\u0131mlad\u0131\u011f\u0131 mesajda anavatan T\u00fcrkiye Cumhuriyeti\u2019nin kurulu\u015funun, T\u00fcrk ulusunun en b\u00fcy\u00fck bayram\u0131 oldu\u011funu vurgulayarak; , Cumhuriyet Bayram\u0131n\u0131 b\u00fcy\u00fck bir co\u015fku, sevin\u00e7 ve gururla g\u00f6n\u00fclden kutlad\u0131klar\u0131n\u0131 kaydetti. Cumhuriyeti kuran Ulu \u00d6nder Gazi Mustafa Kemal\" \/>\n<meta property=\"og:url\" content=\"https:\/\/kibrisdakik.com\/?p=97281\" \/>\n<meta property=\"article:published_time\" content=\"2025-10-28T09:52:08+00:00\" \/>\n<meta property=\"og:image\" content=\"https:\/\/kibrisdakik.com\/wp-content\/uploads\/2025\/10\/mha-sari-beyaz-313.png\" \/>\n\t<meta property=\"og:image:width\" content=\"1280\" \/>\n\t<meta property=\"og:image:height\" content=\"720\" \/>\n\t<meta property=\"og:image:type\" content=\"image\/png\" \/>\n<meta name=\"author\" content=\"admin\" \/>\n<meta name=\"twitter:card\" content=\"summary_large_image\" \/>\n<meta name=\"twitter:label1\" content=\"Yazan:\" \/>\n\t<meta name=\"twitter:data1\" content=\"admin\" \/>\n\t<meta name=\"twitter:label2\" content=\"Tahmini okuma s\u00fcresi\" \/>\n\t<meta name=\"twitter:data2\" content=\"2 dakika\" \/>\n<script type=\"application\/ld+json\" class=\"yoast-schema-graph\">{\"@context\":\"https:\\\/\\\/schema.org\",\"@graph\":[{\"@type\":\"Article\",\"@id\":\"https:\\\/\\\/kibrisdakik.com\\\/?p=97281#article\",\"isPartOf\":{\"@id\":\"https:\\\/\\\/kibrisdakik.com\\\/?p=97281\"},\"author\":{\"name\":\"admin\",\"@id\":\"https:\\\/\\\/kibrisdakik.com\\\/#\\\/schema\\\/person\\\/9cd9d437bbb44f72b73ba127e06d8e79\"},\"headline\":\"KIBRIS TMT M\u00dcCAH\u0130TLER DERNE\u011e\u0130, T\u00dcRK\u0130YE CUMHUR\u0130YET\u2019\u0130N\u0130N 102. YILINI KUTLADI\",\"datePublished\":\"2025-10-28T09:52:08+00:00\",\"mainEntityOfPage\":{\"@id\":\"https:\\\/\\\/kibrisdakik.com\\\/?p=97281\"},\"wordCount\":329,\"commentCount\":0,\"image\":{\"@id\":\"https:\\\/\\\/kibrisdakik.com\\\/?p=97281#primaryimage\"},\"thumbnailUrl\":\"https:\\\/\\\/kibrisdakik.com\\\/wp-content\\\/uploads\\\/2025\\\/10\\\/mha-sari-beyaz-313.png\",\"articleSection\":[\"K\u0131br\u0131s\"],\"inLanguage\":\"tr\",\"potentialAction\":[{\"@type\":\"CommentAction\",\"name\":\"Comment\",\"target\":[\"https:\\\/\\\/kibrisdakik.com\\\/?p=97281#respond\"]}]},{\"@type\":\"WebPage\",\"@id\":\"https:\\\/\\\/kibrisdakik.com\\\/?p=97281\",\"url\":\"https:\\\/\\\/kibrisdakik.com\\\/?p=97281\",\"name\":\"KIBRIS TMT M\u00dcCAH\u0130TLER DERNE\u011e\u0130, T\u00dcRK\u0130YE CUMHUR\u0130YET\u2019\u0130N\u0130N 102. YILINI KUTLADI -\",\"isPartOf\":{\"@id\":\"https:\\\/\\\/kibrisdakik.com\\\/#website\"},\"primaryImageOfPage\":{\"@id\":\"https:\\\/\\\/kibrisdakik.com\\\/?p=97281#primaryimage\"},\"image\":{\"@id\":\"https:\\\/\\\/kibrisdakik.com\\\/?p=97281#primaryimage\"},\"thumbnailUrl\":\"https:\\\/\\\/kibrisdakik.com\\\/wp-content\\\/uploads\\\/2025\\\/10\\\/mha-sari-beyaz-313.png\",\"datePublished\":\"2025-10-28T09:52:08+00:00\",\"author\":{\"@id\":\"https:\\\/\\\/kibrisdakik.com\\\/#\\\/schema\\\/person\\\/9cd9d437bbb44f72b73ba127e06d8e79\"},\"breadcrumb\":{\"@id\":\"https:\\\/\\\/kibrisdakik.com\\\/?p=97281#breadcrumb\"},\"inLanguage\":\"tr\",\"potentialAction\":[{\"@type\":\"ReadAction\",\"target\":[\"https:\\\/\\\/kibrisdakik.com\\\/?p=97281\"]}]},{\"@type\":\"ImageObject\",\"inLanguage\":\"tr\",\"@id\":\"https:\\\/\\\/kibrisdakik.com\\\/?p=97281#primaryimage\",\"url\":\"https:\\\/\\\/kibrisdakik.com\\\/wp-content\\\/uploads\\\/2025\\\/10\\\/mha-sari-beyaz-313.png\",\"contentUrl\":\"https:\\\/\\\/kibrisdakik.com\\\/wp-content\\\/uploads\\\/2025\\\/10\\\/mha-sari-beyaz-313.png\",\"width\":1280,\"height\":720},{\"@type\":\"BreadcrumbList\",\"@id\":\"https:\\\/\\\/kibrisdakik.com\\\/?p=97281#breadcrumb\",\"itemListElement\":[{\"@type\":\"ListItem\",\"position\":1,\"name\":\"Home\",\"item\":\"https:\\\/\\\/kibrisdakik.com\\\/\"},{\"@type\":\"ListItem\",\"position\":2,\"name\":\"KIBRIS TMT M\u00dcCAH\u0130TLER DERNE\u011e\u0130, T\u00dcRK\u0130YE CUMHUR\u0130YET\u2019\u0130N\u0130N 102. YILINI KUTLADI\"}]},{\"@type\":\"WebSite\",\"@id\":\"https:\\\/\\\/kibrisdakik.com\\\/#website\",\"url\":\"https:\\\/\\\/kibrisdakik.com\\\/\",\"name\":\"\",\"description\":\"Tam vaktinde haber\",\"potentialAction\":[{\"@type\":\"SearchAction\",\"target\":{\"@type\":\"EntryPoint\",\"urlTemplate\":\"https:\\\/\\\/kibrisdakik.com\\\/?s={search_term_string}\"},\"query-input\":{\"@type\":\"PropertyValueSpecification\",\"valueRequired\":true,\"valueName\":\"search_term_string\"}}],\"inLanguage\":\"tr\"},{\"@type\":\"Person\",\"@id\":\"https:\\\/\\\/kibrisdakik.com\\\/#\\\/schema\\\/person\\\/9cd9d437bbb44f72b73ba127e06d8e79\",\"name\":\"admin\",\"image\":{\"@type\":\"ImageObject\",\"inLanguage\":\"tr\",\"@id\":\"https:\\\/\\\/secure.gravatar.com\\\/avatar\\\/ccc17943b9d660506c869530f897617f7cb1c21a4bf30023f252596d83e1f007?s=96&d=mm&r=g\",\"url\":\"https:\\\/\\\/secure.gravatar.com\\\/avatar\\\/ccc17943b9d660506c869530f897617f7cb1c21a4bf30023f252596d83e1f007?s=96&d=mm&r=g\",\"contentUrl\":\"https:\\\/\\\/secure.gravatar.com\\\/avatar\\\/ccc17943b9d660506c869530f897617f7cb1c21a4bf30023f252596d83e1f007?s=96&d=mm&r=g\",\"caption\":\"admin\"},\"sameAs\":[\"https:\\\/\\\/kibrisdakik.com\"],\"url\":\"https:\\\/\\\/kibrisdakik.com\\\/?author=1\"}]}<\/script>\n<!-- \/ Yoast SEO plugin. -->","yoast_head_json":{"title":"KIBRIS TMT M\u00dcCAH\u0130TLER DERNE\u011e\u0130, T\u00dcRK\u0130YE CUMHUR\u0130YET\u2019\u0130N\u0130N 102. YILINI KUTLADI -","robots":{"index":"index","follow":"follow","max-snippet":"max-snippet:-1","max-image-preview":"max-image-preview:large","max-video-preview":"max-video-preview:-1"},"canonical":"https:\/\/kibrisdakik.com\/?p=97281","og_locale":"tr_TR","og_type":"article","og_title":"KIBRIS TMT M\u00dcCAH\u0130TLER DERNE\u011e\u0130, T\u00dcRK\u0130YE CUMHUR\u0130YET\u2019\u0130N\u0130N 102. YILINI KUTLADI -","og_description":"K\u0131br\u0131s TMT M\u00fccahitler Derne\u011fi, T\u00fcrkiye Cumhuriyeti\u2019nin 102. kurulu\u015f y\u0131l d\u00f6n\u00fcm\u00fcn\u00fc kutlad\u0131. Dernek Genel Ba\u015fkan\u0131 Celal Bayar, TBMM&#8217;nin Cumhuriyet&#8217;i ilan etmesinin 102. y\u0131ld\u00f6n\u00fcm\u00fc dolay\u0131s\u0131yla yay\u0131mlad\u0131\u011f\u0131 mesajda anavatan T\u00fcrkiye Cumhuriyeti\u2019nin kurulu\u015funun, T\u00fcrk ulusunun en b\u00fcy\u00fck bayram\u0131 oldu\u011funu vurgulayarak; , Cumhuriyet Bayram\u0131n\u0131 b\u00fcy\u00fck bir co\u015fku, sevin\u00e7 ve gururla g\u00f6n\u00fclden kutlad\u0131klar\u0131n\u0131 kaydetti. Cumhuriyeti kuran Ulu \u00d6nder Gazi Mustafa Kemal","og_url":"https:\/\/kibrisdakik.com\/?p=97281","article_published_time":"2025-10-28T09:52:08+00:00","og_image":[{"width":1280,"height":720,"url":"https:\/\/kibrisdakik.com\/wp-content\/uploads\/2025\/10\/mha-sari-beyaz-313.png","type":"image\/png"}],"author":"admin","twitter_card":"summary_large_image","twitter_misc":{"Yazan:":"admin","Tahmini okuma s\u00fcresi":"2 dakika"},"schema":{"@context":"https:\/\/schema.org","@graph":[{"@type":"Article","@id":"https:\/\/kibrisdakik.com\/?p=97281#article","isPartOf":{"@id":"https:\/\/kibrisdakik.com\/?p=97281"},"author":{"name":"admin","@id":"https:\/\/kibrisdakik.com\/#\/schema\/person\/9cd9d437bbb44f72b73ba127e06d8e79"},"headline":"KIBRIS TMT M\u00dcCAH\u0130TLER DERNE\u011e\u0130, T\u00dcRK\u0130YE CUMHUR\u0130YET\u2019\u0130N\u0130N 102. YILINI KUTLADI","datePublished":"2025-10-28T09:52:08+00:00","mainEntityOfPage":{"@id":"https:\/\/kibrisdakik.com\/?p=97281"},"wordCount":329,"commentCount":0,"image":{"@id":"https:\/\/kibrisdakik.com\/?p=97281#primaryimage"},"thumbnailUrl":"https:\/\/kibrisdakik.com\/wp-content\/uploads\/2025\/10\/mha-sari-beyaz-313.png","articleSection":["K\u0131br\u0131s"],"inLanguage":"tr","potentialAction":[{"@type":"CommentAction","name":"Comment","target":["https:\/\/kibrisdakik.com\/?p=97281#respond"]}]},{"@type":"WebPage","@id":"https:\/\/kibrisdakik.com\/?p=97281","url":"https:\/\/kibrisdakik.com\/?p=97281","name":"KIBRIS TMT M\u00dcCAH\u0130TLER DERNE\u011e\u0130, T\u00dcRK\u0130YE CUMHUR\u0130YET\u2019\u0130N\u0130N 102. YILINI KUTLADI -","isPartOf":{"@id":"https:\/\/kibrisdakik.com\/#website"},"primaryImageOfPage":{"@id":"https:\/\/kibrisdakik.com\/?p=97281#primaryimage"},"image":{"@id":"https:\/\/kibrisdakik.com\/?p=97281#primaryimage"},"thumbnailUrl":"https:\/\/kibrisdakik.com\/wp-content\/uploads\/2025\/10\/mha-sari-beyaz-313.png","datePublished":"2025-10-28T09:52:08+00:00","author":{"@id":"https:\/\/kibrisdakik.com\/#\/schema\/person\/9cd9d437bbb44f72b73ba127e06d8e79"},"breadcrumb":{"@id":"https:\/\/kibrisdakik.com\/?p=97281#breadcrumb"},"inLanguage":"tr","potentialAction":[{"@type":"ReadAction","target":["https:\/\/kibrisdakik.com\/?p=97281"]}]},{"@type":"ImageObject","inLanguage":"tr","@id":"https:\/\/kibrisdakik.com\/?p=97281#primaryimage","url":"https:\/\/kibrisdakik.com\/wp-content\/uploads\/2025\/10\/mha-sari-beyaz-313.png","contentUrl":"https:\/\/kibrisdakik.com\/wp-content\/uploads\/2025\/10\/mha-sari-beyaz-313.png","width":1280,"height":720},{"@type":"BreadcrumbList","@id":"https:\/\/kibrisdakik.com\/?p=97281#breadcrumb","itemListElement":[{"@type":"ListItem","position":1,"name":"Home","item":"https:\/\/kibrisdakik.com\/"},{"@type":"ListItem","position":2,"name":"KIBRIS TMT M\u00dcCAH\u0130TLER DERNE\u011e\u0130, T\u00dcRK\u0130YE CUMHUR\u0130YET\u2019\u0130N\u0130N 102. YILINI KUTLADI"}]},{"@type":"WebSite","@id":"https:\/\/kibrisdakik.com\/#website","url":"https:\/\/kibrisdakik.com\/","name":"","description":"Tam vaktinde haber","potentialAction":[{"@type":"SearchAction","target":{"@type":"EntryPoint","urlTemplate":"https:\/\/kibrisdakik.com\/?s={search_term_string}"},"query-input":{"@type":"PropertyValueSpecification","valueRequired":true,"valueName":"search_term_string"}}],"inLanguage":"tr"},{"@type":"Person","@id":"https:\/\/kibrisdakik.com\/#\/schema\/person\/9cd9d437bbb44f72b73ba127e06d8e79","name":"admin","image":{"@type":"ImageObject","inLanguage":"tr","@id":"https:\/\/secure.gravatar.com\/avatar\/ccc17943b9d660506c869530f897617f7cb1c21a4bf30023f252596d83e1f007?s=96&d=mm&r=g","url":"https:\/\/secure.gravatar.com\/avatar\/ccc17943b9d660506c869530f897617f7cb1c21a4bf30023f252596d83e1f007?s=96&d=mm&r=g","contentUrl":"https:\/\/secure.gravatar.com\/avatar\/ccc17943b9d660506c869530f897617f7cb1c21a4bf30023f252596d83e1f007?s=96&d=mm&r=g","caption":"admin"},"sameAs":["https:\/\/kibrisdakik.com"],"url":"https:\/\/kibrisdakik.com\/?author=1"}]}},"_links":{"self":[{"href":"https:\/\/kibrisdakik.com\/index.php?rest_route=\/wp\/v2\/posts\/97281","targetHints":{"allow":["GET"]}}],"collection":[{"href":"https:\/\/kibrisdakik.com\/index.php?rest_route=\/wp\/v2\/posts"}],"about":[{"href":"https:\/\/kibrisdakik.com\/index.php?rest_route=\/wp\/v2\/types\/post"}],"author":[{"embeddable":true,"href":"https:\/\/kibrisdakik.com\/index.php?rest_route=\/wp\/v2\/users\/1"}],"replies":[{"embeddable":true,"href":"https:\/\/kibrisdakik.com\/index.php?rest_route=%2Fwp%2Fv2%2Fcomments&post=97281"}],"version-history":[{"count":0,"href":"https:\/\/kibrisdakik.com\/index.php?rest_route=\/wp\/v2\/posts\/97281\/revisions"}],"wp:featuredmedia":[{"embeddable":true,"href":"https:\/\/kibrisdakik.com\/index.php?rest_route=\/wp\/v2\/media\/97282"}],"wp:attachment":[{"href":"https:\/\/kibrisdakik.com\/index.php?rest_route=%2Fwp%2Fv2%2Fmedia&parent=97281"}],"wp:term":[{"taxonomy":"category","embeddable":true,"href":"https:\/\/kibrisdakik.com\/index.php?rest_route=%2Fwp%2Fv2%2Fcategories&post=97281"},{"taxonomy":"post_tag","embeddable":true,"href":"https:\/\/kibrisdakik.com\/index.php?rest_route=%2Fwp%2Fv2%2Ftags&post=97281"}],"curies":[{"name":"wp","href":"https:\/\/api.w.org\/{rel}","templated":true}]}}