{"id":97295,"date":"2025-10-28T13:12:08","date_gmt":"2025-10-28T11:12:08","guid":{"rendered":"https:\/\/kibrisdakik.com\/index.php\/2025\/10\/28\/ab-komisyonu-baskani-hava-sahamiza-ve-topraklarimiza-yonelik-hicbir-ihlali-kabul-etmeyecegiz\/"},"modified":"2025-10-28T13:12:08","modified_gmt":"2025-10-28T11:12:08","slug":"ab-komisyonu-baskani-hava-sahamiza-ve-topraklarimiza-yonelik-hicbir-ihlali-kabul-etmeyecegiz","status":"publish","type":"post","link":"https:\/\/kibrisdakik.com\/?p=97295","title":{"rendered":"AB Komisyonu Ba\u015fkan\u0131: Hava saham\u0131za ve topraklar\u0131m\u0131za y\u00f6nelik hi\u00e7bir ihlali kabul etmeyece\u011fiz"},"content":{"rendered":"<p><\/p>\n<div class=\"news-content\">\n<p>\n\tVon der Leyen, Stockholm&#8217;de Nordik Konseyi Zirvesi&#8217;nin ard\u0131ndan d\u00fczenlenen ortak bas\u0131n toplant\u0131s\u0131nda konu\u015ftu.<\/p>\n<p>\n\tHaz\u0131rl\u0131kl\u0131l\u0131k ve teyakkuz konusunda kuzeydeki \u00fclkelerin \u00f6rnek te\u015fkil etti\u011fini belirten von der Leyen, bu \u00fclkelerde haz\u0131rl\u0131kl\u0131l\u0131k ve teyakkuzun toplumun her kesimine i\u015flemi\u015f durumda oldu\u011funu ifade etti.<\/p>\n<p>\n\t23 Ekim&#8217;de d\u00fczenlenen AB Liderler Zirvesi&#8217;nde Avrupa&#8217;n\u0131n 2030 y\u0131l\u0131na kadar savunma haz\u0131rl\u0131kl\u0131l\u0131\u011f\u0131na y\u00f6nelik yol haritas\u0131n\u0131 ilerletme karar\u0131 ald\u0131\u011f\u0131n\u0131 an\u0131msatan von der Leyen, ayn\u0131 zamanda Ukrayna&#8217;ya y\u00f6nelik g\u00fc\u00e7l\u00fc deste\u011fin nas\u0131l s\u00fcrd\u00fcrebilece\u011fini de g\u00f6r\u00fc\u015ft\u00fcklerini s\u00f6yledi.<\/p>\n<p>\n\tVon der Leyen, kuzey \u00fclkelerinin bu konuda deste\u011finin hayati \u00f6nem ta\u015f\u0131d\u0131\u011f\u0131n\u0131n alt\u0131n\u0131 \u00e7izerek, &#8220;Elbette deneyimlerimiz, sizin bilgi ve tecr\u00fcbelerinizden besleniyor. Bu, kuzeydeki Arktik b\u00f6lgesinin izlenmesinden do\u011fudaki sald\u0131rgan bir kom\u015funun cayd\u0131r\u0131lmas\u0131na kadar uzan\u0131yor ve t\u00fcm Avrupa i\u00e7in bir rehber niteli\u011fi ta\u015f\u0131yor.&#8221; diye konu\u015ftu.<\/p>\n<h2>\n\t&#8220;Rusya&#8217;n\u0131n varl\u0131klar\u0131n\u0131n kullan\u0131lmas\u0131 hukuken sa\u011flam bir \u00f6neri&#8221;<\/h2>\n<p>\n\tRusya&#8217;n\u0131n dondurulmu\u015f varl\u0131klar\u0131n\u0131n Ukrayna&#8217;ya bor\u00e7 olarak verilmesine ili\u015fkin bir soruyu cevaplayan von der Leyen, AB Konseyinin 2026 ve 2027 y\u0131llar\u0131nda Ukrayna&#8217;n\u0131n finansman ihtiya\u00e7lar\u0131n\u0131 kar\u015f\u0131lamay\u0131 taahh\u00fct etmesinden b\u00fcy\u00fck memnuniyet ve minnettarl\u0131k duydu\u011funu belirtti.<\/p>\n<p>\n\tVon der Leyen, bu \u00e7er\u00e7evede dondurulmu\u015f Rus varl\u0131klar\u0131n\u0131n \u00f6nem ta\u015f\u0131d\u0131\u011f\u0131n\u0131, bu plan uyar\u0131nca nakit bakiyelerin kullan\u0131larak Ukrayna&#8217;ya bir kredi verilmesinin \u00f6ng\u00f6r\u00fcld\u00fc\u011f\u00fcn\u00fc an\u0131msatt\u0131.<\/p>\n<p>\n\tUkrayna&#8217;n\u0131n bu krediyi e\u011fer Rusya tazminat \u00f6derse geri \u00f6deyece\u011fini s\u00f6yleyen von der Leyen, &#8220;Dolay\u0131s\u0131yla bu hukuken sa\u011flam bir \u00f6neri. Kolay de\u011fil ama sa\u011flam bir \u00f6neri.&#8221; ifadesini kulland\u0131.<\/p>\n<p>\n\tAB Komisyonu Ba\u015fkan\u0131, AB Konseyinin AB Komisyonundan s\u00f6z konusu plana ili\u015fkin teknik detaylar\u0131n netle\u015ftirilmesini talep etti\u011fini hat\u0131rlatarak, bunun \u00fczerinde \u00e7al\u0131\u015fma y\u00fcr\u00fct\u00fcld\u00fc\u011f\u00fcn\u00fc dile getirdi.<\/p>\n<p>\n\tDi\u011fer taraftan Rusya&#8217;ya verilen mesaj\u0131n \u00e7ok a\u00e7\u0131k oldu\u011funa dikkati \u00e7eken von der Leyen, &#8220;Uzun vadeli bir s\u00fcrecin i\u00e7indeyiz. Ukrayna&#8217;n\u0131n finansman ihtiya\u00e7lar\u0131n\u0131 kar\u015f\u0131lamaya haz\u0131r\u0131z ve Ukrayna&#8217;n\u0131n yan\u0131nda, ne kadar s\u00fcrerse s\u00fcrs\u00fcn, durmaya devam edece\u011fiz.&#8221; dedi.<\/p>\n<h2>\n\t&#8220;Hi\u00e7bir ihlali kabul etmeyece\u011fiz&#8221;<\/h2>\n<p>\n\tLitvanya&#8217;n\u0131n hava sahas\u0131 ihlallerine y\u00f6nelik \u00fclkeyle tam dayan\u0131\u015fma i\u00e7inde olduklar\u0131n\u0131 belirten von der Leyen, &#8220;Bu bir provokasyondur. Bu tam anlam\u0131yla bir hibrit tehdittir ve buna kesinlikle tahamm\u00fcl edemeyiz.&#8221; diye konu\u015ftu.<\/p>\n<p>\n\tVon der Leyen, s\u00f6z konusu ihlallerin haz\u0131rl\u0131kl\u0131l\u0131k yol haritas\u0131 ve onun i\u00e7indeki ba\u015fl\u0131ca giri\u015fimler i\u00e7in \u00e7ok g\u00fc\u00e7l\u00fc bir gerek\u00e7e oldu\u011funu kaydederek, &#8220;Ne \u015fekilde olursa olsun, hava saham\u0131za veya topraklar\u0131m\u0131za y\u00f6nelik hi\u00e7bir ihlali kabul etmeyece\u011fiz. Bu nedenle, haz\u0131rl\u0131kl\u0131l\u0131k yol haritas\u0131n\u0131 g\u00fc\u00e7lendirmek hayati \u00f6nem ta\u015f\u0131maktad\u0131r.&#8221; ifadelerini kulland\u0131.<\/p>\n<div class=\"news-tags\">\n<div class=\"title\">ET\u0130KETLER<\/div>\n<div class=\"tags\">\n                                                                            Avrupa Birli\u011fi\n                                                                    <\/div>\n<\/p><\/div>\n<\/p><\/div>\n","protected":false},"excerpt":{"rendered":"<p>Von der Leyen, Stockholm&#8217;de Nordik Konseyi Zirvesi&#8217;nin ard\u0131ndan d\u00fczenlenen ortak bas\u0131n toplant\u0131s\u0131nda konu\u015ftu. Haz\u0131rl\u0131kl\u0131l\u0131k ve teyakkuz konusunda kuzeydeki \u00fclkelerin \u00f6rnek te\u015fkil etti\u011fini belirten von der Leyen, bu \u00fclkelerde haz\u0131rl\u0131kl\u0131l\u0131k ve teyakkuzun toplumun her kesimine i\u015flemi\u015f durumda oldu\u011funu ifade etti. 23 Ekim&#8217;de d\u00fczenlenen AB Liderler Zirvesi&#8217;nde Avrupa&#8217;n\u0131n 2030 y\u0131l\u0131na kadar savunma haz\u0131rl\u0131kl\u0131l\u0131\u011f\u0131na y\u00f6nelik yol haritas\u0131n\u0131 ilerletme<\/p>\n","protected":false},"author":1,"featured_media":97296,"comment_status":"open","ping_status":"open","sticky":false,"template":"","format":"standard","meta":{"footnotes":""},"categories":[306],"tags":[],"class_list":["post-97295","post","type-post","status-publish","format-standard","has-post-thumbnail","hentry","category-dunya"],"yoast_head":"<!-- This site is optimized with the Yoast SEO plugin v27.5 - https:\/\/yoast.com\/product\/yoast-seo-wordpress\/ -->\n<title>AB Komisyonu Ba\u015fkan\u0131: Hava saham\u0131za ve topraklar\u0131m\u0131za y\u00f6nelik hi\u00e7bir ihlali kabul etmeyece\u011fiz -<\/title>\n<meta name=\"robots\" content=\"index, follow, max-snippet:-1, max-image-preview:large, max-video-preview:-1\" \/>\n<link rel=\"canonical\" href=\"https:\/\/kibrisdakik.com\/?p=97295\" \/>\n<meta property=\"og:locale\" content=\"tr_TR\" \/>\n<meta property=\"og:type\" content=\"article\" \/>\n<meta property=\"og:title\" content=\"AB Komisyonu Ba\u015fkan\u0131: Hava saham\u0131za ve topraklar\u0131m\u0131za y\u00f6nelik hi\u00e7bir ihlali kabul etmeyece\u011fiz -\" \/>\n<meta property=\"og:description\" content=\"Von der Leyen, Stockholm&#8217;de Nordik Konseyi Zirvesi&#8217;nin ard\u0131ndan d\u00fczenlenen ortak bas\u0131n toplant\u0131s\u0131nda konu\u015ftu. Haz\u0131rl\u0131kl\u0131l\u0131k ve teyakkuz konusunda kuzeydeki \u00fclkelerin \u00f6rnek te\u015fkil etti\u011fini belirten von der Leyen, bu \u00fclkelerde haz\u0131rl\u0131kl\u0131l\u0131k ve teyakkuzun toplumun her kesimine i\u015flemi\u015f durumda oldu\u011funu ifade etti. 23 Ekim&#8217;de d\u00fczenlenen AB Liderler Zirvesi&#8217;nde Avrupa&#8217;n\u0131n 2030 y\u0131l\u0131na kadar savunma haz\u0131rl\u0131kl\u0131l\u0131\u011f\u0131na y\u00f6nelik yol haritas\u0131n\u0131 ilerletme\" \/>\n<meta property=\"og:url\" content=\"https:\/\/kibrisdakik.com\/?p=97295\" \/>\n<meta property=\"article:published_time\" content=\"2025-10-28T11:12:08+00:00\" \/>\n<meta property=\"og:image\" content=\"https:\/\/kibrisdakik.com\/wp-content\/uploads\/2025\/10\/ursula-von-der-leyen-aa-1663244.jpg\" \/>\n\t<meta property=\"og:image:width\" content=\"1280\" \/>\n\t<meta property=\"og:image:height\" content=\"720\" \/>\n\t<meta property=\"og:image:type\" content=\"image\/jpeg\" \/>\n<meta name=\"author\" content=\"admin\" \/>\n<meta name=\"twitter:card\" content=\"summary_large_image\" \/>\n<meta name=\"twitter:label1\" content=\"Yazan:\" \/>\n\t<meta name=\"twitter:data1\" content=\"admin\" \/>\n\t<meta name=\"twitter:label2\" content=\"Tahmini okuma s\u00fcresi\" \/>\n\t<meta name=\"twitter:data2\" content=\"3 dakika\" \/>\n<script type=\"application\/ld+json\" class=\"yoast-schema-graph\">{\"@context\":\"https:\\\/\\\/schema.org\",\"@graph\":[{\"@type\":\"Article\",\"@id\":\"https:\\\/\\\/kibrisdakik.com\\\/?p=97295#article\",\"isPartOf\":{\"@id\":\"https:\\\/\\\/kibrisdakik.com\\\/?p=97295\"},\"author\":{\"name\":\"admin\",\"@id\":\"https:\\\/\\\/kibrisdakik.com\\\/#\\\/schema\\\/person\\\/9cd9d437bbb44f72b73ba127e06d8e79\"},\"headline\":\"AB Komisyonu Ba\u015fkan\u0131: Hava saham\u0131za ve topraklar\u0131m\u0131za y\u00f6nelik hi\u00e7bir ihlali kabul etmeyece\u011fiz\",\"datePublished\":\"2025-10-28T11:12:08+00:00\",\"mainEntityOfPage\":{\"@id\":\"https:\\\/\\\/kibrisdakik.com\\\/?p=97295\"},\"wordCount\":528,\"commentCount\":0,\"image\":{\"@id\":\"https:\\\/\\\/kibrisdakik.com\\\/?p=97295#primaryimage\"},\"thumbnailUrl\":\"https:\\\/\\\/kibrisdakik.com\\\/wp-content\\\/uploads\\\/2025\\\/10\\\/ursula-von-der-leyen-aa-1663244.jpg\",\"articleSection\":[\"D\u00fcnya\"],\"inLanguage\":\"tr\",\"potentialAction\":[{\"@type\":\"CommentAction\",\"name\":\"Comment\",\"target\":[\"https:\\\/\\\/kibrisdakik.com\\\/?p=97295#respond\"]}]},{\"@type\":\"WebPage\",\"@id\":\"https:\\\/\\\/kibrisdakik.com\\\/?p=97295\",\"url\":\"https:\\\/\\\/kibrisdakik.com\\\/?p=97295\",\"name\":\"AB Komisyonu Ba\u015fkan\u0131: Hava saham\u0131za ve topraklar\u0131m\u0131za y\u00f6nelik hi\u00e7bir ihlali kabul etmeyece\u011fiz -\",\"isPartOf\":{\"@id\":\"https:\\\/\\\/kibrisdakik.com\\\/#website\"},\"primaryImageOfPage\":{\"@id\":\"https:\\\/\\\/kibrisdakik.com\\\/?p=97295#primaryimage\"},\"image\":{\"@id\":\"https:\\\/\\\/kibrisdakik.com\\\/?p=97295#primaryimage\"},\"thumbnailUrl\":\"https:\\\/\\\/kibrisdakik.com\\\/wp-content\\\/uploads\\\/2025\\\/10\\\/ursula-von-der-leyen-aa-1663244.jpg\",\"datePublished\":\"2025-10-28T11:12:08+00:00\",\"author\":{\"@id\":\"https:\\\/\\\/kibrisdakik.com\\\/#\\\/schema\\\/person\\\/9cd9d437bbb44f72b73ba127e06d8e79\"},\"breadcrumb\":{\"@id\":\"https:\\\/\\\/kibrisdakik.com\\\/?p=97295#breadcrumb\"},\"inLanguage\":\"tr\",\"potentialAction\":[{\"@type\":\"ReadAction\",\"target\":[\"https:\\\/\\\/kibrisdakik.com\\\/?p=97295\"]}]},{\"@type\":\"ImageObject\",\"inLanguage\":\"tr\",\"@id\":\"https:\\\/\\\/kibrisdakik.com\\\/?p=97295#primaryimage\",\"url\":\"https:\\\/\\\/kibrisdakik.com\\\/wp-content\\\/uploads\\\/2025\\\/10\\\/ursula-von-der-leyen-aa-1663244.jpg\",\"contentUrl\":\"https:\\\/\\\/kibrisdakik.com\\\/wp-content\\\/uploads\\\/2025\\\/10\\\/ursula-von-der-leyen-aa-1663244.jpg\",\"width\":1280,\"height\":720},{\"@type\":\"BreadcrumbList\",\"@id\":\"https:\\\/\\\/kibrisdakik.com\\\/?p=97295#breadcrumb\",\"itemListElement\":[{\"@type\":\"ListItem\",\"position\":1,\"name\":\"Home\",\"item\":\"https:\\\/\\\/kibrisdakik.com\\\/\"},{\"@type\":\"ListItem\",\"position\":2,\"name\":\"AB Komisyonu Ba\u015fkan\u0131: Hava saham\u0131za ve topraklar\u0131m\u0131za y\u00f6nelik hi\u00e7bir ihlali kabul etmeyece\u011fiz\"}]},{\"@type\":\"WebSite\",\"@id\":\"https:\\\/\\\/kibrisdakik.com\\\/#website\",\"url\":\"https:\\\/\\\/kibrisdakik.com\\\/\",\"name\":\"\",\"description\":\"Tam vaktinde haber\",\"potentialAction\":[{\"@type\":\"SearchAction\",\"target\":{\"@type\":\"EntryPoint\",\"urlTemplate\":\"https:\\\/\\\/kibrisdakik.com\\\/?s={search_term_string}\"},\"query-input\":{\"@type\":\"PropertyValueSpecification\",\"valueRequired\":true,\"valueName\":\"search_term_string\"}}],\"inLanguage\":\"tr\"},{\"@type\":\"Person\",\"@id\":\"https:\\\/\\\/kibrisdakik.com\\\/#\\\/schema\\\/person\\\/9cd9d437bbb44f72b73ba127e06d8e79\",\"name\":\"admin\",\"image\":{\"@type\":\"ImageObject\",\"inLanguage\":\"tr\",\"@id\":\"https:\\\/\\\/secure.gravatar.com\\\/avatar\\\/ccc17943b9d660506c869530f897617f7cb1c21a4bf30023f252596d83e1f007?s=96&d=mm&r=g\",\"url\":\"https:\\\/\\\/secure.gravatar.com\\\/avatar\\\/ccc17943b9d660506c869530f897617f7cb1c21a4bf30023f252596d83e1f007?s=96&d=mm&r=g\",\"contentUrl\":\"https:\\\/\\\/secure.gravatar.com\\\/avatar\\\/ccc17943b9d660506c869530f897617f7cb1c21a4bf30023f252596d83e1f007?s=96&d=mm&r=g\",\"caption\":\"admin\"},\"sameAs\":[\"https:\\\/\\\/kibrisdakik.com\"],\"url\":\"https:\\\/\\\/kibrisdakik.com\\\/?author=1\"}]}<\/script>\n<!-- \/ Yoast SEO plugin. -->","yoast_head_json":{"title":"AB Komisyonu Ba\u015fkan\u0131: Hava saham\u0131za ve topraklar\u0131m\u0131za y\u00f6nelik hi\u00e7bir ihlali kabul etmeyece\u011fiz -","robots":{"index":"index","follow":"follow","max-snippet":"max-snippet:-1","max-image-preview":"max-image-preview:large","max-video-preview":"max-video-preview:-1"},"canonical":"https:\/\/kibrisdakik.com\/?p=97295","og_locale":"tr_TR","og_type":"article","og_title":"AB Komisyonu Ba\u015fkan\u0131: Hava saham\u0131za ve topraklar\u0131m\u0131za y\u00f6nelik hi\u00e7bir ihlali kabul etmeyece\u011fiz -","og_description":"Von der Leyen, Stockholm&#8217;de Nordik Konseyi Zirvesi&#8217;nin ard\u0131ndan d\u00fczenlenen ortak bas\u0131n toplant\u0131s\u0131nda konu\u015ftu. Haz\u0131rl\u0131kl\u0131l\u0131k ve teyakkuz konusunda kuzeydeki \u00fclkelerin \u00f6rnek te\u015fkil etti\u011fini belirten von der Leyen, bu \u00fclkelerde haz\u0131rl\u0131kl\u0131l\u0131k ve teyakkuzun toplumun her kesimine i\u015flemi\u015f durumda oldu\u011funu ifade etti. 23 Ekim&#8217;de d\u00fczenlenen AB Liderler Zirvesi&#8217;nde Avrupa&#8217;n\u0131n 2030 y\u0131l\u0131na kadar savunma haz\u0131rl\u0131kl\u0131l\u0131\u011f\u0131na y\u00f6nelik yol haritas\u0131n\u0131 ilerletme","og_url":"https:\/\/kibrisdakik.com\/?p=97295","article_published_time":"2025-10-28T11:12:08+00:00","og_image":[{"width":1280,"height":720,"url":"https:\/\/kibrisdakik.com\/wp-content\/uploads\/2025\/10\/ursula-von-der-leyen-aa-1663244.jpg","type":"image\/jpeg"}],"author":"admin","twitter_card":"summary_large_image","twitter_misc":{"Yazan:":"admin","Tahmini okuma s\u00fcresi":"3 dakika"},"schema":{"@context":"https:\/\/schema.org","@graph":[{"@type":"Article","@id":"https:\/\/kibrisdakik.com\/?p=97295#article","isPartOf":{"@id":"https:\/\/kibrisdakik.com\/?p=97295"},"author":{"name":"admin","@id":"https:\/\/kibrisdakik.com\/#\/schema\/person\/9cd9d437bbb44f72b73ba127e06d8e79"},"headline":"AB Komisyonu Ba\u015fkan\u0131: Hava saham\u0131za ve topraklar\u0131m\u0131za y\u00f6nelik hi\u00e7bir ihlali kabul etmeyece\u011fiz","datePublished":"2025-10-28T11:12:08+00:00","mainEntityOfPage":{"@id":"https:\/\/kibrisdakik.com\/?p=97295"},"wordCount":528,"commentCount":0,"image":{"@id":"https:\/\/kibrisdakik.com\/?p=97295#primaryimage"},"thumbnailUrl":"https:\/\/kibrisdakik.com\/wp-content\/uploads\/2025\/10\/ursula-von-der-leyen-aa-1663244.jpg","articleSection":["D\u00fcnya"],"inLanguage":"tr","potentialAction":[{"@type":"CommentAction","name":"Comment","target":["https:\/\/kibrisdakik.com\/?p=97295#respond"]}]},{"@type":"WebPage","@id":"https:\/\/kibrisdakik.com\/?p=97295","url":"https:\/\/kibrisdakik.com\/?p=97295","name":"AB Komisyonu Ba\u015fkan\u0131: Hava saham\u0131za ve topraklar\u0131m\u0131za y\u00f6nelik hi\u00e7bir ihlali kabul etmeyece\u011fiz -","isPartOf":{"@id":"https:\/\/kibrisdakik.com\/#website"},"primaryImageOfPage":{"@id":"https:\/\/kibrisdakik.com\/?p=97295#primaryimage"},"image":{"@id":"https:\/\/kibrisdakik.com\/?p=97295#primaryimage"},"thumbnailUrl":"https:\/\/kibrisdakik.com\/wp-content\/uploads\/2025\/10\/ursula-von-der-leyen-aa-1663244.jpg","datePublished":"2025-10-28T11:12:08+00:00","author":{"@id":"https:\/\/kibrisdakik.com\/#\/schema\/person\/9cd9d437bbb44f72b73ba127e06d8e79"},"breadcrumb":{"@id":"https:\/\/kibrisdakik.com\/?p=97295#breadcrumb"},"inLanguage":"tr","potentialAction":[{"@type":"ReadAction","target":["https:\/\/kibrisdakik.com\/?p=97295"]}]},{"@type":"ImageObject","inLanguage":"tr","@id":"https:\/\/kibrisdakik.com\/?p=97295#primaryimage","url":"https:\/\/kibrisdakik.com\/wp-content\/uploads\/2025\/10\/ursula-von-der-leyen-aa-1663244.jpg","contentUrl":"https:\/\/kibrisdakik.com\/wp-content\/uploads\/2025\/10\/ursula-von-der-leyen-aa-1663244.jpg","width":1280,"height":720},{"@type":"BreadcrumbList","@id":"https:\/\/kibrisdakik.com\/?p=97295#breadcrumb","itemListElement":[{"@type":"ListItem","position":1,"name":"Home","item":"https:\/\/kibrisdakik.com\/"},{"@type":"ListItem","position":2,"name":"AB Komisyonu Ba\u015fkan\u0131: Hava saham\u0131za ve topraklar\u0131m\u0131za y\u00f6nelik hi\u00e7bir ihlali kabul etmeyece\u011fiz"}]},{"@type":"WebSite","@id":"https:\/\/kibrisdakik.com\/#website","url":"https:\/\/kibrisdakik.com\/","name":"","description":"Tam vaktinde haber","potentialAction":[{"@type":"SearchAction","target":{"@type":"EntryPoint","urlTemplate":"https:\/\/kibrisdakik.com\/?s={search_term_string}"},"query-input":{"@type":"PropertyValueSpecification","valueRequired":true,"valueName":"search_term_string"}}],"inLanguage":"tr"},{"@type":"Person","@id":"https:\/\/kibrisdakik.com\/#\/schema\/person\/9cd9d437bbb44f72b73ba127e06d8e79","name":"admin","image":{"@type":"ImageObject","inLanguage":"tr","@id":"https:\/\/secure.gravatar.com\/avatar\/ccc17943b9d660506c869530f897617f7cb1c21a4bf30023f252596d83e1f007?s=96&d=mm&r=g","url":"https:\/\/secure.gravatar.com\/avatar\/ccc17943b9d660506c869530f897617f7cb1c21a4bf30023f252596d83e1f007?s=96&d=mm&r=g","contentUrl":"https:\/\/secure.gravatar.com\/avatar\/ccc17943b9d660506c869530f897617f7cb1c21a4bf30023f252596d83e1f007?s=96&d=mm&r=g","caption":"admin"},"sameAs":["https:\/\/kibrisdakik.com"],"url":"https:\/\/kibrisdakik.com\/?author=1"}]}},"_links":{"self":[{"href":"https:\/\/kibrisdakik.com\/index.php?rest_route=\/wp\/v2\/posts\/97295","targetHints":{"allow":["GET"]}}],"collection":[{"href":"https:\/\/kibrisdakik.com\/index.php?rest_route=\/wp\/v2\/posts"}],"about":[{"href":"https:\/\/kibrisdakik.com\/index.php?rest_route=\/wp\/v2\/types\/post"}],"author":[{"embeddable":true,"href":"https:\/\/kibrisdakik.com\/index.php?rest_route=\/wp\/v2\/users\/1"}],"replies":[{"embeddable":true,"href":"https:\/\/kibrisdakik.com\/index.php?rest_route=%2Fwp%2Fv2%2Fcomments&post=97295"}],"version-history":[{"count":0,"href":"https:\/\/kibrisdakik.com\/index.php?rest_route=\/wp\/v2\/posts\/97295\/revisions"}],"wp:featuredmedia":[{"embeddable":true,"href":"https:\/\/kibrisdakik.com\/index.php?rest_route=\/wp\/v2\/media\/97296"}],"wp:attachment":[{"href":"https:\/\/kibrisdakik.com\/index.php?rest_route=%2Fwp%2Fv2%2Fmedia&parent=97295"}],"wp:term":[{"taxonomy":"category","embeddable":true,"href":"https:\/\/kibrisdakik.com\/index.php?rest_route=%2Fwp%2Fv2%2Fcategories&post=97295"},{"taxonomy":"post_tag","embeddable":true,"href":"https:\/\/kibrisdakik.com\/index.php?rest_route=%2Fwp%2Fv2%2Ftags&post=97295"}],"curies":[{"name":"wp","href":"https:\/\/api.w.org\/{rel}","templated":true}]}}