{"id":97297,"date":"2025-10-28T13:20:15","date_gmt":"2025-10-28T11:20:15","guid":{"rendered":"https:\/\/kibrisdakik.com\/index.php\/2025\/10\/28\/gazimagusa-kaymakamligindan-cadilar-bayrami-duzenlemesi\/"},"modified":"2025-10-28T13:20:15","modified_gmt":"2025-10-28T11:20:15","slug":"gazimagusa-kaymakamligindan-cadilar-bayrami-duzenlemesi","status":"publish","type":"post","link":"https:\/\/kibrisdakik.com\/?p=97297","title":{"rendered":"GAZ\u0130MA\u011eUSA KAYMAKAMLI\u011eI\u2019NDAN CADILAR BAYRAMI D\u00dcZENLEMES\u0130"},"content":{"rendered":"<p><\/p>\n<article dir=\"auto\">\n<p>Gazima\u011fusa Kaymakaml\u0131\u011f\u0131, 21 Ekim 2025 tarihinde d\u00fczenlenen toplant\u0131 sonras\u0131 Kalei\u00e7i\u2019nde ger\u00e7ekle\u015ftirilecek Cad\u0131lar Bayram\u0131 etkinliklerine ili\u015fkin kurallar\u0131 a\u00e7\u0131klad\u0131. Toplant\u0131ya \u00c7evre Koruma Dairesi, Eski Eserler ve M\u00fczeler Dairesi, Yatakl\u0131 Tedavi Kurumlar\u0131 Dairesi, Gazima\u011fusa Belediyesi, Gazima\u011fusa Polis M\u00fcd\u00fcrl\u00fc\u011f\u00fc ve Gazima\u011fusa \u0130tfaiye \u015eube Amirli\u011fi yetkilileri kat\u0131ld\u0131.<\/p>\n<p>Gazima\u011fusa Kaymakam\u0131 \u00d6zden Keser\u2019in payla\u015ft\u0131\u011f\u0131 kararlar \u015f\u00f6yle:<\/p>\n<ul>\n<li>\n<p>Venedik Saray\u0131 ve Kalei\u00e7i Meydan\u0131\u2019nda stant ve sahne kurulmayacak; kutlamalar mevcut i\u015fletmelerde ger\u00e7ekle\u015ftirilecek.<\/p>\n<\/li>\n<li>\n<p>Cad\u0131lar Bayram\u0131 etkinlikleri i\u00e7in verilecek \u00f6zel alkol izinleri gece saat 02:00\u2019ye kadar ge\u00e7erli olacak.<\/p>\n<\/li>\n<li>\n<p>Bandabulya\u2019da revir ve ambulans haz\u0131r bulunacak.<\/p>\n<\/li>\n<li>\n<p>Etkinlik s\u00fcresince trafik kontrol\u00fc sa\u011flanacak ve g\u00fcvenlik birimleri b\u00f6lgede g\u00f6rev yapacak.<\/p>\n<\/li>\n<li>\n<p>Belirlenen bir noktada itfaiye arac\u0131 konumland\u0131r\u0131lacak.<\/p>\n<\/li>\n<li>\n<p>Desibel a\u015f\u0131m\u0131 yapan i\u015fletmelere \u00c7evre Dairesi m\u00fcdahale edecek.<\/p>\n<\/li>\n<li>\n<p>Etkinlik boyunca \u00e7evre temizli\u011fi ve g\u00fcvenli\u011fi i\u00e7in belediye g\u00f6revlileri b\u00f6lgede g\u00f6rev yapacak.<\/p>\n<\/li>\n<li>\n<p>Lala Mustafa Pa\u015fa Camii avlusu, g\u00fcvenlik \u015feridiyle \u00e7evrilerek koruma alt\u0131na al\u0131nacak; cami giri\u015fleri ge\u00e7ici olarak s\u0131n\u0131rland\u0131r\u0131lacak.<\/p>\n<\/li>\n<li>\n<p>Etkinli\u011fe nacak, balta, \u00e7eki\u00e7, beyzbol sopas\u0131, orak, k\u0131l\u0131\u00e7, elektrikli testere ve benzeri tehlikeli aletlerin getirilmesi yasakland\u0131.<\/p>\n<\/li>\n<\/ul>\n<p>Kaymakaml\u0131k yetkilileri, t\u00fcm kat\u0131l\u0131mc\u0131lar\u0131n ve ziyaret\u00e7ilerin belirtilen kurallara uymas\u0131n\u0131 istedi.<\/p>\n<p>Gazima\u011fusa Kaymakam\u0131 \u00d6zden Keser, al\u0131nan \u00f6nlemlerin g\u00fcvenli ve d\u00fczenli bir Cad\u0131lar Bayram\u0131 etkinli\u011fi i\u00e7in hayata ge\u00e7irilece\u011fini belirtti.<\/p>\n<\/article>\n","protected":false},"excerpt":{"rendered":"<p>Gazima\u011fusa Kaymakaml\u0131\u011f\u0131, 21 Ekim 2025 tarihinde d\u00fczenlenen toplant\u0131 sonras\u0131 Kalei\u00e7i\u2019nde ger\u00e7ekle\u015ftirilecek Cad\u0131lar Bayram\u0131 etkinliklerine ili\u015fkin kurallar\u0131 a\u00e7\u0131klad\u0131. Toplant\u0131ya \u00c7evre Koruma Dairesi, Eski Eserler ve M\u00fczeler Dairesi, Yatakl\u0131 Tedavi Kurumlar\u0131 Dairesi, Gazima\u011fusa Belediyesi, Gazima\u011fusa Polis M\u00fcd\u00fcrl\u00fc\u011f\u00fc ve Gazima\u011fusa \u0130tfaiye \u015eube Amirli\u011fi yetkilileri kat\u0131ld\u0131. Gazima\u011fusa Kaymakam\u0131 \u00d6zden Keser\u2019in payla\u015ft\u0131\u011f\u0131 kararlar \u015f\u00f6yle: Venedik Saray\u0131 ve Kalei\u00e7i Meydan\u0131\u2019nda stant<\/p>\n","protected":false},"author":1,"featured_media":97298,"comment_status":"open","ping_status":"open","sticky":false,"template":"","format":"standard","meta":{"footnotes":""},"categories":[81],"tags":[],"class_list":["post-97297","post","type-post","status-publish","format-standard","has-post-thumbnail","hentry","category-kibris"],"yoast_head":"<!-- This site is optimized with the Yoast SEO plugin v27.5 - https:\/\/yoast.com\/product\/yoast-seo-wordpress\/ -->\n<title>GAZ\u0130MA\u011eUSA KAYMAKAMLI\u011eI\u2019NDAN CADILAR BAYRAMI D\u00dcZENLEMES\u0130 -<\/title>\n<meta name=\"robots\" content=\"index, follow, max-snippet:-1, max-image-preview:large, max-video-preview:-1\" \/>\n<link rel=\"canonical\" href=\"https:\/\/kibrisdakik.com\/?p=97297\" \/>\n<meta property=\"og:locale\" content=\"tr_TR\" \/>\n<meta property=\"og:type\" content=\"article\" \/>\n<meta property=\"og:title\" content=\"GAZ\u0130MA\u011eUSA KAYMAKAMLI\u011eI\u2019NDAN CADILAR BAYRAMI D\u00dcZENLEMES\u0130 -\" \/>\n<meta property=\"og:description\" content=\"Gazima\u011fusa Kaymakaml\u0131\u011f\u0131, 21 Ekim 2025 tarihinde d\u00fczenlenen toplant\u0131 sonras\u0131 Kalei\u00e7i\u2019nde ger\u00e7ekle\u015ftirilecek Cad\u0131lar Bayram\u0131 etkinliklerine ili\u015fkin kurallar\u0131 a\u00e7\u0131klad\u0131. Toplant\u0131ya \u00c7evre Koruma Dairesi, Eski Eserler ve M\u00fczeler Dairesi, Yatakl\u0131 Tedavi Kurumlar\u0131 Dairesi, Gazima\u011fusa Belediyesi, Gazima\u011fusa Polis M\u00fcd\u00fcrl\u00fc\u011f\u00fc ve Gazima\u011fusa \u0130tfaiye \u015eube Amirli\u011fi yetkilileri kat\u0131ld\u0131. Gazima\u011fusa Kaymakam\u0131 \u00d6zden Keser\u2019in payla\u015ft\u0131\u011f\u0131 kararlar \u015f\u00f6yle: Venedik Saray\u0131 ve Kalei\u00e7i Meydan\u0131\u2019nda stant\" \/>\n<meta property=\"og:url\" content=\"https:\/\/kibrisdakik.com\/?p=97297\" \/>\n<meta property=\"article:published_time\" content=\"2025-10-28T11:20:15+00:00\" \/>\n<meta property=\"og:image\" content=\"https:\/\/kibrisdakik.com\/wp-content\/uploads\/2025\/10\/mha-sari-beyaz-317.png\" \/>\n\t<meta property=\"og:image:width\" content=\"1280\" \/>\n\t<meta property=\"og:image:height\" content=\"720\" \/>\n\t<meta property=\"og:image:type\" content=\"image\/png\" \/>\n<meta name=\"author\" content=\"admin\" \/>\n<meta name=\"twitter:card\" content=\"summary_large_image\" \/>\n<meta name=\"twitter:label1\" content=\"Yazan:\" \/>\n\t<meta name=\"twitter:data1\" content=\"admin\" \/>\n\t<meta name=\"twitter:label2\" content=\"Tahmini okuma s\u00fcresi\" \/>\n\t<meta name=\"twitter:data2\" content=\"1 dakika\" \/>\n<script type=\"application\/ld+json\" class=\"yoast-schema-graph\">{\"@context\":\"https:\\\/\\\/schema.org\",\"@graph\":[{\"@type\":\"Article\",\"@id\":\"https:\\\/\\\/kibrisdakik.com\\\/?p=97297#article\",\"isPartOf\":{\"@id\":\"https:\\\/\\\/kibrisdakik.com\\\/?p=97297\"},\"author\":{\"name\":\"admin\",\"@id\":\"https:\\\/\\\/kibrisdakik.com\\\/#\\\/schema\\\/person\\\/9cd9d437bbb44f72b73ba127e06d8e79\"},\"headline\":\"GAZ\u0130MA\u011eUSA KAYMAKAMLI\u011eI\u2019NDAN CADILAR BAYRAMI D\u00dcZENLEMES\u0130\",\"datePublished\":\"2025-10-28T11:20:15+00:00\",\"mainEntityOfPage\":{\"@id\":\"https:\\\/\\\/kibrisdakik.com\\\/?p=97297\"},\"wordCount\":263,\"commentCount\":0,\"image\":{\"@id\":\"https:\\\/\\\/kibrisdakik.com\\\/?p=97297#primaryimage\"},\"thumbnailUrl\":\"https:\\\/\\\/kibrisdakik.com\\\/wp-content\\\/uploads\\\/2025\\\/10\\\/mha-sari-beyaz-317.png\",\"articleSection\":[\"K\u0131br\u0131s\"],\"inLanguage\":\"tr\",\"potentialAction\":[{\"@type\":\"CommentAction\",\"name\":\"Comment\",\"target\":[\"https:\\\/\\\/kibrisdakik.com\\\/?p=97297#respond\"]}]},{\"@type\":\"WebPage\",\"@id\":\"https:\\\/\\\/kibrisdakik.com\\\/?p=97297\",\"url\":\"https:\\\/\\\/kibrisdakik.com\\\/?p=97297\",\"name\":\"GAZ\u0130MA\u011eUSA KAYMAKAMLI\u011eI\u2019NDAN CADILAR BAYRAMI D\u00dcZENLEMES\u0130 -\",\"isPartOf\":{\"@id\":\"https:\\\/\\\/kibrisdakik.com\\\/#website\"},\"primaryImageOfPage\":{\"@id\":\"https:\\\/\\\/kibrisdakik.com\\\/?p=97297#primaryimage\"},\"image\":{\"@id\":\"https:\\\/\\\/kibrisdakik.com\\\/?p=97297#primaryimage\"},\"thumbnailUrl\":\"https:\\\/\\\/kibrisdakik.com\\\/wp-content\\\/uploads\\\/2025\\\/10\\\/mha-sari-beyaz-317.png\",\"datePublished\":\"2025-10-28T11:20:15+00:00\",\"author\":{\"@id\":\"https:\\\/\\\/kibrisdakik.com\\\/#\\\/schema\\\/person\\\/9cd9d437bbb44f72b73ba127e06d8e79\"},\"breadcrumb\":{\"@id\":\"https:\\\/\\\/kibrisdakik.com\\\/?p=97297#breadcrumb\"},\"inLanguage\":\"tr\",\"potentialAction\":[{\"@type\":\"ReadAction\",\"target\":[\"https:\\\/\\\/kibrisdakik.com\\\/?p=97297\"]}]},{\"@type\":\"ImageObject\",\"inLanguage\":\"tr\",\"@id\":\"https:\\\/\\\/kibrisdakik.com\\\/?p=97297#primaryimage\",\"url\":\"https:\\\/\\\/kibrisdakik.com\\\/wp-content\\\/uploads\\\/2025\\\/10\\\/mha-sari-beyaz-317.png\",\"contentUrl\":\"https:\\\/\\\/kibrisdakik.com\\\/wp-content\\\/uploads\\\/2025\\\/10\\\/mha-sari-beyaz-317.png\",\"width\":1280,\"height\":720},{\"@type\":\"BreadcrumbList\",\"@id\":\"https:\\\/\\\/kibrisdakik.com\\\/?p=97297#breadcrumb\",\"itemListElement\":[{\"@type\":\"ListItem\",\"position\":1,\"name\":\"Home\",\"item\":\"https:\\\/\\\/kibrisdakik.com\\\/\"},{\"@type\":\"ListItem\",\"position\":2,\"name\":\"GAZ\u0130MA\u011eUSA KAYMAKAMLI\u011eI\u2019NDAN CADILAR BAYRAMI D\u00dcZENLEMES\u0130\"}]},{\"@type\":\"WebSite\",\"@id\":\"https:\\\/\\\/kibrisdakik.com\\\/#website\",\"url\":\"https:\\\/\\\/kibrisdakik.com\\\/\",\"name\":\"\",\"description\":\"Tam vaktinde haber\",\"potentialAction\":[{\"@type\":\"SearchAction\",\"target\":{\"@type\":\"EntryPoint\",\"urlTemplate\":\"https:\\\/\\\/kibrisdakik.com\\\/?s={search_term_string}\"},\"query-input\":{\"@type\":\"PropertyValueSpecification\",\"valueRequired\":true,\"valueName\":\"search_term_string\"}}],\"inLanguage\":\"tr\"},{\"@type\":\"Person\",\"@id\":\"https:\\\/\\\/kibrisdakik.com\\\/#\\\/schema\\\/person\\\/9cd9d437bbb44f72b73ba127e06d8e79\",\"name\":\"admin\",\"image\":{\"@type\":\"ImageObject\",\"inLanguage\":\"tr\",\"@id\":\"https:\\\/\\\/secure.gravatar.com\\\/avatar\\\/ccc17943b9d660506c869530f897617f7cb1c21a4bf30023f252596d83e1f007?s=96&d=mm&r=g\",\"url\":\"https:\\\/\\\/secure.gravatar.com\\\/avatar\\\/ccc17943b9d660506c869530f897617f7cb1c21a4bf30023f252596d83e1f007?s=96&d=mm&r=g\",\"contentUrl\":\"https:\\\/\\\/secure.gravatar.com\\\/avatar\\\/ccc17943b9d660506c869530f897617f7cb1c21a4bf30023f252596d83e1f007?s=96&d=mm&r=g\",\"caption\":\"admin\"},\"sameAs\":[\"https:\\\/\\\/kibrisdakik.com\"],\"url\":\"https:\\\/\\\/kibrisdakik.com\\\/?author=1\"}]}<\/script>\n<!-- \/ Yoast SEO plugin. -->","yoast_head_json":{"title":"GAZ\u0130MA\u011eUSA KAYMAKAMLI\u011eI\u2019NDAN CADILAR BAYRAMI D\u00dcZENLEMES\u0130 -","robots":{"index":"index","follow":"follow","max-snippet":"max-snippet:-1","max-image-preview":"max-image-preview:large","max-video-preview":"max-video-preview:-1"},"canonical":"https:\/\/kibrisdakik.com\/?p=97297","og_locale":"tr_TR","og_type":"article","og_title":"GAZ\u0130MA\u011eUSA KAYMAKAMLI\u011eI\u2019NDAN CADILAR BAYRAMI D\u00dcZENLEMES\u0130 -","og_description":"Gazima\u011fusa Kaymakaml\u0131\u011f\u0131, 21 Ekim 2025 tarihinde d\u00fczenlenen toplant\u0131 sonras\u0131 Kalei\u00e7i\u2019nde ger\u00e7ekle\u015ftirilecek Cad\u0131lar Bayram\u0131 etkinliklerine ili\u015fkin kurallar\u0131 a\u00e7\u0131klad\u0131. Toplant\u0131ya \u00c7evre Koruma Dairesi, Eski Eserler ve M\u00fczeler Dairesi, Yatakl\u0131 Tedavi Kurumlar\u0131 Dairesi, Gazima\u011fusa Belediyesi, Gazima\u011fusa Polis M\u00fcd\u00fcrl\u00fc\u011f\u00fc ve Gazima\u011fusa \u0130tfaiye \u015eube Amirli\u011fi yetkilileri kat\u0131ld\u0131. Gazima\u011fusa Kaymakam\u0131 \u00d6zden Keser\u2019in payla\u015ft\u0131\u011f\u0131 kararlar \u015f\u00f6yle: Venedik Saray\u0131 ve Kalei\u00e7i Meydan\u0131\u2019nda stant","og_url":"https:\/\/kibrisdakik.com\/?p=97297","article_published_time":"2025-10-28T11:20:15+00:00","og_image":[{"width":1280,"height":720,"url":"https:\/\/kibrisdakik.com\/wp-content\/uploads\/2025\/10\/mha-sari-beyaz-317.png","type":"image\/png"}],"author":"admin","twitter_card":"summary_large_image","twitter_misc":{"Yazan:":"admin","Tahmini okuma s\u00fcresi":"1 dakika"},"schema":{"@context":"https:\/\/schema.org","@graph":[{"@type":"Article","@id":"https:\/\/kibrisdakik.com\/?p=97297#article","isPartOf":{"@id":"https:\/\/kibrisdakik.com\/?p=97297"},"author":{"name":"admin","@id":"https:\/\/kibrisdakik.com\/#\/schema\/person\/9cd9d437bbb44f72b73ba127e06d8e79"},"headline":"GAZ\u0130MA\u011eUSA KAYMAKAMLI\u011eI\u2019NDAN CADILAR BAYRAMI D\u00dcZENLEMES\u0130","datePublished":"2025-10-28T11:20:15+00:00","mainEntityOfPage":{"@id":"https:\/\/kibrisdakik.com\/?p=97297"},"wordCount":263,"commentCount":0,"image":{"@id":"https:\/\/kibrisdakik.com\/?p=97297#primaryimage"},"thumbnailUrl":"https:\/\/kibrisdakik.com\/wp-content\/uploads\/2025\/10\/mha-sari-beyaz-317.png","articleSection":["K\u0131br\u0131s"],"inLanguage":"tr","potentialAction":[{"@type":"CommentAction","name":"Comment","target":["https:\/\/kibrisdakik.com\/?p=97297#respond"]}]},{"@type":"WebPage","@id":"https:\/\/kibrisdakik.com\/?p=97297","url":"https:\/\/kibrisdakik.com\/?p=97297","name":"GAZ\u0130MA\u011eUSA KAYMAKAMLI\u011eI\u2019NDAN CADILAR BAYRAMI D\u00dcZENLEMES\u0130 -","isPartOf":{"@id":"https:\/\/kibrisdakik.com\/#website"},"primaryImageOfPage":{"@id":"https:\/\/kibrisdakik.com\/?p=97297#primaryimage"},"image":{"@id":"https:\/\/kibrisdakik.com\/?p=97297#primaryimage"},"thumbnailUrl":"https:\/\/kibrisdakik.com\/wp-content\/uploads\/2025\/10\/mha-sari-beyaz-317.png","datePublished":"2025-10-28T11:20:15+00:00","author":{"@id":"https:\/\/kibrisdakik.com\/#\/schema\/person\/9cd9d437bbb44f72b73ba127e06d8e79"},"breadcrumb":{"@id":"https:\/\/kibrisdakik.com\/?p=97297#breadcrumb"},"inLanguage":"tr","potentialAction":[{"@type":"ReadAction","target":["https:\/\/kibrisdakik.com\/?p=97297"]}]},{"@type":"ImageObject","inLanguage":"tr","@id":"https:\/\/kibrisdakik.com\/?p=97297#primaryimage","url":"https:\/\/kibrisdakik.com\/wp-content\/uploads\/2025\/10\/mha-sari-beyaz-317.png","contentUrl":"https:\/\/kibrisdakik.com\/wp-content\/uploads\/2025\/10\/mha-sari-beyaz-317.png","width":1280,"height":720},{"@type":"BreadcrumbList","@id":"https:\/\/kibrisdakik.com\/?p=97297#breadcrumb","itemListElement":[{"@type":"ListItem","position":1,"name":"Home","item":"https:\/\/kibrisdakik.com\/"},{"@type":"ListItem","position":2,"name":"GAZ\u0130MA\u011eUSA KAYMAKAMLI\u011eI\u2019NDAN CADILAR BAYRAMI D\u00dcZENLEMES\u0130"}]},{"@type":"WebSite","@id":"https:\/\/kibrisdakik.com\/#website","url":"https:\/\/kibrisdakik.com\/","name":"","description":"Tam vaktinde haber","potentialAction":[{"@type":"SearchAction","target":{"@type":"EntryPoint","urlTemplate":"https:\/\/kibrisdakik.com\/?s={search_term_string}"},"query-input":{"@type":"PropertyValueSpecification","valueRequired":true,"valueName":"search_term_string"}}],"inLanguage":"tr"},{"@type":"Person","@id":"https:\/\/kibrisdakik.com\/#\/schema\/person\/9cd9d437bbb44f72b73ba127e06d8e79","name":"admin","image":{"@type":"ImageObject","inLanguage":"tr","@id":"https:\/\/secure.gravatar.com\/avatar\/ccc17943b9d660506c869530f897617f7cb1c21a4bf30023f252596d83e1f007?s=96&d=mm&r=g","url":"https:\/\/secure.gravatar.com\/avatar\/ccc17943b9d660506c869530f897617f7cb1c21a4bf30023f252596d83e1f007?s=96&d=mm&r=g","contentUrl":"https:\/\/secure.gravatar.com\/avatar\/ccc17943b9d660506c869530f897617f7cb1c21a4bf30023f252596d83e1f007?s=96&d=mm&r=g","caption":"admin"},"sameAs":["https:\/\/kibrisdakik.com"],"url":"https:\/\/kibrisdakik.com\/?author=1"}]}},"_links":{"self":[{"href":"https:\/\/kibrisdakik.com\/index.php?rest_route=\/wp\/v2\/posts\/97297","targetHints":{"allow":["GET"]}}],"collection":[{"href":"https:\/\/kibrisdakik.com\/index.php?rest_route=\/wp\/v2\/posts"}],"about":[{"href":"https:\/\/kibrisdakik.com\/index.php?rest_route=\/wp\/v2\/types\/post"}],"author":[{"embeddable":true,"href":"https:\/\/kibrisdakik.com\/index.php?rest_route=\/wp\/v2\/users\/1"}],"replies":[{"embeddable":true,"href":"https:\/\/kibrisdakik.com\/index.php?rest_route=%2Fwp%2Fv2%2Fcomments&post=97297"}],"version-history":[{"count":0,"href":"https:\/\/kibrisdakik.com\/index.php?rest_route=\/wp\/v2\/posts\/97297\/revisions"}],"wp:featuredmedia":[{"embeddable":true,"href":"https:\/\/kibrisdakik.com\/index.php?rest_route=\/wp\/v2\/media\/97298"}],"wp:attachment":[{"href":"https:\/\/kibrisdakik.com\/index.php?rest_route=%2Fwp%2Fv2%2Fmedia&parent=97297"}],"wp:term":[{"taxonomy":"category","embeddable":true,"href":"https:\/\/kibrisdakik.com\/index.php?rest_route=%2Fwp%2Fv2%2Fcategories&post=97297"},{"taxonomy":"post_tag","embeddable":true,"href":"https:\/\/kibrisdakik.com\/index.php?rest_route=%2Fwp%2Fv2%2Ftags&post=97297"}],"curies":[{"name":"wp","href":"https:\/\/api.w.org\/{rel}","templated":true}]}}