{"id":97352,"date":"2025-10-28T18:05:05","date_gmt":"2025-10-28T16:05:05","guid":{"rendered":"https:\/\/kibrisdakik.com\/index.php\/2025\/10\/28\/meclisi-calismalarini-tamamladi\/"},"modified":"2025-10-28T18:05:05","modified_gmt":"2025-10-28T16:05:05","slug":"meclisi-calismalarini-tamamladi","status":"publish","type":"post","link":"https:\/\/kibrisdakik.com\/?p=97352","title":{"rendered":"MECL\u0130S\u0130 \u00c7ALI\u015eMALARINI TAMAMLADI\u2026"},"content":{"rendered":"<p><\/p>\n<p>Cumhuriyet Meclisi Genel Kurulu bug\u00fcnk\u00fc \u00e7al\u0131\u015fmalar\u0131n\u0131 tamamlad\u0131. Meclisin bir sonraki birle\u015fimi 3 Kas\u0131m pazartesi olacak.<\/p>\n<p>-Solyal\u0131<\/p>\n<p>G\u00fcncel konu\u015fmalar\u0131n yap\u0131ld\u0131\u011f\u0131 Genel Kurul\u2019da CTP milletvekili \u00dcr\u00fcn Solyal\u0131 da s\u00f6z ald\u0131.<\/p>\n<p>Solyal\u0131, \u201cSe\u00e7im Yasaklar\u0131na Bir Kala Al\u0131nan Bakanlar Kurulu Kararlar\u0131n\u0131n Ak\u0131beti\u201d konulu g\u00fcncel konu\u015fmas\u0131nda, Cumhurba\u015fkanl\u0131\u011f\u0131 se\u00e7imi \u00f6ncesinde h\u00fck\u00fcmetin s\u00fcrekli se\u00e7im yasaklar\u0131n\u0131 delmenin yolunu arad\u0131\u011f\u0131n\u0131 savundu.<\/p>\n<p>Bakanlar Kurulu\u2019nda al\u0131nan kararlar\u0131 ele\u015ftiren, T izinleri, istisnai vatanda\u015fl\u0131klar, noter ve tabanca izinlerine i\u015faret eden Solyal\u0131, se\u00e7im \u00f6ncesinde kamu kaynaklar\u0131 ve yetkilerinin f\u00fctursuzca harcand\u0131\u011f\u0131n\u0131 savunarak, toplumun bunu cezaland\u0131rd\u0131\u011f\u0131n\u0131 s\u00f6yledi.<\/p>\n<p>Bu d\u00f6nemde 200\u2019e yak\u0131n ki\u015finin i\u015fe al\u0131nd\u0131\u011f\u0131n\u0131 da savunan Solyal\u0131, \u00c7al\u0131\u015fma Bakan\u0131\u2019n\u0131n se\u00e7im yasaklar\u0131n\u0131n ba\u015flamas\u0131na bir g\u00fcn kala neden g\u00f6revden al\u0131nd\u0131\u011f\u0131n\u0131 ve 400 sayfal\u0131k Resmi Gazete\u2019nin ak\u0131betinin ne oldu\u011funu sordu.<\/p>\n<p>-Din\u00e7y\u00fcrek yerinden s\u00f6z ald\u0131<\/p>\n<p>Sa\u011fl\u0131k Bakan\u0131 Hakan Din\u00e7y\u00fcrek yerinden s\u00f6z alarak CTP\u2019li belediyelerde se\u00e7im \u00f6ncesi yap\u0131lan istihdamlar\u0131 sormas\u0131 \u00fczerine \u00dcr\u00fcn Solyal\u0131, b\u00f6yle bir \u015fey olmad\u0131\u011f\u0131n\u0131 ifade etti.<\/p>\n<p>Solyal\u0131, \u201cSizin ortaya koydu\u011funuz tehditten, ayr\u0131\u015fmadan rahats\u0131z olan herkes bu se\u00e7imde birle\u015fti. Bundan sonraki se\u00e7imde de birle\u015fecek.\u201d dedi.<\/p>\n<p>\u00dcr\u00fcn Solyal\u0131\u2019n\u0131n bu a\u00e7\u0131klamas\u0131ndan sonra Genel Kurulda zaman zaman sesler y\u00fckseldi.<\/p>\n<p>-K\u00fc\u00e7\u00fck<\/p>\n<p>UBP milletvekili Hasan K\u00fc\u00e7\u00fck de Genel Kurulda s\u00f6z alarak \u201cAvrupa Parlamentosunun Tarihi Ger\u00e7ekler ve \u0130nsani De\u011ferlerden Uzak Karar\u0131\u201d konulu g\u00fcncel konu\u015fma yapt\u0131. K\u00fc\u00e7\u00fck, Avrupa Parlamentosu\u2019nun an\u0131tlarla ilgili karar\u0131n\u0131 k\u0131nad\u0131.<\/p>\n<p>Bu ayr\u0131mc\u0131 tutuma kar\u015f\u0131 Cumhuriyet Meclisi\u2019ne ortak m\u00fccadele \u00e7a\u011fr\u0131s\u0131 yapan K\u00fc\u00e7\u00fck, K\u0131br\u0131s\u2019ta ac\u0131lara ve ya\u015fanm\u0131\u015fl\u0131klara tek tarafl\u0131 bak\u0131lamayaca\u011f\u0131n\u0131 vurgulad\u0131.<\/p>\n<p>\u201cAvrupa Birli\u011fi, K\u0131br\u0131sl\u0131 T\u00fcrkler yok gibi davran\u0131yor ama biz buraday\u0131z.\u201d diyen Hasan K\u00fc\u00e7\u00fck, kay\u0131plar \u00fczerinden yap\u0131lan siyasetin yaralar\u0131 derinle\u015ftirdi\u011fini de ifade etti.<\/p>\n<p>\u201cAc\u0131lar\u0131n dini, milleti yoktur. Tarihi hat\u0131rlamak, hat\u0131rlatmak gerekir.\u201d diyen K\u00fc\u00e7\u00fck, ailesi dahil K\u0131br\u0131s T\u00fcrk halk\u0131n\u0131n 1963-1974 y\u0131llar\u0131 aras\u0131nda ya\u015fad\u0131\u011f\u0131 travmalara i\u015faret etti.<\/p>\n<p>K\u00fc\u00e7\u00fck, \u201cDileyen diledi\u011fi yere an\u0131t diksin, bu an\u0131tlar sevdiklerimizi geri getirmeyecek, ya\u015fananlar\u0131, tarihi ger\u00e7ekleri de\u011fi\u015ftirmeyecek.\u201d diyerek herkesin ge\u00e7mi\u015fe sayg\u0131 duymas\u0131n\u0131 istedi.<\/p>\n<p>Hasan K\u00fc\u00e7\u00fck, halk\u0131n Cumhuriyet Bayram\u0131\u2019n\u0131 da kutlayarak, \u201cBu kutlu miras\u0131 ya\u015fatmak i\u00e7in var g\u00fcc\u00fcm\u00fczle \u00e7al\u0131\u015fmaya devam edece\u011fiz.\u201d dedi.<\/p>\n<p>-Ulu\u00e7ay<\/p>\n<p>CTP milletvekili Teberr\u00fcken Ulu\u00e7ay Genel Kurul\u2019da son s\u00f6z\u00fc alarak \u201c\u00c7ar\u015f\u0131, Ekonomi ve Siyaset\u201d konulu g\u00fcncel konu\u015fma yapt\u0131.<\/p>\n<p>Konu\u015fmas\u0131nda Cumhurba\u015fkanl\u0131\u011f\u0131 se\u00e7imine de de\u011finen Ulu\u00e7ay, K\u0131br\u0131s T\u00fcrk halk\u0131n\u0131n \u00f6nemli bir irade ortaya koyarak, haklar\u0131n\u0131n uluslararas\u0131 alanda savunulmas\u0131 i\u00e7in de f\u0131rsat penceresini aralad\u0131\u011f\u0131n\u0131 s\u00f6yledi.<\/p>\n<p>Birlik olunmas\u0131 ad\u0131na da se\u00e7imin \u00f6nemli oldu\u011funu kaydeden Ulu\u00e7ay, bu d\u00f6nemde K\u0131br\u0131s sorunun \u00e7\u00f6z\u00fcm\u00fc i\u00e7in hamlelerin yap\u0131labilmesi i\u00e7in bir me\u015fale de yak\u0131ld\u0131\u011f\u0131n\u0131 ifade etti.<\/p>\n<p>Ba\u015fta G\u00fcney K\u0131br\u0131s olmak \u00fczere bu durumun iyi de\u011ferlendirilmesi gerekti\u011fini ifade eden Ulu\u00e7ay, \u00fclke ekonomisinin geli\u015ftirilmesi, ekonomik de\u011ferlerin iki halk\u0131n refah\u0131 i\u00e7in kullan\u0131lmas\u0131 ad\u0131na da s\u00fcrecin \u00f6nemli oldu\u011funu s\u00f6yledi.<\/p>\n<p>2026 Ocak-Haziran d\u00f6neminde G\u00fcney K\u0131br\u0131s\u2019\u0131n K\u0131br\u0131s Cumhuriyeti ad\u0131na Avrupa Birli\u011fi\u2019nin d\u00f6nem ba\u015fkanl\u0131\u011f\u0131n\u0131 \u00fcstlenece\u011fini an\u0131msatan Ulu\u00e7ay, bu d\u00f6nemin de tek yanl\u0131 kararlar\u0131n al\u0131nmamas\u0131, i\u015f birli\u011finin art\u0131r\u0131lmas\u0131 i\u00e7in f\u0131rsat olarak de\u011ferlendirilmesi gerekti\u011fini ifade etti.<\/p>\n<p>2027 sonras\u0131nda Do\u011fu Akdeniz\u2019de yeni enerji kaynaklar\u0131na eri\u015fim m\u00fccadelesinin ba\u015flayabilece\u011fini de belirten Ulu\u00e7ay, \u201c\u00d6n\u00fcm\u00fczdeki 5 y\u0131ll\u0131k s\u00fcre\u00e7 \u00fclkemiz a\u00e7\u0131s\u0131ndan \u00e7ok \u00f6nemli. \u0130\u015f birli\u011finin s\u00fcratle geli\u015ftirilmesi, m\u00fczakere masas\u0131n\u0131n olu\u015fturulmas\u0131 en \u00f6nemli ihtiya\u00e7 olarak kar\u015f\u0131m\u0131za \u00e7\u0131kacak.\u201d dedi.<\/p>\n<p>Ekonominin \u00f6n\u00fcn\u00fcn a\u00e7\u0131lmas\u0131 i\u00e7in siyasetin \u00fczerine d\u00fc\u015feni yapmas\u0131 gerekti\u011fini de belirten Ulu\u00e7ay, \u201cBir hareket hatt\u0131 olu\u015fturmal\u0131y\u0131z.\u201d diye konu\u015ftu.<\/p>\n<p>T\u00fcrkiye\u2019deki son geli\u015fmelere, hem T\u00fcrkiye\u2019deki hem KKTC\u2019deki son aylardaki hayat pahal\u0131l\u0131\u011f\u0131 oranlar\u0131na da de\u011finen Teberr\u00fcken Ulu\u00e7ay, b\u00fct\u00e7e g\u00f6r\u00fc\u015fmelerinin yak\u0131nda ba\u015flayaca\u011f\u0131n\u0131 da an\u0131msatt\u0131.<\/p>\n<p>Ulu\u00e7ay, 2025\u2019in ekonomik a\u00e7\u0131dan zor ge\u00e7ti\u011fini, 2026\u2019n\u0131n daha s\u0131k\u0131nt\u0131l\u0131 bir y\u0131l olaca\u011f\u0131n\u0131 belirtti.<\/p>\n<p>Ulu\u00e7ay\u2019\u0131n konu\u015fmas\u0131n\u0131n ard\u0131ndan Genel Kurul bug\u00fcnk\u00fc \u00e7al\u0131\u015fmalar\u0131n\u0131 tamamlad\u0131. Bir sonraki birle\u015fim 3 Kas\u0131m Pazartesi saat 10.00\u2019da ba\u015flayacak.<\/p>\n","protected":false},"excerpt":{"rendered":"<p>Cumhuriyet Meclisi Genel Kurulu bug\u00fcnk\u00fc \u00e7al\u0131\u015fmalar\u0131n\u0131 tamamlad\u0131. Meclisin bir sonraki birle\u015fimi 3 Kas\u0131m pazartesi olacak. -Solyal\u0131 G\u00fcncel konu\u015fmalar\u0131n yap\u0131ld\u0131\u011f\u0131 Genel Kurul\u2019da CTP milletvekili \u00dcr\u00fcn Solyal\u0131 da s\u00f6z ald\u0131. Solyal\u0131, \u201cSe\u00e7im Yasaklar\u0131na Bir Kala Al\u0131nan Bakanlar Kurulu Kararlar\u0131n\u0131n Ak\u0131beti\u201d konulu g\u00fcncel konu\u015fmas\u0131nda, Cumhurba\u015fkanl\u0131\u011f\u0131 se\u00e7imi \u00f6ncesinde h\u00fck\u00fcmetin s\u00fcrekli se\u00e7im yasaklar\u0131n\u0131 delmenin yolunu arad\u0131\u011f\u0131n\u0131 savundu. Bakanlar Kurulu\u2019nda al\u0131nan<\/p>\n","protected":false},"author":1,"featured_media":97353,"comment_status":"open","ping_status":"open","sticky":false,"template":"","format":"standard","meta":{"footnotes":""},"categories":[81],"tags":[],"class_list":["post-97352","post","type-post","status-publish","format-standard","has-post-thumbnail","hentry","category-kibris"],"yoast_head":"<!-- This site is optimized with the Yoast SEO plugin v27.4 - https:\/\/yoast.com\/product\/yoast-seo-wordpress\/ -->\n<title>MECL\u0130S\u0130 \u00c7ALI\u015eMALARINI TAMAMLADI\u2026 -<\/title>\n<meta name=\"robots\" content=\"index, follow, max-snippet:-1, max-image-preview:large, max-video-preview:-1\" \/>\n<link rel=\"canonical\" href=\"https:\/\/kibrisdakik.com\/?p=97352\" \/>\n<meta property=\"og:locale\" content=\"tr_TR\" \/>\n<meta property=\"og:type\" content=\"article\" \/>\n<meta property=\"og:title\" content=\"MECL\u0130S\u0130 \u00c7ALI\u015eMALARINI TAMAMLADI\u2026 -\" \/>\n<meta property=\"og:description\" content=\"Cumhuriyet Meclisi Genel Kurulu bug\u00fcnk\u00fc \u00e7al\u0131\u015fmalar\u0131n\u0131 tamamlad\u0131. Meclisin bir sonraki birle\u015fimi 3 Kas\u0131m pazartesi olacak. -Solyal\u0131 G\u00fcncel konu\u015fmalar\u0131n yap\u0131ld\u0131\u011f\u0131 Genel Kurul\u2019da CTP milletvekili \u00dcr\u00fcn Solyal\u0131 da s\u00f6z ald\u0131. Solyal\u0131, \u201cSe\u00e7im Yasaklar\u0131na Bir Kala Al\u0131nan Bakanlar Kurulu Kararlar\u0131n\u0131n Ak\u0131beti\u201d konulu g\u00fcncel konu\u015fmas\u0131nda, Cumhurba\u015fkanl\u0131\u011f\u0131 se\u00e7imi \u00f6ncesinde h\u00fck\u00fcmetin s\u00fcrekli se\u00e7im yasaklar\u0131n\u0131 delmenin yolunu arad\u0131\u011f\u0131n\u0131 savundu. Bakanlar Kurulu\u2019nda al\u0131nan\" \/>\n<meta property=\"og:url\" content=\"https:\/\/kibrisdakik.com\/?p=97352\" \/>\n<meta property=\"article:published_time\" content=\"2025-10-28T16:05:05+00:00\" \/>\n<meta property=\"og:image\" content=\"https:\/\/kibrisdakik.com\/wp-content\/uploads\/2025\/10\/mha-sari-beyaz-342.png\" \/>\n\t<meta property=\"og:image:width\" content=\"1280\" \/>\n\t<meta property=\"og:image:height\" content=\"720\" \/>\n\t<meta property=\"og:image:type\" content=\"image\/png\" \/>\n<meta name=\"author\" content=\"admin\" \/>\n<meta name=\"twitter:card\" content=\"summary_large_image\" \/>\n<meta name=\"twitter:label1\" content=\"Yazan:\" \/>\n\t<meta name=\"twitter:data1\" content=\"admin\" \/>\n\t<meta name=\"twitter:label2\" content=\"Tahmini okuma s\u00fcresi\" \/>\n\t<meta name=\"twitter:data2\" content=\"4 dakika\" \/>\n<script type=\"application\/ld+json\" class=\"yoast-schema-graph\">{\"@context\":\"https:\\\/\\\/schema.org\",\"@graph\":[{\"@type\":\"Article\",\"@id\":\"https:\\\/\\\/kibrisdakik.com\\\/?p=97352#article\",\"isPartOf\":{\"@id\":\"https:\\\/\\\/kibrisdakik.com\\\/?p=97352\"},\"author\":{\"name\":\"admin\",\"@id\":\"https:\\\/\\\/kibrisdakik.com\\\/#\\\/schema\\\/person\\\/9cd9d437bbb44f72b73ba127e06d8e79\"},\"headline\":\"MECL\u0130S\u0130 \u00c7ALI\u015eMALARINI TAMAMLADI\u2026\",\"datePublished\":\"2025-10-28T16:05:05+00:00\",\"mainEntityOfPage\":{\"@id\":\"https:\\\/\\\/kibrisdakik.com\\\/?p=97352\"},\"wordCount\":849,\"commentCount\":0,\"image\":{\"@id\":\"https:\\\/\\\/kibrisdakik.com\\\/?p=97352#primaryimage\"},\"thumbnailUrl\":\"https:\\\/\\\/kibrisdakik.com\\\/wp-content\\\/uploads\\\/2025\\\/10\\\/mha-sari-beyaz-342.png\",\"articleSection\":[\"K\u0131br\u0131s\"],\"inLanguage\":\"tr\",\"potentialAction\":[{\"@type\":\"CommentAction\",\"name\":\"Comment\",\"target\":[\"https:\\\/\\\/kibrisdakik.com\\\/?p=97352#respond\"]}]},{\"@type\":\"WebPage\",\"@id\":\"https:\\\/\\\/kibrisdakik.com\\\/?p=97352\",\"url\":\"https:\\\/\\\/kibrisdakik.com\\\/?p=97352\",\"name\":\"MECL\u0130S\u0130 \u00c7ALI\u015eMALARINI TAMAMLADI\u2026 -\",\"isPartOf\":{\"@id\":\"https:\\\/\\\/kibrisdakik.com\\\/#website\"},\"primaryImageOfPage\":{\"@id\":\"https:\\\/\\\/kibrisdakik.com\\\/?p=97352#primaryimage\"},\"image\":{\"@id\":\"https:\\\/\\\/kibrisdakik.com\\\/?p=97352#primaryimage\"},\"thumbnailUrl\":\"https:\\\/\\\/kibrisdakik.com\\\/wp-content\\\/uploads\\\/2025\\\/10\\\/mha-sari-beyaz-342.png\",\"datePublished\":\"2025-10-28T16:05:05+00:00\",\"author\":{\"@id\":\"https:\\\/\\\/kibrisdakik.com\\\/#\\\/schema\\\/person\\\/9cd9d437bbb44f72b73ba127e06d8e79\"},\"breadcrumb\":{\"@id\":\"https:\\\/\\\/kibrisdakik.com\\\/?p=97352#breadcrumb\"},\"inLanguage\":\"tr\",\"potentialAction\":[{\"@type\":\"ReadAction\",\"target\":[\"https:\\\/\\\/kibrisdakik.com\\\/?p=97352\"]}]},{\"@type\":\"ImageObject\",\"inLanguage\":\"tr\",\"@id\":\"https:\\\/\\\/kibrisdakik.com\\\/?p=97352#primaryimage\",\"url\":\"https:\\\/\\\/kibrisdakik.com\\\/wp-content\\\/uploads\\\/2025\\\/10\\\/mha-sari-beyaz-342.png\",\"contentUrl\":\"https:\\\/\\\/kibrisdakik.com\\\/wp-content\\\/uploads\\\/2025\\\/10\\\/mha-sari-beyaz-342.png\",\"width\":1280,\"height\":720},{\"@type\":\"BreadcrumbList\",\"@id\":\"https:\\\/\\\/kibrisdakik.com\\\/?p=97352#breadcrumb\",\"itemListElement\":[{\"@type\":\"ListItem\",\"position\":1,\"name\":\"Home\",\"item\":\"https:\\\/\\\/kibrisdakik.com\\\/\"},{\"@type\":\"ListItem\",\"position\":2,\"name\":\"MECL\u0130S\u0130 \u00c7ALI\u015eMALARINI TAMAMLADI\u2026\"}]},{\"@type\":\"WebSite\",\"@id\":\"https:\\\/\\\/kibrisdakik.com\\\/#website\",\"url\":\"https:\\\/\\\/kibrisdakik.com\\\/\",\"name\":\"\",\"description\":\"Tam vaktinde haber\",\"potentialAction\":[{\"@type\":\"SearchAction\",\"target\":{\"@type\":\"EntryPoint\",\"urlTemplate\":\"https:\\\/\\\/kibrisdakik.com\\\/?s={search_term_string}\"},\"query-input\":{\"@type\":\"PropertyValueSpecification\",\"valueRequired\":true,\"valueName\":\"search_term_string\"}}],\"inLanguage\":\"tr\"},{\"@type\":\"Person\",\"@id\":\"https:\\\/\\\/kibrisdakik.com\\\/#\\\/schema\\\/person\\\/9cd9d437bbb44f72b73ba127e06d8e79\",\"name\":\"admin\",\"image\":{\"@type\":\"ImageObject\",\"inLanguage\":\"tr\",\"@id\":\"https:\\\/\\\/secure.gravatar.com\\\/avatar\\\/ccc17943b9d660506c869530f897617f7cb1c21a4bf30023f252596d83e1f007?s=96&d=mm&r=g\",\"url\":\"https:\\\/\\\/secure.gravatar.com\\\/avatar\\\/ccc17943b9d660506c869530f897617f7cb1c21a4bf30023f252596d83e1f007?s=96&d=mm&r=g\",\"contentUrl\":\"https:\\\/\\\/secure.gravatar.com\\\/avatar\\\/ccc17943b9d660506c869530f897617f7cb1c21a4bf30023f252596d83e1f007?s=96&d=mm&r=g\",\"caption\":\"admin\"},\"sameAs\":[\"https:\\\/\\\/kibrisdakik.com\"],\"url\":\"https:\\\/\\\/kibrisdakik.com\\\/?author=1\"}]}<\/script>\n<!-- \/ Yoast SEO plugin. -->","yoast_head_json":{"title":"MECL\u0130S\u0130 \u00c7ALI\u015eMALARINI TAMAMLADI\u2026 -","robots":{"index":"index","follow":"follow","max-snippet":"max-snippet:-1","max-image-preview":"max-image-preview:large","max-video-preview":"max-video-preview:-1"},"canonical":"https:\/\/kibrisdakik.com\/?p=97352","og_locale":"tr_TR","og_type":"article","og_title":"MECL\u0130S\u0130 \u00c7ALI\u015eMALARINI TAMAMLADI\u2026 -","og_description":"Cumhuriyet Meclisi Genel Kurulu bug\u00fcnk\u00fc \u00e7al\u0131\u015fmalar\u0131n\u0131 tamamlad\u0131. Meclisin bir sonraki birle\u015fimi 3 Kas\u0131m pazartesi olacak. -Solyal\u0131 G\u00fcncel konu\u015fmalar\u0131n yap\u0131ld\u0131\u011f\u0131 Genel Kurul\u2019da CTP milletvekili \u00dcr\u00fcn Solyal\u0131 da s\u00f6z ald\u0131. Solyal\u0131, \u201cSe\u00e7im Yasaklar\u0131na Bir Kala Al\u0131nan Bakanlar Kurulu Kararlar\u0131n\u0131n Ak\u0131beti\u201d konulu g\u00fcncel konu\u015fmas\u0131nda, Cumhurba\u015fkanl\u0131\u011f\u0131 se\u00e7imi \u00f6ncesinde h\u00fck\u00fcmetin s\u00fcrekli se\u00e7im yasaklar\u0131n\u0131 delmenin yolunu arad\u0131\u011f\u0131n\u0131 savundu. Bakanlar Kurulu\u2019nda al\u0131nan","og_url":"https:\/\/kibrisdakik.com\/?p=97352","article_published_time":"2025-10-28T16:05:05+00:00","og_image":[{"width":1280,"height":720,"url":"https:\/\/kibrisdakik.com\/wp-content\/uploads\/2025\/10\/mha-sari-beyaz-342.png","type":"image\/png"}],"author":"admin","twitter_card":"summary_large_image","twitter_misc":{"Yazan:":"admin","Tahmini okuma s\u00fcresi":"4 dakika"},"schema":{"@context":"https:\/\/schema.org","@graph":[{"@type":"Article","@id":"https:\/\/kibrisdakik.com\/?p=97352#article","isPartOf":{"@id":"https:\/\/kibrisdakik.com\/?p=97352"},"author":{"name":"admin","@id":"https:\/\/kibrisdakik.com\/#\/schema\/person\/9cd9d437bbb44f72b73ba127e06d8e79"},"headline":"MECL\u0130S\u0130 \u00c7ALI\u015eMALARINI TAMAMLADI\u2026","datePublished":"2025-10-28T16:05:05+00:00","mainEntityOfPage":{"@id":"https:\/\/kibrisdakik.com\/?p=97352"},"wordCount":849,"commentCount":0,"image":{"@id":"https:\/\/kibrisdakik.com\/?p=97352#primaryimage"},"thumbnailUrl":"https:\/\/kibrisdakik.com\/wp-content\/uploads\/2025\/10\/mha-sari-beyaz-342.png","articleSection":["K\u0131br\u0131s"],"inLanguage":"tr","potentialAction":[{"@type":"CommentAction","name":"Comment","target":["https:\/\/kibrisdakik.com\/?p=97352#respond"]}]},{"@type":"WebPage","@id":"https:\/\/kibrisdakik.com\/?p=97352","url":"https:\/\/kibrisdakik.com\/?p=97352","name":"MECL\u0130S\u0130 \u00c7ALI\u015eMALARINI TAMAMLADI\u2026 -","isPartOf":{"@id":"https:\/\/kibrisdakik.com\/#website"},"primaryImageOfPage":{"@id":"https:\/\/kibrisdakik.com\/?p=97352#primaryimage"},"image":{"@id":"https:\/\/kibrisdakik.com\/?p=97352#primaryimage"},"thumbnailUrl":"https:\/\/kibrisdakik.com\/wp-content\/uploads\/2025\/10\/mha-sari-beyaz-342.png","datePublished":"2025-10-28T16:05:05+00:00","author":{"@id":"https:\/\/kibrisdakik.com\/#\/schema\/person\/9cd9d437bbb44f72b73ba127e06d8e79"},"breadcrumb":{"@id":"https:\/\/kibrisdakik.com\/?p=97352#breadcrumb"},"inLanguage":"tr","potentialAction":[{"@type":"ReadAction","target":["https:\/\/kibrisdakik.com\/?p=97352"]}]},{"@type":"ImageObject","inLanguage":"tr","@id":"https:\/\/kibrisdakik.com\/?p=97352#primaryimage","url":"https:\/\/kibrisdakik.com\/wp-content\/uploads\/2025\/10\/mha-sari-beyaz-342.png","contentUrl":"https:\/\/kibrisdakik.com\/wp-content\/uploads\/2025\/10\/mha-sari-beyaz-342.png","width":1280,"height":720},{"@type":"BreadcrumbList","@id":"https:\/\/kibrisdakik.com\/?p=97352#breadcrumb","itemListElement":[{"@type":"ListItem","position":1,"name":"Home","item":"https:\/\/kibrisdakik.com\/"},{"@type":"ListItem","position":2,"name":"MECL\u0130S\u0130 \u00c7ALI\u015eMALARINI TAMAMLADI\u2026"}]},{"@type":"WebSite","@id":"https:\/\/kibrisdakik.com\/#website","url":"https:\/\/kibrisdakik.com\/","name":"","description":"Tam vaktinde haber","potentialAction":[{"@type":"SearchAction","target":{"@type":"EntryPoint","urlTemplate":"https:\/\/kibrisdakik.com\/?s={search_term_string}"},"query-input":{"@type":"PropertyValueSpecification","valueRequired":true,"valueName":"search_term_string"}}],"inLanguage":"tr"},{"@type":"Person","@id":"https:\/\/kibrisdakik.com\/#\/schema\/person\/9cd9d437bbb44f72b73ba127e06d8e79","name":"admin","image":{"@type":"ImageObject","inLanguage":"tr","@id":"https:\/\/secure.gravatar.com\/avatar\/ccc17943b9d660506c869530f897617f7cb1c21a4bf30023f252596d83e1f007?s=96&d=mm&r=g","url":"https:\/\/secure.gravatar.com\/avatar\/ccc17943b9d660506c869530f897617f7cb1c21a4bf30023f252596d83e1f007?s=96&d=mm&r=g","contentUrl":"https:\/\/secure.gravatar.com\/avatar\/ccc17943b9d660506c869530f897617f7cb1c21a4bf30023f252596d83e1f007?s=96&d=mm&r=g","caption":"admin"},"sameAs":["https:\/\/kibrisdakik.com"],"url":"https:\/\/kibrisdakik.com\/?author=1"}]}},"_links":{"self":[{"href":"https:\/\/kibrisdakik.com\/index.php?rest_route=\/wp\/v2\/posts\/97352","targetHints":{"allow":["GET"]}}],"collection":[{"href":"https:\/\/kibrisdakik.com\/index.php?rest_route=\/wp\/v2\/posts"}],"about":[{"href":"https:\/\/kibrisdakik.com\/index.php?rest_route=\/wp\/v2\/types\/post"}],"author":[{"embeddable":true,"href":"https:\/\/kibrisdakik.com\/index.php?rest_route=\/wp\/v2\/users\/1"}],"replies":[{"embeddable":true,"href":"https:\/\/kibrisdakik.com\/index.php?rest_route=%2Fwp%2Fv2%2Fcomments&post=97352"}],"version-history":[{"count":0,"href":"https:\/\/kibrisdakik.com\/index.php?rest_route=\/wp\/v2\/posts\/97352\/revisions"}],"wp:featuredmedia":[{"embeddable":true,"href":"https:\/\/kibrisdakik.com\/index.php?rest_route=\/wp\/v2\/media\/97353"}],"wp:attachment":[{"href":"https:\/\/kibrisdakik.com\/index.php?rest_route=%2Fwp%2Fv2%2Fmedia&parent=97352"}],"wp:term":[{"taxonomy":"category","embeddable":true,"href":"https:\/\/kibrisdakik.com\/index.php?rest_route=%2Fwp%2Fv2%2Fcategories&post=97352"},{"taxonomy":"post_tag","embeddable":true,"href":"https:\/\/kibrisdakik.com\/index.php?rest_route=%2Fwp%2Fv2%2Ftags&post=97352"}],"curies":[{"name":"wp","href":"https:\/\/api.w.org\/{rel}","templated":true}]}}