{"id":9737,"date":"2023-07-03T13:16:00","date_gmt":"2023-07-03T13:16:00","guid":{"rendered":"https:\/\/kibrisdakik.com\/index.php\/2023\/07\/03\/firari-sahislar-araniyor\/"},"modified":"2023-07-03T13:16:00","modified_gmt":"2023-07-03T13:16:00","slug":"firari-sahislar-araniyor","status":"publish","type":"post","link":"https:\/\/kibrisdakik.com\/?p=9737","title":{"rendered":"Firari \u015fah\u0131slar aran\u0131yor!"},"content":{"rendered":"<p><\/p>\n<div>\n<div class=\"mariselle-image-container center\">\n                <img width=\"1600\" height=\"633\" class=\"lazy-image\" alt=\"\" decoding=\"async\" loading=\"lazy\" sizes=\"auto, (max-width: 1600px) 100vw, 1600px\" src=\"https:\/\/brtk.net\/wp-content\/uploads\/2023\/07\/03\/firari.jpg?ver=f338540879686b2b0d450fb192100690\" srcset=\"https:\/\/brtk.net\/wp-content\/uploads\/2023\/07\/03\/firari.jpg?ver=f338540879686b2b0d450fb192100690 1600w, https:\/\/brtk.net\/wp-content\/uploads\/2023\/07\/03\/firari-300x119.jpg?ver=f338540879686b2b0d450fb192100690 300w, https:\/\/brtk.net\/wp-content\/uploads\/2023\/07\/03\/firari-1024x405.jpg?ver=ec8e143ff7bdf4a5bb6bc66307efd2ac 1024w, https:\/\/brtk.net\/wp-content\/uploads\/2023\/07\/03\/firari-768x304.jpg?ver=ec8e143ff7bdf4a5bb6bc66307efd2ac 768w, https:\/\/brtk.net\/wp-content\/uploads\/2023\/07\/03\/firari-1536x608.jpg?ver=ec8e143ff7bdf4a5bb6bc66307efd2ac 1536w\"\/>                            <\/div>\n<p>Merkezi Cezaevinde tutuklu, ya\u015flar\u0131 21 olan 3 ki\u015fi Lefko\u015fa Kaza Mahkemesi\u2019ne \u00e7\u0131kar\u0131ld\u0131ktan sonra cezaevine geri g\u00f6t\u00fcr\u00fcl\u00fcrken firar etti.<br \/>.<br \/>Polis Bas\u0131n Subayl\u0131\u011f\u0131\u2019ndan yap\u0131lan a\u00e7\u0131klamada, \u201cMerkezi Cezaevinde tutuklu olarak bulunan Hasan Tak\u0131mc\u0131lar, (E-21), Ayd\u0131n G\u00fcner (E-21) ve \u0130brahim Tak\u0131mc\u0131lar(E-21) polis nezaretinde bug\u00fcn Lefko\u015fa Kaza Mahkemesine \u00e7\u0131kar\u0131ld\u0131ktan sonra geri Cezaevine g\u00f6t\u00fcr\u00fcld\u00fckleri s\u0131rada firar etmi\u015flerdir. Bahse konu \u015fah\u0131slar aranmakta olup, konu \u015fah\u0131slar\u0131 g\u00f6renlerin en yak\u0131n polis merkezine haber vermeleri \u00f6nemle rica olunur\u201d denildi.<\/p>\n<p>\u2018<br \/>PGM\/<a href=\"https:\/\/brtk.net\/\">BRT<\/a><\/p>\n<\/p><\/div>\n<p><script async\n                    defer\n                    crossorigin=\"anonymous\"\n                    src=\"https:\/\/connect.facebook.net\/tr_TR\/sdk.js#xfbml=1&#038;version=v3.3\"\n            ><\/script><\/p>\n","protected":false},"excerpt":{"rendered":"<p>Merkezi Cezaevinde tutuklu, ya\u015flar\u0131 21 olan 3 ki\u015fi Lefko\u015fa Kaza Mahkemesi\u2019ne \u00e7\u0131kar\u0131ld\u0131ktan sonra cezaevine geri g\u00f6t\u00fcr\u00fcl\u00fcrken firar etti..Polis Bas\u0131n Subayl\u0131\u011f\u0131\u2019ndan yap\u0131lan a\u00e7\u0131klamada, \u201cMerkezi Cezaevinde tutuklu olarak bulunan Hasan Tak\u0131mc\u0131lar, (E-21), Ayd\u0131n G\u00fcner (E-21) ve \u0130brahim Tak\u0131mc\u0131lar(E-21) polis nezaretinde bug\u00fcn Lefko\u015fa Kaza Mahkemesine \u00e7\u0131kar\u0131ld\u0131ktan sonra geri Cezaevine g\u00f6t\u00fcr\u00fcld\u00fckleri s\u0131rada firar etmi\u015flerdir. Bahse konu \u015fah\u0131slar aranmakta olup,<\/p>\n","protected":false},"author":1,"featured_media":9738,"comment_status":"open","ping_status":"open","sticky":false,"template":"","format":"standard","meta":{"footnotes":""},"categories":[1],"tags":[],"class_list":["post-9737","post","type-post","status-publish","format-standard","has-post-thumbnail","hentry","category-gundem"],"yoast_head":"<!-- This site is optimized with the Yoast SEO plugin v27.5 - https:\/\/yoast.com\/product\/yoast-seo-wordpress\/ -->\n<title>Firari \u015fah\u0131slar aran\u0131yor! -<\/title>\n<meta name=\"robots\" content=\"index, follow, max-snippet:-1, max-image-preview:large, max-video-preview:-1\" \/>\n<link rel=\"canonical\" href=\"https:\/\/kibrisdakik.com\/?p=9737\" \/>\n<meta property=\"og:locale\" content=\"tr_TR\" \/>\n<meta property=\"og:type\" content=\"article\" \/>\n<meta property=\"og:title\" content=\"Firari \u015fah\u0131slar aran\u0131yor! -\" \/>\n<meta property=\"og:description\" content=\"Merkezi Cezaevinde tutuklu, ya\u015flar\u0131 21 olan 3 ki\u015fi Lefko\u015fa Kaza Mahkemesi\u2019ne \u00e7\u0131kar\u0131ld\u0131ktan sonra cezaevine geri g\u00f6t\u00fcr\u00fcl\u00fcrken firar etti..Polis Bas\u0131n Subayl\u0131\u011f\u0131\u2019ndan yap\u0131lan a\u00e7\u0131klamada, \u201cMerkezi Cezaevinde tutuklu olarak bulunan Hasan Tak\u0131mc\u0131lar, (E-21), Ayd\u0131n G\u00fcner (E-21) ve \u0130brahim Tak\u0131mc\u0131lar(E-21) polis nezaretinde bug\u00fcn Lefko\u015fa Kaza Mahkemesine \u00e7\u0131kar\u0131ld\u0131ktan sonra geri Cezaevine g\u00f6t\u00fcr\u00fcld\u00fckleri s\u0131rada firar etmi\u015flerdir. Bahse konu \u015fah\u0131slar aranmakta olup,\" \/>\n<meta property=\"og:url\" content=\"https:\/\/kibrisdakik.com\/?p=9737\" \/>\n<meta property=\"article:published_time\" content=\"2023-07-03T13:16:00+00:00\" \/>\n<meta property=\"og:image\" content=\"https:\/\/kibrisdakik.com\/wp-content\/uploads\/2023\/07\/firari-740x420.jpg\" \/>\n\t<meta property=\"og:image:width\" content=\"1600\" \/>\n\t<meta property=\"og:image:height\" content=\"633\" \/>\n\t<meta property=\"og:image:type\" content=\"image\/jpeg\" \/>\n<meta name=\"author\" content=\"admin\" \/>\n<meta name=\"twitter:card\" content=\"summary_large_image\" \/>\n<meta name=\"twitter:label1\" content=\"Yazan:\" \/>\n\t<meta name=\"twitter:data1\" content=\"admin\" \/>\n\t<meta name=\"twitter:label2\" content=\"Tahmini okuma s\u00fcresi\" \/>\n\t<meta name=\"twitter:data2\" content=\"1 dakika\" \/>\n<script type=\"application\/ld+json\" class=\"yoast-schema-graph\">{\"@context\":\"https:\\\/\\\/schema.org\",\"@graph\":[{\"@type\":\"Article\",\"@id\":\"https:\\\/\\\/kibrisdakik.com\\\/?p=9737#article\",\"isPartOf\":{\"@id\":\"https:\\\/\\\/kibrisdakik.com\\\/?p=9737\"},\"author\":{\"name\":\"admin\",\"@id\":\"https:\\\/\\\/kibrisdakik.com\\\/#\\\/schema\\\/person\\\/9cd9d437bbb44f72b73ba127e06d8e79\"},\"headline\":\"Firari \u015fah\u0131slar aran\u0131yor!\",\"datePublished\":\"2023-07-03T13:16:00+00:00\",\"mainEntityOfPage\":{\"@id\":\"https:\\\/\\\/kibrisdakik.com\\\/?p=9737\"},\"wordCount\":109,\"commentCount\":0,\"image\":{\"@id\":\"https:\\\/\\\/kibrisdakik.com\\\/?p=9737#primaryimage\"},\"thumbnailUrl\":\"https:\\\/\\\/kibrisdakik.com\\\/wp-content\\\/uploads\\\/2023\\\/07\\\/firari-740x420.jpg\",\"articleSection\":[\"G\u00fcndem\"],\"inLanguage\":\"tr\",\"potentialAction\":[{\"@type\":\"CommentAction\",\"name\":\"Comment\",\"target\":[\"https:\\\/\\\/kibrisdakik.com\\\/?p=9737#respond\"]}]},{\"@type\":\"WebPage\",\"@id\":\"https:\\\/\\\/kibrisdakik.com\\\/?p=9737\",\"url\":\"https:\\\/\\\/kibrisdakik.com\\\/?p=9737\",\"name\":\"Firari \u015fah\u0131slar aran\u0131yor! -\",\"isPartOf\":{\"@id\":\"https:\\\/\\\/kibrisdakik.com\\\/#website\"},\"primaryImageOfPage\":{\"@id\":\"https:\\\/\\\/kibrisdakik.com\\\/?p=9737#primaryimage\"},\"image\":{\"@id\":\"https:\\\/\\\/kibrisdakik.com\\\/?p=9737#primaryimage\"},\"thumbnailUrl\":\"https:\\\/\\\/kibrisdakik.com\\\/wp-content\\\/uploads\\\/2023\\\/07\\\/firari-740x420.jpg\",\"datePublished\":\"2023-07-03T13:16:00+00:00\",\"author\":{\"@id\":\"https:\\\/\\\/kibrisdakik.com\\\/#\\\/schema\\\/person\\\/9cd9d437bbb44f72b73ba127e06d8e79\"},\"breadcrumb\":{\"@id\":\"https:\\\/\\\/kibrisdakik.com\\\/?p=9737#breadcrumb\"},\"inLanguage\":\"tr\",\"potentialAction\":[{\"@type\":\"ReadAction\",\"target\":[\"https:\\\/\\\/kibrisdakik.com\\\/?p=9737\"]}]},{\"@type\":\"ImageObject\",\"inLanguage\":\"tr\",\"@id\":\"https:\\\/\\\/kibrisdakik.com\\\/?p=9737#primaryimage\",\"url\":\"https:\\\/\\\/kibrisdakik.com\\\/wp-content\\\/uploads\\\/2023\\\/07\\\/firari-740x420.jpg\",\"contentUrl\":\"https:\\\/\\\/kibrisdakik.com\\\/wp-content\\\/uploads\\\/2023\\\/07\\\/firari-740x420.jpg\",\"width\":1600,\"height\":633},{\"@type\":\"BreadcrumbList\",\"@id\":\"https:\\\/\\\/kibrisdakik.com\\\/?p=9737#breadcrumb\",\"itemListElement\":[{\"@type\":\"ListItem\",\"position\":1,\"name\":\"Home\",\"item\":\"https:\\\/\\\/kibrisdakik.com\\\/\"},{\"@type\":\"ListItem\",\"position\":2,\"name\":\"Firari \u015fah\u0131slar aran\u0131yor!\"}]},{\"@type\":\"WebSite\",\"@id\":\"https:\\\/\\\/kibrisdakik.com\\\/#website\",\"url\":\"https:\\\/\\\/kibrisdakik.com\\\/\",\"name\":\"\",\"description\":\"Tam vaktinde haber\",\"potentialAction\":[{\"@type\":\"SearchAction\",\"target\":{\"@type\":\"EntryPoint\",\"urlTemplate\":\"https:\\\/\\\/kibrisdakik.com\\\/?s={search_term_string}\"},\"query-input\":{\"@type\":\"PropertyValueSpecification\",\"valueRequired\":true,\"valueName\":\"search_term_string\"}}],\"inLanguage\":\"tr\"},{\"@type\":\"Person\",\"@id\":\"https:\\\/\\\/kibrisdakik.com\\\/#\\\/schema\\\/person\\\/9cd9d437bbb44f72b73ba127e06d8e79\",\"name\":\"admin\",\"image\":{\"@type\":\"ImageObject\",\"inLanguage\":\"tr\",\"@id\":\"https:\\\/\\\/secure.gravatar.com\\\/avatar\\\/ccc17943b9d660506c869530f897617f7cb1c21a4bf30023f252596d83e1f007?s=96&d=mm&r=g\",\"url\":\"https:\\\/\\\/secure.gravatar.com\\\/avatar\\\/ccc17943b9d660506c869530f897617f7cb1c21a4bf30023f252596d83e1f007?s=96&d=mm&r=g\",\"contentUrl\":\"https:\\\/\\\/secure.gravatar.com\\\/avatar\\\/ccc17943b9d660506c869530f897617f7cb1c21a4bf30023f252596d83e1f007?s=96&d=mm&r=g\",\"caption\":\"admin\"},\"sameAs\":[\"https:\\\/\\\/kibrisdakik.com\"],\"url\":\"https:\\\/\\\/kibrisdakik.com\\\/?author=1\"}]}<\/script>\n<!-- \/ Yoast SEO plugin. -->","yoast_head_json":{"title":"Firari \u015fah\u0131slar aran\u0131yor! -","robots":{"index":"index","follow":"follow","max-snippet":"max-snippet:-1","max-image-preview":"max-image-preview:large","max-video-preview":"max-video-preview:-1"},"canonical":"https:\/\/kibrisdakik.com\/?p=9737","og_locale":"tr_TR","og_type":"article","og_title":"Firari \u015fah\u0131slar aran\u0131yor! -","og_description":"Merkezi Cezaevinde tutuklu, ya\u015flar\u0131 21 olan 3 ki\u015fi Lefko\u015fa Kaza Mahkemesi\u2019ne \u00e7\u0131kar\u0131ld\u0131ktan sonra cezaevine geri g\u00f6t\u00fcr\u00fcl\u00fcrken firar etti..Polis Bas\u0131n Subayl\u0131\u011f\u0131\u2019ndan yap\u0131lan a\u00e7\u0131klamada, \u201cMerkezi Cezaevinde tutuklu olarak bulunan Hasan Tak\u0131mc\u0131lar, (E-21), Ayd\u0131n G\u00fcner (E-21) ve \u0130brahim Tak\u0131mc\u0131lar(E-21) polis nezaretinde bug\u00fcn Lefko\u015fa Kaza Mahkemesine \u00e7\u0131kar\u0131ld\u0131ktan sonra geri Cezaevine g\u00f6t\u00fcr\u00fcld\u00fckleri s\u0131rada firar etmi\u015flerdir. Bahse konu \u015fah\u0131slar aranmakta olup,","og_url":"https:\/\/kibrisdakik.com\/?p=9737","article_published_time":"2023-07-03T13:16:00+00:00","og_image":[{"width":1600,"height":633,"url":"https:\/\/kibrisdakik.com\/wp-content\/uploads\/2023\/07\/firari-740x420.jpg","type":"image\/jpeg"}],"author":"admin","twitter_card":"summary_large_image","twitter_misc":{"Yazan:":"admin","Tahmini okuma s\u00fcresi":"1 dakika"},"schema":{"@context":"https:\/\/schema.org","@graph":[{"@type":"Article","@id":"https:\/\/kibrisdakik.com\/?p=9737#article","isPartOf":{"@id":"https:\/\/kibrisdakik.com\/?p=9737"},"author":{"name":"admin","@id":"https:\/\/kibrisdakik.com\/#\/schema\/person\/9cd9d437bbb44f72b73ba127e06d8e79"},"headline":"Firari \u015fah\u0131slar aran\u0131yor!","datePublished":"2023-07-03T13:16:00+00:00","mainEntityOfPage":{"@id":"https:\/\/kibrisdakik.com\/?p=9737"},"wordCount":109,"commentCount":0,"image":{"@id":"https:\/\/kibrisdakik.com\/?p=9737#primaryimage"},"thumbnailUrl":"https:\/\/kibrisdakik.com\/wp-content\/uploads\/2023\/07\/firari-740x420.jpg","articleSection":["G\u00fcndem"],"inLanguage":"tr","potentialAction":[{"@type":"CommentAction","name":"Comment","target":["https:\/\/kibrisdakik.com\/?p=9737#respond"]}]},{"@type":"WebPage","@id":"https:\/\/kibrisdakik.com\/?p=9737","url":"https:\/\/kibrisdakik.com\/?p=9737","name":"Firari \u015fah\u0131slar aran\u0131yor! -","isPartOf":{"@id":"https:\/\/kibrisdakik.com\/#website"},"primaryImageOfPage":{"@id":"https:\/\/kibrisdakik.com\/?p=9737#primaryimage"},"image":{"@id":"https:\/\/kibrisdakik.com\/?p=9737#primaryimage"},"thumbnailUrl":"https:\/\/kibrisdakik.com\/wp-content\/uploads\/2023\/07\/firari-740x420.jpg","datePublished":"2023-07-03T13:16:00+00:00","author":{"@id":"https:\/\/kibrisdakik.com\/#\/schema\/person\/9cd9d437bbb44f72b73ba127e06d8e79"},"breadcrumb":{"@id":"https:\/\/kibrisdakik.com\/?p=9737#breadcrumb"},"inLanguage":"tr","potentialAction":[{"@type":"ReadAction","target":["https:\/\/kibrisdakik.com\/?p=9737"]}]},{"@type":"ImageObject","inLanguage":"tr","@id":"https:\/\/kibrisdakik.com\/?p=9737#primaryimage","url":"https:\/\/kibrisdakik.com\/wp-content\/uploads\/2023\/07\/firari-740x420.jpg","contentUrl":"https:\/\/kibrisdakik.com\/wp-content\/uploads\/2023\/07\/firari-740x420.jpg","width":1600,"height":633},{"@type":"BreadcrumbList","@id":"https:\/\/kibrisdakik.com\/?p=9737#breadcrumb","itemListElement":[{"@type":"ListItem","position":1,"name":"Home","item":"https:\/\/kibrisdakik.com\/"},{"@type":"ListItem","position":2,"name":"Firari \u015fah\u0131slar aran\u0131yor!"}]},{"@type":"WebSite","@id":"https:\/\/kibrisdakik.com\/#website","url":"https:\/\/kibrisdakik.com\/","name":"","description":"Tam vaktinde haber","potentialAction":[{"@type":"SearchAction","target":{"@type":"EntryPoint","urlTemplate":"https:\/\/kibrisdakik.com\/?s={search_term_string}"},"query-input":{"@type":"PropertyValueSpecification","valueRequired":true,"valueName":"search_term_string"}}],"inLanguage":"tr"},{"@type":"Person","@id":"https:\/\/kibrisdakik.com\/#\/schema\/person\/9cd9d437bbb44f72b73ba127e06d8e79","name":"admin","image":{"@type":"ImageObject","inLanguage":"tr","@id":"https:\/\/secure.gravatar.com\/avatar\/ccc17943b9d660506c869530f897617f7cb1c21a4bf30023f252596d83e1f007?s=96&d=mm&r=g","url":"https:\/\/secure.gravatar.com\/avatar\/ccc17943b9d660506c869530f897617f7cb1c21a4bf30023f252596d83e1f007?s=96&d=mm&r=g","contentUrl":"https:\/\/secure.gravatar.com\/avatar\/ccc17943b9d660506c869530f897617f7cb1c21a4bf30023f252596d83e1f007?s=96&d=mm&r=g","caption":"admin"},"sameAs":["https:\/\/kibrisdakik.com"],"url":"https:\/\/kibrisdakik.com\/?author=1"}]}},"_links":{"self":[{"href":"https:\/\/kibrisdakik.com\/index.php?rest_route=\/wp\/v2\/posts\/9737","targetHints":{"allow":["GET"]}}],"collection":[{"href":"https:\/\/kibrisdakik.com\/index.php?rest_route=\/wp\/v2\/posts"}],"about":[{"href":"https:\/\/kibrisdakik.com\/index.php?rest_route=\/wp\/v2\/types\/post"}],"author":[{"embeddable":true,"href":"https:\/\/kibrisdakik.com\/index.php?rest_route=\/wp\/v2\/users\/1"}],"replies":[{"embeddable":true,"href":"https:\/\/kibrisdakik.com\/index.php?rest_route=%2Fwp%2Fv2%2Fcomments&post=9737"}],"version-history":[{"count":0,"href":"https:\/\/kibrisdakik.com\/index.php?rest_route=\/wp\/v2\/posts\/9737\/revisions"}],"wp:featuredmedia":[{"embeddable":true,"href":"https:\/\/kibrisdakik.com\/index.php?rest_route=\/wp\/v2\/media\/9738"}],"wp:attachment":[{"href":"https:\/\/kibrisdakik.com\/index.php?rest_route=%2Fwp%2Fv2%2Fmedia&parent=9737"}],"wp:term":[{"taxonomy":"category","embeddable":true,"href":"https:\/\/kibrisdakik.com\/index.php?rest_route=%2Fwp%2Fv2%2Fcategories&post=9737"},{"taxonomy":"post_tag","embeddable":true,"href":"https:\/\/kibrisdakik.com\/index.php?rest_route=%2Fwp%2Fv2%2Ftags&post=9737"}],"curies":[{"name":"wp","href":"https:\/\/api.w.org\/{rel}","templated":true}]}}