{"id":97395,"date":"2025-10-29T08:38:13","date_gmt":"2025-10-29T06:38:13","guid":{"rendered":"https:\/\/kibrisdakik.com\/index.php\/2025\/10\/29\/elon-muskin-siyasi-tutumu-teslaya-1-milyondan-fazla-arac-satisina-mal-oldu\/"},"modified":"2025-10-29T08:38:13","modified_gmt":"2025-10-29T06:38:13","slug":"elon-muskin-siyasi-tutumu-teslaya-1-milyondan-fazla-arac-satisina-mal-oldu","status":"publish","type":"post","link":"https:\/\/kibrisdakik.com\/?p=97395","title":{"rendered":"Elon Musk\u0131n siyasi tutumu Teslaya 1 milyondan fazla ara\u00e7 sat\u0131\u015f\u0131na mal oldu"},"content":{"rendered":"<p><\/p>\n<div class=\"news-content\">\n<p>\n\tUlusal Ekonomik Ara\u015ft\u0131rmalar B\u00fcrosu (NBER) taraf\u0131ndan yay\u0131mlanan \u00e7al\u0131\u015fmaya g\u00f6re, Musk\u2019\u0131n 2022\u2019de Twitter\u2019\u0131 sat\u0131n al\u0131p X olarak yeniden markala\u015ft\u0131rmas\u0131ndan bu yana ABD\u2019deki Tesla sat\u0131\u015flar\u0131 ciddi \u015fekilde geriledi.<\/p>\n<p>\n\tAra\u015ft\u0131rmac\u0131lar, \u201cMusk partizan etkisi\u201d olarak adland\u0131rd\u0131klar\u0131 bu olgunun, Ekim 2022\u2013Nisan 2025 aras\u0131nda Tesla\u2019n\u0131n ABD sat\u0131\u015flar\u0131n\u0131 y\u00fczde 67 ila y\u00fczde 83 oran\u0131nda azaltt\u0131\u011f\u0131n\u0131; bunun da 1 ila 1,26 milyon ara\u00e7l\u0131k kayba kar\u015f\u0131l\u0131k geldi\u011fini belirtti.<\/p>\n<h2>\n\tDemokrat se\u00e7menler rakiplere y\u00f6neldi<\/h2>\n<p>\n\tMusk\u2019\u0131n giderek belirginle\u015fen Cumhuriyet\u00e7i e\u011filimleri, \u00e7evre duyarl\u0131l\u0131\u011f\u0131 y\u00fcksek Demokrat se\u00e7menleri Tesla\u2019dan uzakla\u015ft\u0131rd\u0131. Rapora g\u00f6re bu durum, rakip elektrikli ve hibrit ara\u00e7 \u00fcreticilerinin sat\u0131\u015flar\u0131n\u0131 y\u00fczde 17 ila y\u00fczde 22 oran\u0131nda art\u0131rd\u0131.<\/p>\n<p>\n\tMusk\u2019\u0131n Donald Trump y\u00f6netiminde H\u00fck\u00fcmet Verimlili\u011fi Departman\u0131 (DOGE) liderli\u011fi yapmas\u0131 ve yakla\u015f\u0131k 300 milyon dolarl\u0131k Cumhuriyet\u00e7i ba\u011f\u0131\u015f\u0131, Tesla\u2019n\u0131n imaj\u0131na zarar verdi.<\/p>\n<h2>\n\tKaliforniya hedeflerini ka\u00e7\u0131rd\u0131<\/h2>\n<p>\n\t\u00c7al\u0131\u015fma, \u201cMusk partizan etkisi\u201d nedeniyle Kaliforniya\u2019n\u0131n 2026 s\u0131f\u0131r emisyonlu ara\u00e7 hedeflerini ka\u00e7\u0131rd\u0131\u011f\u0131n\u0131 da ortaya koydu.<\/p>\n<p>\n\tEyalette Tesla ara\u00e7 tescilleri 2025\u2019in \u00fc\u00e7\u00fcnc\u00fc \u00e7eyre\u011finde y\u00fczde 9,4 oran\u0131nda d\u00fc\u015ft\u00fc, pazar pay\u0131 ise y\u00fczde 46,2\u2019ye geriledi.<\/p>\n<h2>\n\tTesla y\u00f6neticileri toparlanma sinyali verdi<\/h2>\n<p>\n\t\u015eirket y\u00f6netim kurulu ba\u015fkan\u0131 Robyn Denholm, CNBC\u2019ye yapt\u0131\u011f\u0131 a\u00e7\u0131klamada Musk\u2019\u0131n ABD h\u00fck\u00fcmetindeki g\u00f6rev alg\u0131s\u0131n\u0131n art\u0131k zay\u0131flad\u0131\u011f\u0131n\u0131 belirtti.<\/p>\n<p>\n\tRaporda ayr\u0131ca, Tesla\u2019n\u0131n robotaksi, otonom s\u00fcr\u00fc\u015f teknolojisi ve insans\u0131 robot projelerine y\u00f6nelmesinin kamuoyundaki olumsuz alg\u0131y\u0131 k\u0131smen d\u00fczeltti\u011fi ifade edildi.<\/p>\n<div class=\"news-tags\">\n<div class=\"title\">ET\u0130KETLER<\/div>\n<div class=\"tags\">\n                                                                            Tesla<br \/>\n                                                                            Elon Musk<br \/>\n                                                                            ABD<br \/>\n                                                                            Beyaz Saray\n                                                                    <\/div>\n<\/p><\/div>\n<\/p><\/div>\n","protected":false},"excerpt":{"rendered":"<p>Ulusal Ekonomik Ara\u015ft\u0131rmalar B\u00fcrosu (NBER) taraf\u0131ndan yay\u0131mlanan \u00e7al\u0131\u015fmaya g\u00f6re, Musk\u2019\u0131n 2022\u2019de Twitter\u2019\u0131 sat\u0131n al\u0131p X olarak yeniden markala\u015ft\u0131rmas\u0131ndan bu yana ABD\u2019deki Tesla sat\u0131\u015flar\u0131 ciddi \u015fekilde geriledi. Ara\u015ft\u0131rmac\u0131lar, \u201cMusk partizan etkisi\u201d olarak adland\u0131rd\u0131klar\u0131 bu olgunun, Ekim 2022\u2013Nisan 2025 aras\u0131nda Tesla\u2019n\u0131n ABD sat\u0131\u015flar\u0131n\u0131 y\u00fczde 67 ila y\u00fczde 83 oran\u0131nda azaltt\u0131\u011f\u0131n\u0131; bunun da 1 ila 1,26 milyon ara\u00e7l\u0131k<\/p>\n","protected":false},"author":1,"featured_media":97396,"comment_status":"open","ping_status":"open","sticky":false,"template":"","format":"standard","meta":{"footnotes":""},"categories":[306],"tags":[],"class_list":["post-97395","post","type-post","status-publish","format-standard","has-post-thumbnail","hentry","category-dunya"],"yoast_head":"<!-- This site is optimized with the Yoast SEO plugin v27.5 - https:\/\/yoast.com\/product\/yoast-seo-wordpress\/ -->\n<title>Elon Musk\u0131n siyasi tutumu Teslaya 1 milyondan fazla ara\u00e7 sat\u0131\u015f\u0131na mal oldu -<\/title>\n<meta name=\"robots\" content=\"index, follow, max-snippet:-1, max-image-preview:large, max-video-preview:-1\" \/>\n<link rel=\"canonical\" href=\"https:\/\/kibrisdakik.com\/?p=97395\" \/>\n<meta property=\"og:locale\" content=\"tr_TR\" \/>\n<meta property=\"og:type\" content=\"article\" \/>\n<meta property=\"og:title\" content=\"Elon Musk\u0131n siyasi tutumu Teslaya 1 milyondan fazla ara\u00e7 sat\u0131\u015f\u0131na mal oldu -\" \/>\n<meta property=\"og:description\" content=\"Ulusal Ekonomik Ara\u015ft\u0131rmalar B\u00fcrosu (NBER) taraf\u0131ndan yay\u0131mlanan \u00e7al\u0131\u015fmaya g\u00f6re, Musk\u2019\u0131n 2022\u2019de Twitter\u2019\u0131 sat\u0131n al\u0131p X olarak yeniden markala\u015ft\u0131rmas\u0131ndan bu yana ABD\u2019deki Tesla sat\u0131\u015flar\u0131 ciddi \u015fekilde geriledi. Ara\u015ft\u0131rmac\u0131lar, \u201cMusk partizan etkisi\u201d olarak adland\u0131rd\u0131klar\u0131 bu olgunun, Ekim 2022\u2013Nisan 2025 aras\u0131nda Tesla\u2019n\u0131n ABD sat\u0131\u015flar\u0131n\u0131 y\u00fczde 67 ila y\u00fczde 83 oran\u0131nda azaltt\u0131\u011f\u0131n\u0131; bunun da 1 ila 1,26 milyon ara\u00e7l\u0131k\" \/>\n<meta property=\"og:url\" content=\"https:\/\/kibrisdakik.com\/?p=97395\" \/>\n<meta property=\"article:published_time\" content=\"2025-10-29T06:38:13+00:00\" \/>\n<meta property=\"og:image\" content=\"https:\/\/kibrisdakik.com\/wp-content\/uploads\/2025\/10\/tesla-aa-1997899.jpg\" \/>\n\t<meta property=\"og:image:width\" content=\"1280\" \/>\n\t<meta property=\"og:image:height\" content=\"720\" \/>\n\t<meta property=\"og:image:type\" content=\"image\/jpeg\" \/>\n<meta name=\"author\" content=\"admin\" \/>\n<meta name=\"twitter:card\" content=\"summary_large_image\" \/>\n<meta name=\"twitter:label1\" content=\"Yazan:\" \/>\n\t<meta name=\"twitter:data1\" content=\"admin\" \/>\n\t<meta name=\"twitter:label2\" content=\"Tahmini okuma s\u00fcresi\" \/>\n\t<meta name=\"twitter:data2\" content=\"1 dakika\" \/>\n<script type=\"application\/ld+json\" class=\"yoast-schema-graph\">{\"@context\":\"https:\\\/\\\/schema.org\",\"@graph\":[{\"@type\":\"Article\",\"@id\":\"https:\\\/\\\/kibrisdakik.com\\\/?p=97395#article\",\"isPartOf\":{\"@id\":\"https:\\\/\\\/kibrisdakik.com\\\/?p=97395\"},\"author\":{\"name\":\"admin\",\"@id\":\"https:\\\/\\\/kibrisdakik.com\\\/#\\\/schema\\\/person\\\/9cd9d437bbb44f72b73ba127e06d8e79\"},\"headline\":\"Elon Musk\u0131n siyasi tutumu Teslaya 1 milyondan fazla ara\u00e7 sat\u0131\u015f\u0131na mal oldu\",\"datePublished\":\"2025-10-29T06:38:13+00:00\",\"mainEntityOfPage\":{\"@id\":\"https:\\\/\\\/kibrisdakik.com\\\/?p=97395\"},\"wordCount\":303,\"commentCount\":0,\"image\":{\"@id\":\"https:\\\/\\\/kibrisdakik.com\\\/?p=97395#primaryimage\"},\"thumbnailUrl\":\"https:\\\/\\\/kibrisdakik.com\\\/wp-content\\\/uploads\\\/2025\\\/10\\\/tesla-aa-1997899.jpg\",\"articleSection\":[\"D\u00fcnya\"],\"inLanguage\":\"tr\",\"potentialAction\":[{\"@type\":\"CommentAction\",\"name\":\"Comment\",\"target\":[\"https:\\\/\\\/kibrisdakik.com\\\/?p=97395#respond\"]}]},{\"@type\":\"WebPage\",\"@id\":\"https:\\\/\\\/kibrisdakik.com\\\/?p=97395\",\"url\":\"https:\\\/\\\/kibrisdakik.com\\\/?p=97395\",\"name\":\"Elon Musk\u0131n siyasi tutumu Teslaya 1 milyondan fazla ara\u00e7 sat\u0131\u015f\u0131na mal oldu -\",\"isPartOf\":{\"@id\":\"https:\\\/\\\/kibrisdakik.com\\\/#website\"},\"primaryImageOfPage\":{\"@id\":\"https:\\\/\\\/kibrisdakik.com\\\/?p=97395#primaryimage\"},\"image\":{\"@id\":\"https:\\\/\\\/kibrisdakik.com\\\/?p=97395#primaryimage\"},\"thumbnailUrl\":\"https:\\\/\\\/kibrisdakik.com\\\/wp-content\\\/uploads\\\/2025\\\/10\\\/tesla-aa-1997899.jpg\",\"datePublished\":\"2025-10-29T06:38:13+00:00\",\"author\":{\"@id\":\"https:\\\/\\\/kibrisdakik.com\\\/#\\\/schema\\\/person\\\/9cd9d437bbb44f72b73ba127e06d8e79\"},\"breadcrumb\":{\"@id\":\"https:\\\/\\\/kibrisdakik.com\\\/?p=97395#breadcrumb\"},\"inLanguage\":\"tr\",\"potentialAction\":[{\"@type\":\"ReadAction\",\"target\":[\"https:\\\/\\\/kibrisdakik.com\\\/?p=97395\"]}]},{\"@type\":\"ImageObject\",\"inLanguage\":\"tr\",\"@id\":\"https:\\\/\\\/kibrisdakik.com\\\/?p=97395#primaryimage\",\"url\":\"https:\\\/\\\/kibrisdakik.com\\\/wp-content\\\/uploads\\\/2025\\\/10\\\/tesla-aa-1997899.jpg\",\"contentUrl\":\"https:\\\/\\\/kibrisdakik.com\\\/wp-content\\\/uploads\\\/2025\\\/10\\\/tesla-aa-1997899.jpg\",\"width\":1280,\"height\":720},{\"@type\":\"BreadcrumbList\",\"@id\":\"https:\\\/\\\/kibrisdakik.com\\\/?p=97395#breadcrumb\",\"itemListElement\":[{\"@type\":\"ListItem\",\"position\":1,\"name\":\"Home\",\"item\":\"https:\\\/\\\/kibrisdakik.com\\\/\"},{\"@type\":\"ListItem\",\"position\":2,\"name\":\"Elon Musk\u0131n siyasi tutumu Teslaya 1 milyondan fazla ara\u00e7 sat\u0131\u015f\u0131na mal oldu\"}]},{\"@type\":\"WebSite\",\"@id\":\"https:\\\/\\\/kibrisdakik.com\\\/#website\",\"url\":\"https:\\\/\\\/kibrisdakik.com\\\/\",\"name\":\"\",\"description\":\"Tam vaktinde haber\",\"potentialAction\":[{\"@type\":\"SearchAction\",\"target\":{\"@type\":\"EntryPoint\",\"urlTemplate\":\"https:\\\/\\\/kibrisdakik.com\\\/?s={search_term_string}\"},\"query-input\":{\"@type\":\"PropertyValueSpecification\",\"valueRequired\":true,\"valueName\":\"search_term_string\"}}],\"inLanguage\":\"tr\"},{\"@type\":\"Person\",\"@id\":\"https:\\\/\\\/kibrisdakik.com\\\/#\\\/schema\\\/person\\\/9cd9d437bbb44f72b73ba127e06d8e79\",\"name\":\"admin\",\"image\":{\"@type\":\"ImageObject\",\"inLanguage\":\"tr\",\"@id\":\"https:\\\/\\\/secure.gravatar.com\\\/avatar\\\/ccc17943b9d660506c869530f897617f7cb1c21a4bf30023f252596d83e1f007?s=96&d=mm&r=g\",\"url\":\"https:\\\/\\\/secure.gravatar.com\\\/avatar\\\/ccc17943b9d660506c869530f897617f7cb1c21a4bf30023f252596d83e1f007?s=96&d=mm&r=g\",\"contentUrl\":\"https:\\\/\\\/secure.gravatar.com\\\/avatar\\\/ccc17943b9d660506c869530f897617f7cb1c21a4bf30023f252596d83e1f007?s=96&d=mm&r=g\",\"caption\":\"admin\"},\"sameAs\":[\"https:\\\/\\\/kibrisdakik.com\"],\"url\":\"https:\\\/\\\/kibrisdakik.com\\\/?author=1\"}]}<\/script>\n<!-- \/ Yoast SEO plugin. -->","yoast_head_json":{"title":"Elon Musk\u0131n siyasi tutumu Teslaya 1 milyondan fazla ara\u00e7 sat\u0131\u015f\u0131na mal oldu -","robots":{"index":"index","follow":"follow","max-snippet":"max-snippet:-1","max-image-preview":"max-image-preview:large","max-video-preview":"max-video-preview:-1"},"canonical":"https:\/\/kibrisdakik.com\/?p=97395","og_locale":"tr_TR","og_type":"article","og_title":"Elon Musk\u0131n siyasi tutumu Teslaya 1 milyondan fazla ara\u00e7 sat\u0131\u015f\u0131na mal oldu -","og_description":"Ulusal Ekonomik Ara\u015ft\u0131rmalar B\u00fcrosu (NBER) taraf\u0131ndan yay\u0131mlanan \u00e7al\u0131\u015fmaya g\u00f6re, Musk\u2019\u0131n 2022\u2019de Twitter\u2019\u0131 sat\u0131n al\u0131p X olarak yeniden markala\u015ft\u0131rmas\u0131ndan bu yana ABD\u2019deki Tesla sat\u0131\u015flar\u0131 ciddi \u015fekilde geriledi. Ara\u015ft\u0131rmac\u0131lar, \u201cMusk partizan etkisi\u201d olarak adland\u0131rd\u0131klar\u0131 bu olgunun, Ekim 2022\u2013Nisan 2025 aras\u0131nda Tesla\u2019n\u0131n ABD sat\u0131\u015flar\u0131n\u0131 y\u00fczde 67 ila y\u00fczde 83 oran\u0131nda azaltt\u0131\u011f\u0131n\u0131; bunun da 1 ila 1,26 milyon ara\u00e7l\u0131k","og_url":"https:\/\/kibrisdakik.com\/?p=97395","article_published_time":"2025-10-29T06:38:13+00:00","og_image":[{"width":1280,"height":720,"url":"https:\/\/kibrisdakik.com\/wp-content\/uploads\/2025\/10\/tesla-aa-1997899.jpg","type":"image\/jpeg"}],"author":"admin","twitter_card":"summary_large_image","twitter_misc":{"Yazan:":"admin","Tahmini okuma s\u00fcresi":"1 dakika"},"schema":{"@context":"https:\/\/schema.org","@graph":[{"@type":"Article","@id":"https:\/\/kibrisdakik.com\/?p=97395#article","isPartOf":{"@id":"https:\/\/kibrisdakik.com\/?p=97395"},"author":{"name":"admin","@id":"https:\/\/kibrisdakik.com\/#\/schema\/person\/9cd9d437bbb44f72b73ba127e06d8e79"},"headline":"Elon Musk\u0131n siyasi tutumu Teslaya 1 milyondan fazla ara\u00e7 sat\u0131\u015f\u0131na mal oldu","datePublished":"2025-10-29T06:38:13+00:00","mainEntityOfPage":{"@id":"https:\/\/kibrisdakik.com\/?p=97395"},"wordCount":303,"commentCount":0,"image":{"@id":"https:\/\/kibrisdakik.com\/?p=97395#primaryimage"},"thumbnailUrl":"https:\/\/kibrisdakik.com\/wp-content\/uploads\/2025\/10\/tesla-aa-1997899.jpg","articleSection":["D\u00fcnya"],"inLanguage":"tr","potentialAction":[{"@type":"CommentAction","name":"Comment","target":["https:\/\/kibrisdakik.com\/?p=97395#respond"]}]},{"@type":"WebPage","@id":"https:\/\/kibrisdakik.com\/?p=97395","url":"https:\/\/kibrisdakik.com\/?p=97395","name":"Elon Musk\u0131n siyasi tutumu Teslaya 1 milyondan fazla ara\u00e7 sat\u0131\u015f\u0131na mal oldu -","isPartOf":{"@id":"https:\/\/kibrisdakik.com\/#website"},"primaryImageOfPage":{"@id":"https:\/\/kibrisdakik.com\/?p=97395#primaryimage"},"image":{"@id":"https:\/\/kibrisdakik.com\/?p=97395#primaryimage"},"thumbnailUrl":"https:\/\/kibrisdakik.com\/wp-content\/uploads\/2025\/10\/tesla-aa-1997899.jpg","datePublished":"2025-10-29T06:38:13+00:00","author":{"@id":"https:\/\/kibrisdakik.com\/#\/schema\/person\/9cd9d437bbb44f72b73ba127e06d8e79"},"breadcrumb":{"@id":"https:\/\/kibrisdakik.com\/?p=97395#breadcrumb"},"inLanguage":"tr","potentialAction":[{"@type":"ReadAction","target":["https:\/\/kibrisdakik.com\/?p=97395"]}]},{"@type":"ImageObject","inLanguage":"tr","@id":"https:\/\/kibrisdakik.com\/?p=97395#primaryimage","url":"https:\/\/kibrisdakik.com\/wp-content\/uploads\/2025\/10\/tesla-aa-1997899.jpg","contentUrl":"https:\/\/kibrisdakik.com\/wp-content\/uploads\/2025\/10\/tesla-aa-1997899.jpg","width":1280,"height":720},{"@type":"BreadcrumbList","@id":"https:\/\/kibrisdakik.com\/?p=97395#breadcrumb","itemListElement":[{"@type":"ListItem","position":1,"name":"Home","item":"https:\/\/kibrisdakik.com\/"},{"@type":"ListItem","position":2,"name":"Elon Musk\u0131n siyasi tutumu Teslaya 1 milyondan fazla ara\u00e7 sat\u0131\u015f\u0131na mal oldu"}]},{"@type":"WebSite","@id":"https:\/\/kibrisdakik.com\/#website","url":"https:\/\/kibrisdakik.com\/","name":"","description":"Tam vaktinde haber","potentialAction":[{"@type":"SearchAction","target":{"@type":"EntryPoint","urlTemplate":"https:\/\/kibrisdakik.com\/?s={search_term_string}"},"query-input":{"@type":"PropertyValueSpecification","valueRequired":true,"valueName":"search_term_string"}}],"inLanguage":"tr"},{"@type":"Person","@id":"https:\/\/kibrisdakik.com\/#\/schema\/person\/9cd9d437bbb44f72b73ba127e06d8e79","name":"admin","image":{"@type":"ImageObject","inLanguage":"tr","@id":"https:\/\/secure.gravatar.com\/avatar\/ccc17943b9d660506c869530f897617f7cb1c21a4bf30023f252596d83e1f007?s=96&d=mm&r=g","url":"https:\/\/secure.gravatar.com\/avatar\/ccc17943b9d660506c869530f897617f7cb1c21a4bf30023f252596d83e1f007?s=96&d=mm&r=g","contentUrl":"https:\/\/secure.gravatar.com\/avatar\/ccc17943b9d660506c869530f897617f7cb1c21a4bf30023f252596d83e1f007?s=96&d=mm&r=g","caption":"admin"},"sameAs":["https:\/\/kibrisdakik.com"],"url":"https:\/\/kibrisdakik.com\/?author=1"}]}},"_links":{"self":[{"href":"https:\/\/kibrisdakik.com\/index.php?rest_route=\/wp\/v2\/posts\/97395","targetHints":{"allow":["GET"]}}],"collection":[{"href":"https:\/\/kibrisdakik.com\/index.php?rest_route=\/wp\/v2\/posts"}],"about":[{"href":"https:\/\/kibrisdakik.com\/index.php?rest_route=\/wp\/v2\/types\/post"}],"author":[{"embeddable":true,"href":"https:\/\/kibrisdakik.com\/index.php?rest_route=\/wp\/v2\/users\/1"}],"replies":[{"embeddable":true,"href":"https:\/\/kibrisdakik.com\/index.php?rest_route=%2Fwp%2Fv2%2Fcomments&post=97395"}],"version-history":[{"count":0,"href":"https:\/\/kibrisdakik.com\/index.php?rest_route=\/wp\/v2\/posts\/97395\/revisions"}],"wp:featuredmedia":[{"embeddable":true,"href":"https:\/\/kibrisdakik.com\/index.php?rest_route=\/wp\/v2\/media\/97396"}],"wp:attachment":[{"href":"https:\/\/kibrisdakik.com\/index.php?rest_route=%2Fwp%2Fv2%2Fmedia&parent=97395"}],"wp:term":[{"taxonomy":"category","embeddable":true,"href":"https:\/\/kibrisdakik.com\/index.php?rest_route=%2Fwp%2Fv2%2Fcategories&post=97395"},{"taxonomy":"post_tag","embeddable":true,"href":"https:\/\/kibrisdakik.com\/index.php?rest_route=%2Fwp%2Fv2%2Ftags&post=97395"}],"curies":[{"name":"wp","href":"https:\/\/api.w.org\/{rel}","templated":true}]}}