{"id":97426,"date":"2025-10-29T11:21:27","date_gmt":"2025-10-29T09:21:27","guid":{"rendered":"https:\/\/kibrisdakik.com\/index.php\/2025\/10\/29\/cumhurbaskani-erhurman-29-ekim-torenine-katildi\/"},"modified":"2025-10-29T11:21:27","modified_gmt":"2025-10-29T09:21:27","slug":"cumhurbaskani-erhurman-29-ekim-torenine-katildi","status":"publish","type":"post","link":"https:\/\/kibrisdakik.com\/?p=97426","title":{"rendered":"CUMHURBA\u015eKANI ERH\u00dcRMAN, 29 EK\u0130M T\u00d6REN\u0130NE KATILDI"},"content":{"rendered":"<p><\/p>\n<p>Cumhurba\u015fkan\u0131 Tufan Erh\u00fcrman, 29 Ekim Cumhuriyet Bayram\u0131 nedeniyle Lefko\u015fa Atat\u00fcrk An\u0131t\u0131 \u00f6n\u00fcnde d\u00fczenlenen t\u00f6rene kat\u0131ld\u0131.<\/p>\n<p>T\u00f6rende, protokol s\u0131ras\u0131na g\u00f6re an\u0131ta \u00e7elenkler sunuldu. Sayg\u0131 duru\u015funun ard\u0131ndan \u0130stiklal Mar\u015f\u0131 e\u015fli\u011finde bayraklar g\u00f6ndere \u00e7ekildi.<\/p>\n<p>T\u00f6ren, an\u0131t \u00f6zel defterinin imzalanmas\u0131yla sona erdi.<\/p>\n<p>Cumhurba\u015fkan\u0131 Tufan Erh\u00fcrman an\u0131t \u00f6zel defterine \u015funlar\u0131 yazd\u0131:<\/p>\n<p>\u201cAziz Mustafa Kemal Atat\u00fcrk,<br \/>\nKurucusu oldu\u011funuz T\u00fcrkiye Cumhuriyeti\u2019nin 102\u2019nci y\u0131l\u0131 vesilesiyle, KKTC\u2019nin 6\u2019nc\u0131 Cumhurba\u015fkan\u0131 olarak huzurunuzda bulunman\u0131n gururunu ya\u015f\u0131yorum.<br \/>\nT\u00fcrk milletinin varolu\u015f m\u00fccadelesine \u00f6nderlik ederken ortaya koydu\u011funuz kararl\u0131l\u0131k, cesaret ve ileri g\u00f6r\u00fc\u015fl\u00fcl\u00fck; K\u0131br\u0131s T\u00fcrk halk\u0131n\u0131n verdi\u011fi varolu\u015f m\u00fccadelesine de y\u00f6n vermi\u015ftir.<br \/>\n\u0130lke ve devrimleriniz, kurdu\u011funuz Cumhuriyet\u2019le bizlere emanet etti\u011finiz \u00e7a\u011fda\u015f de\u011ferler, 100 y\u0131l\u0131 a\u015fk\u0131n s\u00fcredir bizlere yol g\u00f6stermeye devam etmektedir.<br \/>\nK\u0131br\u0131s T\u00fcrk halk\u0131 olarak, kurdu\u011funuz Cumhuriyet\u2019in a\u00e7t\u0131\u011f\u0131 ayd\u0131nl\u0131k yolda; halk\u0131m\u0131z\u0131n huzurunu, g\u00fcvenli\u011fini ve refah\u0131n\u0131 her \u015feyin \u00fczerinde tutarak, \u00fclkemizi muas\u0131r medeniyetler seviyesine ula\u015ft\u0131rma kararl\u0131l\u0131\u011f\u0131m\u0131z\u0131 bug\u00fcn bir kez daha aziz hat\u0131ran\u0131z \u00f6n\u00fcnde ifade ediyoruz.<br \/>\nYeg\u00e2ne hedefimiz, bizlere miras b\u0131rakt\u0131\u011f\u0131n\u0131z de\u011ferleri daha da ileriye ta\u015f\u0131mak, emanetinize lay\u0131k olmakt\u0131r.<br \/>\nBu gurur g\u00fcn\u00fcnde, b\u00fcy\u00fck minnet, sayg\u0131 ve rahmetle sizi an\u0131yor; aziz hat\u0131ran\u0131z \u00f6n\u00fcnde sayg\u0131yla e\u011filiyorum.\u201d<\/p>\n","protected":false},"excerpt":{"rendered":"<p>Cumhurba\u015fkan\u0131 Tufan Erh\u00fcrman, 29 Ekim Cumhuriyet Bayram\u0131 nedeniyle Lefko\u015fa Atat\u00fcrk An\u0131t\u0131 \u00f6n\u00fcnde d\u00fczenlenen t\u00f6rene kat\u0131ld\u0131. T\u00f6rende, protokol s\u0131ras\u0131na g\u00f6re an\u0131ta \u00e7elenkler sunuldu. Sayg\u0131 duru\u015funun ard\u0131ndan \u0130stiklal Mar\u015f\u0131 e\u015fli\u011finde bayraklar g\u00f6ndere \u00e7ekildi. T\u00f6ren, an\u0131t \u00f6zel defterinin imzalanmas\u0131yla sona erdi. Cumhurba\u015fkan\u0131 Tufan Erh\u00fcrman an\u0131t \u00f6zel defterine \u015funlar\u0131 yazd\u0131: \u201cAziz Mustafa Kemal Atat\u00fcrk, Kurucusu oldu\u011funuz T\u00fcrkiye Cumhuriyeti\u2019nin 102\u2019nci<\/p>\n","protected":false},"author":1,"featured_media":97427,"comment_status":"open","ping_status":"open","sticky":false,"template":"","format":"standard","meta":{"footnotes":""},"categories":[81],"tags":[],"class_list":["post-97426","post","type-post","status-publish","format-standard","has-post-thumbnail","hentry","category-kibris"],"yoast_head":"<!-- This site is optimized with the Yoast SEO plugin v27.5 - https:\/\/yoast.com\/product\/yoast-seo-wordpress\/ -->\n<title>CUMHURBA\u015eKANI ERH\u00dcRMAN, 29 EK\u0130M T\u00d6REN\u0130NE KATILDI -<\/title>\n<meta name=\"robots\" content=\"index, follow, max-snippet:-1, max-image-preview:large, max-video-preview:-1\" \/>\n<link rel=\"canonical\" href=\"https:\/\/kibrisdakik.com\/?p=97426\" \/>\n<meta property=\"og:locale\" content=\"tr_TR\" \/>\n<meta property=\"og:type\" content=\"article\" \/>\n<meta property=\"og:title\" content=\"CUMHURBA\u015eKANI ERH\u00dcRMAN, 29 EK\u0130M T\u00d6REN\u0130NE KATILDI -\" \/>\n<meta property=\"og:description\" content=\"Cumhurba\u015fkan\u0131 Tufan Erh\u00fcrman, 29 Ekim Cumhuriyet Bayram\u0131 nedeniyle Lefko\u015fa Atat\u00fcrk An\u0131t\u0131 \u00f6n\u00fcnde d\u00fczenlenen t\u00f6rene kat\u0131ld\u0131. T\u00f6rende, protokol s\u0131ras\u0131na g\u00f6re an\u0131ta \u00e7elenkler sunuldu. Sayg\u0131 duru\u015funun ard\u0131ndan \u0130stiklal Mar\u015f\u0131 e\u015fli\u011finde bayraklar g\u00f6ndere \u00e7ekildi. T\u00f6ren, an\u0131t \u00f6zel defterinin imzalanmas\u0131yla sona erdi. Cumhurba\u015fkan\u0131 Tufan Erh\u00fcrman an\u0131t \u00f6zel defterine \u015funlar\u0131 yazd\u0131: \u201cAziz Mustafa Kemal Atat\u00fcrk, Kurucusu oldu\u011funuz T\u00fcrkiye Cumhuriyeti\u2019nin 102\u2019nci\" \/>\n<meta property=\"og:url\" content=\"https:\/\/kibrisdakik.com\/?p=97426\" \/>\n<meta property=\"article:published_time\" content=\"2025-10-29T09:21:27+00:00\" \/>\n<meta property=\"og:image\" content=\"https:\/\/kibrisdakik.com\/wp-content\/uploads\/2025\/10\/mha-sari-beyaz-353.png\" \/>\n\t<meta property=\"og:image:width\" content=\"1280\" \/>\n\t<meta property=\"og:image:height\" content=\"720\" \/>\n\t<meta property=\"og:image:type\" content=\"image\/png\" \/>\n<meta name=\"author\" content=\"admin\" \/>\n<meta name=\"twitter:card\" content=\"summary_large_image\" \/>\n<meta name=\"twitter:label1\" content=\"Yazan:\" \/>\n\t<meta name=\"twitter:data1\" content=\"admin\" \/>\n\t<meta name=\"twitter:label2\" content=\"Tahmini okuma s\u00fcresi\" \/>\n\t<meta name=\"twitter:data2\" content=\"1 dakika\" \/>\n<script type=\"application\/ld+json\" class=\"yoast-schema-graph\">{\"@context\":\"https:\\\/\\\/schema.org\",\"@graph\":[{\"@type\":\"Article\",\"@id\":\"https:\\\/\\\/kibrisdakik.com\\\/?p=97426#article\",\"isPartOf\":{\"@id\":\"https:\\\/\\\/kibrisdakik.com\\\/?p=97426\"},\"author\":{\"name\":\"admin\",\"@id\":\"https:\\\/\\\/kibrisdakik.com\\\/#\\\/schema\\\/person\\\/9cd9d437bbb44f72b73ba127e06d8e79\"},\"headline\":\"CUMHURBA\u015eKANI ERH\u00dcRMAN, 29 EK\u0130M T\u00d6REN\u0130NE KATILDI\",\"datePublished\":\"2025-10-29T09:21:27+00:00\",\"mainEntityOfPage\":{\"@id\":\"https:\\\/\\\/kibrisdakik.com\\\/?p=97426\"},\"wordCount\":279,\"commentCount\":0,\"image\":{\"@id\":\"https:\\\/\\\/kibrisdakik.com\\\/?p=97426#primaryimage\"},\"thumbnailUrl\":\"https:\\\/\\\/kibrisdakik.com\\\/wp-content\\\/uploads\\\/2025\\\/10\\\/mha-sari-beyaz-353.png\",\"articleSection\":[\"K\u0131br\u0131s\"],\"inLanguage\":\"tr\",\"potentialAction\":[{\"@type\":\"CommentAction\",\"name\":\"Comment\",\"target\":[\"https:\\\/\\\/kibrisdakik.com\\\/?p=97426#respond\"]}]},{\"@type\":\"WebPage\",\"@id\":\"https:\\\/\\\/kibrisdakik.com\\\/?p=97426\",\"url\":\"https:\\\/\\\/kibrisdakik.com\\\/?p=97426\",\"name\":\"CUMHURBA\u015eKANI ERH\u00dcRMAN, 29 EK\u0130M T\u00d6REN\u0130NE KATILDI -\",\"isPartOf\":{\"@id\":\"https:\\\/\\\/kibrisdakik.com\\\/#website\"},\"primaryImageOfPage\":{\"@id\":\"https:\\\/\\\/kibrisdakik.com\\\/?p=97426#primaryimage\"},\"image\":{\"@id\":\"https:\\\/\\\/kibrisdakik.com\\\/?p=97426#primaryimage\"},\"thumbnailUrl\":\"https:\\\/\\\/kibrisdakik.com\\\/wp-content\\\/uploads\\\/2025\\\/10\\\/mha-sari-beyaz-353.png\",\"datePublished\":\"2025-10-29T09:21:27+00:00\",\"author\":{\"@id\":\"https:\\\/\\\/kibrisdakik.com\\\/#\\\/schema\\\/person\\\/9cd9d437bbb44f72b73ba127e06d8e79\"},\"breadcrumb\":{\"@id\":\"https:\\\/\\\/kibrisdakik.com\\\/?p=97426#breadcrumb\"},\"inLanguage\":\"tr\",\"potentialAction\":[{\"@type\":\"ReadAction\",\"target\":[\"https:\\\/\\\/kibrisdakik.com\\\/?p=97426\"]}]},{\"@type\":\"ImageObject\",\"inLanguage\":\"tr\",\"@id\":\"https:\\\/\\\/kibrisdakik.com\\\/?p=97426#primaryimage\",\"url\":\"https:\\\/\\\/kibrisdakik.com\\\/wp-content\\\/uploads\\\/2025\\\/10\\\/mha-sari-beyaz-353.png\",\"contentUrl\":\"https:\\\/\\\/kibrisdakik.com\\\/wp-content\\\/uploads\\\/2025\\\/10\\\/mha-sari-beyaz-353.png\",\"width\":1280,\"height\":720},{\"@type\":\"BreadcrumbList\",\"@id\":\"https:\\\/\\\/kibrisdakik.com\\\/?p=97426#breadcrumb\",\"itemListElement\":[{\"@type\":\"ListItem\",\"position\":1,\"name\":\"Home\",\"item\":\"https:\\\/\\\/kibrisdakik.com\\\/\"},{\"@type\":\"ListItem\",\"position\":2,\"name\":\"CUMHURBA\u015eKANI ERH\u00dcRMAN, 29 EK\u0130M T\u00d6REN\u0130NE KATILDI\"}]},{\"@type\":\"WebSite\",\"@id\":\"https:\\\/\\\/kibrisdakik.com\\\/#website\",\"url\":\"https:\\\/\\\/kibrisdakik.com\\\/\",\"name\":\"\",\"description\":\"Tam vaktinde haber\",\"potentialAction\":[{\"@type\":\"SearchAction\",\"target\":{\"@type\":\"EntryPoint\",\"urlTemplate\":\"https:\\\/\\\/kibrisdakik.com\\\/?s={search_term_string}\"},\"query-input\":{\"@type\":\"PropertyValueSpecification\",\"valueRequired\":true,\"valueName\":\"search_term_string\"}}],\"inLanguage\":\"tr\"},{\"@type\":\"Person\",\"@id\":\"https:\\\/\\\/kibrisdakik.com\\\/#\\\/schema\\\/person\\\/9cd9d437bbb44f72b73ba127e06d8e79\",\"name\":\"admin\",\"image\":{\"@type\":\"ImageObject\",\"inLanguage\":\"tr\",\"@id\":\"https:\\\/\\\/secure.gravatar.com\\\/avatar\\\/ccc17943b9d660506c869530f897617f7cb1c21a4bf30023f252596d83e1f007?s=96&d=mm&r=g\",\"url\":\"https:\\\/\\\/secure.gravatar.com\\\/avatar\\\/ccc17943b9d660506c869530f897617f7cb1c21a4bf30023f252596d83e1f007?s=96&d=mm&r=g\",\"contentUrl\":\"https:\\\/\\\/secure.gravatar.com\\\/avatar\\\/ccc17943b9d660506c869530f897617f7cb1c21a4bf30023f252596d83e1f007?s=96&d=mm&r=g\",\"caption\":\"admin\"},\"sameAs\":[\"https:\\\/\\\/kibrisdakik.com\"],\"url\":\"https:\\\/\\\/kibrisdakik.com\\\/?author=1\"}]}<\/script>\n<!-- \/ Yoast SEO plugin. -->","yoast_head_json":{"title":"CUMHURBA\u015eKANI ERH\u00dcRMAN, 29 EK\u0130M T\u00d6REN\u0130NE KATILDI -","robots":{"index":"index","follow":"follow","max-snippet":"max-snippet:-1","max-image-preview":"max-image-preview:large","max-video-preview":"max-video-preview:-1"},"canonical":"https:\/\/kibrisdakik.com\/?p=97426","og_locale":"tr_TR","og_type":"article","og_title":"CUMHURBA\u015eKANI ERH\u00dcRMAN, 29 EK\u0130M T\u00d6REN\u0130NE KATILDI -","og_description":"Cumhurba\u015fkan\u0131 Tufan Erh\u00fcrman, 29 Ekim Cumhuriyet Bayram\u0131 nedeniyle Lefko\u015fa Atat\u00fcrk An\u0131t\u0131 \u00f6n\u00fcnde d\u00fczenlenen t\u00f6rene kat\u0131ld\u0131. T\u00f6rende, protokol s\u0131ras\u0131na g\u00f6re an\u0131ta \u00e7elenkler sunuldu. Sayg\u0131 duru\u015funun ard\u0131ndan \u0130stiklal Mar\u015f\u0131 e\u015fli\u011finde bayraklar g\u00f6ndere \u00e7ekildi. T\u00f6ren, an\u0131t \u00f6zel defterinin imzalanmas\u0131yla sona erdi. Cumhurba\u015fkan\u0131 Tufan Erh\u00fcrman an\u0131t \u00f6zel defterine \u015funlar\u0131 yazd\u0131: \u201cAziz Mustafa Kemal Atat\u00fcrk, Kurucusu oldu\u011funuz T\u00fcrkiye Cumhuriyeti\u2019nin 102\u2019nci","og_url":"https:\/\/kibrisdakik.com\/?p=97426","article_published_time":"2025-10-29T09:21:27+00:00","og_image":[{"width":1280,"height":720,"url":"https:\/\/kibrisdakik.com\/wp-content\/uploads\/2025\/10\/mha-sari-beyaz-353.png","type":"image\/png"}],"author":"admin","twitter_card":"summary_large_image","twitter_misc":{"Yazan:":"admin","Tahmini okuma s\u00fcresi":"1 dakika"},"schema":{"@context":"https:\/\/schema.org","@graph":[{"@type":"Article","@id":"https:\/\/kibrisdakik.com\/?p=97426#article","isPartOf":{"@id":"https:\/\/kibrisdakik.com\/?p=97426"},"author":{"name":"admin","@id":"https:\/\/kibrisdakik.com\/#\/schema\/person\/9cd9d437bbb44f72b73ba127e06d8e79"},"headline":"CUMHURBA\u015eKANI ERH\u00dcRMAN, 29 EK\u0130M T\u00d6REN\u0130NE KATILDI","datePublished":"2025-10-29T09:21:27+00:00","mainEntityOfPage":{"@id":"https:\/\/kibrisdakik.com\/?p=97426"},"wordCount":279,"commentCount":0,"image":{"@id":"https:\/\/kibrisdakik.com\/?p=97426#primaryimage"},"thumbnailUrl":"https:\/\/kibrisdakik.com\/wp-content\/uploads\/2025\/10\/mha-sari-beyaz-353.png","articleSection":["K\u0131br\u0131s"],"inLanguage":"tr","potentialAction":[{"@type":"CommentAction","name":"Comment","target":["https:\/\/kibrisdakik.com\/?p=97426#respond"]}]},{"@type":"WebPage","@id":"https:\/\/kibrisdakik.com\/?p=97426","url":"https:\/\/kibrisdakik.com\/?p=97426","name":"CUMHURBA\u015eKANI ERH\u00dcRMAN, 29 EK\u0130M T\u00d6REN\u0130NE KATILDI -","isPartOf":{"@id":"https:\/\/kibrisdakik.com\/#website"},"primaryImageOfPage":{"@id":"https:\/\/kibrisdakik.com\/?p=97426#primaryimage"},"image":{"@id":"https:\/\/kibrisdakik.com\/?p=97426#primaryimage"},"thumbnailUrl":"https:\/\/kibrisdakik.com\/wp-content\/uploads\/2025\/10\/mha-sari-beyaz-353.png","datePublished":"2025-10-29T09:21:27+00:00","author":{"@id":"https:\/\/kibrisdakik.com\/#\/schema\/person\/9cd9d437bbb44f72b73ba127e06d8e79"},"breadcrumb":{"@id":"https:\/\/kibrisdakik.com\/?p=97426#breadcrumb"},"inLanguage":"tr","potentialAction":[{"@type":"ReadAction","target":["https:\/\/kibrisdakik.com\/?p=97426"]}]},{"@type":"ImageObject","inLanguage":"tr","@id":"https:\/\/kibrisdakik.com\/?p=97426#primaryimage","url":"https:\/\/kibrisdakik.com\/wp-content\/uploads\/2025\/10\/mha-sari-beyaz-353.png","contentUrl":"https:\/\/kibrisdakik.com\/wp-content\/uploads\/2025\/10\/mha-sari-beyaz-353.png","width":1280,"height":720},{"@type":"BreadcrumbList","@id":"https:\/\/kibrisdakik.com\/?p=97426#breadcrumb","itemListElement":[{"@type":"ListItem","position":1,"name":"Home","item":"https:\/\/kibrisdakik.com\/"},{"@type":"ListItem","position":2,"name":"CUMHURBA\u015eKANI ERH\u00dcRMAN, 29 EK\u0130M T\u00d6REN\u0130NE KATILDI"}]},{"@type":"WebSite","@id":"https:\/\/kibrisdakik.com\/#website","url":"https:\/\/kibrisdakik.com\/","name":"","description":"Tam vaktinde haber","potentialAction":[{"@type":"SearchAction","target":{"@type":"EntryPoint","urlTemplate":"https:\/\/kibrisdakik.com\/?s={search_term_string}"},"query-input":{"@type":"PropertyValueSpecification","valueRequired":true,"valueName":"search_term_string"}}],"inLanguage":"tr"},{"@type":"Person","@id":"https:\/\/kibrisdakik.com\/#\/schema\/person\/9cd9d437bbb44f72b73ba127e06d8e79","name":"admin","image":{"@type":"ImageObject","inLanguage":"tr","@id":"https:\/\/secure.gravatar.com\/avatar\/ccc17943b9d660506c869530f897617f7cb1c21a4bf30023f252596d83e1f007?s=96&d=mm&r=g","url":"https:\/\/secure.gravatar.com\/avatar\/ccc17943b9d660506c869530f897617f7cb1c21a4bf30023f252596d83e1f007?s=96&d=mm&r=g","contentUrl":"https:\/\/secure.gravatar.com\/avatar\/ccc17943b9d660506c869530f897617f7cb1c21a4bf30023f252596d83e1f007?s=96&d=mm&r=g","caption":"admin"},"sameAs":["https:\/\/kibrisdakik.com"],"url":"https:\/\/kibrisdakik.com\/?author=1"}]}},"_links":{"self":[{"href":"https:\/\/kibrisdakik.com\/index.php?rest_route=\/wp\/v2\/posts\/97426","targetHints":{"allow":["GET"]}}],"collection":[{"href":"https:\/\/kibrisdakik.com\/index.php?rest_route=\/wp\/v2\/posts"}],"about":[{"href":"https:\/\/kibrisdakik.com\/index.php?rest_route=\/wp\/v2\/types\/post"}],"author":[{"embeddable":true,"href":"https:\/\/kibrisdakik.com\/index.php?rest_route=\/wp\/v2\/users\/1"}],"replies":[{"embeddable":true,"href":"https:\/\/kibrisdakik.com\/index.php?rest_route=%2Fwp%2Fv2%2Fcomments&post=97426"}],"version-history":[{"count":0,"href":"https:\/\/kibrisdakik.com\/index.php?rest_route=\/wp\/v2\/posts\/97426\/revisions"}],"wp:featuredmedia":[{"embeddable":true,"href":"https:\/\/kibrisdakik.com\/index.php?rest_route=\/wp\/v2\/media\/97427"}],"wp:attachment":[{"href":"https:\/\/kibrisdakik.com\/index.php?rest_route=%2Fwp%2Fv2%2Fmedia&parent=97426"}],"wp:term":[{"taxonomy":"category","embeddable":true,"href":"https:\/\/kibrisdakik.com\/index.php?rest_route=%2Fwp%2Fv2%2Fcategories&post=97426"},{"taxonomy":"post_tag","embeddable":true,"href":"https:\/\/kibrisdakik.com\/index.php?rest_route=%2Fwp%2Fv2%2Ftags&post=97426"}],"curies":[{"name":"wp","href":"https:\/\/api.w.org\/{rel}","templated":true}]}}