{"id":97468,"date":"2025-10-29T14:50:19","date_gmt":"2025-10-29T12:50:19","guid":{"rendered":"https:\/\/kibrisdakik.com\/index.php\/2025\/10\/29\/gazimagusada-turkiye-cumhuriyetinin-102-yili-kutlandi\/"},"modified":"2025-10-29T14:50:19","modified_gmt":"2025-10-29T12:50:19","slug":"gazimagusada-turkiye-cumhuriyetinin-102-yili-kutlandi","status":"publish","type":"post","link":"https:\/\/kibrisdakik.com\/?p=97468","title":{"rendered":"GAZ\u0130MA\u011eUSA\u2019DA T\u00dcRK\u0130YE CUMHUR\u0130YET\u0130\u2019N\u0130N 102. YILI KUTLANDI"},"content":{"rendered":"<p><\/p>\n<p>T\u00fcrkiye Cumhuriyeti\u2019nin 102. kurulu\u015f y\u0131l d\u00f6n\u00fcm\u00fc, Kuzey K\u0131br\u0131s T\u00fcrk Cumhuriyeti\u2019nin Gazima\u011fusa il\u00e7esinde anlaml\u0131 bir t\u00f6renle kutland\u0131.<\/p>\n<p>Kent, sabah saatlerinden itibaren k\u0131rm\u0131z\u0131-beyaz renklere b\u00fcr\u00fcn\u00fcrken, Zafer An\u0131t\u0131 ve Nam\u0131k Kemal Meydan\u0131\u2019nda d\u00fczenlenen etkinlikler, kat\u0131l\u0131mc\u0131lar\u0131n yo\u011fun ilgisiyle bayram havas\u0131nda ge\u00e7ti.<img loading=\"lazy\" decoding=\"async\" height=\"431\" src=\"https:\/\/mhahabercom.teimg.com\/mhahaber-com\/uploads\/2025\/10\/15-150.png\" width=\"706\" \/><\/p>\n<p>Kutlama program\u0131, <strong>Zafer An\u0131t\u0131\u2019nda d\u00fczenlenen \u00e7elenk sunma t\u00f6reniyle<\/strong> ba\u015flad\u0131.<img loading=\"lazy\" decoding=\"async\" height=\"431\" src=\"https:\/\/mhahabercom.teimg.com\/mhahaber-com\/uploads\/2025\/10\/5-475.png\" width=\"706\" \/><\/p>\n<p>Protokol \u00fcyeleri, kurum temsilcileri, \u00f6\u011frenciler ve vatanda\u015flar\u0131n kat\u0131ld\u0131\u011f\u0131 t\u00f6rende, sayg\u0131 duru\u015fu ve \u0130stiklal Mar\u015f\u0131\u2019n\u0131n ard\u0131ndan bayraklar g\u00f6ndere \u00e7ekildi.<img loading=\"lazy\" decoding=\"async\" height=\"431\" src=\"https:\/\/mhahabercom.teimg.com\/mhahaber-com\/uploads\/2025\/10\/8-266.png\" width=\"706\" \/><\/p>\n<p>Ard\u0131ndan Zafer An\u0131t\u0131\u2019ndan Nam\u0131k Kemal Meydan\u0131\u2019na kadar uzanan <strong>kortej y\u00fcr\u00fcy\u00fc\u015f\u00fc<\/strong> ger\u00e7ekle\u015ftirildi.<img loading=\"lazy\" decoding=\"async\" height=\"431\" src=\"https:\/\/mhahabercom.teimg.com\/mhahaber-com\/uploads\/2025\/10\/6-383.png\" width=\"706\" \/> Y\u00fcr\u00fcy\u00fc\u015fte bando, t\u00f6ren b\u00f6l\u00fc\u011f\u00fc, bayrak ve flama ekipleri ile Gazima\u011fusa\u2019daki okullar s\u0131ras\u0131yla yer ald\u0131.Halk\u0131n yo\u011fun ilgi g\u00f6sterdi\u011fi y\u00fcr\u00fcy\u00fc\u015f, Gazima\u011fusa sokaklar\u0131nda Cumhuriyet co\u015fkusunu doru\u011fa ta\u015f\u0131d\u0131.<\/p>\n<p><img loading=\"lazy\" decoding=\"async\" height=\"431\" src=\"https:\/\/mhahabercom.teimg.com\/mhahaber-com\/uploads\/2025\/10\/7-330.png\" width=\"706\" \/><\/p>\n<p>Nam\u0131k Kemal Meydan\u0131\u2019nda devam eden programda, <strong>G\u00fcvenlik Kuvvetleri Bandosu<\/strong> konseriyle bayram sevinci peki\u015fti. Gazima\u011fusa Meslek Lisesi \u00f6\u011frencisi <strong>Devrim K\u0131l\u0131\u00e7<\/strong>\u2019\u0131n okudu\u011fu \u015fiir be\u011feni toplad\u0131.<img loading=\"lazy\" decoding=\"async\" height=\"431\" src=\"https:\/\/mhahabercom.teimg.com\/mhahaber-com\/uploads\/2025\/10\/13-152.png\" width=\"706\" \/><\/p>\n<p>Ayn\u0131 okulun \u00f6\u011fretmeni <strong>\u015eeyda Can G\u00fcng\u00f6r<\/strong>\u2019\u00fcn yapt\u0131\u011f\u0131 konu\u015fma izleyenlerden alk\u0131\u015f ald\u0131. Etkinlik, halk danslar\u0131 g\u00f6sterileri ve mini konserle renkli g\u00f6r\u00fcnt\u00fclere sahne oldu.<img loading=\"lazy\" decoding=\"async\" height=\"431\" src=\"https:\/\/mhahabercom.teimg.com\/mhahaber-com\/uploads\/2025\/10\/11-387.png\" width=\"706\" \/><\/p>\n<p>Kutlamalar kapsam\u0131nda kat\u0131l\u0131mc\u0131lar, otob\u00fcslerle <strong>Gazima\u011fusa Liman\u0131\u2019na<\/strong> giderek denizalt\u0131 ziyaretinde bulundu. Ziyaretin ard\u0131ndan d\u00fczenlenen <strong>izaz-\u0131 ikram<\/strong> ile etkinlikler sona erdi.<img loading=\"lazy\" decoding=\"async\" height=\"431\" src=\"https:\/\/mhahabercom.teimg.com\/mhahaber-com\/uploads\/2025\/10\/9-240.png\" width=\"706\" \/><\/p>\n<p>Gazima\u011fusa\u2019daki kutlamalar, g\u00fcn boyu s\u00fcren etkinliklerle Cumhuriyet co\u015fkusunu adan\u0131n d\u00f6rt bir yan\u0131nda hissettirdi<strong>.(MHA)<\/strong><img loading=\"lazy\" decoding=\"async\" height=\"431\" src=\"https:\/\/mhahabercom.teimg.com\/mhahaber-com\/uploads\/2025\/10\/14-141.png\" width=\"706\" \/><\/p>\n","protected":false},"excerpt":{"rendered":"<p>T\u00fcrkiye Cumhuriyeti\u2019nin 102. kurulu\u015f y\u0131l d\u00f6n\u00fcm\u00fc, Kuzey K\u0131br\u0131s T\u00fcrk Cumhuriyeti\u2019nin Gazima\u011fusa il\u00e7esinde anlaml\u0131 bir t\u00f6renle kutland\u0131. Kent, sabah saatlerinden itibaren k\u0131rm\u0131z\u0131-beyaz renklere b\u00fcr\u00fcn\u00fcrken, Zafer An\u0131t\u0131 ve Nam\u0131k Kemal Meydan\u0131\u2019nda d\u00fczenlenen etkinlikler, kat\u0131l\u0131mc\u0131lar\u0131n yo\u011fun ilgisiyle bayram havas\u0131nda ge\u00e7ti. Kutlama program\u0131, Zafer An\u0131t\u0131\u2019nda d\u00fczenlenen \u00e7elenk sunma t\u00f6reniyle ba\u015flad\u0131. Protokol \u00fcyeleri, kurum temsilcileri, \u00f6\u011frenciler ve vatanda\u015flar\u0131n kat\u0131ld\u0131\u011f\u0131 t\u00f6rende,<\/p>\n","protected":false},"author":1,"featured_media":97469,"comment_status":"open","ping_status":"open","sticky":false,"template":"","format":"standard","meta":{"footnotes":""},"categories":[81],"tags":[],"class_list":["post-97468","post","type-post","status-publish","format-standard","has-post-thumbnail","hentry","category-kibris"],"yoast_head":"<!-- This site is optimized with the Yoast SEO plugin v27.5 - https:\/\/yoast.com\/product\/yoast-seo-wordpress\/ -->\n<title>GAZ\u0130MA\u011eUSA\u2019DA T\u00dcRK\u0130YE CUMHUR\u0130YET\u0130\u2019N\u0130N 102. YILI KUTLANDI -<\/title>\n<meta name=\"robots\" content=\"index, follow, max-snippet:-1, max-image-preview:large, max-video-preview:-1\" \/>\n<link rel=\"canonical\" href=\"https:\/\/kibrisdakik.com\/?p=97468\" \/>\n<meta property=\"og:locale\" content=\"tr_TR\" \/>\n<meta property=\"og:type\" content=\"article\" \/>\n<meta property=\"og:title\" content=\"GAZ\u0130MA\u011eUSA\u2019DA T\u00dcRK\u0130YE CUMHUR\u0130YET\u0130\u2019N\u0130N 102. YILI KUTLANDI -\" \/>\n<meta property=\"og:description\" content=\"T\u00fcrkiye Cumhuriyeti\u2019nin 102. kurulu\u015f y\u0131l d\u00f6n\u00fcm\u00fc, Kuzey K\u0131br\u0131s T\u00fcrk Cumhuriyeti\u2019nin Gazima\u011fusa il\u00e7esinde anlaml\u0131 bir t\u00f6renle kutland\u0131. Kent, sabah saatlerinden itibaren k\u0131rm\u0131z\u0131-beyaz renklere b\u00fcr\u00fcn\u00fcrken, Zafer An\u0131t\u0131 ve Nam\u0131k Kemal Meydan\u0131\u2019nda d\u00fczenlenen etkinlikler, kat\u0131l\u0131mc\u0131lar\u0131n yo\u011fun ilgisiyle bayram havas\u0131nda ge\u00e7ti. Kutlama program\u0131, Zafer An\u0131t\u0131\u2019nda d\u00fczenlenen \u00e7elenk sunma t\u00f6reniyle ba\u015flad\u0131. Protokol \u00fcyeleri, kurum temsilcileri, \u00f6\u011frenciler ve vatanda\u015flar\u0131n kat\u0131ld\u0131\u011f\u0131 t\u00f6rende,\" \/>\n<meta property=\"og:url\" content=\"https:\/\/kibrisdakik.com\/?p=97468\" \/>\n<meta property=\"article:published_time\" content=\"2025-10-29T12:50:19+00:00\" \/>\n<meta property=\"og:image\" content=\"https:\/\/kibrisdakik.com\/wp-content\/uploads\/2025\/10\/dvfgrd.png\" \/>\n\t<meta property=\"og:image:width\" content=\"1280\" \/>\n\t<meta property=\"og:image:height\" content=\"720\" \/>\n\t<meta property=\"og:image:type\" content=\"image\/png\" \/>\n<meta name=\"author\" content=\"admin\" \/>\n<meta name=\"twitter:card\" content=\"summary_large_image\" \/>\n<meta name=\"twitter:label1\" content=\"Yazan:\" \/>\n\t<meta name=\"twitter:data1\" content=\"admin\" \/>\n\t<meta name=\"twitter:label2\" content=\"Tahmini okuma s\u00fcresi\" \/>\n\t<meta name=\"twitter:data2\" content=\"1 dakika\" \/>\n<script type=\"application\/ld+json\" class=\"yoast-schema-graph\">{\"@context\":\"https:\\\/\\\/schema.org\",\"@graph\":[{\"@type\":\"Article\",\"@id\":\"https:\\\/\\\/kibrisdakik.com\\\/?p=97468#article\",\"isPartOf\":{\"@id\":\"https:\\\/\\\/kibrisdakik.com\\\/?p=97468\"},\"author\":{\"name\":\"admin\",\"@id\":\"https:\\\/\\\/kibrisdakik.com\\\/#\\\/schema\\\/person\\\/9cd9d437bbb44f72b73ba127e06d8e79\"},\"headline\":\"GAZ\u0130MA\u011eUSA\u2019DA T\u00dcRK\u0130YE CUMHUR\u0130YET\u0130\u2019N\u0130N 102. YILI KUTLANDI\",\"datePublished\":\"2025-10-29T12:50:19+00:00\",\"mainEntityOfPage\":{\"@id\":\"https:\\\/\\\/kibrisdakik.com\\\/?p=97468\"},\"wordCount\":296,\"commentCount\":0,\"image\":{\"@id\":\"https:\\\/\\\/kibrisdakik.com\\\/?p=97468#primaryimage\"},\"thumbnailUrl\":\"https:\\\/\\\/kibrisdakik.com\\\/wp-content\\\/uploads\\\/2025\\\/10\\\/dvfgrd.png\",\"articleSection\":[\"K\u0131br\u0131s\"],\"inLanguage\":\"tr\",\"potentialAction\":[{\"@type\":\"CommentAction\",\"name\":\"Comment\",\"target\":[\"https:\\\/\\\/kibrisdakik.com\\\/?p=97468#respond\"]}]},{\"@type\":\"WebPage\",\"@id\":\"https:\\\/\\\/kibrisdakik.com\\\/?p=97468\",\"url\":\"https:\\\/\\\/kibrisdakik.com\\\/?p=97468\",\"name\":\"GAZ\u0130MA\u011eUSA\u2019DA T\u00dcRK\u0130YE CUMHUR\u0130YET\u0130\u2019N\u0130N 102. YILI KUTLANDI -\",\"isPartOf\":{\"@id\":\"https:\\\/\\\/kibrisdakik.com\\\/#website\"},\"primaryImageOfPage\":{\"@id\":\"https:\\\/\\\/kibrisdakik.com\\\/?p=97468#primaryimage\"},\"image\":{\"@id\":\"https:\\\/\\\/kibrisdakik.com\\\/?p=97468#primaryimage\"},\"thumbnailUrl\":\"https:\\\/\\\/kibrisdakik.com\\\/wp-content\\\/uploads\\\/2025\\\/10\\\/dvfgrd.png\",\"datePublished\":\"2025-10-29T12:50:19+00:00\",\"author\":{\"@id\":\"https:\\\/\\\/kibrisdakik.com\\\/#\\\/schema\\\/person\\\/9cd9d437bbb44f72b73ba127e06d8e79\"},\"breadcrumb\":{\"@id\":\"https:\\\/\\\/kibrisdakik.com\\\/?p=97468#breadcrumb\"},\"inLanguage\":\"tr\",\"potentialAction\":[{\"@type\":\"ReadAction\",\"target\":[\"https:\\\/\\\/kibrisdakik.com\\\/?p=97468\"]}]},{\"@type\":\"ImageObject\",\"inLanguage\":\"tr\",\"@id\":\"https:\\\/\\\/kibrisdakik.com\\\/?p=97468#primaryimage\",\"url\":\"https:\\\/\\\/kibrisdakik.com\\\/wp-content\\\/uploads\\\/2025\\\/10\\\/dvfgrd.png\",\"contentUrl\":\"https:\\\/\\\/kibrisdakik.com\\\/wp-content\\\/uploads\\\/2025\\\/10\\\/dvfgrd.png\",\"width\":1280,\"height\":720},{\"@type\":\"BreadcrumbList\",\"@id\":\"https:\\\/\\\/kibrisdakik.com\\\/?p=97468#breadcrumb\",\"itemListElement\":[{\"@type\":\"ListItem\",\"position\":1,\"name\":\"Home\",\"item\":\"https:\\\/\\\/kibrisdakik.com\\\/\"},{\"@type\":\"ListItem\",\"position\":2,\"name\":\"GAZ\u0130MA\u011eUSA\u2019DA T\u00dcRK\u0130YE CUMHUR\u0130YET\u0130\u2019N\u0130N 102. YILI KUTLANDI\"}]},{\"@type\":\"WebSite\",\"@id\":\"https:\\\/\\\/kibrisdakik.com\\\/#website\",\"url\":\"https:\\\/\\\/kibrisdakik.com\\\/\",\"name\":\"\",\"description\":\"Tam vaktinde haber\",\"potentialAction\":[{\"@type\":\"SearchAction\",\"target\":{\"@type\":\"EntryPoint\",\"urlTemplate\":\"https:\\\/\\\/kibrisdakik.com\\\/?s={search_term_string}\"},\"query-input\":{\"@type\":\"PropertyValueSpecification\",\"valueRequired\":true,\"valueName\":\"search_term_string\"}}],\"inLanguage\":\"tr\"},{\"@type\":\"Person\",\"@id\":\"https:\\\/\\\/kibrisdakik.com\\\/#\\\/schema\\\/person\\\/9cd9d437bbb44f72b73ba127e06d8e79\",\"name\":\"admin\",\"image\":{\"@type\":\"ImageObject\",\"inLanguage\":\"tr\",\"@id\":\"https:\\\/\\\/secure.gravatar.com\\\/avatar\\\/ccc17943b9d660506c869530f897617f7cb1c21a4bf30023f252596d83e1f007?s=96&d=mm&r=g\",\"url\":\"https:\\\/\\\/secure.gravatar.com\\\/avatar\\\/ccc17943b9d660506c869530f897617f7cb1c21a4bf30023f252596d83e1f007?s=96&d=mm&r=g\",\"contentUrl\":\"https:\\\/\\\/secure.gravatar.com\\\/avatar\\\/ccc17943b9d660506c869530f897617f7cb1c21a4bf30023f252596d83e1f007?s=96&d=mm&r=g\",\"caption\":\"admin\"},\"sameAs\":[\"https:\\\/\\\/kibrisdakik.com\"],\"url\":\"https:\\\/\\\/kibrisdakik.com\\\/?author=1\"}]}<\/script>\n<!-- \/ Yoast SEO plugin. -->","yoast_head_json":{"title":"GAZ\u0130MA\u011eUSA\u2019DA T\u00dcRK\u0130YE CUMHUR\u0130YET\u0130\u2019N\u0130N 102. YILI KUTLANDI -","robots":{"index":"index","follow":"follow","max-snippet":"max-snippet:-1","max-image-preview":"max-image-preview:large","max-video-preview":"max-video-preview:-1"},"canonical":"https:\/\/kibrisdakik.com\/?p=97468","og_locale":"tr_TR","og_type":"article","og_title":"GAZ\u0130MA\u011eUSA\u2019DA T\u00dcRK\u0130YE CUMHUR\u0130YET\u0130\u2019N\u0130N 102. YILI KUTLANDI -","og_description":"T\u00fcrkiye Cumhuriyeti\u2019nin 102. kurulu\u015f y\u0131l d\u00f6n\u00fcm\u00fc, Kuzey K\u0131br\u0131s T\u00fcrk Cumhuriyeti\u2019nin Gazima\u011fusa il\u00e7esinde anlaml\u0131 bir t\u00f6renle kutland\u0131. Kent, sabah saatlerinden itibaren k\u0131rm\u0131z\u0131-beyaz renklere b\u00fcr\u00fcn\u00fcrken, Zafer An\u0131t\u0131 ve Nam\u0131k Kemal Meydan\u0131\u2019nda d\u00fczenlenen etkinlikler, kat\u0131l\u0131mc\u0131lar\u0131n yo\u011fun ilgisiyle bayram havas\u0131nda ge\u00e7ti. Kutlama program\u0131, Zafer An\u0131t\u0131\u2019nda d\u00fczenlenen \u00e7elenk sunma t\u00f6reniyle ba\u015flad\u0131. Protokol \u00fcyeleri, kurum temsilcileri, \u00f6\u011frenciler ve vatanda\u015flar\u0131n kat\u0131ld\u0131\u011f\u0131 t\u00f6rende,","og_url":"https:\/\/kibrisdakik.com\/?p=97468","article_published_time":"2025-10-29T12:50:19+00:00","og_image":[{"width":1280,"height":720,"url":"https:\/\/kibrisdakik.com\/wp-content\/uploads\/2025\/10\/dvfgrd.png","type":"image\/png"}],"author":"admin","twitter_card":"summary_large_image","twitter_misc":{"Yazan:":"admin","Tahmini okuma s\u00fcresi":"1 dakika"},"schema":{"@context":"https:\/\/schema.org","@graph":[{"@type":"Article","@id":"https:\/\/kibrisdakik.com\/?p=97468#article","isPartOf":{"@id":"https:\/\/kibrisdakik.com\/?p=97468"},"author":{"name":"admin","@id":"https:\/\/kibrisdakik.com\/#\/schema\/person\/9cd9d437bbb44f72b73ba127e06d8e79"},"headline":"GAZ\u0130MA\u011eUSA\u2019DA T\u00dcRK\u0130YE CUMHUR\u0130YET\u0130\u2019N\u0130N 102. YILI KUTLANDI","datePublished":"2025-10-29T12:50:19+00:00","mainEntityOfPage":{"@id":"https:\/\/kibrisdakik.com\/?p=97468"},"wordCount":296,"commentCount":0,"image":{"@id":"https:\/\/kibrisdakik.com\/?p=97468#primaryimage"},"thumbnailUrl":"https:\/\/kibrisdakik.com\/wp-content\/uploads\/2025\/10\/dvfgrd.png","articleSection":["K\u0131br\u0131s"],"inLanguage":"tr","potentialAction":[{"@type":"CommentAction","name":"Comment","target":["https:\/\/kibrisdakik.com\/?p=97468#respond"]}]},{"@type":"WebPage","@id":"https:\/\/kibrisdakik.com\/?p=97468","url":"https:\/\/kibrisdakik.com\/?p=97468","name":"GAZ\u0130MA\u011eUSA\u2019DA T\u00dcRK\u0130YE CUMHUR\u0130YET\u0130\u2019N\u0130N 102. YILI KUTLANDI -","isPartOf":{"@id":"https:\/\/kibrisdakik.com\/#website"},"primaryImageOfPage":{"@id":"https:\/\/kibrisdakik.com\/?p=97468#primaryimage"},"image":{"@id":"https:\/\/kibrisdakik.com\/?p=97468#primaryimage"},"thumbnailUrl":"https:\/\/kibrisdakik.com\/wp-content\/uploads\/2025\/10\/dvfgrd.png","datePublished":"2025-10-29T12:50:19+00:00","author":{"@id":"https:\/\/kibrisdakik.com\/#\/schema\/person\/9cd9d437bbb44f72b73ba127e06d8e79"},"breadcrumb":{"@id":"https:\/\/kibrisdakik.com\/?p=97468#breadcrumb"},"inLanguage":"tr","potentialAction":[{"@type":"ReadAction","target":["https:\/\/kibrisdakik.com\/?p=97468"]}]},{"@type":"ImageObject","inLanguage":"tr","@id":"https:\/\/kibrisdakik.com\/?p=97468#primaryimage","url":"https:\/\/kibrisdakik.com\/wp-content\/uploads\/2025\/10\/dvfgrd.png","contentUrl":"https:\/\/kibrisdakik.com\/wp-content\/uploads\/2025\/10\/dvfgrd.png","width":1280,"height":720},{"@type":"BreadcrumbList","@id":"https:\/\/kibrisdakik.com\/?p=97468#breadcrumb","itemListElement":[{"@type":"ListItem","position":1,"name":"Home","item":"https:\/\/kibrisdakik.com\/"},{"@type":"ListItem","position":2,"name":"GAZ\u0130MA\u011eUSA\u2019DA T\u00dcRK\u0130YE CUMHUR\u0130YET\u0130\u2019N\u0130N 102. YILI KUTLANDI"}]},{"@type":"WebSite","@id":"https:\/\/kibrisdakik.com\/#website","url":"https:\/\/kibrisdakik.com\/","name":"","description":"Tam vaktinde haber","potentialAction":[{"@type":"SearchAction","target":{"@type":"EntryPoint","urlTemplate":"https:\/\/kibrisdakik.com\/?s={search_term_string}"},"query-input":{"@type":"PropertyValueSpecification","valueRequired":true,"valueName":"search_term_string"}}],"inLanguage":"tr"},{"@type":"Person","@id":"https:\/\/kibrisdakik.com\/#\/schema\/person\/9cd9d437bbb44f72b73ba127e06d8e79","name":"admin","image":{"@type":"ImageObject","inLanguage":"tr","@id":"https:\/\/secure.gravatar.com\/avatar\/ccc17943b9d660506c869530f897617f7cb1c21a4bf30023f252596d83e1f007?s=96&d=mm&r=g","url":"https:\/\/secure.gravatar.com\/avatar\/ccc17943b9d660506c869530f897617f7cb1c21a4bf30023f252596d83e1f007?s=96&d=mm&r=g","contentUrl":"https:\/\/secure.gravatar.com\/avatar\/ccc17943b9d660506c869530f897617f7cb1c21a4bf30023f252596d83e1f007?s=96&d=mm&r=g","caption":"admin"},"sameAs":["https:\/\/kibrisdakik.com"],"url":"https:\/\/kibrisdakik.com\/?author=1"}]}},"_links":{"self":[{"href":"https:\/\/kibrisdakik.com\/index.php?rest_route=\/wp\/v2\/posts\/97468","targetHints":{"allow":["GET"]}}],"collection":[{"href":"https:\/\/kibrisdakik.com\/index.php?rest_route=\/wp\/v2\/posts"}],"about":[{"href":"https:\/\/kibrisdakik.com\/index.php?rest_route=\/wp\/v2\/types\/post"}],"author":[{"embeddable":true,"href":"https:\/\/kibrisdakik.com\/index.php?rest_route=\/wp\/v2\/users\/1"}],"replies":[{"embeddable":true,"href":"https:\/\/kibrisdakik.com\/index.php?rest_route=%2Fwp%2Fv2%2Fcomments&post=97468"}],"version-history":[{"count":0,"href":"https:\/\/kibrisdakik.com\/index.php?rest_route=\/wp\/v2\/posts\/97468\/revisions"}],"wp:featuredmedia":[{"embeddable":true,"href":"https:\/\/kibrisdakik.com\/index.php?rest_route=\/wp\/v2\/media\/97469"}],"wp:attachment":[{"href":"https:\/\/kibrisdakik.com\/index.php?rest_route=%2Fwp%2Fv2%2Fmedia&parent=97468"}],"wp:term":[{"taxonomy":"category","embeddable":true,"href":"https:\/\/kibrisdakik.com\/index.php?rest_route=%2Fwp%2Fv2%2Fcategories&post=97468"},{"taxonomy":"post_tag","embeddable":true,"href":"https:\/\/kibrisdakik.com\/index.php?rest_route=%2Fwp%2Fv2%2Ftags&post=97468"}],"curies":[{"name":"wp","href":"https:\/\/api.w.org\/{rel}","templated":true}]}}