{"id":97483,"date":"2025-10-29T16:18:03","date_gmt":"2025-10-29T14:18:03","guid":{"rendered":"https:\/\/kibrisdakik.com\/index.php\/2025\/10\/29\/guterres-cumhurbaskani-erhurmani-kutladi\/"},"modified":"2025-10-29T16:18:03","modified_gmt":"2025-10-29T14:18:03","slug":"guterres-cumhurbaskani-erhurmani-kutladi","status":"publish","type":"post","link":"https:\/\/kibrisdakik.com\/?p=97483","title":{"rendered":"GUTERRES, CUMHURBA\u015eKANI ERH\u00dcRMAN&#039;I KUTLADI"},"content":{"rendered":"<p><\/p>\n<p>BM Genel Sekreteri Guterres, Cumhurba\u015fkan\u0131 Tufan Erh\u00fcrman\u2019a bir tebrik mektubu g\u00f6ndererek, se\u00e7ilmesi nedeniyle kendisini kutlad\u0131. Genel Sekreter Guterres mesaj\u0131nda, K\u0131br\u0131s\u2019ta kal\u0131c\u0131 bir \u00e7\u00f6z\u00fcme ula\u015fmak i\u00e7in birlikte \u00e7al\u0131\u015fmay\u0131 sab\u0131rs\u0131zl\u0131kla bekledi\u011fini ifade etti.<\/p>\n<p>Cumhurba\u015fkanl\u0131\u011f\u0131\u2019ndan yap\u0131lan a\u00e7\u0131klamaya g\u00f6re, Guterres, \u201cK\u0131br\u0131sl\u0131 T\u00fcrk ve K\u0131br\u0131sl\u0131 Rumlar\u0131n g\u00fcvenli\u011fi ile refah\u0131na olan sars\u0131lmaz ba\u011fl\u0131l\u0131\u011f\u0131m\u0131 bir kez daha teyit etmek isterim\u201d dedi.<\/p>\n<p>\u0130yi niyet misyonu \u00e7er\u00e7evesinde her zaman bu ama\u00e7 do\u011frultusunda g\u00f6reve haz\u0131r oldu\u011funu belirten BM Genel Sekreteri Guterres, Birle\u015fmi\u015f Milletler\u2019in K\u0131br\u0131s\u2019ta t\u00fcm K\u0131br\u0131sl\u0131lar\u0131n yarar\u0131na ve b\u00f6lgedeki bar\u0131\u015fa katk\u0131 sa\u011flayacak, bar\u0131\u015f\u00e7\u0131l ve s\u00fcrd\u00fcr\u00fclebilir bir \u00e7\u00f6z\u00fcm bulunmas\u0131 y\u00f6n\u00fcndeki \u00e7abalara destek vermeye haz\u0131r oldu\u011funu vurgulad\u0131.<\/p>\n<p>Mesaj\u0131nda, yak\u0131n gelecekte geni\u015f kat\u0131l\u0131ml\u0131 bir gayriresmi toplant\u0131 d\u00fczenlenmesi hususundaki taahh\u00fct\u00fcn\u00fcn devam etti\u011fini de ifade eden Guterres, Ki\u015fisel Temsilcisi Mar\u00eda \u00c1ngela Holgu\u00edn Cu\u00e9llar\u2019a adaya giderek taraflarla temaslarda bulunmas\u0131 i\u00e7in talimat verdi\u011fini kaydetti.<\/p>\n<p>Guterres, \u201c2025 y\u0131l\u0131nda yakalad\u0131\u011f\u0131m\u0131z ivmenin \u00fczerine in\u015fa edebilmek ve K\u0131br\u0131s sorununda kar\u015f\u0131l\u0131kl\u0131 kabul edilebilir bir ilerleme yolu belirleyebilmek amac\u0131yla Temsilcimle yap\u0131c\u0131 ve sonu\u00e7 odakl\u0131 bir i\u015fbirli\u011fi i\u00e7inde olman\u0131z\u0131 te\u015fvik ediyorum\u201d ifadelerini kulland\u0131.<\/p>\n<p>BM Genel Sekreteri Guterres, K\u0131br\u0131s\u2019taki Birle\u015fmi\u015f Milletler Bar\u0131\u015f G\u00fcc\u00fc\u2019n\u00fcn \u00d6zel Temsilcisi ve Misyon \u015eefi Khassim Diagne ile de yak\u0131n bir i\u015f birli\u011fi i\u00e7erisinde olunmas\u0131 y\u00f6n\u00fcndeki beklentisini de iletti.<\/p>\n","protected":false},"excerpt":{"rendered":"<p>BM Genel Sekreteri Guterres, Cumhurba\u015fkan\u0131 Tufan Erh\u00fcrman\u2019a bir tebrik mektubu g\u00f6ndererek, se\u00e7ilmesi nedeniyle kendisini kutlad\u0131. Genel Sekreter Guterres mesaj\u0131nda, K\u0131br\u0131s\u2019ta kal\u0131c\u0131 bir \u00e7\u00f6z\u00fcme ula\u015fmak i\u00e7in birlikte \u00e7al\u0131\u015fmay\u0131 sab\u0131rs\u0131zl\u0131kla bekledi\u011fini ifade etti. Cumhurba\u015fkanl\u0131\u011f\u0131\u2019ndan yap\u0131lan a\u00e7\u0131klamaya g\u00f6re, Guterres, \u201cK\u0131br\u0131sl\u0131 T\u00fcrk ve K\u0131br\u0131sl\u0131 Rumlar\u0131n g\u00fcvenli\u011fi ile refah\u0131na olan sars\u0131lmaz ba\u011fl\u0131l\u0131\u011f\u0131m\u0131 bir kez daha teyit etmek isterim\u201d dedi. \u0130yi<\/p>\n","protected":false},"author":1,"featured_media":97484,"comment_status":"open","ping_status":"open","sticky":false,"template":"","format":"standard","meta":{"footnotes":""},"categories":[81],"tags":[],"class_list":["post-97483","post","type-post","status-publish","format-standard","has-post-thumbnail","hentry","category-kibris"],"yoast_head":"<!-- This site is optimized with the Yoast SEO plugin v27.5 - https:\/\/yoast.com\/product\/yoast-seo-wordpress\/ -->\n<title>GUTERRES, CUMHURBA\u015eKANI ERH\u00dcRMAN&#039;I KUTLADI -<\/title>\n<meta name=\"robots\" content=\"index, follow, max-snippet:-1, max-image-preview:large, max-video-preview:-1\" \/>\n<link rel=\"canonical\" href=\"https:\/\/kibrisdakik.com\/?p=97483\" \/>\n<meta property=\"og:locale\" content=\"tr_TR\" \/>\n<meta property=\"og:type\" content=\"article\" \/>\n<meta property=\"og:title\" content=\"GUTERRES, CUMHURBA\u015eKANI ERH\u00dcRMAN&#039;I KUTLADI -\" \/>\n<meta property=\"og:description\" content=\"BM Genel Sekreteri Guterres, Cumhurba\u015fkan\u0131 Tufan Erh\u00fcrman\u2019a bir tebrik mektubu g\u00f6ndererek, se\u00e7ilmesi nedeniyle kendisini kutlad\u0131. Genel Sekreter Guterres mesaj\u0131nda, K\u0131br\u0131s\u2019ta kal\u0131c\u0131 bir \u00e7\u00f6z\u00fcme ula\u015fmak i\u00e7in birlikte \u00e7al\u0131\u015fmay\u0131 sab\u0131rs\u0131zl\u0131kla bekledi\u011fini ifade etti. Cumhurba\u015fkanl\u0131\u011f\u0131\u2019ndan yap\u0131lan a\u00e7\u0131klamaya g\u00f6re, Guterres, \u201cK\u0131br\u0131sl\u0131 T\u00fcrk ve K\u0131br\u0131sl\u0131 Rumlar\u0131n g\u00fcvenli\u011fi ile refah\u0131na olan sars\u0131lmaz ba\u011fl\u0131l\u0131\u011f\u0131m\u0131 bir kez daha teyit etmek isterim\u201d dedi. \u0130yi\" \/>\n<meta property=\"og:url\" content=\"https:\/\/kibrisdakik.com\/?p=97483\" \/>\n<meta property=\"article:published_time\" content=\"2025-10-29T14:18:03+00:00\" \/>\n<meta property=\"og:image\" content=\"https:\/\/kibrisdakik.com\/wp-content\/uploads\/2025\/10\/mha-sari-beyaz-369.png\" \/>\n\t<meta property=\"og:image:width\" content=\"1280\" \/>\n\t<meta property=\"og:image:height\" content=\"720\" \/>\n\t<meta property=\"og:image:type\" content=\"image\/png\" \/>\n<meta name=\"author\" content=\"admin\" \/>\n<meta name=\"twitter:card\" content=\"summary_large_image\" \/>\n<meta name=\"twitter:label1\" content=\"Yazan:\" \/>\n\t<meta name=\"twitter:data1\" content=\"admin\" \/>\n\t<meta name=\"twitter:label2\" content=\"Tahmini okuma s\u00fcresi\" \/>\n\t<meta name=\"twitter:data2\" content=\"1 dakika\" \/>\n<script type=\"application\/ld+json\" class=\"yoast-schema-graph\">{\"@context\":\"https:\\\/\\\/schema.org\",\"@graph\":[{\"@type\":\"Article\",\"@id\":\"https:\\\/\\\/kibrisdakik.com\\\/?p=97483#article\",\"isPartOf\":{\"@id\":\"https:\\\/\\\/kibrisdakik.com\\\/?p=97483\"},\"author\":{\"name\":\"admin\",\"@id\":\"https:\\\/\\\/kibrisdakik.com\\\/#\\\/schema\\\/person\\\/9cd9d437bbb44f72b73ba127e06d8e79\"},\"headline\":\"GUTERRES, CUMHURBA\u015eKANI ERH\u00dcRMAN&#039;I KUTLADI\",\"datePublished\":\"2025-10-29T14:18:03+00:00\",\"mainEntityOfPage\":{\"@id\":\"https:\\\/\\\/kibrisdakik.com\\\/?p=97483\"},\"wordCount\":301,\"commentCount\":0,\"image\":{\"@id\":\"https:\\\/\\\/kibrisdakik.com\\\/?p=97483#primaryimage\"},\"thumbnailUrl\":\"https:\\\/\\\/kibrisdakik.com\\\/wp-content\\\/uploads\\\/2025\\\/10\\\/mha-sari-beyaz-369.png\",\"articleSection\":[\"K\u0131br\u0131s\"],\"inLanguage\":\"tr\",\"potentialAction\":[{\"@type\":\"CommentAction\",\"name\":\"Comment\",\"target\":[\"https:\\\/\\\/kibrisdakik.com\\\/?p=97483#respond\"]}]},{\"@type\":\"WebPage\",\"@id\":\"https:\\\/\\\/kibrisdakik.com\\\/?p=97483\",\"url\":\"https:\\\/\\\/kibrisdakik.com\\\/?p=97483\",\"name\":\"GUTERRES, CUMHURBA\u015eKANI ERH\u00dcRMAN&#039;I KUTLADI -\",\"isPartOf\":{\"@id\":\"https:\\\/\\\/kibrisdakik.com\\\/#website\"},\"primaryImageOfPage\":{\"@id\":\"https:\\\/\\\/kibrisdakik.com\\\/?p=97483#primaryimage\"},\"image\":{\"@id\":\"https:\\\/\\\/kibrisdakik.com\\\/?p=97483#primaryimage\"},\"thumbnailUrl\":\"https:\\\/\\\/kibrisdakik.com\\\/wp-content\\\/uploads\\\/2025\\\/10\\\/mha-sari-beyaz-369.png\",\"datePublished\":\"2025-10-29T14:18:03+00:00\",\"author\":{\"@id\":\"https:\\\/\\\/kibrisdakik.com\\\/#\\\/schema\\\/person\\\/9cd9d437bbb44f72b73ba127e06d8e79\"},\"breadcrumb\":{\"@id\":\"https:\\\/\\\/kibrisdakik.com\\\/?p=97483#breadcrumb\"},\"inLanguage\":\"tr\",\"potentialAction\":[{\"@type\":\"ReadAction\",\"target\":[\"https:\\\/\\\/kibrisdakik.com\\\/?p=97483\"]}]},{\"@type\":\"ImageObject\",\"inLanguage\":\"tr\",\"@id\":\"https:\\\/\\\/kibrisdakik.com\\\/?p=97483#primaryimage\",\"url\":\"https:\\\/\\\/kibrisdakik.com\\\/wp-content\\\/uploads\\\/2025\\\/10\\\/mha-sari-beyaz-369.png\",\"contentUrl\":\"https:\\\/\\\/kibrisdakik.com\\\/wp-content\\\/uploads\\\/2025\\\/10\\\/mha-sari-beyaz-369.png\",\"width\":1280,\"height\":720},{\"@type\":\"BreadcrumbList\",\"@id\":\"https:\\\/\\\/kibrisdakik.com\\\/?p=97483#breadcrumb\",\"itemListElement\":[{\"@type\":\"ListItem\",\"position\":1,\"name\":\"Home\",\"item\":\"https:\\\/\\\/kibrisdakik.com\\\/\"},{\"@type\":\"ListItem\",\"position\":2,\"name\":\"GUTERRES, CUMHURBA\u015eKANI ERH\u00dcRMAN&#039;I KUTLADI\"}]},{\"@type\":\"WebSite\",\"@id\":\"https:\\\/\\\/kibrisdakik.com\\\/#website\",\"url\":\"https:\\\/\\\/kibrisdakik.com\\\/\",\"name\":\"\",\"description\":\"Tam vaktinde haber\",\"potentialAction\":[{\"@type\":\"SearchAction\",\"target\":{\"@type\":\"EntryPoint\",\"urlTemplate\":\"https:\\\/\\\/kibrisdakik.com\\\/?s={search_term_string}\"},\"query-input\":{\"@type\":\"PropertyValueSpecification\",\"valueRequired\":true,\"valueName\":\"search_term_string\"}}],\"inLanguage\":\"tr\"},{\"@type\":\"Person\",\"@id\":\"https:\\\/\\\/kibrisdakik.com\\\/#\\\/schema\\\/person\\\/9cd9d437bbb44f72b73ba127e06d8e79\",\"name\":\"admin\",\"image\":{\"@type\":\"ImageObject\",\"inLanguage\":\"tr\",\"@id\":\"https:\\\/\\\/secure.gravatar.com\\\/avatar\\\/ccc17943b9d660506c869530f897617f7cb1c21a4bf30023f252596d83e1f007?s=96&d=mm&r=g\",\"url\":\"https:\\\/\\\/secure.gravatar.com\\\/avatar\\\/ccc17943b9d660506c869530f897617f7cb1c21a4bf30023f252596d83e1f007?s=96&d=mm&r=g\",\"contentUrl\":\"https:\\\/\\\/secure.gravatar.com\\\/avatar\\\/ccc17943b9d660506c869530f897617f7cb1c21a4bf30023f252596d83e1f007?s=96&d=mm&r=g\",\"caption\":\"admin\"},\"sameAs\":[\"https:\\\/\\\/kibrisdakik.com\"],\"url\":\"https:\\\/\\\/kibrisdakik.com\\\/?author=1\"}]}<\/script>\n<!-- \/ Yoast SEO plugin. -->","yoast_head_json":{"title":"GUTERRES, CUMHURBA\u015eKANI ERH\u00dcRMAN&#039;I KUTLADI -","robots":{"index":"index","follow":"follow","max-snippet":"max-snippet:-1","max-image-preview":"max-image-preview:large","max-video-preview":"max-video-preview:-1"},"canonical":"https:\/\/kibrisdakik.com\/?p=97483","og_locale":"tr_TR","og_type":"article","og_title":"GUTERRES, CUMHURBA\u015eKANI ERH\u00dcRMAN&#039;I KUTLADI -","og_description":"BM Genel Sekreteri Guterres, Cumhurba\u015fkan\u0131 Tufan Erh\u00fcrman\u2019a bir tebrik mektubu g\u00f6ndererek, se\u00e7ilmesi nedeniyle kendisini kutlad\u0131. Genel Sekreter Guterres mesaj\u0131nda, K\u0131br\u0131s\u2019ta kal\u0131c\u0131 bir \u00e7\u00f6z\u00fcme ula\u015fmak i\u00e7in birlikte \u00e7al\u0131\u015fmay\u0131 sab\u0131rs\u0131zl\u0131kla bekledi\u011fini ifade etti. Cumhurba\u015fkanl\u0131\u011f\u0131\u2019ndan yap\u0131lan a\u00e7\u0131klamaya g\u00f6re, Guterres, \u201cK\u0131br\u0131sl\u0131 T\u00fcrk ve K\u0131br\u0131sl\u0131 Rumlar\u0131n g\u00fcvenli\u011fi ile refah\u0131na olan sars\u0131lmaz ba\u011fl\u0131l\u0131\u011f\u0131m\u0131 bir kez daha teyit etmek isterim\u201d dedi. \u0130yi","og_url":"https:\/\/kibrisdakik.com\/?p=97483","article_published_time":"2025-10-29T14:18:03+00:00","og_image":[{"width":1280,"height":720,"url":"https:\/\/kibrisdakik.com\/wp-content\/uploads\/2025\/10\/mha-sari-beyaz-369.png","type":"image\/png"}],"author":"admin","twitter_card":"summary_large_image","twitter_misc":{"Yazan:":"admin","Tahmini okuma s\u00fcresi":"1 dakika"},"schema":{"@context":"https:\/\/schema.org","@graph":[{"@type":"Article","@id":"https:\/\/kibrisdakik.com\/?p=97483#article","isPartOf":{"@id":"https:\/\/kibrisdakik.com\/?p=97483"},"author":{"name":"admin","@id":"https:\/\/kibrisdakik.com\/#\/schema\/person\/9cd9d437bbb44f72b73ba127e06d8e79"},"headline":"GUTERRES, CUMHURBA\u015eKANI ERH\u00dcRMAN&#039;I KUTLADI","datePublished":"2025-10-29T14:18:03+00:00","mainEntityOfPage":{"@id":"https:\/\/kibrisdakik.com\/?p=97483"},"wordCount":301,"commentCount":0,"image":{"@id":"https:\/\/kibrisdakik.com\/?p=97483#primaryimage"},"thumbnailUrl":"https:\/\/kibrisdakik.com\/wp-content\/uploads\/2025\/10\/mha-sari-beyaz-369.png","articleSection":["K\u0131br\u0131s"],"inLanguage":"tr","potentialAction":[{"@type":"CommentAction","name":"Comment","target":["https:\/\/kibrisdakik.com\/?p=97483#respond"]}]},{"@type":"WebPage","@id":"https:\/\/kibrisdakik.com\/?p=97483","url":"https:\/\/kibrisdakik.com\/?p=97483","name":"GUTERRES, CUMHURBA\u015eKANI ERH\u00dcRMAN&#039;I KUTLADI -","isPartOf":{"@id":"https:\/\/kibrisdakik.com\/#website"},"primaryImageOfPage":{"@id":"https:\/\/kibrisdakik.com\/?p=97483#primaryimage"},"image":{"@id":"https:\/\/kibrisdakik.com\/?p=97483#primaryimage"},"thumbnailUrl":"https:\/\/kibrisdakik.com\/wp-content\/uploads\/2025\/10\/mha-sari-beyaz-369.png","datePublished":"2025-10-29T14:18:03+00:00","author":{"@id":"https:\/\/kibrisdakik.com\/#\/schema\/person\/9cd9d437bbb44f72b73ba127e06d8e79"},"breadcrumb":{"@id":"https:\/\/kibrisdakik.com\/?p=97483#breadcrumb"},"inLanguage":"tr","potentialAction":[{"@type":"ReadAction","target":["https:\/\/kibrisdakik.com\/?p=97483"]}]},{"@type":"ImageObject","inLanguage":"tr","@id":"https:\/\/kibrisdakik.com\/?p=97483#primaryimage","url":"https:\/\/kibrisdakik.com\/wp-content\/uploads\/2025\/10\/mha-sari-beyaz-369.png","contentUrl":"https:\/\/kibrisdakik.com\/wp-content\/uploads\/2025\/10\/mha-sari-beyaz-369.png","width":1280,"height":720},{"@type":"BreadcrumbList","@id":"https:\/\/kibrisdakik.com\/?p=97483#breadcrumb","itemListElement":[{"@type":"ListItem","position":1,"name":"Home","item":"https:\/\/kibrisdakik.com\/"},{"@type":"ListItem","position":2,"name":"GUTERRES, CUMHURBA\u015eKANI ERH\u00dcRMAN&#039;I KUTLADI"}]},{"@type":"WebSite","@id":"https:\/\/kibrisdakik.com\/#website","url":"https:\/\/kibrisdakik.com\/","name":"","description":"Tam vaktinde haber","potentialAction":[{"@type":"SearchAction","target":{"@type":"EntryPoint","urlTemplate":"https:\/\/kibrisdakik.com\/?s={search_term_string}"},"query-input":{"@type":"PropertyValueSpecification","valueRequired":true,"valueName":"search_term_string"}}],"inLanguage":"tr"},{"@type":"Person","@id":"https:\/\/kibrisdakik.com\/#\/schema\/person\/9cd9d437bbb44f72b73ba127e06d8e79","name":"admin","image":{"@type":"ImageObject","inLanguage":"tr","@id":"https:\/\/secure.gravatar.com\/avatar\/ccc17943b9d660506c869530f897617f7cb1c21a4bf30023f252596d83e1f007?s=96&d=mm&r=g","url":"https:\/\/secure.gravatar.com\/avatar\/ccc17943b9d660506c869530f897617f7cb1c21a4bf30023f252596d83e1f007?s=96&d=mm&r=g","contentUrl":"https:\/\/secure.gravatar.com\/avatar\/ccc17943b9d660506c869530f897617f7cb1c21a4bf30023f252596d83e1f007?s=96&d=mm&r=g","caption":"admin"},"sameAs":["https:\/\/kibrisdakik.com"],"url":"https:\/\/kibrisdakik.com\/?author=1"}]}},"_links":{"self":[{"href":"https:\/\/kibrisdakik.com\/index.php?rest_route=\/wp\/v2\/posts\/97483","targetHints":{"allow":["GET"]}}],"collection":[{"href":"https:\/\/kibrisdakik.com\/index.php?rest_route=\/wp\/v2\/posts"}],"about":[{"href":"https:\/\/kibrisdakik.com\/index.php?rest_route=\/wp\/v2\/types\/post"}],"author":[{"embeddable":true,"href":"https:\/\/kibrisdakik.com\/index.php?rest_route=\/wp\/v2\/users\/1"}],"replies":[{"embeddable":true,"href":"https:\/\/kibrisdakik.com\/index.php?rest_route=%2Fwp%2Fv2%2Fcomments&post=97483"}],"version-history":[{"count":0,"href":"https:\/\/kibrisdakik.com\/index.php?rest_route=\/wp\/v2\/posts\/97483\/revisions"}],"wp:featuredmedia":[{"embeddable":true,"href":"https:\/\/kibrisdakik.com\/index.php?rest_route=\/wp\/v2\/media\/97484"}],"wp:attachment":[{"href":"https:\/\/kibrisdakik.com\/index.php?rest_route=%2Fwp%2Fv2%2Fmedia&parent=97483"}],"wp:term":[{"taxonomy":"category","embeddable":true,"href":"https:\/\/kibrisdakik.com\/index.php?rest_route=%2Fwp%2Fv2%2Fcategories&post=97483"},{"taxonomy":"post_tag","embeddable":true,"href":"https:\/\/kibrisdakik.com\/index.php?rest_route=%2Fwp%2Fv2%2Ftags&post=97483"}],"curies":[{"name":"wp","href":"https:\/\/api.w.org\/{rel}","templated":true}]}}