{"id":97495,"date":"2025-10-29T17:05:22","date_gmt":"2025-10-29T15:05:22","guid":{"rendered":"https:\/\/kibrisdakik.com\/index.php\/2025\/10\/29\/isgalci-israilliler-bati-seriada-filistinlilerin-zeytin-hasadini-engelledi\/"},"modified":"2025-10-29T17:05:22","modified_gmt":"2025-10-29T15:05:22","slug":"isgalci-israilliler-bati-seriada-filistinlilerin-zeytin-hasadini-engelledi","status":"publish","type":"post","link":"https:\/\/kibrisdakik.com\/?p=97495","title":{"rendered":"\u0130\u015fgalci \u0130srailliler, Bat\u0131 \u015eeria&#039;da Filistinlilerin zeytin hasad\u0131n\u0131 engelledi"},"content":{"rendered":"<p><\/p>\n<div class=\"news-content\">\n<p>\n\tFilistin Kurtulu\u015f \u00d6rg\u00fct\u00fc&#8217;ne (FK\u00d6) ba\u011fl\u0131 Toprak Savunmas\u0131 ve Yerle\u015fim Direni\u015f Komisyonu yetkilisi Abdullah Ebu Rahme, yapt\u0131\u011f\u0131 a\u00e7\u0131klamada, \u0130sraillilerin Filistin k\u00f6ylerine ve \u00e7ift\u00e7ilere y\u00f6nelik devam eden sald\u0131r\u0131lar\u0131na dikkati \u00e7ekti.<\/p>\n<p>\n\tYabanc\u0131 g\u00f6n\u00fcll\u00fclerin Ramallah kentinin do\u011fusundaki Silvad beldesinde zeytin hasad\u0131 yapan Filistinlilere yard\u0131m etmeye \u00e7al\u0131\u015ft\u0131\u011f\u0131 s\u0131rada \u0130srailli yerle\u015fimcilerin sald\u0131r\u0131s\u0131na u\u011frad\u0131klar\u0131n\u0131 aktaran Ebu Rahme, \u0130srail g\u00fc\u00e7leri taraf\u0131ndan korunan yerle\u015fimcilerin Filistinli \u00e7ift\u00e7ilerin zeytin hasad\u0131na engel oldu\u011funu belirtti.<\/p>\n<p>\n\tEbu Rahme, \u0130srail&#8217;in ve yerle\u015fimcilerin her t\u00fcrl\u00fc sald\u0131r\u0131 ve engellerine ra\u011fmen Filistinli \u00e7ift\u00e7ilerin zeytin bah\u00e7elerinde hasat yapmaktan vazge\u00e7meyece\u011fine i\u015faret etti.<\/p>\n<p>\n\tBat\u0131 \u015eeria&#8217;daki Filistinli \u00e7ift\u00e7iler i\u00e7in bu y\u0131l zeytin hasad\u0131 mevsiminin zor ge\u00e7ti\u011fini dile getiren Abu Rahme, radikal yerle\u015fimcilerin g\u00fcnl\u00fck sald\u0131r\u0131lar\u0131n\u0131n yan\u0131 s\u0131ra \u0130srail&#8217;in Bat\u0131 \u015eeria&#8217;da tar\u0131msal alanlar\u0131 kapsayan alanlar\u0131 askeri b\u00f6lgeler olarak ilan etti\u011fine vurgu yapt\u0131.<\/p>\n<p>\n\tZeytin hasad\u0131 d\u00f6neminin ba\u015flamas\u0131yla birlikte, Filistin topraklar\u0131n\u0131 gasbeden \u0130sraillilerin Filistinli \u00e7ift\u00e7ilere y\u00f6nelik sald\u0131r\u0131lar\u0131 da artarak devam ediyor.<\/p>\n<p>\n\tFilistin Tar\u0131m Bakanl\u0131\u011f\u0131 taraf\u0131ndan yap\u0131lan a\u00e7\u0131klamada, son y\u0131llar\u0131n en verimsiz zeytin sezonlar\u0131ndan birinin ya\u015fand\u0131\u011f\u0131, \u00fcretimin normal sezonun y\u00fczde 15\u2019ini dahi ge\u00e7emedi\u011fi belirtilmi\u015fti.<\/p>\n<div class=\"news-tags\">\n<div class=\"title\">ET\u0130KETLER<\/div>\n<div class=\"tags\">\n                                                                            Bat\u0131 \u015eeria\n                                                                    <\/div>\n<\/p><\/div>\n<\/p><\/div>\n","protected":false},"excerpt":{"rendered":"<p>Filistin Kurtulu\u015f \u00d6rg\u00fct\u00fc&#8217;ne (FK\u00d6) ba\u011fl\u0131 Toprak Savunmas\u0131 ve Yerle\u015fim Direni\u015f Komisyonu yetkilisi Abdullah Ebu Rahme, yapt\u0131\u011f\u0131 a\u00e7\u0131klamada, \u0130sraillilerin Filistin k\u00f6ylerine ve \u00e7ift\u00e7ilere y\u00f6nelik devam eden sald\u0131r\u0131lar\u0131na dikkati \u00e7ekti. Yabanc\u0131 g\u00f6n\u00fcll\u00fclerin Ramallah kentinin do\u011fusundaki Silvad beldesinde zeytin hasad\u0131 yapan Filistinlilere yard\u0131m etmeye \u00e7al\u0131\u015ft\u0131\u011f\u0131 s\u0131rada \u0130srailli yerle\u015fimcilerin sald\u0131r\u0131s\u0131na u\u011frad\u0131klar\u0131n\u0131 aktaran Ebu Rahme, \u0130srail g\u00fc\u00e7leri taraf\u0131ndan korunan yerle\u015fimcilerin<\/p>\n","protected":false},"author":1,"featured_media":97496,"comment_status":"open","ping_status":"open","sticky":false,"template":"","format":"standard","meta":{"footnotes":""},"categories":[306],"tags":[],"class_list":["post-97495","post","type-post","status-publish","format-standard","has-post-thumbnail","hentry","category-dunya"],"yoast_head":"<!-- This site is optimized with the Yoast SEO plugin v27.5 - https:\/\/yoast.com\/product\/yoast-seo-wordpress\/ -->\n<title>\u0130\u015fgalci \u0130srailliler, Bat\u0131 \u015eeria&#039;da Filistinlilerin zeytin hasad\u0131n\u0131 engelledi -<\/title>\n<meta name=\"robots\" content=\"index, follow, max-snippet:-1, max-image-preview:large, max-video-preview:-1\" \/>\n<link rel=\"canonical\" href=\"https:\/\/kibrisdakik.com\/?p=97495\" \/>\n<meta property=\"og:locale\" content=\"tr_TR\" \/>\n<meta property=\"og:type\" content=\"article\" \/>\n<meta property=\"og:title\" content=\"\u0130\u015fgalci \u0130srailliler, Bat\u0131 \u015eeria&#039;da Filistinlilerin zeytin hasad\u0131n\u0131 engelledi -\" \/>\n<meta property=\"og:description\" content=\"Filistin Kurtulu\u015f \u00d6rg\u00fct\u00fc&#8217;ne (FK\u00d6) ba\u011fl\u0131 Toprak Savunmas\u0131 ve Yerle\u015fim Direni\u015f Komisyonu yetkilisi Abdullah Ebu Rahme, yapt\u0131\u011f\u0131 a\u00e7\u0131klamada, \u0130sraillilerin Filistin k\u00f6ylerine ve \u00e7ift\u00e7ilere y\u00f6nelik devam eden sald\u0131r\u0131lar\u0131na dikkati \u00e7ekti. Yabanc\u0131 g\u00f6n\u00fcll\u00fclerin Ramallah kentinin do\u011fusundaki Silvad beldesinde zeytin hasad\u0131 yapan Filistinlilere yard\u0131m etmeye \u00e7al\u0131\u015ft\u0131\u011f\u0131 s\u0131rada \u0130srailli yerle\u015fimcilerin sald\u0131r\u0131s\u0131na u\u011frad\u0131klar\u0131n\u0131 aktaran Ebu Rahme, \u0130srail g\u00fc\u00e7leri taraf\u0131ndan korunan yerle\u015fimcilerin\" \/>\n<meta property=\"og:url\" content=\"https:\/\/kibrisdakik.com\/?p=97495\" \/>\n<meta property=\"article:published_time\" content=\"2025-10-29T15:05:22+00:00\" \/>\n<meta property=\"og:image\" content=\"https:\/\/kibrisdakik.com\/wp-content\/uploads\/2025\/10\/bati-seria-aa-2412472.jpg\" \/>\n\t<meta property=\"og:image:width\" content=\"1280\" \/>\n\t<meta property=\"og:image:height\" content=\"720\" \/>\n\t<meta property=\"og:image:type\" content=\"image\/jpeg\" \/>\n<meta name=\"author\" content=\"admin\" \/>\n<meta name=\"twitter:card\" content=\"summary_large_image\" \/>\n<meta name=\"twitter:label1\" content=\"Yazan:\" \/>\n\t<meta name=\"twitter:data1\" content=\"admin\" \/>\n\t<meta name=\"twitter:label2\" content=\"Tahmini okuma s\u00fcresi\" \/>\n\t<meta name=\"twitter:data2\" content=\"1 dakika\" \/>\n<script type=\"application\/ld+json\" class=\"yoast-schema-graph\">{\"@context\":\"https:\\\/\\\/schema.org\",\"@graph\":[{\"@type\":\"Article\",\"@id\":\"https:\\\/\\\/kibrisdakik.com\\\/?p=97495#article\",\"isPartOf\":{\"@id\":\"https:\\\/\\\/kibrisdakik.com\\\/?p=97495\"},\"author\":{\"name\":\"admin\",\"@id\":\"https:\\\/\\\/kibrisdakik.com\\\/#\\\/schema\\\/person\\\/9cd9d437bbb44f72b73ba127e06d8e79\"},\"headline\":\"\u0130\u015fgalci \u0130srailliler, Bat\u0131 \u015eeria&#039;da Filistinlilerin zeytin hasad\u0131n\u0131 engelledi\",\"datePublished\":\"2025-10-29T15:05:22+00:00\",\"mainEntityOfPage\":{\"@id\":\"https:\\\/\\\/kibrisdakik.com\\\/?p=97495\"},\"wordCount\":247,\"commentCount\":0,\"image\":{\"@id\":\"https:\\\/\\\/kibrisdakik.com\\\/?p=97495#primaryimage\"},\"thumbnailUrl\":\"https:\\\/\\\/kibrisdakik.com\\\/wp-content\\\/uploads\\\/2025\\\/10\\\/bati-seria-aa-2412472.jpg\",\"articleSection\":[\"D\u00fcnya\"],\"inLanguage\":\"tr\",\"potentialAction\":[{\"@type\":\"CommentAction\",\"name\":\"Comment\",\"target\":[\"https:\\\/\\\/kibrisdakik.com\\\/?p=97495#respond\"]}]},{\"@type\":\"WebPage\",\"@id\":\"https:\\\/\\\/kibrisdakik.com\\\/?p=97495\",\"url\":\"https:\\\/\\\/kibrisdakik.com\\\/?p=97495\",\"name\":\"\u0130\u015fgalci \u0130srailliler, Bat\u0131 \u015eeria&#039;da Filistinlilerin zeytin hasad\u0131n\u0131 engelledi -\",\"isPartOf\":{\"@id\":\"https:\\\/\\\/kibrisdakik.com\\\/#website\"},\"primaryImageOfPage\":{\"@id\":\"https:\\\/\\\/kibrisdakik.com\\\/?p=97495#primaryimage\"},\"image\":{\"@id\":\"https:\\\/\\\/kibrisdakik.com\\\/?p=97495#primaryimage\"},\"thumbnailUrl\":\"https:\\\/\\\/kibrisdakik.com\\\/wp-content\\\/uploads\\\/2025\\\/10\\\/bati-seria-aa-2412472.jpg\",\"datePublished\":\"2025-10-29T15:05:22+00:00\",\"author\":{\"@id\":\"https:\\\/\\\/kibrisdakik.com\\\/#\\\/schema\\\/person\\\/9cd9d437bbb44f72b73ba127e06d8e79\"},\"breadcrumb\":{\"@id\":\"https:\\\/\\\/kibrisdakik.com\\\/?p=97495#breadcrumb\"},\"inLanguage\":\"tr\",\"potentialAction\":[{\"@type\":\"ReadAction\",\"target\":[\"https:\\\/\\\/kibrisdakik.com\\\/?p=97495\"]}]},{\"@type\":\"ImageObject\",\"inLanguage\":\"tr\",\"@id\":\"https:\\\/\\\/kibrisdakik.com\\\/?p=97495#primaryimage\",\"url\":\"https:\\\/\\\/kibrisdakik.com\\\/wp-content\\\/uploads\\\/2025\\\/10\\\/bati-seria-aa-2412472.jpg\",\"contentUrl\":\"https:\\\/\\\/kibrisdakik.com\\\/wp-content\\\/uploads\\\/2025\\\/10\\\/bati-seria-aa-2412472.jpg\",\"width\":1280,\"height\":720},{\"@type\":\"BreadcrumbList\",\"@id\":\"https:\\\/\\\/kibrisdakik.com\\\/?p=97495#breadcrumb\",\"itemListElement\":[{\"@type\":\"ListItem\",\"position\":1,\"name\":\"Home\",\"item\":\"https:\\\/\\\/kibrisdakik.com\\\/\"},{\"@type\":\"ListItem\",\"position\":2,\"name\":\"\u0130\u015fgalci \u0130srailliler, Bat\u0131 \u015eeria&#039;da Filistinlilerin zeytin hasad\u0131n\u0131 engelledi\"}]},{\"@type\":\"WebSite\",\"@id\":\"https:\\\/\\\/kibrisdakik.com\\\/#website\",\"url\":\"https:\\\/\\\/kibrisdakik.com\\\/\",\"name\":\"\",\"description\":\"Tam vaktinde haber\",\"potentialAction\":[{\"@type\":\"SearchAction\",\"target\":{\"@type\":\"EntryPoint\",\"urlTemplate\":\"https:\\\/\\\/kibrisdakik.com\\\/?s={search_term_string}\"},\"query-input\":{\"@type\":\"PropertyValueSpecification\",\"valueRequired\":true,\"valueName\":\"search_term_string\"}}],\"inLanguage\":\"tr\"},{\"@type\":\"Person\",\"@id\":\"https:\\\/\\\/kibrisdakik.com\\\/#\\\/schema\\\/person\\\/9cd9d437bbb44f72b73ba127e06d8e79\",\"name\":\"admin\",\"image\":{\"@type\":\"ImageObject\",\"inLanguage\":\"tr\",\"@id\":\"https:\\\/\\\/secure.gravatar.com\\\/avatar\\\/ccc17943b9d660506c869530f897617f7cb1c21a4bf30023f252596d83e1f007?s=96&d=mm&r=g\",\"url\":\"https:\\\/\\\/secure.gravatar.com\\\/avatar\\\/ccc17943b9d660506c869530f897617f7cb1c21a4bf30023f252596d83e1f007?s=96&d=mm&r=g\",\"contentUrl\":\"https:\\\/\\\/secure.gravatar.com\\\/avatar\\\/ccc17943b9d660506c869530f897617f7cb1c21a4bf30023f252596d83e1f007?s=96&d=mm&r=g\",\"caption\":\"admin\"},\"sameAs\":[\"https:\\\/\\\/kibrisdakik.com\"],\"url\":\"https:\\\/\\\/kibrisdakik.com\\\/?author=1\"}]}<\/script>\n<!-- \/ Yoast SEO plugin. -->","yoast_head_json":{"title":"\u0130\u015fgalci \u0130srailliler, Bat\u0131 \u015eeria&#039;da Filistinlilerin zeytin hasad\u0131n\u0131 engelledi -","robots":{"index":"index","follow":"follow","max-snippet":"max-snippet:-1","max-image-preview":"max-image-preview:large","max-video-preview":"max-video-preview:-1"},"canonical":"https:\/\/kibrisdakik.com\/?p=97495","og_locale":"tr_TR","og_type":"article","og_title":"\u0130\u015fgalci \u0130srailliler, Bat\u0131 \u015eeria&#039;da Filistinlilerin zeytin hasad\u0131n\u0131 engelledi -","og_description":"Filistin Kurtulu\u015f \u00d6rg\u00fct\u00fc&#8217;ne (FK\u00d6) ba\u011fl\u0131 Toprak Savunmas\u0131 ve Yerle\u015fim Direni\u015f Komisyonu yetkilisi Abdullah Ebu Rahme, yapt\u0131\u011f\u0131 a\u00e7\u0131klamada, \u0130sraillilerin Filistin k\u00f6ylerine ve \u00e7ift\u00e7ilere y\u00f6nelik devam eden sald\u0131r\u0131lar\u0131na dikkati \u00e7ekti. Yabanc\u0131 g\u00f6n\u00fcll\u00fclerin Ramallah kentinin do\u011fusundaki Silvad beldesinde zeytin hasad\u0131 yapan Filistinlilere yard\u0131m etmeye \u00e7al\u0131\u015ft\u0131\u011f\u0131 s\u0131rada \u0130srailli yerle\u015fimcilerin sald\u0131r\u0131s\u0131na u\u011frad\u0131klar\u0131n\u0131 aktaran Ebu Rahme, \u0130srail g\u00fc\u00e7leri taraf\u0131ndan korunan yerle\u015fimcilerin","og_url":"https:\/\/kibrisdakik.com\/?p=97495","article_published_time":"2025-10-29T15:05:22+00:00","og_image":[{"width":1280,"height":720,"url":"https:\/\/kibrisdakik.com\/wp-content\/uploads\/2025\/10\/bati-seria-aa-2412472.jpg","type":"image\/jpeg"}],"author":"admin","twitter_card":"summary_large_image","twitter_misc":{"Yazan:":"admin","Tahmini okuma s\u00fcresi":"1 dakika"},"schema":{"@context":"https:\/\/schema.org","@graph":[{"@type":"Article","@id":"https:\/\/kibrisdakik.com\/?p=97495#article","isPartOf":{"@id":"https:\/\/kibrisdakik.com\/?p=97495"},"author":{"name":"admin","@id":"https:\/\/kibrisdakik.com\/#\/schema\/person\/9cd9d437bbb44f72b73ba127e06d8e79"},"headline":"\u0130\u015fgalci \u0130srailliler, Bat\u0131 \u015eeria&#039;da Filistinlilerin zeytin hasad\u0131n\u0131 engelledi","datePublished":"2025-10-29T15:05:22+00:00","mainEntityOfPage":{"@id":"https:\/\/kibrisdakik.com\/?p=97495"},"wordCount":247,"commentCount":0,"image":{"@id":"https:\/\/kibrisdakik.com\/?p=97495#primaryimage"},"thumbnailUrl":"https:\/\/kibrisdakik.com\/wp-content\/uploads\/2025\/10\/bati-seria-aa-2412472.jpg","articleSection":["D\u00fcnya"],"inLanguage":"tr","potentialAction":[{"@type":"CommentAction","name":"Comment","target":["https:\/\/kibrisdakik.com\/?p=97495#respond"]}]},{"@type":"WebPage","@id":"https:\/\/kibrisdakik.com\/?p=97495","url":"https:\/\/kibrisdakik.com\/?p=97495","name":"\u0130\u015fgalci \u0130srailliler, Bat\u0131 \u015eeria&#039;da Filistinlilerin zeytin hasad\u0131n\u0131 engelledi -","isPartOf":{"@id":"https:\/\/kibrisdakik.com\/#website"},"primaryImageOfPage":{"@id":"https:\/\/kibrisdakik.com\/?p=97495#primaryimage"},"image":{"@id":"https:\/\/kibrisdakik.com\/?p=97495#primaryimage"},"thumbnailUrl":"https:\/\/kibrisdakik.com\/wp-content\/uploads\/2025\/10\/bati-seria-aa-2412472.jpg","datePublished":"2025-10-29T15:05:22+00:00","author":{"@id":"https:\/\/kibrisdakik.com\/#\/schema\/person\/9cd9d437bbb44f72b73ba127e06d8e79"},"breadcrumb":{"@id":"https:\/\/kibrisdakik.com\/?p=97495#breadcrumb"},"inLanguage":"tr","potentialAction":[{"@type":"ReadAction","target":["https:\/\/kibrisdakik.com\/?p=97495"]}]},{"@type":"ImageObject","inLanguage":"tr","@id":"https:\/\/kibrisdakik.com\/?p=97495#primaryimage","url":"https:\/\/kibrisdakik.com\/wp-content\/uploads\/2025\/10\/bati-seria-aa-2412472.jpg","contentUrl":"https:\/\/kibrisdakik.com\/wp-content\/uploads\/2025\/10\/bati-seria-aa-2412472.jpg","width":1280,"height":720},{"@type":"BreadcrumbList","@id":"https:\/\/kibrisdakik.com\/?p=97495#breadcrumb","itemListElement":[{"@type":"ListItem","position":1,"name":"Home","item":"https:\/\/kibrisdakik.com\/"},{"@type":"ListItem","position":2,"name":"\u0130\u015fgalci \u0130srailliler, Bat\u0131 \u015eeria&#039;da Filistinlilerin zeytin hasad\u0131n\u0131 engelledi"}]},{"@type":"WebSite","@id":"https:\/\/kibrisdakik.com\/#website","url":"https:\/\/kibrisdakik.com\/","name":"","description":"Tam vaktinde haber","potentialAction":[{"@type":"SearchAction","target":{"@type":"EntryPoint","urlTemplate":"https:\/\/kibrisdakik.com\/?s={search_term_string}"},"query-input":{"@type":"PropertyValueSpecification","valueRequired":true,"valueName":"search_term_string"}}],"inLanguage":"tr"},{"@type":"Person","@id":"https:\/\/kibrisdakik.com\/#\/schema\/person\/9cd9d437bbb44f72b73ba127e06d8e79","name":"admin","image":{"@type":"ImageObject","inLanguage":"tr","@id":"https:\/\/secure.gravatar.com\/avatar\/ccc17943b9d660506c869530f897617f7cb1c21a4bf30023f252596d83e1f007?s=96&d=mm&r=g","url":"https:\/\/secure.gravatar.com\/avatar\/ccc17943b9d660506c869530f897617f7cb1c21a4bf30023f252596d83e1f007?s=96&d=mm&r=g","contentUrl":"https:\/\/secure.gravatar.com\/avatar\/ccc17943b9d660506c869530f897617f7cb1c21a4bf30023f252596d83e1f007?s=96&d=mm&r=g","caption":"admin"},"sameAs":["https:\/\/kibrisdakik.com"],"url":"https:\/\/kibrisdakik.com\/?author=1"}]}},"_links":{"self":[{"href":"https:\/\/kibrisdakik.com\/index.php?rest_route=\/wp\/v2\/posts\/97495","targetHints":{"allow":["GET"]}}],"collection":[{"href":"https:\/\/kibrisdakik.com\/index.php?rest_route=\/wp\/v2\/posts"}],"about":[{"href":"https:\/\/kibrisdakik.com\/index.php?rest_route=\/wp\/v2\/types\/post"}],"author":[{"embeddable":true,"href":"https:\/\/kibrisdakik.com\/index.php?rest_route=\/wp\/v2\/users\/1"}],"replies":[{"embeddable":true,"href":"https:\/\/kibrisdakik.com\/index.php?rest_route=%2Fwp%2Fv2%2Fcomments&post=97495"}],"version-history":[{"count":0,"href":"https:\/\/kibrisdakik.com\/index.php?rest_route=\/wp\/v2\/posts\/97495\/revisions"}],"wp:featuredmedia":[{"embeddable":true,"href":"https:\/\/kibrisdakik.com\/index.php?rest_route=\/wp\/v2\/media\/97496"}],"wp:attachment":[{"href":"https:\/\/kibrisdakik.com\/index.php?rest_route=%2Fwp%2Fv2%2Fmedia&parent=97495"}],"wp:term":[{"taxonomy":"category","embeddable":true,"href":"https:\/\/kibrisdakik.com\/index.php?rest_route=%2Fwp%2Fv2%2Fcategories&post=97495"},{"taxonomy":"post_tag","embeddable":true,"href":"https:\/\/kibrisdakik.com\/index.php?rest_route=%2Fwp%2Fv2%2Ftags&post=97495"}],"curies":[{"name":"wp","href":"https:\/\/api.w.org\/{rel}","templated":true}]}}