{"id":97497,"date":"2025-10-29T17:24:16","date_gmt":"2025-10-29T15:24:16","guid":{"rendered":"https:\/\/kibrisdakik.com\/index.php\/2025\/10\/29\/cumhuriyetin-102-yili-girnede-torenle-kutlandi\/"},"modified":"2025-10-29T17:24:16","modified_gmt":"2025-10-29T15:24:16","slug":"cumhuriyetin-102-yili-girnede-torenle-kutlandi","status":"publish","type":"post","link":"https:\/\/kibrisdakik.com\/?p=97497","title":{"rendered":"CUMHUR\u0130YET\u2019\u0130N 102. YILI G\u0130RNE&#039;DE T\u00d6RENLE KUTLANDI"},"content":{"rendered":"<p><\/p>\n<p>29 Ekim Cumhuriyet Bayram\u0131 kutlamalar\u0131 Girne\u2019de b\u00fcy\u00fck bir co\u015fku ve gururla ger\u00e7ekle\u015ftirildi. T\u00f6ren, saat 14.00\u2019te Atat\u00fcrk An\u0131t\u0131\u2019nda ba\u015flad\u0131. Protokol \u00fcyeleri, askeri erkan, \u00f6\u011frenciler, sivil toplum temsilcileri ve \u00e7ok say\u0131da vatanda\u015f\u0131n kat\u0131l\u0131m\u0131yla ger\u00e7ekle\u015ftirilen t\u00f6rende ilk olarak an\u0131ta \u00e7elenkler sunuldu. Girne Kaymakaml\u0131\u011f\u0131, K\u0131br\u0131s T\u00fcrk Bar\u0131\u015f Kuvvetleri Komutanl\u0131\u011f\u0131, G\u00fcvenlik Kuvvetleri Komutanl\u0131\u011f\u0131, belediye ve siyasi partilerin temsilcileri, Cumhuriyet\u2019in 102. y\u0131l\u0131 onuruna \u00e7elenklerini Atat\u00fcrk An\u0131t\u0131\u2019na koydu.<\/p>\n<p>\u00c7elenk sunumunun ard\u0131ndan, t\u00fcm kat\u0131l\u0131mc\u0131lar Gazi Mustafa Kemal Atat\u00fcrk ve silah arkada\u015flar\u0131 ile t\u00fcm \u015fehitler an\u0131s\u0131na sayg\u0131 duru\u015funda bulundu. Ard\u0131ndan \u0130stiklal Mar\u015f\u0131\u2019n\u0131n co\u015fkuyla okunmas\u0131yla birlikte bayraklar g\u00f6ndere \u00e7ekildi. T\u00f6ren s\u0131ras\u0131nda \u00f6\u011frenciler taraf\u0131ndan Cumhuriyet temal\u0131 \u015fiirler okundu, gen\u00e7lerin seslendirdi\u011fi dizeler izleyenlerden b\u00fcy\u00fck alk\u0131\u015f ald\u0131.<img loading=\"lazy\" decoding=\"async\" height=\"760\" src=\"https:\/\/mhahabercom.teimg.com\/mhahaber-com\/uploads\/2025\/10\/whatsapp-image-2025-10-29-at-181119.jpeg\" width=\"1125\" \/><\/p>\n<p>Etkinlikler, saat 15.00\u2019te d\u00fczenlenen kortej y\u00fcr\u00fcy\u00fc\u015f\u00fc ile devam etti. Girne caddelerinde yap\u0131lan y\u00fcr\u00fcy\u00fc\u015fe Askeri Bando, t\u00f6ren b\u00f6l\u00fc\u011f\u00fc, m\u00fccahitler, gaziler, \u00f6\u011frenciler, sivil toplum kurulu\u015flar\u0131 ve vatanda\u015flar kat\u0131ld\u0131. Kortejde, K\u0131br\u0131s T\u00fcrk Bar\u0131\u015f Kuvvetleri Komutan\u0131 Korgeneral Sebahattin K\u0131l\u0131n\u00e7, Girne Kaymakam\u0131 Revin G\u00fcrler ve protokol \u00fcyeleri de yer ald\u0131. T\u00fcrk bayraklar\u0131 ve Atat\u00fcrk posterleriyle s\u00fcslenen kortej, halk\u0131n yo\u011fun ilgisiyle kar\u015f\u0131land\u0131.<img loading=\"lazy\" decoding=\"async\" height=\"772\" src=\"https:\/\/mhahabercom.teimg.com\/mhahaber-com\/uploads\/2025\/10\/whatsapp-image-2025-10-29-at-181120-2.jpeg\" width=\"1125\" \/><\/p>\n<p>Y\u00fcr\u00fcy\u00fc\u015f\u00fcn ard\u0131ndan, KTBK B\u00f6lge Bando Komutanl\u0131\u011f\u0131 taraf\u0131ndan Cumhuriyet\u2019e \u00f6zel bir konser verildi. Bandonun seslendirdi\u011fi mar\u015flar ve kahramanl\u0131k ezgileri, kat\u0131l\u0131mc\u0131lara duygu dolu anlar ya\u015fatt\u0131. G\u00fcn boyunca s\u00fcren etkinlikler, Cumhuriyet\u2019in ilan\u0131n\u0131n 102. y\u0131l d\u00f6n\u00fcm\u00fcne yak\u0131\u015f\u0131r bir \u015fekilde, birlik, beraberlik ve gurur duygular\u0131 i\u00e7erisinde sona erdi.<\/p>\n","protected":false},"excerpt":{"rendered":"<p>29 Ekim Cumhuriyet Bayram\u0131 kutlamalar\u0131 Girne\u2019de b\u00fcy\u00fck bir co\u015fku ve gururla ger\u00e7ekle\u015ftirildi. T\u00f6ren, saat 14.00\u2019te Atat\u00fcrk An\u0131t\u0131\u2019nda ba\u015flad\u0131. Protokol \u00fcyeleri, askeri erkan, \u00f6\u011frenciler, sivil toplum temsilcileri ve \u00e7ok say\u0131da vatanda\u015f\u0131n kat\u0131l\u0131m\u0131yla ger\u00e7ekle\u015ftirilen t\u00f6rende ilk olarak an\u0131ta \u00e7elenkler sunuldu. Girne Kaymakaml\u0131\u011f\u0131, K\u0131br\u0131s T\u00fcrk Bar\u0131\u015f Kuvvetleri Komutanl\u0131\u011f\u0131, G\u00fcvenlik Kuvvetleri Komutanl\u0131\u011f\u0131, belediye ve siyasi partilerin temsilcileri, Cumhuriyet\u2019in 102.<\/p>\n","protected":false},"author":1,"featured_media":97498,"comment_status":"open","ping_status":"open","sticky":false,"template":"","format":"standard","meta":{"footnotes":""},"categories":[81],"tags":[],"class_list":["post-97497","post","type-post","status-publish","format-standard","has-post-thumbnail","hentry","category-kibris"],"yoast_head":"<!-- This site is optimized with the Yoast SEO plugin v27.5 - https:\/\/yoast.com\/product\/yoast-seo-wordpress\/ -->\n<title>CUMHUR\u0130YET\u2019\u0130N 102. YILI G\u0130RNE&#039;DE T\u00d6RENLE KUTLANDI -<\/title>\n<meta name=\"robots\" content=\"index, follow, max-snippet:-1, max-image-preview:large, max-video-preview:-1\" \/>\n<link rel=\"canonical\" href=\"https:\/\/kibrisdakik.com\/?p=97497\" \/>\n<meta property=\"og:locale\" content=\"tr_TR\" \/>\n<meta property=\"og:type\" content=\"article\" \/>\n<meta property=\"og:title\" content=\"CUMHUR\u0130YET\u2019\u0130N 102. YILI G\u0130RNE&#039;DE T\u00d6RENLE KUTLANDI -\" \/>\n<meta property=\"og:description\" content=\"29 Ekim Cumhuriyet Bayram\u0131 kutlamalar\u0131 Girne\u2019de b\u00fcy\u00fck bir co\u015fku ve gururla ger\u00e7ekle\u015ftirildi. T\u00f6ren, saat 14.00\u2019te Atat\u00fcrk An\u0131t\u0131\u2019nda ba\u015flad\u0131. Protokol \u00fcyeleri, askeri erkan, \u00f6\u011frenciler, sivil toplum temsilcileri ve \u00e7ok say\u0131da vatanda\u015f\u0131n kat\u0131l\u0131m\u0131yla ger\u00e7ekle\u015ftirilen t\u00f6rende ilk olarak an\u0131ta \u00e7elenkler sunuldu. Girne Kaymakaml\u0131\u011f\u0131, K\u0131br\u0131s T\u00fcrk Bar\u0131\u015f Kuvvetleri Komutanl\u0131\u011f\u0131, G\u00fcvenlik Kuvvetleri Komutanl\u0131\u011f\u0131, belediye ve siyasi partilerin temsilcileri, Cumhuriyet\u2019in 102.\" \/>\n<meta property=\"og:url\" content=\"https:\/\/kibrisdakik.com\/?p=97497\" \/>\n<meta property=\"article:published_time\" content=\"2025-10-29T15:24:16+00:00\" \/>\n<meta property=\"og:image\" content=\"https:\/\/kibrisdakik.com\/wp-content\/uploads\/2025\/10\/mha-sari-beyaz-373.png\" \/>\n\t<meta property=\"og:image:width\" content=\"1280\" \/>\n\t<meta property=\"og:image:height\" content=\"720\" \/>\n\t<meta property=\"og:image:type\" content=\"image\/png\" \/>\n<meta name=\"author\" content=\"admin\" \/>\n<meta name=\"twitter:card\" content=\"summary_large_image\" \/>\n<meta name=\"twitter:label1\" content=\"Yazan:\" \/>\n\t<meta name=\"twitter:data1\" content=\"admin\" \/>\n\t<meta name=\"twitter:label2\" content=\"Tahmini okuma s\u00fcresi\" \/>\n\t<meta name=\"twitter:data2\" content=\"2 dakika\" \/>\n<script type=\"application\/ld+json\" class=\"yoast-schema-graph\">{\"@context\":\"https:\\\/\\\/schema.org\",\"@graph\":[{\"@type\":\"Article\",\"@id\":\"https:\\\/\\\/kibrisdakik.com\\\/?p=97497#article\",\"isPartOf\":{\"@id\":\"https:\\\/\\\/kibrisdakik.com\\\/?p=97497\"},\"author\":{\"name\":\"admin\",\"@id\":\"https:\\\/\\\/kibrisdakik.com\\\/#\\\/schema\\\/person\\\/9cd9d437bbb44f72b73ba127e06d8e79\"},\"headline\":\"CUMHUR\u0130YET\u2019\u0130N 102. YILI G\u0130RNE&#039;DE T\u00d6RENLE KUTLANDI\",\"datePublished\":\"2025-10-29T15:24:16+00:00\",\"mainEntityOfPage\":{\"@id\":\"https:\\\/\\\/kibrisdakik.com\\\/?p=97497\"},\"wordCount\":314,\"commentCount\":0,\"image\":{\"@id\":\"https:\\\/\\\/kibrisdakik.com\\\/?p=97497#primaryimage\"},\"thumbnailUrl\":\"https:\\\/\\\/kibrisdakik.com\\\/wp-content\\\/uploads\\\/2025\\\/10\\\/mha-sari-beyaz-373.png\",\"articleSection\":[\"K\u0131br\u0131s\"],\"inLanguage\":\"tr\",\"potentialAction\":[{\"@type\":\"CommentAction\",\"name\":\"Comment\",\"target\":[\"https:\\\/\\\/kibrisdakik.com\\\/?p=97497#respond\"]}]},{\"@type\":\"WebPage\",\"@id\":\"https:\\\/\\\/kibrisdakik.com\\\/?p=97497\",\"url\":\"https:\\\/\\\/kibrisdakik.com\\\/?p=97497\",\"name\":\"CUMHUR\u0130YET\u2019\u0130N 102. YILI G\u0130RNE&#039;DE T\u00d6RENLE KUTLANDI -\",\"isPartOf\":{\"@id\":\"https:\\\/\\\/kibrisdakik.com\\\/#website\"},\"primaryImageOfPage\":{\"@id\":\"https:\\\/\\\/kibrisdakik.com\\\/?p=97497#primaryimage\"},\"image\":{\"@id\":\"https:\\\/\\\/kibrisdakik.com\\\/?p=97497#primaryimage\"},\"thumbnailUrl\":\"https:\\\/\\\/kibrisdakik.com\\\/wp-content\\\/uploads\\\/2025\\\/10\\\/mha-sari-beyaz-373.png\",\"datePublished\":\"2025-10-29T15:24:16+00:00\",\"author\":{\"@id\":\"https:\\\/\\\/kibrisdakik.com\\\/#\\\/schema\\\/person\\\/9cd9d437bbb44f72b73ba127e06d8e79\"},\"breadcrumb\":{\"@id\":\"https:\\\/\\\/kibrisdakik.com\\\/?p=97497#breadcrumb\"},\"inLanguage\":\"tr\",\"potentialAction\":[{\"@type\":\"ReadAction\",\"target\":[\"https:\\\/\\\/kibrisdakik.com\\\/?p=97497\"]}]},{\"@type\":\"ImageObject\",\"inLanguage\":\"tr\",\"@id\":\"https:\\\/\\\/kibrisdakik.com\\\/?p=97497#primaryimage\",\"url\":\"https:\\\/\\\/kibrisdakik.com\\\/wp-content\\\/uploads\\\/2025\\\/10\\\/mha-sari-beyaz-373.png\",\"contentUrl\":\"https:\\\/\\\/kibrisdakik.com\\\/wp-content\\\/uploads\\\/2025\\\/10\\\/mha-sari-beyaz-373.png\",\"width\":1280,\"height\":720},{\"@type\":\"BreadcrumbList\",\"@id\":\"https:\\\/\\\/kibrisdakik.com\\\/?p=97497#breadcrumb\",\"itemListElement\":[{\"@type\":\"ListItem\",\"position\":1,\"name\":\"Home\",\"item\":\"https:\\\/\\\/kibrisdakik.com\\\/\"},{\"@type\":\"ListItem\",\"position\":2,\"name\":\"CUMHUR\u0130YET\u2019\u0130N 102. YILI G\u0130RNE&#039;DE T\u00d6RENLE KUTLANDI\"}]},{\"@type\":\"WebSite\",\"@id\":\"https:\\\/\\\/kibrisdakik.com\\\/#website\",\"url\":\"https:\\\/\\\/kibrisdakik.com\\\/\",\"name\":\"\",\"description\":\"Tam vaktinde haber\",\"potentialAction\":[{\"@type\":\"SearchAction\",\"target\":{\"@type\":\"EntryPoint\",\"urlTemplate\":\"https:\\\/\\\/kibrisdakik.com\\\/?s={search_term_string}\"},\"query-input\":{\"@type\":\"PropertyValueSpecification\",\"valueRequired\":true,\"valueName\":\"search_term_string\"}}],\"inLanguage\":\"tr\"},{\"@type\":\"Person\",\"@id\":\"https:\\\/\\\/kibrisdakik.com\\\/#\\\/schema\\\/person\\\/9cd9d437bbb44f72b73ba127e06d8e79\",\"name\":\"admin\",\"image\":{\"@type\":\"ImageObject\",\"inLanguage\":\"tr\",\"@id\":\"https:\\\/\\\/secure.gravatar.com\\\/avatar\\\/ccc17943b9d660506c869530f897617f7cb1c21a4bf30023f252596d83e1f007?s=96&d=mm&r=g\",\"url\":\"https:\\\/\\\/secure.gravatar.com\\\/avatar\\\/ccc17943b9d660506c869530f897617f7cb1c21a4bf30023f252596d83e1f007?s=96&d=mm&r=g\",\"contentUrl\":\"https:\\\/\\\/secure.gravatar.com\\\/avatar\\\/ccc17943b9d660506c869530f897617f7cb1c21a4bf30023f252596d83e1f007?s=96&d=mm&r=g\",\"caption\":\"admin\"},\"sameAs\":[\"https:\\\/\\\/kibrisdakik.com\"],\"url\":\"https:\\\/\\\/kibrisdakik.com\\\/?author=1\"}]}<\/script>\n<!-- \/ Yoast SEO plugin. -->","yoast_head_json":{"title":"CUMHUR\u0130YET\u2019\u0130N 102. YILI G\u0130RNE&#039;DE T\u00d6RENLE KUTLANDI -","robots":{"index":"index","follow":"follow","max-snippet":"max-snippet:-1","max-image-preview":"max-image-preview:large","max-video-preview":"max-video-preview:-1"},"canonical":"https:\/\/kibrisdakik.com\/?p=97497","og_locale":"tr_TR","og_type":"article","og_title":"CUMHUR\u0130YET\u2019\u0130N 102. YILI G\u0130RNE&#039;DE T\u00d6RENLE KUTLANDI -","og_description":"29 Ekim Cumhuriyet Bayram\u0131 kutlamalar\u0131 Girne\u2019de b\u00fcy\u00fck bir co\u015fku ve gururla ger\u00e7ekle\u015ftirildi. T\u00f6ren, saat 14.00\u2019te Atat\u00fcrk An\u0131t\u0131\u2019nda ba\u015flad\u0131. Protokol \u00fcyeleri, askeri erkan, \u00f6\u011frenciler, sivil toplum temsilcileri ve \u00e7ok say\u0131da vatanda\u015f\u0131n kat\u0131l\u0131m\u0131yla ger\u00e7ekle\u015ftirilen t\u00f6rende ilk olarak an\u0131ta \u00e7elenkler sunuldu. Girne Kaymakaml\u0131\u011f\u0131, K\u0131br\u0131s T\u00fcrk Bar\u0131\u015f Kuvvetleri Komutanl\u0131\u011f\u0131, G\u00fcvenlik Kuvvetleri Komutanl\u0131\u011f\u0131, belediye ve siyasi partilerin temsilcileri, Cumhuriyet\u2019in 102.","og_url":"https:\/\/kibrisdakik.com\/?p=97497","article_published_time":"2025-10-29T15:24:16+00:00","og_image":[{"width":1280,"height":720,"url":"https:\/\/kibrisdakik.com\/wp-content\/uploads\/2025\/10\/mha-sari-beyaz-373.png","type":"image\/png"}],"author":"admin","twitter_card":"summary_large_image","twitter_misc":{"Yazan:":"admin","Tahmini okuma s\u00fcresi":"2 dakika"},"schema":{"@context":"https:\/\/schema.org","@graph":[{"@type":"Article","@id":"https:\/\/kibrisdakik.com\/?p=97497#article","isPartOf":{"@id":"https:\/\/kibrisdakik.com\/?p=97497"},"author":{"name":"admin","@id":"https:\/\/kibrisdakik.com\/#\/schema\/person\/9cd9d437bbb44f72b73ba127e06d8e79"},"headline":"CUMHUR\u0130YET\u2019\u0130N 102. YILI G\u0130RNE&#039;DE T\u00d6RENLE KUTLANDI","datePublished":"2025-10-29T15:24:16+00:00","mainEntityOfPage":{"@id":"https:\/\/kibrisdakik.com\/?p=97497"},"wordCount":314,"commentCount":0,"image":{"@id":"https:\/\/kibrisdakik.com\/?p=97497#primaryimage"},"thumbnailUrl":"https:\/\/kibrisdakik.com\/wp-content\/uploads\/2025\/10\/mha-sari-beyaz-373.png","articleSection":["K\u0131br\u0131s"],"inLanguage":"tr","potentialAction":[{"@type":"CommentAction","name":"Comment","target":["https:\/\/kibrisdakik.com\/?p=97497#respond"]}]},{"@type":"WebPage","@id":"https:\/\/kibrisdakik.com\/?p=97497","url":"https:\/\/kibrisdakik.com\/?p=97497","name":"CUMHUR\u0130YET\u2019\u0130N 102. YILI G\u0130RNE&#039;DE T\u00d6RENLE KUTLANDI -","isPartOf":{"@id":"https:\/\/kibrisdakik.com\/#website"},"primaryImageOfPage":{"@id":"https:\/\/kibrisdakik.com\/?p=97497#primaryimage"},"image":{"@id":"https:\/\/kibrisdakik.com\/?p=97497#primaryimage"},"thumbnailUrl":"https:\/\/kibrisdakik.com\/wp-content\/uploads\/2025\/10\/mha-sari-beyaz-373.png","datePublished":"2025-10-29T15:24:16+00:00","author":{"@id":"https:\/\/kibrisdakik.com\/#\/schema\/person\/9cd9d437bbb44f72b73ba127e06d8e79"},"breadcrumb":{"@id":"https:\/\/kibrisdakik.com\/?p=97497#breadcrumb"},"inLanguage":"tr","potentialAction":[{"@type":"ReadAction","target":["https:\/\/kibrisdakik.com\/?p=97497"]}]},{"@type":"ImageObject","inLanguage":"tr","@id":"https:\/\/kibrisdakik.com\/?p=97497#primaryimage","url":"https:\/\/kibrisdakik.com\/wp-content\/uploads\/2025\/10\/mha-sari-beyaz-373.png","contentUrl":"https:\/\/kibrisdakik.com\/wp-content\/uploads\/2025\/10\/mha-sari-beyaz-373.png","width":1280,"height":720},{"@type":"BreadcrumbList","@id":"https:\/\/kibrisdakik.com\/?p=97497#breadcrumb","itemListElement":[{"@type":"ListItem","position":1,"name":"Home","item":"https:\/\/kibrisdakik.com\/"},{"@type":"ListItem","position":2,"name":"CUMHUR\u0130YET\u2019\u0130N 102. YILI G\u0130RNE&#039;DE T\u00d6RENLE KUTLANDI"}]},{"@type":"WebSite","@id":"https:\/\/kibrisdakik.com\/#website","url":"https:\/\/kibrisdakik.com\/","name":"","description":"Tam vaktinde haber","potentialAction":[{"@type":"SearchAction","target":{"@type":"EntryPoint","urlTemplate":"https:\/\/kibrisdakik.com\/?s={search_term_string}"},"query-input":{"@type":"PropertyValueSpecification","valueRequired":true,"valueName":"search_term_string"}}],"inLanguage":"tr"},{"@type":"Person","@id":"https:\/\/kibrisdakik.com\/#\/schema\/person\/9cd9d437bbb44f72b73ba127e06d8e79","name":"admin","image":{"@type":"ImageObject","inLanguage":"tr","@id":"https:\/\/secure.gravatar.com\/avatar\/ccc17943b9d660506c869530f897617f7cb1c21a4bf30023f252596d83e1f007?s=96&d=mm&r=g","url":"https:\/\/secure.gravatar.com\/avatar\/ccc17943b9d660506c869530f897617f7cb1c21a4bf30023f252596d83e1f007?s=96&d=mm&r=g","contentUrl":"https:\/\/secure.gravatar.com\/avatar\/ccc17943b9d660506c869530f897617f7cb1c21a4bf30023f252596d83e1f007?s=96&d=mm&r=g","caption":"admin"},"sameAs":["https:\/\/kibrisdakik.com"],"url":"https:\/\/kibrisdakik.com\/?author=1"}]}},"_links":{"self":[{"href":"https:\/\/kibrisdakik.com\/index.php?rest_route=\/wp\/v2\/posts\/97497","targetHints":{"allow":["GET"]}}],"collection":[{"href":"https:\/\/kibrisdakik.com\/index.php?rest_route=\/wp\/v2\/posts"}],"about":[{"href":"https:\/\/kibrisdakik.com\/index.php?rest_route=\/wp\/v2\/types\/post"}],"author":[{"embeddable":true,"href":"https:\/\/kibrisdakik.com\/index.php?rest_route=\/wp\/v2\/users\/1"}],"replies":[{"embeddable":true,"href":"https:\/\/kibrisdakik.com\/index.php?rest_route=%2Fwp%2Fv2%2Fcomments&post=97497"}],"version-history":[{"count":0,"href":"https:\/\/kibrisdakik.com\/index.php?rest_route=\/wp\/v2\/posts\/97497\/revisions"}],"wp:featuredmedia":[{"embeddable":true,"href":"https:\/\/kibrisdakik.com\/index.php?rest_route=\/wp\/v2\/media\/97498"}],"wp:attachment":[{"href":"https:\/\/kibrisdakik.com\/index.php?rest_route=%2Fwp%2Fv2%2Fmedia&parent=97497"}],"wp:term":[{"taxonomy":"category","embeddable":true,"href":"https:\/\/kibrisdakik.com\/index.php?rest_route=%2Fwp%2Fv2%2Fcategories&post=97497"},{"taxonomy":"post_tag","embeddable":true,"href":"https:\/\/kibrisdakik.com\/index.php?rest_route=%2Fwp%2Fv2%2Ftags&post=97497"}],"curies":[{"name":"wp","href":"https:\/\/api.w.org\/{rel}","templated":true}]}}