{"id":97616,"date":"2025-10-30T15:11:08","date_gmt":"2025-10-30T13:11:08","guid":{"rendered":"https:\/\/kibrisdakik.com\/index.php\/2025\/10\/30\/ktoeos-grev-yasagi-kararini-yargiya-tasidi\/"},"modified":"2025-10-30T15:11:08","modified_gmt":"2025-10-30T13:11:08","slug":"ktoeos-grev-yasagi-kararini-yargiya-tasidi","status":"publish","type":"post","link":"https:\/\/kibrisdakik.com\/?p=97616","title":{"rendered":"KTOE\u00d6S, GREV YASA\u011eI KARARINI YARGIYA TA\u015eIDI"},"content":{"rendered":"<p><\/p>\n<div data-text-id=\"187909\" property=\"articleBody\">\n<p>K\u0131br\u0131s T\u00fcrk Orta E\u011fitim \u00d6\u011fretmenler Sendikas\u0131 (KTOE\u00d6S), Bakanlar Kurulu\u2019nun ald\u0131\u011f\u0131 60 g\u00fcnl\u00fck grev yasa\u011f\u0131 karar\u0131n\u0131 yarg\u0131ya ta\u015f\u0131d\u0131.<\/p>\n<p>Sendika, Anayasa\u2019ya ve yasalara ayk\u0131r\u0131 oldu\u011funu savundu\u011fu karar\u0131n iptali istemiyle Y\u00fcksek \u0130dare Mahkemesi\u2019ne dava dosyalayarak, y\u00fcr\u00fctmenin durdurulmas\u0131 i\u00e7in ara emri talebinde bulundu.<\/p>\n<p>Ba\u015fvurunun ard\u0131ndan KTOE\u00d6S Ba\u015fkan\u0131 Selma Eylem, Genel Sekreter Tahir G\u00f6k\u00e7ebel, K\u0131br\u0131s T\u00fcrk \u00d6\u011fretmenler Sendikas\u0131 (KT\u00d6S) Ba\u015fkan\u0131 Mustafa Baybora ve KTOE\u00d6S Avukat\u0131 Cansu Nazl\u0131 Mahkemeler \u00f6n\u00fcnde a\u00e7\u0131klamalarda bulundu.<\/p>\n<p>-Eylem<\/p>\n<p>KTOE\u00d6S Ba\u015fkan\u0131 Selma Eylem yapt\u0131\u011f\u0131 konu\u015fmada, Bakanlar Kurulu\u2019nun ald\u0131\u011f\u0131 karar\u0131n Anayasaya ayk\u0131r\u0131 oldu\u011funu savunarak, \u201cBakanlar Kurulu\u2019nun alm\u0131\u015f oldu\u011fu karar\u0131n Anayasa\u2019ya ayk\u0131r\u0131 oldu\u011fu y\u00f6n\u00fcndeki dava bug\u00fcn dosyalanm\u0131\u015ft\u0131r. Bu, Bakanlar Kurulu\u2019nun ilk kez Anayasa\u2019ya ayk\u0131r\u0131 karar \u00fcretmesi de\u011fildir ve ge\u00e7mi\u015fte de bu t\u00fcr kararlar Anayasa Mahkemesi\u2019nden d\u00f6nm\u00fc\u015ft\u00fcr\u201d dedi.<\/p>\n<p>Eylem, \u201cYasa tan\u0131maz, Anayasa tan\u0131maz bu anlay\u0131\u015fa kar\u015f\u0131 m\u00fccadelemiz s\u00fcrecektir. Hem hukuki hem de eylemsel m\u00fccadelemiz devam edecektir\u201d ifadelerini kulland\u0131.<\/p>\n<p>-G\u00f6k\u00e7ebel<\/p>\n<p>KTOE\u00d6S Genel Sekreteri Tahir G\u00f6k\u00e7ebel ise, temel hak ve \u00f6zg\u00fcrl\u00fcklere y\u00f6nelik m\u00fcdahalelerin art\u0131k ola\u011fanla\u015ft\u0131r\u0131lmaya \u00e7al\u0131\u015f\u0131ld\u0131\u011f\u0131n\u0131 savundu.<\/p>\n<p>\u201cAnayasa taraf\u0131ndan g\u00fcvence alt\u0131na al\u0131nm\u0131\u015f haklara, Bakanlar Kurulu kararlar\u0131yla s\u00fcrekli sald\u0131r\u0131l\u0131yor. Onlarca karar mahkemeden d\u00f6nd\u00fc ama ayn\u0131 anlay\u0131\u015f s\u00fcr\u00fcyor\u201d diyen G\u00f6k\u00e7ebel, bu tutumun demokratik de\u011fil, \u201cdespotik\u201d bir y\u00f6netim anlay\u0131\u015f\u0131n\u0131 yans\u0131tt\u0131\u011f\u0131n\u0131 ileri s\u00fcrd\u00fc.<\/p>\n<p>Disiplin T\u00fcz\u00fc\u011f\u00fc de\u011fi\u015fikli\u011finin de daha \u00f6nce Anayasa Mahkemesi\u2019nden d\u00f6nd\u00fc\u011f\u00fcn\u00fc hat\u0131rlatan G\u00f6k\u00e7ebel, \u201cHukuka ayk\u0131r\u0131 kararlar \u00fcretenler hi\u00e7bir zaman hesap vermiyor. Bir gecede al\u0131nan grev yasa\u011f\u0131 karar\u0131 da hukuken ge\u00e7ersizdir. Bu anlay\u0131\u015fa kar\u015f\u0131 toplumun uyan\u0131k olmas\u0131 ve hukuk m\u00fccadelesine sahip \u00e7\u0131kmas\u0131 gerekiyor\u201d ifadelerini kulland\u0131.<\/p>\n<p>Sendikalar\u0131n yasal ve demokratik kurumlar oldu\u011funa dile getiren G\u00f6k\u00e7ebel, \u201cAnayasay\u0131 tek tarafl\u0131 \u00e7i\u011fneyen Bakanlar Kurulu\u2019na kar\u015f\u0131 s\u00fcrekli dava a\u00e7mak ve bu davalar\u0131n kazan\u0131lmas\u0131na ra\u011fmen hi\u00e7bir Ba\u015fbakan ya da Bakan\u0131n hesap vermemesi bu toplumun kaderi olamaz\u201d dedi.<\/p>\n<p>KT\u00d6S\u2019e ve destek veren di\u011fer \u00f6rg\u00fctlere te\u015fekk\u00fcr eden G\u00f6k\u00e7ebel, \u201cHukuka ayk\u0131r\u0131 kararlarla halka bedel \u00f6deten bu anlay\u0131\u015f sorgulanm\u0131yor. Bir gecede al\u0131nan grev yasa\u011f\u0131 karar\u0131 da ayn\u0131 zihniyetin \u00fcr\u00fcn\u00fcd\u00fcr. Bu anlay\u0131\u015fa prim verilirse, sonunda hepimiz hukuksuzlukla kar\u015f\u0131 kar\u015f\u0131ya kal\u0131r\u0131z. Buna dur deme zaman\u0131 gelmi\u015ftir\u201d diye konu\u015ftu.<\/p>\n<p>-Baybora<\/p>\n<p>KT\u00d6S Ba\u015fkan\u0131 Mustafa Baybora da konu\u015fmas\u0131nda, hukukun \u00fcst\u00fcnl\u00fc\u011f\u00fc ve ba\u011f\u0131ms\u0131z yarg\u0131n\u0131n hem sendikalar hem de toplum a\u00e7\u0131s\u0131ndan hayati \u00f6nem ta\u015f\u0131d\u0131\u011f\u0131n\u0131 s\u00f6yledi.<\/p>\n<p>\u201cMe\u015fruiyetini yitirmi\u015f \u00dcnal \u00dcstel h\u00fck\u00fcmeti, yasalara ayk\u0131r\u0131 uygulamalar\u0131na bir yenisini daha eklemi\u015f ve Anayasa\u2019ya ayk\u0131r\u0131 bir karara imza atm\u0131\u015ft\u0131r\u201d diyen Baybora, bu karar\u0131n al\u0131nmas\u0131nda Milli E\u011fitim Bakan\u0131 Naz\u0131m \u00c7avu\u015fo\u011flu\u2019nun birinci derecede sorumlu oldu\u011funu savundu.<\/p>\n<p>Bay\u0131nd\u0131rl\u0131k ve Ula\u015ft\u0131rma Bakan\u0131 Erhan Ar\u0131kl\u0131\u2019n\u0131n Meclis\u2019te \u201cYarg\u0131ya gidebilirsiniz\u201d dedi\u011fini belirten Baybora, h\u00fck\u00fcmeti ele\u015ftirerek, \u201cBu h\u00fck\u00fcmetin koltuklarda oturdu\u011fu g\u00fcnlerin say\u0131l\u0131 oldu\u011funu s\u00f6ylemek gerekir\u201d ifadelerini kulland\u0131.<\/p>\n<p>\u00d6rg\u00fctl\u00fc m\u00fccadelenin \u00f6nemine dikkat \u00e7eken ve \u201cK\u0131br\u0131s T\u00fcrk toplumunun bu co\u011frafyada adil, demokratik ve hukukun \u00fcst\u00fcnl\u00fc\u011f\u00fc ilkesine ba\u011fl\u0131 \u015fekilde ya\u015fayabilmesinin yolu \u00f6rg\u00fctl\u00fc m\u00fccadeleden ge\u00e7mektedir\u201d diyen Baybora, Bakanlar Kurulu\u2019nun ald\u0131\u011f\u0131 karar\u0131n hi\u00e7bir h\u00fckm\u00fc olmad\u0131\u011f\u0131n\u0131 ve yarg\u0131dan d\u00f6nece\u011fini s\u00f6yledi.<\/p>\n<p>Baybora, sendikalar olarak m\u00fccadeleyi kararl\u0131l\u0131kla s\u00fcrd\u00fcreceklerini belirterek konu\u015fmas\u0131n\u0131 tamamlad\u0131.<\/p>\n<p>-Nazl\u0131<\/p>\n<p>\u00d6te yandan, KTOE\u00d6S Avukat\u0131 Cansu Nazl\u0131 davayla ilgili bas\u0131n mensuplar\u0131na bilgi verdi.<\/p>\n<p>Nazl\u0131, Bakanlar Kurulu\u2019nun sendikan\u0131n a\u00e7\u0131klad\u0131\u011f\u0131 ve baz\u0131 grevleri de kapsayan 60 g\u00fcnl\u00fck erteleme karar\u0131n\u0131n, Anayasa\u2019ya ve yasalara ayk\u0131r\u0131 oldu\u011fu gerek\u00e7esiyle Y\u00fcksek \u0130dare Mahkemesi\u2019nde dava dosyaland\u0131\u011f\u0131n\u0131 belirtti.<\/p>\n<p>Karar\u0131n Anayasa\u2019ya ayk\u0131r\u0131 oldu\u011funu, grev hakk\u0131n\u0131n \u00f6z\u00fcne dokunacak bi\u00e7imde sendikan\u0131n grev hakk\u0131na ili\u015fkin haks\u0131z bir s\u0131n\u0131rlama getirdi\u011fini kaydeden Nazl\u0131, dava kapsam\u0131nda ayr\u0131ca y\u00fcr\u00fctmenin durdurulmas\u0131 talebiyle ara emri ba\u015fvurusunda bulunuldu\u011funu s\u00f6yledi.<\/p>\n<p>Nazl\u0131, Bakanlar Kurulu\u2019nun gerek\u00e7elerinin mevzuatla ba\u011fda\u015fmad\u0131\u011f\u0131n\u0131 da ifade ederek, \u201cTabiri caizse Bakanlar Kurulu, sendikan\u0131n anayasal ve yasal hakk\u0131 olan grev hakk\u0131n\u0131 sanki yasa d\u0131\u015f\u0131 bir eylemmi\u015f gibi g\u00f6stererek, asl\u0131nda temel haklara sald\u0131r\u0131 niteli\u011finde bir giri\u015fimde bulunmu\u015ftur. Bu nedenle s\u00f6z konusu karar bug\u00fcn Y\u00fcksek \u0130dare Mahkemesi&#8217;nde dava edilmi\u015ftir\u201d dedi.<\/p>\n<\/p><\/div>\n","protected":false},"excerpt":{"rendered":"<p>K\u0131br\u0131s T\u00fcrk Orta E\u011fitim \u00d6\u011fretmenler Sendikas\u0131 (KTOE\u00d6S), Bakanlar Kurulu\u2019nun ald\u0131\u011f\u0131 60 g\u00fcnl\u00fck grev yasa\u011f\u0131 karar\u0131n\u0131 yarg\u0131ya ta\u015f\u0131d\u0131. Sendika, Anayasa\u2019ya ve yasalara ayk\u0131r\u0131 oldu\u011funu savundu\u011fu karar\u0131n iptali istemiyle Y\u00fcksek \u0130dare Mahkemesi\u2019ne dava dosyalayarak, y\u00fcr\u00fctmenin durdurulmas\u0131 i\u00e7in ara emri talebinde bulundu. Ba\u015fvurunun ard\u0131ndan KTOE\u00d6S Ba\u015fkan\u0131 Selma Eylem, Genel Sekreter Tahir G\u00f6k\u00e7ebel, K\u0131br\u0131s T\u00fcrk \u00d6\u011fretmenler Sendikas\u0131 (KT\u00d6S) Ba\u015fkan\u0131<\/p>\n","protected":false},"author":1,"featured_media":97617,"comment_status":"open","ping_status":"open","sticky":false,"template":"","format":"standard","meta":{"footnotes":""},"categories":[81],"tags":[],"class_list":["post-97616","post","type-post","status-publish","format-standard","has-post-thumbnail","hentry","category-kibris"],"yoast_head":"<!-- This site is optimized with the Yoast SEO plugin v27.4 - https:\/\/yoast.com\/product\/yoast-seo-wordpress\/ -->\n<title>KTOE\u00d6S, GREV YASA\u011eI KARARINI YARGIYA TA\u015eIDI -<\/title>\n<meta name=\"robots\" content=\"index, follow, max-snippet:-1, max-image-preview:large, max-video-preview:-1\" \/>\n<link rel=\"canonical\" href=\"https:\/\/kibrisdakik.com\/?p=97616\" \/>\n<meta property=\"og:locale\" content=\"tr_TR\" \/>\n<meta property=\"og:type\" content=\"article\" \/>\n<meta property=\"og:title\" content=\"KTOE\u00d6S, GREV YASA\u011eI KARARINI YARGIYA TA\u015eIDI -\" \/>\n<meta property=\"og:description\" content=\"K\u0131br\u0131s T\u00fcrk Orta E\u011fitim \u00d6\u011fretmenler Sendikas\u0131 (KTOE\u00d6S), Bakanlar Kurulu\u2019nun ald\u0131\u011f\u0131 60 g\u00fcnl\u00fck grev yasa\u011f\u0131 karar\u0131n\u0131 yarg\u0131ya ta\u015f\u0131d\u0131. Sendika, Anayasa\u2019ya ve yasalara ayk\u0131r\u0131 oldu\u011funu savundu\u011fu karar\u0131n iptali istemiyle Y\u00fcksek \u0130dare Mahkemesi\u2019ne dava dosyalayarak, y\u00fcr\u00fctmenin durdurulmas\u0131 i\u00e7in ara emri talebinde bulundu. Ba\u015fvurunun ard\u0131ndan KTOE\u00d6S Ba\u015fkan\u0131 Selma Eylem, Genel Sekreter Tahir G\u00f6k\u00e7ebel, K\u0131br\u0131s T\u00fcrk \u00d6\u011fretmenler Sendikas\u0131 (KT\u00d6S) Ba\u015fkan\u0131\" \/>\n<meta property=\"og:url\" content=\"https:\/\/kibrisdakik.com\/?p=97616\" \/>\n<meta property=\"article:published_time\" content=\"2025-10-30T13:11:08+00:00\" \/>\n<meta property=\"og:image\" content=\"https:\/\/kibrisdakik.com\/wp-content\/uploads\/2025\/10\/mha-sari-beyaz-398.png\" \/>\n\t<meta property=\"og:image:width\" content=\"1280\" \/>\n\t<meta property=\"og:image:height\" content=\"720\" \/>\n\t<meta property=\"og:image:type\" content=\"image\/png\" \/>\n<meta name=\"author\" content=\"admin\" \/>\n<meta name=\"twitter:card\" content=\"summary_large_image\" \/>\n<meta name=\"twitter:label1\" content=\"Yazan:\" \/>\n\t<meta name=\"twitter:data1\" content=\"admin\" \/>\n\t<meta name=\"twitter:label2\" content=\"Tahmini okuma s\u00fcresi\" \/>\n\t<meta name=\"twitter:data2\" content=\"4 dakika\" \/>\n<script type=\"application\/ld+json\" class=\"yoast-schema-graph\">{\"@context\":\"https:\\\/\\\/schema.org\",\"@graph\":[{\"@type\":\"Article\",\"@id\":\"https:\\\/\\\/kibrisdakik.com\\\/?p=97616#article\",\"isPartOf\":{\"@id\":\"https:\\\/\\\/kibrisdakik.com\\\/?p=97616\"},\"author\":{\"name\":\"admin\",\"@id\":\"https:\\\/\\\/kibrisdakik.com\\\/#\\\/schema\\\/person\\\/9cd9d437bbb44f72b73ba127e06d8e79\"},\"headline\":\"KTOE\u00d6S, GREV YASA\u011eI KARARINI YARGIYA TA\u015eIDI\",\"datePublished\":\"2025-10-30T13:11:08+00:00\",\"mainEntityOfPage\":{\"@id\":\"https:\\\/\\\/kibrisdakik.com\\\/?p=97616\"},\"wordCount\":851,\"commentCount\":0,\"image\":{\"@id\":\"https:\\\/\\\/kibrisdakik.com\\\/?p=97616#primaryimage\"},\"thumbnailUrl\":\"https:\\\/\\\/kibrisdakik.com\\\/wp-content\\\/uploads\\\/2025\\\/10\\\/mha-sari-beyaz-398.png\",\"articleSection\":[\"K\u0131br\u0131s\"],\"inLanguage\":\"tr\",\"potentialAction\":[{\"@type\":\"CommentAction\",\"name\":\"Comment\",\"target\":[\"https:\\\/\\\/kibrisdakik.com\\\/?p=97616#respond\"]}]},{\"@type\":\"WebPage\",\"@id\":\"https:\\\/\\\/kibrisdakik.com\\\/?p=97616\",\"url\":\"https:\\\/\\\/kibrisdakik.com\\\/?p=97616\",\"name\":\"KTOE\u00d6S, GREV YASA\u011eI KARARINI YARGIYA TA\u015eIDI -\",\"isPartOf\":{\"@id\":\"https:\\\/\\\/kibrisdakik.com\\\/#website\"},\"primaryImageOfPage\":{\"@id\":\"https:\\\/\\\/kibrisdakik.com\\\/?p=97616#primaryimage\"},\"image\":{\"@id\":\"https:\\\/\\\/kibrisdakik.com\\\/?p=97616#primaryimage\"},\"thumbnailUrl\":\"https:\\\/\\\/kibrisdakik.com\\\/wp-content\\\/uploads\\\/2025\\\/10\\\/mha-sari-beyaz-398.png\",\"datePublished\":\"2025-10-30T13:11:08+00:00\",\"author\":{\"@id\":\"https:\\\/\\\/kibrisdakik.com\\\/#\\\/schema\\\/person\\\/9cd9d437bbb44f72b73ba127e06d8e79\"},\"breadcrumb\":{\"@id\":\"https:\\\/\\\/kibrisdakik.com\\\/?p=97616#breadcrumb\"},\"inLanguage\":\"tr\",\"potentialAction\":[{\"@type\":\"ReadAction\",\"target\":[\"https:\\\/\\\/kibrisdakik.com\\\/?p=97616\"]}]},{\"@type\":\"ImageObject\",\"inLanguage\":\"tr\",\"@id\":\"https:\\\/\\\/kibrisdakik.com\\\/?p=97616#primaryimage\",\"url\":\"https:\\\/\\\/kibrisdakik.com\\\/wp-content\\\/uploads\\\/2025\\\/10\\\/mha-sari-beyaz-398.png\",\"contentUrl\":\"https:\\\/\\\/kibrisdakik.com\\\/wp-content\\\/uploads\\\/2025\\\/10\\\/mha-sari-beyaz-398.png\",\"width\":1280,\"height\":720},{\"@type\":\"BreadcrumbList\",\"@id\":\"https:\\\/\\\/kibrisdakik.com\\\/?p=97616#breadcrumb\",\"itemListElement\":[{\"@type\":\"ListItem\",\"position\":1,\"name\":\"Home\",\"item\":\"https:\\\/\\\/kibrisdakik.com\\\/\"},{\"@type\":\"ListItem\",\"position\":2,\"name\":\"KTOE\u00d6S, GREV YASA\u011eI KARARINI YARGIYA TA\u015eIDI\"}]},{\"@type\":\"WebSite\",\"@id\":\"https:\\\/\\\/kibrisdakik.com\\\/#website\",\"url\":\"https:\\\/\\\/kibrisdakik.com\\\/\",\"name\":\"\",\"description\":\"Tam vaktinde haber\",\"potentialAction\":[{\"@type\":\"SearchAction\",\"target\":{\"@type\":\"EntryPoint\",\"urlTemplate\":\"https:\\\/\\\/kibrisdakik.com\\\/?s={search_term_string}\"},\"query-input\":{\"@type\":\"PropertyValueSpecification\",\"valueRequired\":true,\"valueName\":\"search_term_string\"}}],\"inLanguage\":\"tr\"},{\"@type\":\"Person\",\"@id\":\"https:\\\/\\\/kibrisdakik.com\\\/#\\\/schema\\\/person\\\/9cd9d437bbb44f72b73ba127e06d8e79\",\"name\":\"admin\",\"image\":{\"@type\":\"ImageObject\",\"inLanguage\":\"tr\",\"@id\":\"https:\\\/\\\/secure.gravatar.com\\\/avatar\\\/ccc17943b9d660506c869530f897617f7cb1c21a4bf30023f252596d83e1f007?s=96&d=mm&r=g\",\"url\":\"https:\\\/\\\/secure.gravatar.com\\\/avatar\\\/ccc17943b9d660506c869530f897617f7cb1c21a4bf30023f252596d83e1f007?s=96&d=mm&r=g\",\"contentUrl\":\"https:\\\/\\\/secure.gravatar.com\\\/avatar\\\/ccc17943b9d660506c869530f897617f7cb1c21a4bf30023f252596d83e1f007?s=96&d=mm&r=g\",\"caption\":\"admin\"},\"sameAs\":[\"https:\\\/\\\/kibrisdakik.com\"],\"url\":\"https:\\\/\\\/kibrisdakik.com\\\/?author=1\"}]}<\/script>\n<!-- \/ Yoast SEO plugin. -->","yoast_head_json":{"title":"KTOE\u00d6S, GREV YASA\u011eI KARARINI YARGIYA TA\u015eIDI -","robots":{"index":"index","follow":"follow","max-snippet":"max-snippet:-1","max-image-preview":"max-image-preview:large","max-video-preview":"max-video-preview:-1"},"canonical":"https:\/\/kibrisdakik.com\/?p=97616","og_locale":"tr_TR","og_type":"article","og_title":"KTOE\u00d6S, GREV YASA\u011eI KARARINI YARGIYA TA\u015eIDI -","og_description":"K\u0131br\u0131s T\u00fcrk Orta E\u011fitim \u00d6\u011fretmenler Sendikas\u0131 (KTOE\u00d6S), Bakanlar Kurulu\u2019nun ald\u0131\u011f\u0131 60 g\u00fcnl\u00fck grev yasa\u011f\u0131 karar\u0131n\u0131 yarg\u0131ya ta\u015f\u0131d\u0131. Sendika, Anayasa\u2019ya ve yasalara ayk\u0131r\u0131 oldu\u011funu savundu\u011fu karar\u0131n iptali istemiyle Y\u00fcksek \u0130dare Mahkemesi\u2019ne dava dosyalayarak, y\u00fcr\u00fctmenin durdurulmas\u0131 i\u00e7in ara emri talebinde bulundu. Ba\u015fvurunun ard\u0131ndan KTOE\u00d6S Ba\u015fkan\u0131 Selma Eylem, Genel Sekreter Tahir G\u00f6k\u00e7ebel, K\u0131br\u0131s T\u00fcrk \u00d6\u011fretmenler Sendikas\u0131 (KT\u00d6S) Ba\u015fkan\u0131","og_url":"https:\/\/kibrisdakik.com\/?p=97616","article_published_time":"2025-10-30T13:11:08+00:00","og_image":[{"width":1280,"height":720,"url":"https:\/\/kibrisdakik.com\/wp-content\/uploads\/2025\/10\/mha-sari-beyaz-398.png","type":"image\/png"}],"author":"admin","twitter_card":"summary_large_image","twitter_misc":{"Yazan:":"admin","Tahmini okuma s\u00fcresi":"4 dakika"},"schema":{"@context":"https:\/\/schema.org","@graph":[{"@type":"Article","@id":"https:\/\/kibrisdakik.com\/?p=97616#article","isPartOf":{"@id":"https:\/\/kibrisdakik.com\/?p=97616"},"author":{"name":"admin","@id":"https:\/\/kibrisdakik.com\/#\/schema\/person\/9cd9d437bbb44f72b73ba127e06d8e79"},"headline":"KTOE\u00d6S, GREV YASA\u011eI KARARINI YARGIYA TA\u015eIDI","datePublished":"2025-10-30T13:11:08+00:00","mainEntityOfPage":{"@id":"https:\/\/kibrisdakik.com\/?p=97616"},"wordCount":851,"commentCount":0,"image":{"@id":"https:\/\/kibrisdakik.com\/?p=97616#primaryimage"},"thumbnailUrl":"https:\/\/kibrisdakik.com\/wp-content\/uploads\/2025\/10\/mha-sari-beyaz-398.png","articleSection":["K\u0131br\u0131s"],"inLanguage":"tr","potentialAction":[{"@type":"CommentAction","name":"Comment","target":["https:\/\/kibrisdakik.com\/?p=97616#respond"]}]},{"@type":"WebPage","@id":"https:\/\/kibrisdakik.com\/?p=97616","url":"https:\/\/kibrisdakik.com\/?p=97616","name":"KTOE\u00d6S, GREV YASA\u011eI KARARINI YARGIYA TA\u015eIDI -","isPartOf":{"@id":"https:\/\/kibrisdakik.com\/#website"},"primaryImageOfPage":{"@id":"https:\/\/kibrisdakik.com\/?p=97616#primaryimage"},"image":{"@id":"https:\/\/kibrisdakik.com\/?p=97616#primaryimage"},"thumbnailUrl":"https:\/\/kibrisdakik.com\/wp-content\/uploads\/2025\/10\/mha-sari-beyaz-398.png","datePublished":"2025-10-30T13:11:08+00:00","author":{"@id":"https:\/\/kibrisdakik.com\/#\/schema\/person\/9cd9d437bbb44f72b73ba127e06d8e79"},"breadcrumb":{"@id":"https:\/\/kibrisdakik.com\/?p=97616#breadcrumb"},"inLanguage":"tr","potentialAction":[{"@type":"ReadAction","target":["https:\/\/kibrisdakik.com\/?p=97616"]}]},{"@type":"ImageObject","inLanguage":"tr","@id":"https:\/\/kibrisdakik.com\/?p=97616#primaryimage","url":"https:\/\/kibrisdakik.com\/wp-content\/uploads\/2025\/10\/mha-sari-beyaz-398.png","contentUrl":"https:\/\/kibrisdakik.com\/wp-content\/uploads\/2025\/10\/mha-sari-beyaz-398.png","width":1280,"height":720},{"@type":"BreadcrumbList","@id":"https:\/\/kibrisdakik.com\/?p=97616#breadcrumb","itemListElement":[{"@type":"ListItem","position":1,"name":"Home","item":"https:\/\/kibrisdakik.com\/"},{"@type":"ListItem","position":2,"name":"KTOE\u00d6S, GREV YASA\u011eI KARARINI YARGIYA TA\u015eIDI"}]},{"@type":"WebSite","@id":"https:\/\/kibrisdakik.com\/#website","url":"https:\/\/kibrisdakik.com\/","name":"","description":"Tam vaktinde haber","potentialAction":[{"@type":"SearchAction","target":{"@type":"EntryPoint","urlTemplate":"https:\/\/kibrisdakik.com\/?s={search_term_string}"},"query-input":{"@type":"PropertyValueSpecification","valueRequired":true,"valueName":"search_term_string"}}],"inLanguage":"tr"},{"@type":"Person","@id":"https:\/\/kibrisdakik.com\/#\/schema\/person\/9cd9d437bbb44f72b73ba127e06d8e79","name":"admin","image":{"@type":"ImageObject","inLanguage":"tr","@id":"https:\/\/secure.gravatar.com\/avatar\/ccc17943b9d660506c869530f897617f7cb1c21a4bf30023f252596d83e1f007?s=96&d=mm&r=g","url":"https:\/\/secure.gravatar.com\/avatar\/ccc17943b9d660506c869530f897617f7cb1c21a4bf30023f252596d83e1f007?s=96&d=mm&r=g","contentUrl":"https:\/\/secure.gravatar.com\/avatar\/ccc17943b9d660506c869530f897617f7cb1c21a4bf30023f252596d83e1f007?s=96&d=mm&r=g","caption":"admin"},"sameAs":["https:\/\/kibrisdakik.com"],"url":"https:\/\/kibrisdakik.com\/?author=1"}]}},"_links":{"self":[{"href":"https:\/\/kibrisdakik.com\/index.php?rest_route=\/wp\/v2\/posts\/97616","targetHints":{"allow":["GET"]}}],"collection":[{"href":"https:\/\/kibrisdakik.com\/index.php?rest_route=\/wp\/v2\/posts"}],"about":[{"href":"https:\/\/kibrisdakik.com\/index.php?rest_route=\/wp\/v2\/types\/post"}],"author":[{"embeddable":true,"href":"https:\/\/kibrisdakik.com\/index.php?rest_route=\/wp\/v2\/users\/1"}],"replies":[{"embeddable":true,"href":"https:\/\/kibrisdakik.com\/index.php?rest_route=%2Fwp%2Fv2%2Fcomments&post=97616"}],"version-history":[{"count":0,"href":"https:\/\/kibrisdakik.com\/index.php?rest_route=\/wp\/v2\/posts\/97616\/revisions"}],"wp:featuredmedia":[{"embeddable":true,"href":"https:\/\/kibrisdakik.com\/index.php?rest_route=\/wp\/v2\/media\/97617"}],"wp:attachment":[{"href":"https:\/\/kibrisdakik.com\/index.php?rest_route=%2Fwp%2Fv2%2Fmedia&parent=97616"}],"wp:term":[{"taxonomy":"category","embeddable":true,"href":"https:\/\/kibrisdakik.com\/index.php?rest_route=%2Fwp%2Fv2%2Fcategories&post=97616"},{"taxonomy":"post_tag","embeddable":true,"href":"https:\/\/kibrisdakik.com\/index.php?rest_route=%2Fwp%2Fv2%2Ftags&post=97616"}],"curies":[{"name":"wp","href":"https:\/\/api.w.org\/{rel}","templated":true}]}}