{"id":97712,"date":"2025-10-31T09:59:22","date_gmt":"2025-10-31T07:59:22","guid":{"rendered":"https:\/\/kibrisdakik.com\/index.php\/2025\/10\/31\/letonya-istanbul-sozlesmesinden-cekiliyor\/"},"modified":"2025-10-31T09:59:22","modified_gmt":"2025-10-31T07:59:22","slug":"letonya-istanbul-sozlesmesinden-cekiliyor","status":"publish","type":"post","link":"https:\/\/kibrisdakik.com\/?p=97712","title":{"rendered":"Letonya, \u0130stanbul S\u00f6zle\u015fmesinden \u00e7ekiliyor"},"content":{"rendered":"<p><\/p>\n<div class=\"news-content\">\n<p>\n\tLetonya&#8217;n\u0131n kamu yay\u0131nc\u0131s\u0131 LSM&#8217;nin haberine g\u00f6re, parlamentoda ge\u00e7en hafta yap\u0131lan birinci oylaman\u0131n ard\u0131ndan \u00fclkenin \u201c\u0130stanbul S\u00f6zle\u015fmesi\u201dnden ayr\u0131lmas\u0131yla ilgili ikinci oylama ger\u00e7ekle\u015ftirildi.<\/p>\n<p>\n\t13 saatten uzun s\u00fcren tart\u0131\u015fman\u0131n ard\u0131ndan uluslararas\u0131 s\u00f6zle\u015fmeden \u00e7ekilme karar\u0131, 100 sandalyeli parlamentoda 56 \u201cevet\u201d, 32 \u201chay\u0131r\u201d ve 2 \u201c\u00e7ekimser\u201d oyla kabul edildi.<\/p>\n<p>\n\tS\u00f6zle\u015fmeden \u00e7\u0131kma karar\u0131n\u0131n y\u00fcr\u00fcrl\u00fc\u011fe girebilmesi i\u00e7in Letonya Cumhurba\u015fkan\u0131 Edgars Rinkevics\u2019in 10 g\u00fcn i\u00e7inde onay vermesi gerekiyor.<\/p>\n<p>\n\tCumhurba\u015fkan\u0131 Rinkevics\u2019in \u00e7ekilme karar\u0131n\u0131 parlamentoya geri g\u00f6nderme hakk\u0131 da bulunuyor ancak e\u011fer parlamento de\u011fi\u015fiklik yapmadan ayn\u0131 \u015fekilde yasay\u0131 onaylarsa Rinkevics tekrar itirazda bulunam\u0131yor.<\/p>\n<p>\n\tRinkevics, \u00e7ekilme karar\u0131n\u0131n parlamentodan ge\u00e7mesinin ard\u0131ndan ABD merkezli X sosyal medya platformundan yapt\u0131\u011f\u0131 payla\u015f\u0131mda, karar\u0131 ideolojik veya siyasi gerek\u00e7elere dayanarak de\u011fil devlet \u00e7\u0131karlar\u0131 ve hukuki hususlar a\u00e7\u0131s\u0131ndan de\u011ferlendirece\u011fini bildirdi.<\/p>\n<p>\n\tKarar\u0131n referanduma g\u00f6t\u00fcr\u00fclme ihtimali de bulunuyor ancak kriterler dolay\u0131s\u0131yla olduk\u00e7a zor bir ihtimal olarak de\u011ferlendiriliyor.<\/p>\n<p>\n\tAyr\u0131ca baz\u0131 siyasi partiler, \u00e7ekilme karar\u0131n\u0131 \u00fclkenin Anayasa Mahkemesine ta\u015f\u0131may\u0131 da de\u011ferlendiriyor.<\/p>\n<p>\n\t\u00d6te yandan, \u0130stanbul S\u00f6zle\u015fmesi&#8217;nden \u00e7ekilme karar\u0131na kar\u015f\u0131 Letonya Parlamentosu \u00f6n\u00fcnde kitlesel protesto d\u00fczenlendi.<\/p>\n<h2>\n\t&#8220;\u015eiddetle m\u00fccadeleyle hi\u00e7bir ilgisi olmayan siyasi bir pazarlama&#8221;<\/h2>\n<p>\n\tS\u00f6zle\u015fmeden \u00e7ekilme yasas\u0131, sa\u011fc\u0131 muhalefet partisi Latvia First (Letonya \u0130lk S\u0131rada) taraf\u0131ndan g\u00fcndeme getirildi ve h\u00fck\u00fcmet koalisyonundaki \u00fc\u00e7 partiden birinin deste\u011fiyle de parlamentoda kabul edildi.<\/p>\n<p>\n\tS\u00f6zle\u015fmeden \u00e7ekilmeyi destekleyen Latvia First Partisinin temsilcisi Inguna Millere, Politico\u2019ya yapt\u0131\u011f\u0131 yaz\u0131l\u0131 a\u00e7\u0131klamada, \u0130stanbul S\u00f6zle\u015fmesi\u2019nin \u201ccinsiyet ideolojisine dayal\u0131 radikal feminizmin \u00fcr\u00fcn\u00fc\u201d ve Letonya\u2019n\u0131n s\u00f6zle\u015fmeyi onaylamas\u0131n\u0131n \u201c\u015fiddetle m\u00fccadeleyle hi\u00e7bir ilgisi olmayan siyasi bir pazarlama\u201d oldu\u011funu savundu.<\/p>\n<h2>\n\tRusya ve Azerbaycan s\u00f6zle\u015fmeyi imzalamay\u0131 reddetmi\u015fti<\/h2>\n<p>\n\tAs\u0131l ad\u0131 &#8220;Kad\u0131na Y\u00f6nelik \u015eiddet ve Aile \u0130\u00e7i \u015eiddetin \u00d6nlenmesi ve Bunlarla M\u00fccadeleye Dair Avrupa Konseyi S\u00f6zle\u015fmesi&#8221; olan \u0130stanbul S\u00f6zle\u015fmesi, 2011&#8217;de \u0130stanbul&#8217;da d\u00fczenlenen Avrupa Konseyi Bakanlar Komitesinin 121. toplant\u0131s\u0131nda kabul edilmi\u015fti.<\/p>\n<p>\n\tAvrupa Birli\u011fi, s\u00f6zle\u015fmeyi 13 Haziran 2017&#8217;de imzalarken Rusya ve Azerbaycan imzalamay\u0131 reddetmi\u015f, \u00c7ekya, Slovakya, Litvanya, Macaristan, Ermenistan ve Bulgaristan s\u00f6zle\u015fmeyi imzalam\u0131\u015f ancak y\u00fcr\u00fcrl\u00fc\u011fe koymam\u0131\u015ft\u0131.<\/p>\n<p>\n\t\u0130stanbul S\u00f6zle\u015fmesi&#8217;nin baz\u0131 maddeleri, T\u00fcrkiye&#8217;de toplumsal cinsiyet e\u015fitli\u011fi konusunda ve geleneksel aile de\u011ferlerine zarar verdi\u011fi y\u00f6n\u00fcnde tart\u0131\u015fmalara neden olmu\u015f, T\u00fcrkiye 2021\u2019de \u0130stanbul S\u00f6zle\u015fmesi&#8217;nden \u00e7ekilmi\u015fti.<\/p>\n<div class=\"news-tags\">\n<div class=\"title\">ET\u0130KETLER<\/div>\n<div class=\"tags\">\n                                                                            ABD<br \/>\n                                                                            \u0130stanbul<br \/>\n                                                                            Anayasa<br \/>\n                                                                            Rusya<br \/>\n                                                                            Azerbaycan\n                                                                    <\/div>\n<\/p><\/div>\n<\/p><\/div>\n","protected":false},"excerpt":{"rendered":"<p>Letonya&#8217;n\u0131n kamu yay\u0131nc\u0131s\u0131 LSM&#8217;nin haberine g\u00f6re, parlamentoda ge\u00e7en hafta yap\u0131lan birinci oylaman\u0131n ard\u0131ndan \u00fclkenin \u201c\u0130stanbul S\u00f6zle\u015fmesi\u201dnden ayr\u0131lmas\u0131yla ilgili ikinci oylama ger\u00e7ekle\u015ftirildi. 13 saatten uzun s\u00fcren tart\u0131\u015fman\u0131n ard\u0131ndan uluslararas\u0131 s\u00f6zle\u015fmeden \u00e7ekilme karar\u0131, 100 sandalyeli parlamentoda 56 \u201cevet\u201d, 32 \u201chay\u0131r\u201d ve 2 \u201c\u00e7ekimser\u201d oyla kabul edildi. S\u00f6zle\u015fmeden \u00e7\u0131kma karar\u0131n\u0131n y\u00fcr\u00fcrl\u00fc\u011fe girebilmesi i\u00e7in Letonya Cumhurba\u015fkan\u0131 Edgars Rinkevics\u2019in 10<\/p>\n","protected":false},"author":1,"featured_media":97713,"comment_status":"open","ping_status":"open","sticky":false,"template":"","format":"standard","meta":{"footnotes":""},"categories":[306],"tags":[],"class_list":["post-97712","post","type-post","status-publish","format-standard","has-post-thumbnail","hentry","category-dunya"],"yoast_head":"<!-- This site is optimized with the Yoast SEO plugin v27.4 - https:\/\/yoast.com\/product\/yoast-seo-wordpress\/ -->\n<title>Letonya, \u0130stanbul S\u00f6zle\u015fmesinden \u00e7ekiliyor -<\/title>\n<meta name=\"robots\" content=\"index, follow, max-snippet:-1, max-image-preview:large, max-video-preview:-1\" \/>\n<link rel=\"canonical\" href=\"https:\/\/kibrisdakik.com\/?p=97712\" \/>\n<meta property=\"og:locale\" content=\"tr_TR\" \/>\n<meta property=\"og:type\" content=\"article\" \/>\n<meta property=\"og:title\" content=\"Letonya, \u0130stanbul S\u00f6zle\u015fmesinden \u00e7ekiliyor -\" \/>\n<meta property=\"og:description\" content=\"Letonya&#8217;n\u0131n kamu yay\u0131nc\u0131s\u0131 LSM&#8217;nin haberine g\u00f6re, parlamentoda ge\u00e7en hafta yap\u0131lan birinci oylaman\u0131n ard\u0131ndan \u00fclkenin \u201c\u0130stanbul S\u00f6zle\u015fmesi\u201dnden ayr\u0131lmas\u0131yla ilgili ikinci oylama ger\u00e7ekle\u015ftirildi. 13 saatten uzun s\u00fcren tart\u0131\u015fman\u0131n ard\u0131ndan uluslararas\u0131 s\u00f6zle\u015fmeden \u00e7ekilme karar\u0131, 100 sandalyeli parlamentoda 56 \u201cevet\u201d, 32 \u201chay\u0131r\u201d ve 2 \u201c\u00e7ekimser\u201d oyla kabul edildi. S\u00f6zle\u015fmeden \u00e7\u0131kma karar\u0131n\u0131n y\u00fcr\u00fcrl\u00fc\u011fe girebilmesi i\u00e7in Letonya Cumhurba\u015fkan\u0131 Edgars Rinkevics\u2019in 10\" \/>\n<meta property=\"og:url\" content=\"https:\/\/kibrisdakik.com\/?p=97712\" \/>\n<meta property=\"article:published_time\" content=\"2025-10-31T07:59:22+00:00\" \/>\n<meta property=\"og:image\" content=\"https:\/\/kibrisdakik.com\/wp-content\/uploads\/2025\/10\/letonya-reu-1895626.jpg\" \/>\n\t<meta property=\"og:image:width\" content=\"1280\" \/>\n\t<meta property=\"og:image:height\" content=\"720\" \/>\n\t<meta property=\"og:image:type\" content=\"image\/jpeg\" \/>\n<meta name=\"author\" content=\"admin\" \/>\n<meta name=\"twitter:card\" content=\"summary_large_image\" \/>\n<meta name=\"twitter:label1\" content=\"Yazan:\" \/>\n\t<meta name=\"twitter:data1\" content=\"admin\" \/>\n\t<meta name=\"twitter:label2\" content=\"Tahmini okuma s\u00fcresi\" \/>\n\t<meta name=\"twitter:data2\" content=\"2 dakika\" \/>\n<script type=\"application\/ld+json\" class=\"yoast-schema-graph\">{\"@context\":\"https:\\\/\\\/schema.org\",\"@graph\":[{\"@type\":\"Article\",\"@id\":\"https:\\\/\\\/kibrisdakik.com\\\/?p=97712#article\",\"isPartOf\":{\"@id\":\"https:\\\/\\\/kibrisdakik.com\\\/?p=97712\"},\"author\":{\"name\":\"admin\",\"@id\":\"https:\\\/\\\/kibrisdakik.com\\\/#\\\/schema\\\/person\\\/9cd9d437bbb44f72b73ba127e06d8e79\"},\"headline\":\"Letonya, \u0130stanbul S\u00f6zle\u015fmesinden \u00e7ekiliyor\",\"datePublished\":\"2025-10-31T07:59:22+00:00\",\"mainEntityOfPage\":{\"@id\":\"https:\\\/\\\/kibrisdakik.com\\\/?p=97712\"},\"wordCount\":446,\"commentCount\":0,\"image\":{\"@id\":\"https:\\\/\\\/kibrisdakik.com\\\/?p=97712#primaryimage\"},\"thumbnailUrl\":\"https:\\\/\\\/kibrisdakik.com\\\/wp-content\\\/uploads\\\/2025\\\/10\\\/letonya-reu-1895626.jpg\",\"articleSection\":[\"D\u00fcnya\"],\"inLanguage\":\"tr\",\"potentialAction\":[{\"@type\":\"CommentAction\",\"name\":\"Comment\",\"target\":[\"https:\\\/\\\/kibrisdakik.com\\\/?p=97712#respond\"]}]},{\"@type\":\"WebPage\",\"@id\":\"https:\\\/\\\/kibrisdakik.com\\\/?p=97712\",\"url\":\"https:\\\/\\\/kibrisdakik.com\\\/?p=97712\",\"name\":\"Letonya, \u0130stanbul S\u00f6zle\u015fmesinden \u00e7ekiliyor -\",\"isPartOf\":{\"@id\":\"https:\\\/\\\/kibrisdakik.com\\\/#website\"},\"primaryImageOfPage\":{\"@id\":\"https:\\\/\\\/kibrisdakik.com\\\/?p=97712#primaryimage\"},\"image\":{\"@id\":\"https:\\\/\\\/kibrisdakik.com\\\/?p=97712#primaryimage\"},\"thumbnailUrl\":\"https:\\\/\\\/kibrisdakik.com\\\/wp-content\\\/uploads\\\/2025\\\/10\\\/letonya-reu-1895626.jpg\",\"datePublished\":\"2025-10-31T07:59:22+00:00\",\"author\":{\"@id\":\"https:\\\/\\\/kibrisdakik.com\\\/#\\\/schema\\\/person\\\/9cd9d437bbb44f72b73ba127e06d8e79\"},\"breadcrumb\":{\"@id\":\"https:\\\/\\\/kibrisdakik.com\\\/?p=97712#breadcrumb\"},\"inLanguage\":\"tr\",\"potentialAction\":[{\"@type\":\"ReadAction\",\"target\":[\"https:\\\/\\\/kibrisdakik.com\\\/?p=97712\"]}]},{\"@type\":\"ImageObject\",\"inLanguage\":\"tr\",\"@id\":\"https:\\\/\\\/kibrisdakik.com\\\/?p=97712#primaryimage\",\"url\":\"https:\\\/\\\/kibrisdakik.com\\\/wp-content\\\/uploads\\\/2025\\\/10\\\/letonya-reu-1895626.jpg\",\"contentUrl\":\"https:\\\/\\\/kibrisdakik.com\\\/wp-content\\\/uploads\\\/2025\\\/10\\\/letonya-reu-1895626.jpg\",\"width\":1280,\"height\":720},{\"@type\":\"BreadcrumbList\",\"@id\":\"https:\\\/\\\/kibrisdakik.com\\\/?p=97712#breadcrumb\",\"itemListElement\":[{\"@type\":\"ListItem\",\"position\":1,\"name\":\"Home\",\"item\":\"https:\\\/\\\/kibrisdakik.com\\\/\"},{\"@type\":\"ListItem\",\"position\":2,\"name\":\"Letonya, \u0130stanbul S\u00f6zle\u015fmesinden \u00e7ekiliyor\"}]},{\"@type\":\"WebSite\",\"@id\":\"https:\\\/\\\/kibrisdakik.com\\\/#website\",\"url\":\"https:\\\/\\\/kibrisdakik.com\\\/\",\"name\":\"\",\"description\":\"Tam vaktinde haber\",\"potentialAction\":[{\"@type\":\"SearchAction\",\"target\":{\"@type\":\"EntryPoint\",\"urlTemplate\":\"https:\\\/\\\/kibrisdakik.com\\\/?s={search_term_string}\"},\"query-input\":{\"@type\":\"PropertyValueSpecification\",\"valueRequired\":true,\"valueName\":\"search_term_string\"}}],\"inLanguage\":\"tr\"},{\"@type\":\"Person\",\"@id\":\"https:\\\/\\\/kibrisdakik.com\\\/#\\\/schema\\\/person\\\/9cd9d437bbb44f72b73ba127e06d8e79\",\"name\":\"admin\",\"image\":{\"@type\":\"ImageObject\",\"inLanguage\":\"tr\",\"@id\":\"https:\\\/\\\/secure.gravatar.com\\\/avatar\\\/ccc17943b9d660506c869530f897617f7cb1c21a4bf30023f252596d83e1f007?s=96&d=mm&r=g\",\"url\":\"https:\\\/\\\/secure.gravatar.com\\\/avatar\\\/ccc17943b9d660506c869530f897617f7cb1c21a4bf30023f252596d83e1f007?s=96&d=mm&r=g\",\"contentUrl\":\"https:\\\/\\\/secure.gravatar.com\\\/avatar\\\/ccc17943b9d660506c869530f897617f7cb1c21a4bf30023f252596d83e1f007?s=96&d=mm&r=g\",\"caption\":\"admin\"},\"sameAs\":[\"https:\\\/\\\/kibrisdakik.com\"],\"url\":\"https:\\\/\\\/kibrisdakik.com\\\/?author=1\"}]}<\/script>\n<!-- \/ Yoast SEO plugin. -->","yoast_head_json":{"title":"Letonya, \u0130stanbul S\u00f6zle\u015fmesinden \u00e7ekiliyor -","robots":{"index":"index","follow":"follow","max-snippet":"max-snippet:-1","max-image-preview":"max-image-preview:large","max-video-preview":"max-video-preview:-1"},"canonical":"https:\/\/kibrisdakik.com\/?p=97712","og_locale":"tr_TR","og_type":"article","og_title":"Letonya, \u0130stanbul S\u00f6zle\u015fmesinden \u00e7ekiliyor -","og_description":"Letonya&#8217;n\u0131n kamu yay\u0131nc\u0131s\u0131 LSM&#8217;nin haberine g\u00f6re, parlamentoda ge\u00e7en hafta yap\u0131lan birinci oylaman\u0131n ard\u0131ndan \u00fclkenin \u201c\u0130stanbul S\u00f6zle\u015fmesi\u201dnden ayr\u0131lmas\u0131yla ilgili ikinci oylama ger\u00e7ekle\u015ftirildi. 13 saatten uzun s\u00fcren tart\u0131\u015fman\u0131n ard\u0131ndan uluslararas\u0131 s\u00f6zle\u015fmeden \u00e7ekilme karar\u0131, 100 sandalyeli parlamentoda 56 \u201cevet\u201d, 32 \u201chay\u0131r\u201d ve 2 \u201c\u00e7ekimser\u201d oyla kabul edildi. S\u00f6zle\u015fmeden \u00e7\u0131kma karar\u0131n\u0131n y\u00fcr\u00fcrl\u00fc\u011fe girebilmesi i\u00e7in Letonya Cumhurba\u015fkan\u0131 Edgars Rinkevics\u2019in 10","og_url":"https:\/\/kibrisdakik.com\/?p=97712","article_published_time":"2025-10-31T07:59:22+00:00","og_image":[{"width":1280,"height":720,"url":"https:\/\/kibrisdakik.com\/wp-content\/uploads\/2025\/10\/letonya-reu-1895626.jpg","type":"image\/jpeg"}],"author":"admin","twitter_card":"summary_large_image","twitter_misc":{"Yazan:":"admin","Tahmini okuma s\u00fcresi":"2 dakika"},"schema":{"@context":"https:\/\/schema.org","@graph":[{"@type":"Article","@id":"https:\/\/kibrisdakik.com\/?p=97712#article","isPartOf":{"@id":"https:\/\/kibrisdakik.com\/?p=97712"},"author":{"name":"admin","@id":"https:\/\/kibrisdakik.com\/#\/schema\/person\/9cd9d437bbb44f72b73ba127e06d8e79"},"headline":"Letonya, \u0130stanbul S\u00f6zle\u015fmesinden \u00e7ekiliyor","datePublished":"2025-10-31T07:59:22+00:00","mainEntityOfPage":{"@id":"https:\/\/kibrisdakik.com\/?p=97712"},"wordCount":446,"commentCount":0,"image":{"@id":"https:\/\/kibrisdakik.com\/?p=97712#primaryimage"},"thumbnailUrl":"https:\/\/kibrisdakik.com\/wp-content\/uploads\/2025\/10\/letonya-reu-1895626.jpg","articleSection":["D\u00fcnya"],"inLanguage":"tr","potentialAction":[{"@type":"CommentAction","name":"Comment","target":["https:\/\/kibrisdakik.com\/?p=97712#respond"]}]},{"@type":"WebPage","@id":"https:\/\/kibrisdakik.com\/?p=97712","url":"https:\/\/kibrisdakik.com\/?p=97712","name":"Letonya, \u0130stanbul S\u00f6zle\u015fmesinden \u00e7ekiliyor -","isPartOf":{"@id":"https:\/\/kibrisdakik.com\/#website"},"primaryImageOfPage":{"@id":"https:\/\/kibrisdakik.com\/?p=97712#primaryimage"},"image":{"@id":"https:\/\/kibrisdakik.com\/?p=97712#primaryimage"},"thumbnailUrl":"https:\/\/kibrisdakik.com\/wp-content\/uploads\/2025\/10\/letonya-reu-1895626.jpg","datePublished":"2025-10-31T07:59:22+00:00","author":{"@id":"https:\/\/kibrisdakik.com\/#\/schema\/person\/9cd9d437bbb44f72b73ba127e06d8e79"},"breadcrumb":{"@id":"https:\/\/kibrisdakik.com\/?p=97712#breadcrumb"},"inLanguage":"tr","potentialAction":[{"@type":"ReadAction","target":["https:\/\/kibrisdakik.com\/?p=97712"]}]},{"@type":"ImageObject","inLanguage":"tr","@id":"https:\/\/kibrisdakik.com\/?p=97712#primaryimage","url":"https:\/\/kibrisdakik.com\/wp-content\/uploads\/2025\/10\/letonya-reu-1895626.jpg","contentUrl":"https:\/\/kibrisdakik.com\/wp-content\/uploads\/2025\/10\/letonya-reu-1895626.jpg","width":1280,"height":720},{"@type":"BreadcrumbList","@id":"https:\/\/kibrisdakik.com\/?p=97712#breadcrumb","itemListElement":[{"@type":"ListItem","position":1,"name":"Home","item":"https:\/\/kibrisdakik.com\/"},{"@type":"ListItem","position":2,"name":"Letonya, \u0130stanbul S\u00f6zle\u015fmesinden \u00e7ekiliyor"}]},{"@type":"WebSite","@id":"https:\/\/kibrisdakik.com\/#website","url":"https:\/\/kibrisdakik.com\/","name":"","description":"Tam vaktinde haber","potentialAction":[{"@type":"SearchAction","target":{"@type":"EntryPoint","urlTemplate":"https:\/\/kibrisdakik.com\/?s={search_term_string}"},"query-input":{"@type":"PropertyValueSpecification","valueRequired":true,"valueName":"search_term_string"}}],"inLanguage":"tr"},{"@type":"Person","@id":"https:\/\/kibrisdakik.com\/#\/schema\/person\/9cd9d437bbb44f72b73ba127e06d8e79","name":"admin","image":{"@type":"ImageObject","inLanguage":"tr","@id":"https:\/\/secure.gravatar.com\/avatar\/ccc17943b9d660506c869530f897617f7cb1c21a4bf30023f252596d83e1f007?s=96&d=mm&r=g","url":"https:\/\/secure.gravatar.com\/avatar\/ccc17943b9d660506c869530f897617f7cb1c21a4bf30023f252596d83e1f007?s=96&d=mm&r=g","contentUrl":"https:\/\/secure.gravatar.com\/avatar\/ccc17943b9d660506c869530f897617f7cb1c21a4bf30023f252596d83e1f007?s=96&d=mm&r=g","caption":"admin"},"sameAs":["https:\/\/kibrisdakik.com"],"url":"https:\/\/kibrisdakik.com\/?author=1"}]}},"_links":{"self":[{"href":"https:\/\/kibrisdakik.com\/index.php?rest_route=\/wp\/v2\/posts\/97712","targetHints":{"allow":["GET"]}}],"collection":[{"href":"https:\/\/kibrisdakik.com\/index.php?rest_route=\/wp\/v2\/posts"}],"about":[{"href":"https:\/\/kibrisdakik.com\/index.php?rest_route=\/wp\/v2\/types\/post"}],"author":[{"embeddable":true,"href":"https:\/\/kibrisdakik.com\/index.php?rest_route=\/wp\/v2\/users\/1"}],"replies":[{"embeddable":true,"href":"https:\/\/kibrisdakik.com\/index.php?rest_route=%2Fwp%2Fv2%2Fcomments&post=97712"}],"version-history":[{"count":0,"href":"https:\/\/kibrisdakik.com\/index.php?rest_route=\/wp\/v2\/posts\/97712\/revisions"}],"wp:featuredmedia":[{"embeddable":true,"href":"https:\/\/kibrisdakik.com\/index.php?rest_route=\/wp\/v2\/media\/97713"}],"wp:attachment":[{"href":"https:\/\/kibrisdakik.com\/index.php?rest_route=%2Fwp%2Fv2%2Fmedia&parent=97712"}],"wp:term":[{"taxonomy":"category","embeddable":true,"href":"https:\/\/kibrisdakik.com\/index.php?rest_route=%2Fwp%2Fv2%2Fcategories&post=97712"},{"taxonomy":"post_tag","embeddable":true,"href":"https:\/\/kibrisdakik.com\/index.php?rest_route=%2Fwp%2Fv2%2Ftags&post=97712"}],"curies":[{"name":"wp","href":"https:\/\/api.w.org\/{rel}","templated":true}]}}