{"id":97734,"date":"2025-10-31T11:32:06","date_gmt":"2025-10-31T09:32:06","guid":{"rendered":"https:\/\/kibrisdakik.com\/index.php\/2025\/10\/31\/ozturkler-cumhuriyet-sergisinin-acilisini-yapti\/"},"modified":"2025-10-31T11:32:06","modified_gmt":"2025-10-31T09:32:06","slug":"ozturkler-cumhuriyet-sergisinin-acilisini-yapti","status":"publish","type":"post","link":"https:\/\/kibrisdakik.com\/?p=97734","title":{"rendered":"\u00d6ZT\u00dcRKLER, CUMHUR\u0130YET SERG\u0130S\u0130&#039;N\u0130N A\u00c7ILI\u015eINI YAPTI"},"content":{"rendered":"<p><\/p>\n<p>Cumhuriyet Meclisi Ba\u015fkan\u0131 Ziya \u00d6zt\u00fcrkler, Yak\u0131n Do\u011fu \u00dcniversitesi (YD\u00dc) G\u00fczel Sanatlar Fak\u00fcltesi taraf\u0131ndan d\u00fczenlenen Cumhuriyet Sergisi\u2019nin a\u00e7\u0131l\u0131\u015f\u0131n\u0131 yapt\u0131.<\/p>\n<p>Cumhuriyet Meclisi&#8217;nden verilen bilgiye g\u00f6re, a\u00e7\u0131l\u0131\u015fta yapt\u0131\u011f\u0131 konu\u015fmada Ziya \u00d6zt\u00fcrkler, sanat\u0131n bir milletin ge\u00e7mi\u015fine sayg\u0131s\u0131n\u0131, gelece\u011fine olan inanc\u0131n\u0131 g\u00f6sterdi\u011fini s\u00f6yledi.<\/p>\n<p>Cumhuriyetin sadece bir y\u00f6netim bi\u00e7imi de\u011fil, bir milletin ba\u011f\u0131ms\u0131zl\u0131k ve \u00f6zg\u00fcrl\u00fck iradesinin simgesi de oldu\u011funu kaydeden \u00d6zt\u00fcrkler, sanat\u0131n bu iradeyi yans\u0131tan en g\u00fc\u00e7l\u00fc ara\u00e7lardan biri oldu\u011funu s\u00f6yledi. \u00d6zt\u00fcrkler, \u201cCumhuriyetin de\u011ferlerini ya\u015fatmak ve gelecek nesillere aktarmak hepimizin ortak sorumlulu\u011fudur\u201d dedi.<\/p>\n<p>Sergide yer alan eserlerin, ge\u00e7mi\u015ften bug\u00fcne uzanan k\u00fclt\u00fcrel haf\u0131zay\u0131 yans\u0131tt\u0131\u011f\u0131n\u0131 ifade eden \u00d6zt\u00fcrkler, gen\u00e7 sanat\u00e7\u0131lar\u0131n eserlerinin de bu haf\u0131zaya \u00f6nemli katk\u0131lar sundu\u011funu dile getirdi.<\/p>\n<p>Sanat\u0131n birle\u015ftirici g\u00fcc\u00fcne de\u011finen \u00d6zt\u00fcrkler, bu t\u00fcr etkinliklerin toplumsal dayan\u0131\u015fmay\u0131 da peki\u015ftirdi\u011fini belirtti.<\/p>\n<p>T\u00fcrkiye Cumhuriyeti\u2019nin kurulu\u015funun 102\u2019nci y\u0131l\u0131na ithafen haz\u0131rlanan sergide, farkl\u0131 disiplinlerinden eserler yer al\u0131yor.<\/p>\n","protected":false},"excerpt":{"rendered":"<p>Cumhuriyet Meclisi Ba\u015fkan\u0131 Ziya \u00d6zt\u00fcrkler, Yak\u0131n Do\u011fu \u00dcniversitesi (YD\u00dc) G\u00fczel Sanatlar Fak\u00fcltesi taraf\u0131ndan d\u00fczenlenen Cumhuriyet Sergisi\u2019nin a\u00e7\u0131l\u0131\u015f\u0131n\u0131 yapt\u0131. Cumhuriyet Meclisi&#8217;nden verilen bilgiye g\u00f6re, a\u00e7\u0131l\u0131\u015fta yapt\u0131\u011f\u0131 konu\u015fmada Ziya \u00d6zt\u00fcrkler, sanat\u0131n bir milletin ge\u00e7mi\u015fine sayg\u0131s\u0131n\u0131, gelece\u011fine olan inanc\u0131n\u0131 g\u00f6sterdi\u011fini s\u00f6yledi. Cumhuriyetin sadece bir y\u00f6netim bi\u00e7imi de\u011fil, bir milletin ba\u011f\u0131ms\u0131zl\u0131k ve \u00f6zg\u00fcrl\u00fck iradesinin simgesi de oldu\u011funu kaydeden \u00d6zt\u00fcrkler,<\/p>\n","protected":false},"author":1,"featured_media":97735,"comment_status":"open","ping_status":"open","sticky":false,"template":"","format":"standard","meta":{"footnotes":""},"categories":[81],"tags":[],"class_list":["post-97734","post","type-post","status-publish","format-standard","has-post-thumbnail","hentry","category-kibris"],"yoast_head":"<!-- This site is optimized with the Yoast SEO plugin v27.4 - https:\/\/yoast.com\/product\/yoast-seo-wordpress\/ -->\n<title>\u00d6ZT\u00dcRKLER, CUMHUR\u0130YET SERG\u0130S\u0130&#039;N\u0130N A\u00c7ILI\u015eINI YAPTI -<\/title>\n<meta name=\"robots\" content=\"index, follow, max-snippet:-1, max-image-preview:large, max-video-preview:-1\" \/>\n<link rel=\"canonical\" href=\"https:\/\/kibrisdakik.com\/?p=97734\" \/>\n<meta property=\"og:locale\" content=\"tr_TR\" \/>\n<meta property=\"og:type\" content=\"article\" \/>\n<meta property=\"og:title\" content=\"\u00d6ZT\u00dcRKLER, CUMHUR\u0130YET SERG\u0130S\u0130&#039;N\u0130N A\u00c7ILI\u015eINI YAPTI -\" \/>\n<meta property=\"og:description\" content=\"Cumhuriyet Meclisi Ba\u015fkan\u0131 Ziya \u00d6zt\u00fcrkler, Yak\u0131n Do\u011fu \u00dcniversitesi (YD\u00dc) G\u00fczel Sanatlar Fak\u00fcltesi taraf\u0131ndan d\u00fczenlenen Cumhuriyet Sergisi\u2019nin a\u00e7\u0131l\u0131\u015f\u0131n\u0131 yapt\u0131. Cumhuriyet Meclisi&#8217;nden verilen bilgiye g\u00f6re, a\u00e7\u0131l\u0131\u015fta yapt\u0131\u011f\u0131 konu\u015fmada Ziya \u00d6zt\u00fcrkler, sanat\u0131n bir milletin ge\u00e7mi\u015fine sayg\u0131s\u0131n\u0131, gelece\u011fine olan inanc\u0131n\u0131 g\u00f6sterdi\u011fini s\u00f6yledi. Cumhuriyetin sadece bir y\u00f6netim bi\u00e7imi de\u011fil, bir milletin ba\u011f\u0131ms\u0131zl\u0131k ve \u00f6zg\u00fcrl\u00fck iradesinin simgesi de oldu\u011funu kaydeden \u00d6zt\u00fcrkler,\" \/>\n<meta property=\"og:url\" content=\"https:\/\/kibrisdakik.com\/?p=97734\" \/>\n<meta property=\"article:published_time\" content=\"2025-10-31T09:32:06+00:00\" \/>\n<meta property=\"og:image\" content=\"https:\/\/kibrisdakik.com\/wp-content\/uploads\/2025\/10\/mha-sari-beyaz-424.png\" \/>\n\t<meta property=\"og:image:width\" content=\"1280\" \/>\n\t<meta property=\"og:image:height\" content=\"720\" \/>\n\t<meta property=\"og:image:type\" content=\"image\/png\" \/>\n<meta name=\"author\" content=\"admin\" \/>\n<meta name=\"twitter:card\" content=\"summary_large_image\" \/>\n<meta name=\"twitter:label1\" content=\"Yazan:\" \/>\n\t<meta name=\"twitter:data1\" content=\"admin\" \/>\n\t<meta name=\"twitter:label2\" content=\"Tahmini okuma s\u00fcresi\" \/>\n\t<meta name=\"twitter:data2\" content=\"1 dakika\" \/>\n<script type=\"application\/ld+json\" class=\"yoast-schema-graph\">{\"@context\":\"https:\\\/\\\/schema.org\",\"@graph\":[{\"@type\":\"Article\",\"@id\":\"https:\\\/\\\/kibrisdakik.com\\\/?p=97734#article\",\"isPartOf\":{\"@id\":\"https:\\\/\\\/kibrisdakik.com\\\/?p=97734\"},\"author\":{\"name\":\"admin\",\"@id\":\"https:\\\/\\\/kibrisdakik.com\\\/#\\\/schema\\\/person\\\/9cd9d437bbb44f72b73ba127e06d8e79\"},\"headline\":\"\u00d6ZT\u00dcRKLER, CUMHUR\u0130YET SERG\u0130S\u0130&#039;N\u0130N A\u00c7ILI\u015eINI YAPTI\",\"datePublished\":\"2025-10-31T09:32:06+00:00\",\"mainEntityOfPage\":{\"@id\":\"https:\\\/\\\/kibrisdakik.com\\\/?p=97734\"},\"wordCount\":216,\"commentCount\":0,\"image\":{\"@id\":\"https:\\\/\\\/kibrisdakik.com\\\/?p=97734#primaryimage\"},\"thumbnailUrl\":\"https:\\\/\\\/kibrisdakik.com\\\/wp-content\\\/uploads\\\/2025\\\/10\\\/mha-sari-beyaz-424.png\",\"articleSection\":[\"K\u0131br\u0131s\"],\"inLanguage\":\"tr\",\"potentialAction\":[{\"@type\":\"CommentAction\",\"name\":\"Comment\",\"target\":[\"https:\\\/\\\/kibrisdakik.com\\\/?p=97734#respond\"]}]},{\"@type\":\"WebPage\",\"@id\":\"https:\\\/\\\/kibrisdakik.com\\\/?p=97734\",\"url\":\"https:\\\/\\\/kibrisdakik.com\\\/?p=97734\",\"name\":\"\u00d6ZT\u00dcRKLER, CUMHUR\u0130YET SERG\u0130S\u0130&#039;N\u0130N A\u00c7ILI\u015eINI YAPTI -\",\"isPartOf\":{\"@id\":\"https:\\\/\\\/kibrisdakik.com\\\/#website\"},\"primaryImageOfPage\":{\"@id\":\"https:\\\/\\\/kibrisdakik.com\\\/?p=97734#primaryimage\"},\"image\":{\"@id\":\"https:\\\/\\\/kibrisdakik.com\\\/?p=97734#primaryimage\"},\"thumbnailUrl\":\"https:\\\/\\\/kibrisdakik.com\\\/wp-content\\\/uploads\\\/2025\\\/10\\\/mha-sari-beyaz-424.png\",\"datePublished\":\"2025-10-31T09:32:06+00:00\",\"author\":{\"@id\":\"https:\\\/\\\/kibrisdakik.com\\\/#\\\/schema\\\/person\\\/9cd9d437bbb44f72b73ba127e06d8e79\"},\"breadcrumb\":{\"@id\":\"https:\\\/\\\/kibrisdakik.com\\\/?p=97734#breadcrumb\"},\"inLanguage\":\"tr\",\"potentialAction\":[{\"@type\":\"ReadAction\",\"target\":[\"https:\\\/\\\/kibrisdakik.com\\\/?p=97734\"]}]},{\"@type\":\"ImageObject\",\"inLanguage\":\"tr\",\"@id\":\"https:\\\/\\\/kibrisdakik.com\\\/?p=97734#primaryimage\",\"url\":\"https:\\\/\\\/kibrisdakik.com\\\/wp-content\\\/uploads\\\/2025\\\/10\\\/mha-sari-beyaz-424.png\",\"contentUrl\":\"https:\\\/\\\/kibrisdakik.com\\\/wp-content\\\/uploads\\\/2025\\\/10\\\/mha-sari-beyaz-424.png\",\"width\":1280,\"height\":720},{\"@type\":\"BreadcrumbList\",\"@id\":\"https:\\\/\\\/kibrisdakik.com\\\/?p=97734#breadcrumb\",\"itemListElement\":[{\"@type\":\"ListItem\",\"position\":1,\"name\":\"Home\",\"item\":\"https:\\\/\\\/kibrisdakik.com\\\/\"},{\"@type\":\"ListItem\",\"position\":2,\"name\":\"\u00d6ZT\u00dcRKLER, CUMHUR\u0130YET SERG\u0130S\u0130&#039;N\u0130N A\u00c7ILI\u015eINI YAPTI\"}]},{\"@type\":\"WebSite\",\"@id\":\"https:\\\/\\\/kibrisdakik.com\\\/#website\",\"url\":\"https:\\\/\\\/kibrisdakik.com\\\/\",\"name\":\"\",\"description\":\"Tam vaktinde haber\",\"potentialAction\":[{\"@type\":\"SearchAction\",\"target\":{\"@type\":\"EntryPoint\",\"urlTemplate\":\"https:\\\/\\\/kibrisdakik.com\\\/?s={search_term_string}\"},\"query-input\":{\"@type\":\"PropertyValueSpecification\",\"valueRequired\":true,\"valueName\":\"search_term_string\"}}],\"inLanguage\":\"tr\"},{\"@type\":\"Person\",\"@id\":\"https:\\\/\\\/kibrisdakik.com\\\/#\\\/schema\\\/person\\\/9cd9d437bbb44f72b73ba127e06d8e79\",\"name\":\"admin\",\"image\":{\"@type\":\"ImageObject\",\"inLanguage\":\"tr\",\"@id\":\"https:\\\/\\\/secure.gravatar.com\\\/avatar\\\/ccc17943b9d660506c869530f897617f7cb1c21a4bf30023f252596d83e1f007?s=96&d=mm&r=g\",\"url\":\"https:\\\/\\\/secure.gravatar.com\\\/avatar\\\/ccc17943b9d660506c869530f897617f7cb1c21a4bf30023f252596d83e1f007?s=96&d=mm&r=g\",\"contentUrl\":\"https:\\\/\\\/secure.gravatar.com\\\/avatar\\\/ccc17943b9d660506c869530f897617f7cb1c21a4bf30023f252596d83e1f007?s=96&d=mm&r=g\",\"caption\":\"admin\"},\"sameAs\":[\"https:\\\/\\\/kibrisdakik.com\"],\"url\":\"https:\\\/\\\/kibrisdakik.com\\\/?author=1\"}]}<\/script>\n<!-- \/ Yoast SEO plugin. -->","yoast_head_json":{"title":"\u00d6ZT\u00dcRKLER, CUMHUR\u0130YET SERG\u0130S\u0130&#039;N\u0130N A\u00c7ILI\u015eINI YAPTI -","robots":{"index":"index","follow":"follow","max-snippet":"max-snippet:-1","max-image-preview":"max-image-preview:large","max-video-preview":"max-video-preview:-1"},"canonical":"https:\/\/kibrisdakik.com\/?p=97734","og_locale":"tr_TR","og_type":"article","og_title":"\u00d6ZT\u00dcRKLER, CUMHUR\u0130YET SERG\u0130S\u0130&#039;N\u0130N A\u00c7ILI\u015eINI YAPTI -","og_description":"Cumhuriyet Meclisi Ba\u015fkan\u0131 Ziya \u00d6zt\u00fcrkler, Yak\u0131n Do\u011fu \u00dcniversitesi (YD\u00dc) G\u00fczel Sanatlar Fak\u00fcltesi taraf\u0131ndan d\u00fczenlenen Cumhuriyet Sergisi\u2019nin a\u00e7\u0131l\u0131\u015f\u0131n\u0131 yapt\u0131. Cumhuriyet Meclisi&#8217;nden verilen bilgiye g\u00f6re, a\u00e7\u0131l\u0131\u015fta yapt\u0131\u011f\u0131 konu\u015fmada Ziya \u00d6zt\u00fcrkler, sanat\u0131n bir milletin ge\u00e7mi\u015fine sayg\u0131s\u0131n\u0131, gelece\u011fine olan inanc\u0131n\u0131 g\u00f6sterdi\u011fini s\u00f6yledi. Cumhuriyetin sadece bir y\u00f6netim bi\u00e7imi de\u011fil, bir milletin ba\u011f\u0131ms\u0131zl\u0131k ve \u00f6zg\u00fcrl\u00fck iradesinin simgesi de oldu\u011funu kaydeden \u00d6zt\u00fcrkler,","og_url":"https:\/\/kibrisdakik.com\/?p=97734","article_published_time":"2025-10-31T09:32:06+00:00","og_image":[{"width":1280,"height":720,"url":"https:\/\/kibrisdakik.com\/wp-content\/uploads\/2025\/10\/mha-sari-beyaz-424.png","type":"image\/png"}],"author":"admin","twitter_card":"summary_large_image","twitter_misc":{"Yazan:":"admin","Tahmini okuma s\u00fcresi":"1 dakika"},"schema":{"@context":"https:\/\/schema.org","@graph":[{"@type":"Article","@id":"https:\/\/kibrisdakik.com\/?p=97734#article","isPartOf":{"@id":"https:\/\/kibrisdakik.com\/?p=97734"},"author":{"name":"admin","@id":"https:\/\/kibrisdakik.com\/#\/schema\/person\/9cd9d437bbb44f72b73ba127e06d8e79"},"headline":"\u00d6ZT\u00dcRKLER, CUMHUR\u0130YET SERG\u0130S\u0130&#039;N\u0130N A\u00c7ILI\u015eINI YAPTI","datePublished":"2025-10-31T09:32:06+00:00","mainEntityOfPage":{"@id":"https:\/\/kibrisdakik.com\/?p=97734"},"wordCount":216,"commentCount":0,"image":{"@id":"https:\/\/kibrisdakik.com\/?p=97734#primaryimage"},"thumbnailUrl":"https:\/\/kibrisdakik.com\/wp-content\/uploads\/2025\/10\/mha-sari-beyaz-424.png","articleSection":["K\u0131br\u0131s"],"inLanguage":"tr","potentialAction":[{"@type":"CommentAction","name":"Comment","target":["https:\/\/kibrisdakik.com\/?p=97734#respond"]}]},{"@type":"WebPage","@id":"https:\/\/kibrisdakik.com\/?p=97734","url":"https:\/\/kibrisdakik.com\/?p=97734","name":"\u00d6ZT\u00dcRKLER, CUMHUR\u0130YET SERG\u0130S\u0130&#039;N\u0130N A\u00c7ILI\u015eINI YAPTI -","isPartOf":{"@id":"https:\/\/kibrisdakik.com\/#website"},"primaryImageOfPage":{"@id":"https:\/\/kibrisdakik.com\/?p=97734#primaryimage"},"image":{"@id":"https:\/\/kibrisdakik.com\/?p=97734#primaryimage"},"thumbnailUrl":"https:\/\/kibrisdakik.com\/wp-content\/uploads\/2025\/10\/mha-sari-beyaz-424.png","datePublished":"2025-10-31T09:32:06+00:00","author":{"@id":"https:\/\/kibrisdakik.com\/#\/schema\/person\/9cd9d437bbb44f72b73ba127e06d8e79"},"breadcrumb":{"@id":"https:\/\/kibrisdakik.com\/?p=97734#breadcrumb"},"inLanguage":"tr","potentialAction":[{"@type":"ReadAction","target":["https:\/\/kibrisdakik.com\/?p=97734"]}]},{"@type":"ImageObject","inLanguage":"tr","@id":"https:\/\/kibrisdakik.com\/?p=97734#primaryimage","url":"https:\/\/kibrisdakik.com\/wp-content\/uploads\/2025\/10\/mha-sari-beyaz-424.png","contentUrl":"https:\/\/kibrisdakik.com\/wp-content\/uploads\/2025\/10\/mha-sari-beyaz-424.png","width":1280,"height":720},{"@type":"BreadcrumbList","@id":"https:\/\/kibrisdakik.com\/?p=97734#breadcrumb","itemListElement":[{"@type":"ListItem","position":1,"name":"Home","item":"https:\/\/kibrisdakik.com\/"},{"@type":"ListItem","position":2,"name":"\u00d6ZT\u00dcRKLER, CUMHUR\u0130YET SERG\u0130S\u0130&#039;N\u0130N A\u00c7ILI\u015eINI YAPTI"}]},{"@type":"WebSite","@id":"https:\/\/kibrisdakik.com\/#website","url":"https:\/\/kibrisdakik.com\/","name":"","description":"Tam vaktinde haber","potentialAction":[{"@type":"SearchAction","target":{"@type":"EntryPoint","urlTemplate":"https:\/\/kibrisdakik.com\/?s={search_term_string}"},"query-input":{"@type":"PropertyValueSpecification","valueRequired":true,"valueName":"search_term_string"}}],"inLanguage":"tr"},{"@type":"Person","@id":"https:\/\/kibrisdakik.com\/#\/schema\/person\/9cd9d437bbb44f72b73ba127e06d8e79","name":"admin","image":{"@type":"ImageObject","inLanguage":"tr","@id":"https:\/\/secure.gravatar.com\/avatar\/ccc17943b9d660506c869530f897617f7cb1c21a4bf30023f252596d83e1f007?s=96&d=mm&r=g","url":"https:\/\/secure.gravatar.com\/avatar\/ccc17943b9d660506c869530f897617f7cb1c21a4bf30023f252596d83e1f007?s=96&d=mm&r=g","contentUrl":"https:\/\/secure.gravatar.com\/avatar\/ccc17943b9d660506c869530f897617f7cb1c21a4bf30023f252596d83e1f007?s=96&d=mm&r=g","caption":"admin"},"sameAs":["https:\/\/kibrisdakik.com"],"url":"https:\/\/kibrisdakik.com\/?author=1"}]}},"_links":{"self":[{"href":"https:\/\/kibrisdakik.com\/index.php?rest_route=\/wp\/v2\/posts\/97734","targetHints":{"allow":["GET"]}}],"collection":[{"href":"https:\/\/kibrisdakik.com\/index.php?rest_route=\/wp\/v2\/posts"}],"about":[{"href":"https:\/\/kibrisdakik.com\/index.php?rest_route=\/wp\/v2\/types\/post"}],"author":[{"embeddable":true,"href":"https:\/\/kibrisdakik.com\/index.php?rest_route=\/wp\/v2\/users\/1"}],"replies":[{"embeddable":true,"href":"https:\/\/kibrisdakik.com\/index.php?rest_route=%2Fwp%2Fv2%2Fcomments&post=97734"}],"version-history":[{"count":0,"href":"https:\/\/kibrisdakik.com\/index.php?rest_route=\/wp\/v2\/posts\/97734\/revisions"}],"wp:featuredmedia":[{"embeddable":true,"href":"https:\/\/kibrisdakik.com\/index.php?rest_route=\/wp\/v2\/media\/97735"}],"wp:attachment":[{"href":"https:\/\/kibrisdakik.com\/index.php?rest_route=%2Fwp%2Fv2%2Fmedia&parent=97734"}],"wp:term":[{"taxonomy":"category","embeddable":true,"href":"https:\/\/kibrisdakik.com\/index.php?rest_route=%2Fwp%2Fv2%2Fcategories&post=97734"},{"taxonomy":"post_tag","embeddable":true,"href":"https:\/\/kibrisdakik.com\/index.php?rest_route=%2Fwp%2Fv2%2Ftags&post=97734"}],"curies":[{"name":"wp","href":"https:\/\/api.w.org\/{rel}","templated":true}]}}