{"id":97738,"date":"2025-10-31T11:54:03","date_gmt":"2025-10-31T09:54:03","guid":{"rendered":"https:\/\/kibrisdakik.com\/index.php\/2025\/10\/31\/eski-ap-uyesi-yannis-lagos-hapis-cezasina-ragmen-6-ay-boyunca-maas-almaya-devam-etti\/"},"modified":"2025-10-31T11:54:03","modified_gmt":"2025-10-31T09:54:03","slug":"eski-ap-uyesi-yannis-lagos-hapis-cezasina-ragmen-6-ay-boyunca-maas-almaya-devam-etti","status":"publish","type":"post","link":"https:\/\/kibrisdakik.com\/?p=97738","title":{"rendered":"ESK\u0130 AP \u00dcYES\u0130 YANNIS LAGOS, HAP\u0130S CEZASINA RA\u011eMEN 6 AY BOYUNCA MAA\u015e ALMAYA DEVAM ETT\u0130!"},"content":{"rendered":"<p><\/p>\n<div data-text-id=\"188011\" property=\"articleBody\">\n<p>Avrupa Parlamentosunun (AP), ka\u011f\u0131da bas\u0131l\u0131 T\u00fcrk bayra\u011f\u0131n\u0131 y\u0131rtmas\u0131yla tepki \u00e7eken \u0131rk\u00e7\u0131 eski Yunan milletvekili Yannis Lagos&#8217;a hapis cezas\u0131 ald\u0131ktan sonra bile y\u0131ll\u0131k 64 bin avroya tekab\u00fcl eden maa\u015f\u0131n\u0131n yan\u0131 s\u0131ra 6 ay boyunca 28 bin 900 avrodan fazla ek \u00f6denek sa\u011flad\u0131\u011f\u0131 ortaya \u00e7\u0131kt\u0131.<\/p>\n<p>A\u015f\u0131r\u0131 sa\u011fc\u0131 Alt\u0131n \u015eafak Partisinden AP milletvekilli\u011fine se\u00e7ilen Lagos, partisinin Yunanistan&#8217;da su\u00e7 \u00f6rg\u00fct\u00fc ilan edilmesinden sonra Ekim 2020&#8217;de 13 y\u0131l hapis cezas\u0131na \u00e7arpt\u0131r\u0131ld\u0131.<\/p>\n<p>Lagos, \u00fcyelerinin sol gruplara ve g\u00f6\u00e7menlere kar\u015f\u0131 i\u015fledi\u011fi su\u00e7lar \u00e7o\u011fu kez Yunan yarg\u0131s\u0131na ta\u015f\u0131nan Alt\u0131n \u015eafak&#8217;\u0131 y\u00f6netti\u011fi gerek\u00e7esiyle hapis cezas\u0131 almas\u0131na ra\u011fmen AP&#8217;deki dokunulmazl\u0131\u011f\u0131 nedeniyle tutuklanmad\u0131.<\/p>\n<p>AP&#8217;de ka\u011f\u0131da bas\u0131l\u0131 T\u00fcrk bayra\u011f\u0131n\u0131 y\u0131rtmas\u0131yla tepki \u00e7eken \u0131rk\u00e7\u0131 eski milletvekili, hapis cezas\u0131 ald\u0131ktan yakla\u015f\u0131k 6 ay sonra dokunulmazl\u0131\u011f\u0131n\u0131n kald\u0131r\u0131lmas\u0131n\u0131n ard\u0131ndan \u00fclkesine iade edildi ve \u015fu an cezas\u0131n\u0131 \u00e7ekiyor.<\/p>\n<p>Almanya merkezli &#8220;bilgi \u00f6zg\u00fcrl\u00fc\u011f\u00fc portal\u0131&#8221; ve sivil toplum kurulu\u015fu (STK) FragDenStaat, Alt\u0131n \u015eafak&#8217;\u0131n su\u00e7 \u00f6rg\u00fct\u00fc ilan edildi\u011fi 7 Ekim 2020&#8217;den 7 Mart 2021&#8217;e kadar Lagos&#8217;a yap\u0131lan \u00f6demelerin kaydedildi\u011fi belgeleri AP&#8217;den talep etse de parlamento bu talebi &#8220;gizlilik&#8221; gerek\u00e7esiyle reddetti.<\/p>\n<p>FragDenStaat, bunun \u00fczerine Avrupa Birli\u011fi (AB) Genel Mahkemesine ba\u015fvurdu ve mahkeme AP&#8217;nin belgeleri a\u00e7\u0131klamas\u0131 gerekti\u011fi karar\u0131na vard\u0131.<\/p>\n<p>Belgelere eri\u015fim sa\u011flayan FragDenStaat, daha sonra bunlar\u0131 payla\u015farak, AP&#8217;nin Yunanistan&#8217;da hapis cezas\u0131 almas\u0131na ra\u011fmen \u0131rk\u00e7\u0131 eski milletvekili Lagos&#8217;a \u00f6deme yapmay\u0131 s\u00fcrd\u00fcrd\u00fc\u011f\u00fcn\u00fc ortaya \u00e7\u0131kard\u0131.<\/p>\n<p>Lagos, 27 Nisan 2021&#8217;de AP&#8217;deki dokunulmazl\u0131\u011f\u0131n\u0131n kald\u0131r\u0131lmas\u0131ndan iki hafta sonra Yunanistan&#8217;a iadesine kadar parlamento fonlar\u0131ndan \u00f6denek almaya devam etti.<\/p>\n<p>B\u00f6ylece \u0131rk\u00e7\u0131 milletvekili, hapis cezas\u0131 ald\u0131ktan Yunanistan&#8217;a iade edilene kadar AP&#8217;den y\u0131ll\u0131k 64 bin avroya tekab\u00fcl eden maa\u015f\u0131n\u0131n yan\u0131 s\u0131ra 28 bin 900 avrodan fazla \u00f6denek ald\u0131.<\/p>\n<p>AP&#8217;N\u0130N \u00d6DEMES\u0130YLE ALDI\u011eI U\u00c7AK B\u0130LET\u0130YLE AT\u0130NA&#8217;DAN BR\u0130KSEL&#8217;E YOLCULUK<\/p>\n<p>A\u015f\u0131r\u0131 sa\u011fc\u0131 Alt\u0131n \u015eafak&#8217;\u0131n Yunan mahkemesi taraf\u0131ndan su\u00e7 \u00f6rg\u00fct\u00fc ilan edilmesinin ard\u0131ndan 7 Ekim 2020&#8217;de Atina&#8217;dan Br\u00fcksel&#8217;e ka\u00e7an Lagos, bu karara itiraz etti.<\/p>\n<p>Lagos&#8217;un 11 Ekim 2020&#8217;de tekrar Atina&#8217;ya d\u00f6nd\u00fc\u011f\u00fc ancak 12 Ekim&#8217;de itiraz\u0131na olumsuz d\u00f6n\u00fc\u015f ald\u0131ktan sonra AP&#8217;nin yapt\u0131\u011f\u0131 \u00f6demeyle yeniden Br\u00fcksel&#8217;e u\u00e7ak bileti ald\u0131\u011f\u0131 ortaya \u00e7\u0131kt\u0131.<\/p>\n<p>FragDenStaat, ayr\u0131ca AP&#8217;nin 7 Mart 2021 ile \u00fclkesine iade edildi\u011fi 15 May\u0131s 2021 tarihleri aras\u0131nda Lagos&#8217;a yapt\u0131\u011f\u0131 \u00f6demelerin detaylar\u0131 hakk\u0131nda parlamentoya ula\u015ft\u0131\u011f\u0131n\u0131 ve s\u00fcrecin devam etti\u011fini a\u00e7\u0131klad\u0131. AP, OLAY HAKKINDA YORUM YAPMADI<\/p>\n<p>AP bas\u0131n yetkililerinden Anastasia Kapodistria, AA muhabirinin konuya ili\u015fkin sorusunu, milletvekillerinin ilgili t\u00fcz\u00fck uyar\u0131nca &#8220;parlamento g\u00f6revlerini yerine getirirken yapt\u0131klar\u0131 harcamalar\u0131 kar\u015f\u0131layan \u00f6demelere hak kazand\u0131\u011f\u0131&#8221; \u015feklinde yan\u0131tlad\u0131.<\/p>\n<p>Kapodistria, ayr\u0131ca bir AP milletvekilinin g\u00f6revden al\u0131nma s\u00fcrecinin se\u00e7ildi\u011fi \u00fcye \u00fclke yasalar\u0131na tabi oldu\u011funu ve AP&#8217;nin milletvekillerinin bireysel davalar\u0131 hakk\u0131nda yorum yapmad\u0131\u011f\u0131n\u0131 ifade etti.<\/p>\n<p>Yunanistan&#8217;daki a\u015f\u0131r\u0131 sa\u011fc\u0131 Alt\u0131n \u015eafak Partisi, 7 Ekim 2020&#8217;de mahkeme taraf\u0131ndan &#8220;su\u00e7 \u00f6rg\u00fct\u00fc&#8221; olarak kabul edilmi\u015f, bu \u00f6rg\u00fct\u00fc y\u00f6nettikleri gerek\u00e7esiyle Lagos&#8217;un da aralar\u0131nda bulundu\u011fu baz\u0131 parti \u00fcyeleri hapis cezalar\u0131na \u00e7arpt\u0131r\u0131lm\u0131\u015ft\u0131.<\/p>\n<p>Lagos, hakk\u0131nda 13 y\u0131ll\u0131k hapis cezas\u0131 verildi\u011fi Ekim 2020&#8217;de dokunulmazl\u0131\u011f\u0131n\u0131 kullanarak Yunanistan&#8217;dan, milletvekili oldu\u011fu AP&#8217;ye ev sahipli\u011fi yapan Br\u00fcksel&#8217;e ka\u00e7m\u0131\u015ft\u0131.<\/p>\n<p>AP&#8217;deki dokunulmazl\u0131\u011f\u0131n\u0131n kald\u0131r\u0131lmas\u0131 \u00fczerine Yunanistan, uluslararas\u0131 tutuklama emri \u00e7\u0131karm\u0131\u015ft\u0131. Lagos, Br\u00fcksel&#8217;deki evinde g\u00f6zalt\u0131na al\u0131nm\u0131\u015ft\u0131.<\/p>\n<p>Irk\u00e7\u0131 siyaset\u00e7i, AP milletvekilli\u011fine se\u00e7ildikten sonra Alt\u0131n \u015eafak&#8217;tan istifa ederek &#8220;Ulusal Halk Vicdan\u0131&#8221; ad\u0131 alt\u0131nda kendi partisini kurmu\u015ftu. Milletvekilli\u011fine ba\u011f\u0131ms\u0131z olarak devam eden Lagos, \u0131rk\u00e7\u0131 faaliyetleri ve y\u00fcz k\u0131zart\u0131c\u0131 pek \u00e7ok su\u00e7 nedeniyle daha \u00f6nce de tutuklanm\u0131\u015f ve cezalar alm\u0131\u015ft\u0131.<\/p>\n<p>Lagos&#8217;un dokunulmazl\u0131\u011f\u0131n\u0131n kald\u0131r\u0131lmas\u0131n\u0131 Yunanistan makamlar\u0131 talep etmi\u015fti.<\/p>\n<\/p><\/div>\n","protected":false},"excerpt":{"rendered":"<p>Avrupa Parlamentosunun (AP), ka\u011f\u0131da bas\u0131l\u0131 T\u00fcrk bayra\u011f\u0131n\u0131 y\u0131rtmas\u0131yla tepki \u00e7eken \u0131rk\u00e7\u0131 eski Yunan milletvekili Yannis Lagos&#8217;a hapis cezas\u0131 ald\u0131ktan sonra bile y\u0131ll\u0131k 64 bin avroya tekab\u00fcl eden maa\u015f\u0131n\u0131n yan\u0131 s\u0131ra 6 ay boyunca 28 bin 900 avrodan fazla ek \u00f6denek sa\u011flad\u0131\u011f\u0131 ortaya \u00e7\u0131kt\u0131. A\u015f\u0131r\u0131 sa\u011fc\u0131 Alt\u0131n \u015eafak Partisinden AP milletvekilli\u011fine se\u00e7ilen Lagos, partisinin Yunanistan&#8217;da su\u00e7<\/p>\n","protected":false},"author":1,"featured_media":97739,"comment_status":"open","ping_status":"open","sticky":false,"template":"","format":"standard","meta":{"footnotes":""},"categories":[81],"tags":[],"class_list":["post-97738","post","type-post","status-publish","format-standard","has-post-thumbnail","hentry","category-kibris"],"yoast_head":"<!-- This site is optimized with the Yoast SEO plugin v27.4 - https:\/\/yoast.com\/product\/yoast-seo-wordpress\/ -->\n<title>ESK\u0130 AP \u00dcYES\u0130 YANNIS LAGOS, HAP\u0130S CEZASINA RA\u011eMEN 6 AY BOYUNCA MAA\u015e ALMAYA DEVAM ETT\u0130! -<\/title>\n<meta name=\"robots\" content=\"index, follow, max-snippet:-1, max-image-preview:large, max-video-preview:-1\" \/>\n<link rel=\"canonical\" href=\"https:\/\/kibrisdakik.com\/?p=97738\" \/>\n<meta property=\"og:locale\" content=\"tr_TR\" \/>\n<meta property=\"og:type\" content=\"article\" \/>\n<meta property=\"og:title\" content=\"ESK\u0130 AP \u00dcYES\u0130 YANNIS LAGOS, HAP\u0130S CEZASINA RA\u011eMEN 6 AY BOYUNCA MAA\u015e ALMAYA DEVAM ETT\u0130! -\" \/>\n<meta property=\"og:description\" content=\"Avrupa Parlamentosunun (AP), ka\u011f\u0131da bas\u0131l\u0131 T\u00fcrk bayra\u011f\u0131n\u0131 y\u0131rtmas\u0131yla tepki \u00e7eken \u0131rk\u00e7\u0131 eski Yunan milletvekili Yannis Lagos&#8217;a hapis cezas\u0131 ald\u0131ktan sonra bile y\u0131ll\u0131k 64 bin avroya tekab\u00fcl eden maa\u015f\u0131n\u0131n yan\u0131 s\u0131ra 6 ay boyunca 28 bin 900 avrodan fazla ek \u00f6denek sa\u011flad\u0131\u011f\u0131 ortaya \u00e7\u0131kt\u0131. A\u015f\u0131r\u0131 sa\u011fc\u0131 Alt\u0131n \u015eafak Partisinden AP milletvekilli\u011fine se\u00e7ilen Lagos, partisinin Yunanistan&#8217;da su\u00e7\" \/>\n<meta property=\"og:url\" content=\"https:\/\/kibrisdakik.com\/?p=97738\" \/>\n<meta property=\"article:published_time\" content=\"2025-10-31T09:54:03+00:00\" \/>\n<meta property=\"og:image\" content=\"https:\/\/kibrisdakik.com\/wp-content\/uploads\/2025\/10\/3-668.png\" \/>\n\t<meta property=\"og:image:width\" content=\"1280\" \/>\n\t<meta property=\"og:image:height\" content=\"720\" \/>\n\t<meta property=\"og:image:type\" content=\"image\/png\" \/>\n<meta name=\"author\" content=\"admin\" \/>\n<meta name=\"twitter:card\" content=\"summary_large_image\" \/>\n<meta name=\"twitter:label1\" content=\"Yazan:\" \/>\n\t<meta name=\"twitter:data1\" content=\"admin\" \/>\n\t<meta name=\"twitter:label2\" content=\"Tahmini okuma s\u00fcresi\" \/>\n\t<meta name=\"twitter:data2\" content=\"3 dakika\" \/>\n<script type=\"application\/ld+json\" class=\"yoast-schema-graph\">{\"@context\":\"https:\\\/\\\/schema.org\",\"@graph\":[{\"@type\":\"Article\",\"@id\":\"https:\\\/\\\/kibrisdakik.com\\\/?p=97738#article\",\"isPartOf\":{\"@id\":\"https:\\\/\\\/kibrisdakik.com\\\/?p=97738\"},\"author\":{\"name\":\"admin\",\"@id\":\"https:\\\/\\\/kibrisdakik.com\\\/#\\\/schema\\\/person\\\/9cd9d437bbb44f72b73ba127e06d8e79\"},\"headline\":\"ESK\u0130 AP \u00dcYES\u0130 YANNIS LAGOS, HAP\u0130S CEZASINA RA\u011eMEN 6 AY BOYUNCA MAA\u015e ALMAYA DEVAM ETT\u0130!\",\"datePublished\":\"2025-10-31T09:54:03+00:00\",\"mainEntityOfPage\":{\"@id\":\"https:\\\/\\\/kibrisdakik.com\\\/?p=97738\"},\"wordCount\":685,\"commentCount\":0,\"image\":{\"@id\":\"https:\\\/\\\/kibrisdakik.com\\\/?p=97738#primaryimage\"},\"thumbnailUrl\":\"https:\\\/\\\/kibrisdakik.com\\\/wp-content\\\/uploads\\\/2025\\\/10\\\/3-668.png\",\"articleSection\":[\"K\u0131br\u0131s\"],\"inLanguage\":\"tr\",\"potentialAction\":[{\"@type\":\"CommentAction\",\"name\":\"Comment\",\"target\":[\"https:\\\/\\\/kibrisdakik.com\\\/?p=97738#respond\"]}]},{\"@type\":\"WebPage\",\"@id\":\"https:\\\/\\\/kibrisdakik.com\\\/?p=97738\",\"url\":\"https:\\\/\\\/kibrisdakik.com\\\/?p=97738\",\"name\":\"ESK\u0130 AP \u00dcYES\u0130 YANNIS LAGOS, HAP\u0130S CEZASINA RA\u011eMEN 6 AY BOYUNCA MAA\u015e ALMAYA DEVAM ETT\u0130! -\",\"isPartOf\":{\"@id\":\"https:\\\/\\\/kibrisdakik.com\\\/#website\"},\"primaryImageOfPage\":{\"@id\":\"https:\\\/\\\/kibrisdakik.com\\\/?p=97738#primaryimage\"},\"image\":{\"@id\":\"https:\\\/\\\/kibrisdakik.com\\\/?p=97738#primaryimage\"},\"thumbnailUrl\":\"https:\\\/\\\/kibrisdakik.com\\\/wp-content\\\/uploads\\\/2025\\\/10\\\/3-668.png\",\"datePublished\":\"2025-10-31T09:54:03+00:00\",\"author\":{\"@id\":\"https:\\\/\\\/kibrisdakik.com\\\/#\\\/schema\\\/person\\\/9cd9d437bbb44f72b73ba127e06d8e79\"},\"breadcrumb\":{\"@id\":\"https:\\\/\\\/kibrisdakik.com\\\/?p=97738#breadcrumb\"},\"inLanguage\":\"tr\",\"potentialAction\":[{\"@type\":\"ReadAction\",\"target\":[\"https:\\\/\\\/kibrisdakik.com\\\/?p=97738\"]}]},{\"@type\":\"ImageObject\",\"inLanguage\":\"tr\",\"@id\":\"https:\\\/\\\/kibrisdakik.com\\\/?p=97738#primaryimage\",\"url\":\"https:\\\/\\\/kibrisdakik.com\\\/wp-content\\\/uploads\\\/2025\\\/10\\\/3-668.png\",\"contentUrl\":\"https:\\\/\\\/kibrisdakik.com\\\/wp-content\\\/uploads\\\/2025\\\/10\\\/3-668.png\",\"width\":1280,\"height\":720},{\"@type\":\"BreadcrumbList\",\"@id\":\"https:\\\/\\\/kibrisdakik.com\\\/?p=97738#breadcrumb\",\"itemListElement\":[{\"@type\":\"ListItem\",\"position\":1,\"name\":\"Home\",\"item\":\"https:\\\/\\\/kibrisdakik.com\\\/\"},{\"@type\":\"ListItem\",\"position\":2,\"name\":\"ESK\u0130 AP \u00dcYES\u0130 YANNIS LAGOS, HAP\u0130S CEZASINA RA\u011eMEN 6 AY BOYUNCA MAA\u015e ALMAYA DEVAM ETT\u0130!\"}]},{\"@type\":\"WebSite\",\"@id\":\"https:\\\/\\\/kibrisdakik.com\\\/#website\",\"url\":\"https:\\\/\\\/kibrisdakik.com\\\/\",\"name\":\"\",\"description\":\"Tam vaktinde haber\",\"potentialAction\":[{\"@type\":\"SearchAction\",\"target\":{\"@type\":\"EntryPoint\",\"urlTemplate\":\"https:\\\/\\\/kibrisdakik.com\\\/?s={search_term_string}\"},\"query-input\":{\"@type\":\"PropertyValueSpecification\",\"valueRequired\":true,\"valueName\":\"search_term_string\"}}],\"inLanguage\":\"tr\"},{\"@type\":\"Person\",\"@id\":\"https:\\\/\\\/kibrisdakik.com\\\/#\\\/schema\\\/person\\\/9cd9d437bbb44f72b73ba127e06d8e79\",\"name\":\"admin\",\"image\":{\"@type\":\"ImageObject\",\"inLanguage\":\"tr\",\"@id\":\"https:\\\/\\\/secure.gravatar.com\\\/avatar\\\/ccc17943b9d660506c869530f897617f7cb1c21a4bf30023f252596d83e1f007?s=96&d=mm&r=g\",\"url\":\"https:\\\/\\\/secure.gravatar.com\\\/avatar\\\/ccc17943b9d660506c869530f897617f7cb1c21a4bf30023f252596d83e1f007?s=96&d=mm&r=g\",\"contentUrl\":\"https:\\\/\\\/secure.gravatar.com\\\/avatar\\\/ccc17943b9d660506c869530f897617f7cb1c21a4bf30023f252596d83e1f007?s=96&d=mm&r=g\",\"caption\":\"admin\"},\"sameAs\":[\"https:\\\/\\\/kibrisdakik.com\"],\"url\":\"https:\\\/\\\/kibrisdakik.com\\\/?author=1\"}]}<\/script>\n<!-- \/ Yoast SEO plugin. -->","yoast_head_json":{"title":"ESK\u0130 AP \u00dcYES\u0130 YANNIS LAGOS, HAP\u0130S CEZASINA RA\u011eMEN 6 AY BOYUNCA MAA\u015e ALMAYA DEVAM ETT\u0130! -","robots":{"index":"index","follow":"follow","max-snippet":"max-snippet:-1","max-image-preview":"max-image-preview:large","max-video-preview":"max-video-preview:-1"},"canonical":"https:\/\/kibrisdakik.com\/?p=97738","og_locale":"tr_TR","og_type":"article","og_title":"ESK\u0130 AP \u00dcYES\u0130 YANNIS LAGOS, HAP\u0130S CEZASINA RA\u011eMEN 6 AY BOYUNCA MAA\u015e ALMAYA DEVAM ETT\u0130! -","og_description":"Avrupa Parlamentosunun (AP), ka\u011f\u0131da bas\u0131l\u0131 T\u00fcrk bayra\u011f\u0131n\u0131 y\u0131rtmas\u0131yla tepki \u00e7eken \u0131rk\u00e7\u0131 eski Yunan milletvekili Yannis Lagos&#8217;a hapis cezas\u0131 ald\u0131ktan sonra bile y\u0131ll\u0131k 64 bin avroya tekab\u00fcl eden maa\u015f\u0131n\u0131n yan\u0131 s\u0131ra 6 ay boyunca 28 bin 900 avrodan fazla ek \u00f6denek sa\u011flad\u0131\u011f\u0131 ortaya \u00e7\u0131kt\u0131. A\u015f\u0131r\u0131 sa\u011fc\u0131 Alt\u0131n \u015eafak Partisinden AP milletvekilli\u011fine se\u00e7ilen Lagos, partisinin Yunanistan&#8217;da su\u00e7","og_url":"https:\/\/kibrisdakik.com\/?p=97738","article_published_time":"2025-10-31T09:54:03+00:00","og_image":[{"width":1280,"height":720,"url":"https:\/\/kibrisdakik.com\/wp-content\/uploads\/2025\/10\/3-668.png","type":"image\/png"}],"author":"admin","twitter_card":"summary_large_image","twitter_misc":{"Yazan:":"admin","Tahmini okuma s\u00fcresi":"3 dakika"},"schema":{"@context":"https:\/\/schema.org","@graph":[{"@type":"Article","@id":"https:\/\/kibrisdakik.com\/?p=97738#article","isPartOf":{"@id":"https:\/\/kibrisdakik.com\/?p=97738"},"author":{"name":"admin","@id":"https:\/\/kibrisdakik.com\/#\/schema\/person\/9cd9d437bbb44f72b73ba127e06d8e79"},"headline":"ESK\u0130 AP \u00dcYES\u0130 YANNIS LAGOS, HAP\u0130S CEZASINA RA\u011eMEN 6 AY BOYUNCA MAA\u015e ALMAYA DEVAM ETT\u0130!","datePublished":"2025-10-31T09:54:03+00:00","mainEntityOfPage":{"@id":"https:\/\/kibrisdakik.com\/?p=97738"},"wordCount":685,"commentCount":0,"image":{"@id":"https:\/\/kibrisdakik.com\/?p=97738#primaryimage"},"thumbnailUrl":"https:\/\/kibrisdakik.com\/wp-content\/uploads\/2025\/10\/3-668.png","articleSection":["K\u0131br\u0131s"],"inLanguage":"tr","potentialAction":[{"@type":"CommentAction","name":"Comment","target":["https:\/\/kibrisdakik.com\/?p=97738#respond"]}]},{"@type":"WebPage","@id":"https:\/\/kibrisdakik.com\/?p=97738","url":"https:\/\/kibrisdakik.com\/?p=97738","name":"ESK\u0130 AP \u00dcYES\u0130 YANNIS LAGOS, HAP\u0130S CEZASINA RA\u011eMEN 6 AY BOYUNCA MAA\u015e ALMAYA DEVAM ETT\u0130! -","isPartOf":{"@id":"https:\/\/kibrisdakik.com\/#website"},"primaryImageOfPage":{"@id":"https:\/\/kibrisdakik.com\/?p=97738#primaryimage"},"image":{"@id":"https:\/\/kibrisdakik.com\/?p=97738#primaryimage"},"thumbnailUrl":"https:\/\/kibrisdakik.com\/wp-content\/uploads\/2025\/10\/3-668.png","datePublished":"2025-10-31T09:54:03+00:00","author":{"@id":"https:\/\/kibrisdakik.com\/#\/schema\/person\/9cd9d437bbb44f72b73ba127e06d8e79"},"breadcrumb":{"@id":"https:\/\/kibrisdakik.com\/?p=97738#breadcrumb"},"inLanguage":"tr","potentialAction":[{"@type":"ReadAction","target":["https:\/\/kibrisdakik.com\/?p=97738"]}]},{"@type":"ImageObject","inLanguage":"tr","@id":"https:\/\/kibrisdakik.com\/?p=97738#primaryimage","url":"https:\/\/kibrisdakik.com\/wp-content\/uploads\/2025\/10\/3-668.png","contentUrl":"https:\/\/kibrisdakik.com\/wp-content\/uploads\/2025\/10\/3-668.png","width":1280,"height":720},{"@type":"BreadcrumbList","@id":"https:\/\/kibrisdakik.com\/?p=97738#breadcrumb","itemListElement":[{"@type":"ListItem","position":1,"name":"Home","item":"https:\/\/kibrisdakik.com\/"},{"@type":"ListItem","position":2,"name":"ESK\u0130 AP \u00dcYES\u0130 YANNIS LAGOS, HAP\u0130S CEZASINA RA\u011eMEN 6 AY BOYUNCA MAA\u015e ALMAYA DEVAM ETT\u0130!"}]},{"@type":"WebSite","@id":"https:\/\/kibrisdakik.com\/#website","url":"https:\/\/kibrisdakik.com\/","name":"","description":"Tam vaktinde haber","potentialAction":[{"@type":"SearchAction","target":{"@type":"EntryPoint","urlTemplate":"https:\/\/kibrisdakik.com\/?s={search_term_string}"},"query-input":{"@type":"PropertyValueSpecification","valueRequired":true,"valueName":"search_term_string"}}],"inLanguage":"tr"},{"@type":"Person","@id":"https:\/\/kibrisdakik.com\/#\/schema\/person\/9cd9d437bbb44f72b73ba127e06d8e79","name":"admin","image":{"@type":"ImageObject","inLanguage":"tr","@id":"https:\/\/secure.gravatar.com\/avatar\/ccc17943b9d660506c869530f897617f7cb1c21a4bf30023f252596d83e1f007?s=96&d=mm&r=g","url":"https:\/\/secure.gravatar.com\/avatar\/ccc17943b9d660506c869530f897617f7cb1c21a4bf30023f252596d83e1f007?s=96&d=mm&r=g","contentUrl":"https:\/\/secure.gravatar.com\/avatar\/ccc17943b9d660506c869530f897617f7cb1c21a4bf30023f252596d83e1f007?s=96&d=mm&r=g","caption":"admin"},"sameAs":["https:\/\/kibrisdakik.com"],"url":"https:\/\/kibrisdakik.com\/?author=1"}]}},"_links":{"self":[{"href":"https:\/\/kibrisdakik.com\/index.php?rest_route=\/wp\/v2\/posts\/97738","targetHints":{"allow":["GET"]}}],"collection":[{"href":"https:\/\/kibrisdakik.com\/index.php?rest_route=\/wp\/v2\/posts"}],"about":[{"href":"https:\/\/kibrisdakik.com\/index.php?rest_route=\/wp\/v2\/types\/post"}],"author":[{"embeddable":true,"href":"https:\/\/kibrisdakik.com\/index.php?rest_route=\/wp\/v2\/users\/1"}],"replies":[{"embeddable":true,"href":"https:\/\/kibrisdakik.com\/index.php?rest_route=%2Fwp%2Fv2%2Fcomments&post=97738"}],"version-history":[{"count":0,"href":"https:\/\/kibrisdakik.com\/index.php?rest_route=\/wp\/v2\/posts\/97738\/revisions"}],"wp:featuredmedia":[{"embeddable":true,"href":"https:\/\/kibrisdakik.com\/index.php?rest_route=\/wp\/v2\/media\/97739"}],"wp:attachment":[{"href":"https:\/\/kibrisdakik.com\/index.php?rest_route=%2Fwp%2Fv2%2Fmedia&parent=97738"}],"wp:term":[{"taxonomy":"category","embeddable":true,"href":"https:\/\/kibrisdakik.com\/index.php?rest_route=%2Fwp%2Fv2%2Fcategories&post=97738"},{"taxonomy":"post_tag","embeddable":true,"href":"https:\/\/kibrisdakik.com\/index.php?rest_route=%2Fwp%2Fv2%2Ftags&post=97738"}],"curies":[{"name":"wp","href":"https:\/\/api.w.org\/{rel}","templated":true}]}}