{"id":97770,"date":"2025-10-31T15:01:05","date_gmt":"2025-10-31T13:01:05","guid":{"rendered":"https:\/\/kibrisdakik.com\/index.php\/2025\/10\/31\/belediye-baskani-firat-ataserden-eylem-cagrisi-birlikte-gucluyuz\/"},"modified":"2025-10-31T15:01:05","modified_gmt":"2025-10-31T13:01:05","slug":"belediye-baskani-firat-ataserden-eylem-cagrisi-birlikte-gucluyuz","status":"publish","type":"post","link":"https:\/\/kibrisdakik.com\/?p=97770","title":{"rendered":"BELED\u0130YE BA\u015eKANI FIRAT ATASER\u2019DEN EYLEM \u00c7A\u011eRISI: \u201cB\u0130RL\u0130KTE G\u00dc\u00c7L\u00dcY\u00dcZ!\u201d"},"content":{"rendered":"<p><\/p>\n<div data-text-id=\"188066\" property=\"articleBody\">\n<p>Belediye Meclisi karar\u0131yla al\u0131nan bu eylem karar\u0131n\u0131n amac\u0131n\u0131n, \u00fc\u00e7 y\u0131l\u0131 a\u015fk\u0131n s\u00fcredir tamamlanmayan yolun bir an \u00f6nce bitirilmesi ve ya\u015fanan sorunlar\u0131n kamuoyu nezdinde duyurulmas\u0131 oldu\u011funu belirten Ba\u015fkan Ataser, t\u00fcm b\u00f6lge halk\u0131n\u0131 dayan\u0131\u015fmaya davet etti.<\/p>\n<p>Ba\u015fkan Ataser a\u00e7\u0131klamas\u0131nda \u015fu ifadelere yer verdi:<\/p>\n<p>\u201c5 Kas\u0131m sabah saat 08:00&#8217;de, bitmeyen Alsancak\u2013Lapta \u00c7evre Yolu\u2019yla ilgili belediye meclisimizde ald\u0131\u011f\u0131m\u0131z kararla bir eylem karar\u0131 ald\u0131k. Sesimizi duyurmak istiyoruz. T\u00fcm halk\u0131m\u0131z\u0131n, b\u00f6lgedeki esnaf\u0131n, d\u00fckkan\u0131 olan ve bu yolu kullanan vatanda\u015flar\u0131m\u0131z\u0131n bizimle birlikte olmas\u0131n\u0131 istiyoruz.\u201d<\/p>\n<p>Yol \u00e7al\u0131\u015fmalar\u0131n\u0131n \u00fc\u00e7 y\u0131ld\u0131r tamamlanamamas\u0131n\u0131n b\u00f6lge halk\u0131n\u0131 olumsuz etkiledi\u011fini vurgulayan Ataser, sorunun \u00e7\u00f6z\u00fclmesi i\u00e7in seslerini duyurmakta kararl\u0131 olduklar\u0131n\u0131 ifade etti:<\/p>\n<p>\u201c\u00dc\u00e7 y\u0131ld\u0131r devam eden bu yolda hem \u00e7al\u0131\u015fmalar\u0131n durmas\u0131 hem eksiklerin tamamlanmamas\u0131 hem de yanl\u0131\u015flar\u0131n d\u00fczeltilmemesi nedeniyle art\u0131k sesimizi duyurmak istiyoruz. Bu nedenle belediye meclisimizle birlikte bir eylem karar\u0131 ald\u0131k.\u201d Dayan\u0131\u015fma mesaj\u0131yla \u00e7a\u011fr\u0131s\u0131n\u0131 yineleyen Ba\u015fkan Ataser, a\u00e7\u0131klamas\u0131n\u0131 \u015fu s\u00f6zlerle tamamlad\u0131:<\/p>\n<p>\u201cT\u00fcm halk\u0131m\u0131z bizimle tek y\u00fcrek olsun, tek ses olsun.<\/p>\n<\/p><\/div>\n","protected":false},"excerpt":{"rendered":"<p>Belediye Meclisi karar\u0131yla al\u0131nan bu eylem karar\u0131n\u0131n amac\u0131n\u0131n, \u00fc\u00e7 y\u0131l\u0131 a\u015fk\u0131n s\u00fcredir tamamlanmayan yolun bir an \u00f6nce bitirilmesi ve ya\u015fanan sorunlar\u0131n kamuoyu nezdinde duyurulmas\u0131 oldu\u011funu belirten Ba\u015fkan Ataser, t\u00fcm b\u00f6lge halk\u0131n\u0131 dayan\u0131\u015fmaya davet etti. Ba\u015fkan Ataser a\u00e7\u0131klamas\u0131nda \u015fu ifadelere yer verdi: \u201c5 Kas\u0131m sabah saat 08:00&#8217;de, bitmeyen Alsancak\u2013Lapta \u00c7evre Yolu\u2019yla ilgili belediye meclisimizde ald\u0131\u011f\u0131m\u0131z kararla<\/p>\n","protected":false},"author":1,"featured_media":97771,"comment_status":"open","ping_status":"open","sticky":false,"template":"","format":"standard","meta":{"footnotes":""},"categories":[81],"tags":[],"class_list":["post-97770","post","type-post","status-publish","format-standard","has-post-thumbnail","hentry","category-kibris"],"yoast_head":"<!-- This site is optimized with the Yoast SEO plugin v27.5 - https:\/\/yoast.com\/product\/yoast-seo-wordpress\/ -->\n<title>BELED\u0130YE BA\u015eKANI FIRAT ATASER\u2019DEN EYLEM \u00c7A\u011eRISI: \u201cB\u0130RL\u0130KTE G\u00dc\u00c7L\u00dcY\u00dcZ!\u201d -<\/title>\n<meta name=\"robots\" content=\"index, follow, max-snippet:-1, max-image-preview:large, max-video-preview:-1\" \/>\n<link rel=\"canonical\" href=\"https:\/\/kibrisdakik.com\/?p=97770\" \/>\n<meta property=\"og:locale\" content=\"tr_TR\" \/>\n<meta property=\"og:type\" content=\"article\" \/>\n<meta property=\"og:title\" content=\"BELED\u0130YE BA\u015eKANI FIRAT ATASER\u2019DEN EYLEM \u00c7A\u011eRISI: \u201cB\u0130RL\u0130KTE G\u00dc\u00c7L\u00dcY\u00dcZ!\u201d -\" \/>\n<meta property=\"og:description\" content=\"Belediye Meclisi karar\u0131yla al\u0131nan bu eylem karar\u0131n\u0131n amac\u0131n\u0131n, \u00fc\u00e7 y\u0131l\u0131 a\u015fk\u0131n s\u00fcredir tamamlanmayan yolun bir an \u00f6nce bitirilmesi ve ya\u015fanan sorunlar\u0131n kamuoyu nezdinde duyurulmas\u0131 oldu\u011funu belirten Ba\u015fkan Ataser, t\u00fcm b\u00f6lge halk\u0131n\u0131 dayan\u0131\u015fmaya davet etti. Ba\u015fkan Ataser a\u00e7\u0131klamas\u0131nda \u015fu ifadelere yer verdi: \u201c5 Kas\u0131m sabah saat 08:00&#8217;de, bitmeyen Alsancak\u2013Lapta \u00c7evre Yolu\u2019yla ilgili belediye meclisimizde ald\u0131\u011f\u0131m\u0131z kararla\" \/>\n<meta property=\"og:url\" content=\"https:\/\/kibrisdakik.com\/?p=97770\" \/>\n<meta property=\"article:published_time\" content=\"2025-10-31T13:01:05+00:00\" \/>\n<meta property=\"og:image\" content=\"https:\/\/kibrisdakik.com\/wp-content\/uploads\/2025\/10\/12-170.png\" \/>\n\t<meta property=\"og:image:width\" content=\"1280\" \/>\n\t<meta property=\"og:image:height\" content=\"720\" \/>\n\t<meta property=\"og:image:type\" content=\"image\/png\" \/>\n<meta name=\"author\" content=\"admin\" \/>\n<meta name=\"twitter:card\" content=\"summary_large_image\" \/>\n<meta name=\"twitter:label1\" content=\"Yazan:\" \/>\n\t<meta name=\"twitter:data1\" content=\"admin\" \/>\n\t<meta name=\"twitter:label2\" content=\"Tahmini okuma s\u00fcresi\" \/>\n\t<meta name=\"twitter:data2\" content=\"1 dakika\" \/>\n<script type=\"application\/ld+json\" class=\"yoast-schema-graph\">{\"@context\":\"https:\\\/\\\/schema.org\",\"@graph\":[{\"@type\":\"Article\",\"@id\":\"https:\\\/\\\/kibrisdakik.com\\\/?p=97770#article\",\"isPartOf\":{\"@id\":\"https:\\\/\\\/kibrisdakik.com\\\/?p=97770\"},\"author\":{\"name\":\"admin\",\"@id\":\"https:\\\/\\\/kibrisdakik.com\\\/#\\\/schema\\\/person\\\/9cd9d437bbb44f72b73ba127e06d8e79\"},\"headline\":\"BELED\u0130YE BA\u015eKANI FIRAT ATASER\u2019DEN EYLEM \u00c7A\u011eRISI: \u201cB\u0130RL\u0130KTE G\u00dc\u00c7L\u00dcY\u00dcZ!\u201d\",\"datePublished\":\"2025-10-31T13:01:05+00:00\",\"mainEntityOfPage\":{\"@id\":\"https:\\\/\\\/kibrisdakik.com\\\/?p=97770\"},\"wordCount\":233,\"commentCount\":0,\"image\":{\"@id\":\"https:\\\/\\\/kibrisdakik.com\\\/?p=97770#primaryimage\"},\"thumbnailUrl\":\"https:\\\/\\\/kibrisdakik.com\\\/wp-content\\\/uploads\\\/2025\\\/10\\\/12-170.png\",\"articleSection\":[\"K\u0131br\u0131s\"],\"inLanguage\":\"tr\",\"potentialAction\":[{\"@type\":\"CommentAction\",\"name\":\"Comment\",\"target\":[\"https:\\\/\\\/kibrisdakik.com\\\/?p=97770#respond\"]}]},{\"@type\":\"WebPage\",\"@id\":\"https:\\\/\\\/kibrisdakik.com\\\/?p=97770\",\"url\":\"https:\\\/\\\/kibrisdakik.com\\\/?p=97770\",\"name\":\"BELED\u0130YE BA\u015eKANI FIRAT ATASER\u2019DEN EYLEM \u00c7A\u011eRISI: \u201cB\u0130RL\u0130KTE G\u00dc\u00c7L\u00dcY\u00dcZ!\u201d -\",\"isPartOf\":{\"@id\":\"https:\\\/\\\/kibrisdakik.com\\\/#website\"},\"primaryImageOfPage\":{\"@id\":\"https:\\\/\\\/kibrisdakik.com\\\/?p=97770#primaryimage\"},\"image\":{\"@id\":\"https:\\\/\\\/kibrisdakik.com\\\/?p=97770#primaryimage\"},\"thumbnailUrl\":\"https:\\\/\\\/kibrisdakik.com\\\/wp-content\\\/uploads\\\/2025\\\/10\\\/12-170.png\",\"datePublished\":\"2025-10-31T13:01:05+00:00\",\"author\":{\"@id\":\"https:\\\/\\\/kibrisdakik.com\\\/#\\\/schema\\\/person\\\/9cd9d437bbb44f72b73ba127e06d8e79\"},\"breadcrumb\":{\"@id\":\"https:\\\/\\\/kibrisdakik.com\\\/?p=97770#breadcrumb\"},\"inLanguage\":\"tr\",\"potentialAction\":[{\"@type\":\"ReadAction\",\"target\":[\"https:\\\/\\\/kibrisdakik.com\\\/?p=97770\"]}]},{\"@type\":\"ImageObject\",\"inLanguage\":\"tr\",\"@id\":\"https:\\\/\\\/kibrisdakik.com\\\/?p=97770#primaryimage\",\"url\":\"https:\\\/\\\/kibrisdakik.com\\\/wp-content\\\/uploads\\\/2025\\\/10\\\/12-170.png\",\"contentUrl\":\"https:\\\/\\\/kibrisdakik.com\\\/wp-content\\\/uploads\\\/2025\\\/10\\\/12-170.png\",\"width\":1280,\"height\":720},{\"@type\":\"BreadcrumbList\",\"@id\":\"https:\\\/\\\/kibrisdakik.com\\\/?p=97770#breadcrumb\",\"itemListElement\":[{\"@type\":\"ListItem\",\"position\":1,\"name\":\"Home\",\"item\":\"https:\\\/\\\/kibrisdakik.com\\\/\"},{\"@type\":\"ListItem\",\"position\":2,\"name\":\"BELED\u0130YE BA\u015eKANI FIRAT ATASER\u2019DEN EYLEM \u00c7A\u011eRISI: \u201cB\u0130RL\u0130KTE G\u00dc\u00c7L\u00dcY\u00dcZ!\u201d\"}]},{\"@type\":\"WebSite\",\"@id\":\"https:\\\/\\\/kibrisdakik.com\\\/#website\",\"url\":\"https:\\\/\\\/kibrisdakik.com\\\/\",\"name\":\"\",\"description\":\"Tam vaktinde haber\",\"potentialAction\":[{\"@type\":\"SearchAction\",\"target\":{\"@type\":\"EntryPoint\",\"urlTemplate\":\"https:\\\/\\\/kibrisdakik.com\\\/?s={search_term_string}\"},\"query-input\":{\"@type\":\"PropertyValueSpecification\",\"valueRequired\":true,\"valueName\":\"search_term_string\"}}],\"inLanguage\":\"tr\"},{\"@type\":\"Person\",\"@id\":\"https:\\\/\\\/kibrisdakik.com\\\/#\\\/schema\\\/person\\\/9cd9d437bbb44f72b73ba127e06d8e79\",\"name\":\"admin\",\"image\":{\"@type\":\"ImageObject\",\"inLanguage\":\"tr\",\"@id\":\"https:\\\/\\\/secure.gravatar.com\\\/avatar\\\/ccc17943b9d660506c869530f897617f7cb1c21a4bf30023f252596d83e1f007?s=96&d=mm&r=g\",\"url\":\"https:\\\/\\\/secure.gravatar.com\\\/avatar\\\/ccc17943b9d660506c869530f897617f7cb1c21a4bf30023f252596d83e1f007?s=96&d=mm&r=g\",\"contentUrl\":\"https:\\\/\\\/secure.gravatar.com\\\/avatar\\\/ccc17943b9d660506c869530f897617f7cb1c21a4bf30023f252596d83e1f007?s=96&d=mm&r=g\",\"caption\":\"admin\"},\"sameAs\":[\"https:\\\/\\\/kibrisdakik.com\"],\"url\":\"https:\\\/\\\/kibrisdakik.com\\\/?author=1\"}]}<\/script>\n<!-- \/ Yoast SEO plugin. -->","yoast_head_json":{"title":"BELED\u0130YE BA\u015eKANI FIRAT ATASER\u2019DEN EYLEM \u00c7A\u011eRISI: \u201cB\u0130RL\u0130KTE G\u00dc\u00c7L\u00dcY\u00dcZ!\u201d -","robots":{"index":"index","follow":"follow","max-snippet":"max-snippet:-1","max-image-preview":"max-image-preview:large","max-video-preview":"max-video-preview:-1"},"canonical":"https:\/\/kibrisdakik.com\/?p=97770","og_locale":"tr_TR","og_type":"article","og_title":"BELED\u0130YE BA\u015eKANI FIRAT ATASER\u2019DEN EYLEM \u00c7A\u011eRISI: \u201cB\u0130RL\u0130KTE G\u00dc\u00c7L\u00dcY\u00dcZ!\u201d -","og_description":"Belediye Meclisi karar\u0131yla al\u0131nan bu eylem karar\u0131n\u0131n amac\u0131n\u0131n, \u00fc\u00e7 y\u0131l\u0131 a\u015fk\u0131n s\u00fcredir tamamlanmayan yolun bir an \u00f6nce bitirilmesi ve ya\u015fanan sorunlar\u0131n kamuoyu nezdinde duyurulmas\u0131 oldu\u011funu belirten Ba\u015fkan Ataser, t\u00fcm b\u00f6lge halk\u0131n\u0131 dayan\u0131\u015fmaya davet etti. Ba\u015fkan Ataser a\u00e7\u0131klamas\u0131nda \u015fu ifadelere yer verdi: \u201c5 Kas\u0131m sabah saat 08:00&#8217;de, bitmeyen Alsancak\u2013Lapta \u00c7evre Yolu\u2019yla ilgili belediye meclisimizde ald\u0131\u011f\u0131m\u0131z kararla","og_url":"https:\/\/kibrisdakik.com\/?p=97770","article_published_time":"2025-10-31T13:01:05+00:00","og_image":[{"width":1280,"height":720,"url":"https:\/\/kibrisdakik.com\/wp-content\/uploads\/2025\/10\/12-170.png","type":"image\/png"}],"author":"admin","twitter_card":"summary_large_image","twitter_misc":{"Yazan:":"admin","Tahmini okuma s\u00fcresi":"1 dakika"},"schema":{"@context":"https:\/\/schema.org","@graph":[{"@type":"Article","@id":"https:\/\/kibrisdakik.com\/?p=97770#article","isPartOf":{"@id":"https:\/\/kibrisdakik.com\/?p=97770"},"author":{"name":"admin","@id":"https:\/\/kibrisdakik.com\/#\/schema\/person\/9cd9d437bbb44f72b73ba127e06d8e79"},"headline":"BELED\u0130YE BA\u015eKANI FIRAT ATASER\u2019DEN EYLEM \u00c7A\u011eRISI: \u201cB\u0130RL\u0130KTE G\u00dc\u00c7L\u00dcY\u00dcZ!\u201d","datePublished":"2025-10-31T13:01:05+00:00","mainEntityOfPage":{"@id":"https:\/\/kibrisdakik.com\/?p=97770"},"wordCount":233,"commentCount":0,"image":{"@id":"https:\/\/kibrisdakik.com\/?p=97770#primaryimage"},"thumbnailUrl":"https:\/\/kibrisdakik.com\/wp-content\/uploads\/2025\/10\/12-170.png","articleSection":["K\u0131br\u0131s"],"inLanguage":"tr","potentialAction":[{"@type":"CommentAction","name":"Comment","target":["https:\/\/kibrisdakik.com\/?p=97770#respond"]}]},{"@type":"WebPage","@id":"https:\/\/kibrisdakik.com\/?p=97770","url":"https:\/\/kibrisdakik.com\/?p=97770","name":"BELED\u0130YE BA\u015eKANI FIRAT ATASER\u2019DEN EYLEM \u00c7A\u011eRISI: \u201cB\u0130RL\u0130KTE G\u00dc\u00c7L\u00dcY\u00dcZ!\u201d -","isPartOf":{"@id":"https:\/\/kibrisdakik.com\/#website"},"primaryImageOfPage":{"@id":"https:\/\/kibrisdakik.com\/?p=97770#primaryimage"},"image":{"@id":"https:\/\/kibrisdakik.com\/?p=97770#primaryimage"},"thumbnailUrl":"https:\/\/kibrisdakik.com\/wp-content\/uploads\/2025\/10\/12-170.png","datePublished":"2025-10-31T13:01:05+00:00","author":{"@id":"https:\/\/kibrisdakik.com\/#\/schema\/person\/9cd9d437bbb44f72b73ba127e06d8e79"},"breadcrumb":{"@id":"https:\/\/kibrisdakik.com\/?p=97770#breadcrumb"},"inLanguage":"tr","potentialAction":[{"@type":"ReadAction","target":["https:\/\/kibrisdakik.com\/?p=97770"]}]},{"@type":"ImageObject","inLanguage":"tr","@id":"https:\/\/kibrisdakik.com\/?p=97770#primaryimage","url":"https:\/\/kibrisdakik.com\/wp-content\/uploads\/2025\/10\/12-170.png","contentUrl":"https:\/\/kibrisdakik.com\/wp-content\/uploads\/2025\/10\/12-170.png","width":1280,"height":720},{"@type":"BreadcrumbList","@id":"https:\/\/kibrisdakik.com\/?p=97770#breadcrumb","itemListElement":[{"@type":"ListItem","position":1,"name":"Home","item":"https:\/\/kibrisdakik.com\/"},{"@type":"ListItem","position":2,"name":"BELED\u0130YE BA\u015eKANI FIRAT ATASER\u2019DEN EYLEM \u00c7A\u011eRISI: \u201cB\u0130RL\u0130KTE G\u00dc\u00c7L\u00dcY\u00dcZ!\u201d"}]},{"@type":"WebSite","@id":"https:\/\/kibrisdakik.com\/#website","url":"https:\/\/kibrisdakik.com\/","name":"","description":"Tam vaktinde haber","potentialAction":[{"@type":"SearchAction","target":{"@type":"EntryPoint","urlTemplate":"https:\/\/kibrisdakik.com\/?s={search_term_string}"},"query-input":{"@type":"PropertyValueSpecification","valueRequired":true,"valueName":"search_term_string"}}],"inLanguage":"tr"},{"@type":"Person","@id":"https:\/\/kibrisdakik.com\/#\/schema\/person\/9cd9d437bbb44f72b73ba127e06d8e79","name":"admin","image":{"@type":"ImageObject","inLanguage":"tr","@id":"https:\/\/secure.gravatar.com\/avatar\/ccc17943b9d660506c869530f897617f7cb1c21a4bf30023f252596d83e1f007?s=96&d=mm&r=g","url":"https:\/\/secure.gravatar.com\/avatar\/ccc17943b9d660506c869530f897617f7cb1c21a4bf30023f252596d83e1f007?s=96&d=mm&r=g","contentUrl":"https:\/\/secure.gravatar.com\/avatar\/ccc17943b9d660506c869530f897617f7cb1c21a4bf30023f252596d83e1f007?s=96&d=mm&r=g","caption":"admin"},"sameAs":["https:\/\/kibrisdakik.com"],"url":"https:\/\/kibrisdakik.com\/?author=1"}]}},"_links":{"self":[{"href":"https:\/\/kibrisdakik.com\/index.php?rest_route=\/wp\/v2\/posts\/97770","targetHints":{"allow":["GET"]}}],"collection":[{"href":"https:\/\/kibrisdakik.com\/index.php?rest_route=\/wp\/v2\/posts"}],"about":[{"href":"https:\/\/kibrisdakik.com\/index.php?rest_route=\/wp\/v2\/types\/post"}],"author":[{"embeddable":true,"href":"https:\/\/kibrisdakik.com\/index.php?rest_route=\/wp\/v2\/users\/1"}],"replies":[{"embeddable":true,"href":"https:\/\/kibrisdakik.com\/index.php?rest_route=%2Fwp%2Fv2%2Fcomments&post=97770"}],"version-history":[{"count":0,"href":"https:\/\/kibrisdakik.com\/index.php?rest_route=\/wp\/v2\/posts\/97770\/revisions"}],"wp:featuredmedia":[{"embeddable":true,"href":"https:\/\/kibrisdakik.com\/index.php?rest_route=\/wp\/v2\/media\/97771"}],"wp:attachment":[{"href":"https:\/\/kibrisdakik.com\/index.php?rest_route=%2Fwp%2Fv2%2Fmedia&parent=97770"}],"wp:term":[{"taxonomy":"category","embeddable":true,"href":"https:\/\/kibrisdakik.com\/index.php?rest_route=%2Fwp%2Fv2%2Fcategories&post=97770"},{"taxonomy":"post_tag","embeddable":true,"href":"https:\/\/kibrisdakik.com\/index.php?rest_route=%2Fwp%2Fv2%2Ftags&post=97770"}],"curies":[{"name":"wp","href":"https:\/\/api.w.org\/{rel}","templated":true}]}}