{"id":97798,"date":"2025-10-31T17:35:05","date_gmt":"2025-10-31T15:35:05","guid":{"rendered":"https:\/\/kibrisdakik.com\/index.php\/2025\/10\/31\/sprinter-ramil-guliyev-girne-maratonuna-katiliyor\/"},"modified":"2025-10-31T17:35:05","modified_gmt":"2025-10-31T15:35:05","slug":"sprinter-ramil-guliyev-girne-maratonuna-katiliyor","status":"publish","type":"post","link":"https:\/\/kibrisdakik.com\/?p=97798","title":{"rendered":"SPR\u0130NTER RAM\u0130L GUL\u0130YEV, G\u0130RNE MARATONU\u2019NA KATILIYOR"},"content":{"rendered":"<p><\/p>\n<p>Girne Belediyesi ve KKTC Atletizm Federasyonu i\u015f birli\u011fiyle d\u00fczenlenen \u201cPasha Group Girne Yar\u0131 Maratonu 2025\u201d kapsam\u0131nda, d\u00fcnya \u015fampiyonu sprinter Ramil Guliyev, imza etkinli\u011fi d\u00fczenleyecek.<\/p>\n<p>Girne Belediyesinden verilen bilgiye g\u00f6re, Pasha Group ana sponsorlu\u011fundaki maraton kapsam\u0131nda 2 Kas\u0131m Pazar g\u00fcn\u00fc d\u00fczenlenecek etkinlik g\u00fcn\u00fc 10.00 \u2013 10.45 saatleri aras\u0131nda ana sahnede yer alacak.<\/p>\n<p>Londra\u2019da 2017 D\u00fcnya \u015eampiyonas\u0131\u2019nda 200 metre finalinde 20.09\u2019luk derecesiyle alt\u0131n madalya kazanarak T\u00fcrkiye\u2019ye bu bran\u015fta ilk d\u00fcnya \u015fampiyonlu\u011funu kazand\u0131ran Guliyev, T\u00fcrk atletizm tarihine ad\u0131n\u0131 alt\u0131n harflerle yazd\u0131rm\u0131\u015ft\u0131.<\/p>\n<p>2018 Avrupa \u015eampiyonas\u0131\u2019nda 200 metrede 19.76 saniyelik derecesiyle \u015fampiyona rekoru k\u0131rarak alt\u0131n madalya kazanan, ayr\u0131ca 2018 ve 2022 Akdeniz Oyunlar\u0131\u2019nda 200 metrede alt\u0131n madalya elde eden milli atlet, T\u00fcrkiye\u2019nin 100 ve 200 metre erkekler rekorlar\u0131n\u0131n da sahibi konumunda.<\/p>\n<p>Guliyev, 2018 Akdeniz Oyunlar\u0131\u2019nda 4&#215;100 metre bayrak tak\u0131m\u0131nda da alt\u0131n madalya kazanarak T\u00fcrk atletizminin uluslararas\u0131 arenadaki ba\u015far\u0131s\u0131na b\u00fcy\u00fck katk\u0131 sa\u011flam\u0131\u015ft\u0131. Ayr\u0131ca Rio 2016 ve Tokyo 2020 Olimpiyat Oyunlar\u0131\u2019nda T\u00fcrkiye\u2019yi temsil eden ba\u015far\u0131l\u0131 sporcu, Rio\u2019da finale kalma ba\u015far\u0131s\u0131 g\u00f6stermi\u015fti.<\/p>\n<p>Sporseverler, 2 Kas\u0131m Pazar g\u00fcn\u00fc d\u00fczenlenecek maraton etkinli\u011finde Ramil Guliyev ile bir araya gelerek imza ve foto\u011fraf f\u0131rsat\u0131 yakalayabilecek.<\/p>\n","protected":false},"excerpt":{"rendered":"<p>Girne Belediyesi ve KKTC Atletizm Federasyonu i\u015f birli\u011fiyle d\u00fczenlenen \u201cPasha Group Girne Yar\u0131 Maratonu 2025\u201d kapsam\u0131nda, d\u00fcnya \u015fampiyonu sprinter Ramil Guliyev, imza etkinli\u011fi d\u00fczenleyecek. Girne Belediyesinden verilen bilgiye g\u00f6re, Pasha Group ana sponsorlu\u011fundaki maraton kapsam\u0131nda 2 Kas\u0131m Pazar g\u00fcn\u00fc d\u00fczenlenecek etkinlik g\u00fcn\u00fc 10.00 \u2013 10.45 saatleri aras\u0131nda ana sahnede yer alacak. Londra\u2019da 2017 D\u00fcnya \u015eampiyonas\u0131\u2019nda<\/p>\n","protected":false},"author":1,"featured_media":97799,"comment_status":"open","ping_status":"open","sticky":false,"template":"","format":"standard","meta":{"footnotes":""},"categories":[81],"tags":[],"class_list":["post-97798","post","type-post","status-publish","format-standard","has-post-thumbnail","hentry","category-kibris"],"yoast_head":"<!-- This site is optimized with the Yoast SEO plugin v27.4 - https:\/\/yoast.com\/product\/yoast-seo-wordpress\/ -->\n<title>SPR\u0130NTER RAM\u0130L GUL\u0130YEV, G\u0130RNE MARATONU\u2019NA KATILIYOR -<\/title>\n<meta name=\"robots\" content=\"index, follow, max-snippet:-1, max-image-preview:large, max-video-preview:-1\" \/>\n<link rel=\"canonical\" href=\"https:\/\/kibrisdakik.com\/?p=97798\" \/>\n<meta property=\"og:locale\" content=\"tr_TR\" \/>\n<meta property=\"og:type\" content=\"article\" \/>\n<meta property=\"og:title\" content=\"SPR\u0130NTER RAM\u0130L GUL\u0130YEV, G\u0130RNE MARATONU\u2019NA KATILIYOR -\" \/>\n<meta property=\"og:description\" content=\"Girne Belediyesi ve KKTC Atletizm Federasyonu i\u015f birli\u011fiyle d\u00fczenlenen \u201cPasha Group Girne Yar\u0131 Maratonu 2025\u201d kapsam\u0131nda, d\u00fcnya \u015fampiyonu sprinter Ramil Guliyev, imza etkinli\u011fi d\u00fczenleyecek. Girne Belediyesinden verilen bilgiye g\u00f6re, Pasha Group ana sponsorlu\u011fundaki maraton kapsam\u0131nda 2 Kas\u0131m Pazar g\u00fcn\u00fc d\u00fczenlenecek etkinlik g\u00fcn\u00fc 10.00 \u2013 10.45 saatleri aras\u0131nda ana sahnede yer alacak. Londra\u2019da 2017 D\u00fcnya \u015eampiyonas\u0131\u2019nda\" \/>\n<meta property=\"og:url\" content=\"https:\/\/kibrisdakik.com\/?p=97798\" \/>\n<meta property=\"article:published_time\" content=\"2025-10-31T15:35:05+00:00\" \/>\n<meta property=\"og:image\" content=\"https:\/\/kibrisdakik.com\/wp-content\/uploads\/2025\/10\/mha-sari-beyaz-442.png\" \/>\n\t<meta property=\"og:image:width\" content=\"1280\" \/>\n\t<meta property=\"og:image:height\" content=\"720\" \/>\n\t<meta property=\"og:image:type\" content=\"image\/png\" \/>\n<meta name=\"author\" content=\"admin\" \/>\n<meta name=\"twitter:card\" content=\"summary_large_image\" \/>\n<meta name=\"twitter:label1\" content=\"Yazan:\" \/>\n\t<meta name=\"twitter:data1\" content=\"admin\" \/>\n\t<meta name=\"twitter:label2\" content=\"Tahmini okuma s\u00fcresi\" \/>\n\t<meta name=\"twitter:data2\" content=\"1 dakika\" \/>\n<script type=\"application\/ld+json\" class=\"yoast-schema-graph\">{\"@context\":\"https:\\\/\\\/schema.org\",\"@graph\":[{\"@type\":\"Article\",\"@id\":\"https:\\\/\\\/kibrisdakik.com\\\/?p=97798#article\",\"isPartOf\":{\"@id\":\"https:\\\/\\\/kibrisdakik.com\\\/?p=97798\"},\"author\":{\"name\":\"admin\",\"@id\":\"https:\\\/\\\/kibrisdakik.com\\\/#\\\/schema\\\/person\\\/9cd9d437bbb44f72b73ba127e06d8e79\"},\"headline\":\"SPR\u0130NTER RAM\u0130L GUL\u0130YEV, G\u0130RNE MARATONU\u2019NA KATILIYOR\",\"datePublished\":\"2025-10-31T15:35:05+00:00\",\"mainEntityOfPage\":{\"@id\":\"https:\\\/\\\/kibrisdakik.com\\\/?p=97798\"},\"wordCount\":233,\"commentCount\":0,\"image\":{\"@id\":\"https:\\\/\\\/kibrisdakik.com\\\/?p=97798#primaryimage\"},\"thumbnailUrl\":\"https:\\\/\\\/kibrisdakik.com\\\/wp-content\\\/uploads\\\/2025\\\/10\\\/mha-sari-beyaz-442.png\",\"articleSection\":[\"K\u0131br\u0131s\"],\"inLanguage\":\"tr\",\"potentialAction\":[{\"@type\":\"CommentAction\",\"name\":\"Comment\",\"target\":[\"https:\\\/\\\/kibrisdakik.com\\\/?p=97798#respond\"]}]},{\"@type\":\"WebPage\",\"@id\":\"https:\\\/\\\/kibrisdakik.com\\\/?p=97798\",\"url\":\"https:\\\/\\\/kibrisdakik.com\\\/?p=97798\",\"name\":\"SPR\u0130NTER RAM\u0130L GUL\u0130YEV, G\u0130RNE MARATONU\u2019NA KATILIYOR -\",\"isPartOf\":{\"@id\":\"https:\\\/\\\/kibrisdakik.com\\\/#website\"},\"primaryImageOfPage\":{\"@id\":\"https:\\\/\\\/kibrisdakik.com\\\/?p=97798#primaryimage\"},\"image\":{\"@id\":\"https:\\\/\\\/kibrisdakik.com\\\/?p=97798#primaryimage\"},\"thumbnailUrl\":\"https:\\\/\\\/kibrisdakik.com\\\/wp-content\\\/uploads\\\/2025\\\/10\\\/mha-sari-beyaz-442.png\",\"datePublished\":\"2025-10-31T15:35:05+00:00\",\"author\":{\"@id\":\"https:\\\/\\\/kibrisdakik.com\\\/#\\\/schema\\\/person\\\/9cd9d437bbb44f72b73ba127e06d8e79\"},\"breadcrumb\":{\"@id\":\"https:\\\/\\\/kibrisdakik.com\\\/?p=97798#breadcrumb\"},\"inLanguage\":\"tr\",\"potentialAction\":[{\"@type\":\"ReadAction\",\"target\":[\"https:\\\/\\\/kibrisdakik.com\\\/?p=97798\"]}]},{\"@type\":\"ImageObject\",\"inLanguage\":\"tr\",\"@id\":\"https:\\\/\\\/kibrisdakik.com\\\/?p=97798#primaryimage\",\"url\":\"https:\\\/\\\/kibrisdakik.com\\\/wp-content\\\/uploads\\\/2025\\\/10\\\/mha-sari-beyaz-442.png\",\"contentUrl\":\"https:\\\/\\\/kibrisdakik.com\\\/wp-content\\\/uploads\\\/2025\\\/10\\\/mha-sari-beyaz-442.png\",\"width\":1280,\"height\":720},{\"@type\":\"BreadcrumbList\",\"@id\":\"https:\\\/\\\/kibrisdakik.com\\\/?p=97798#breadcrumb\",\"itemListElement\":[{\"@type\":\"ListItem\",\"position\":1,\"name\":\"Home\",\"item\":\"https:\\\/\\\/kibrisdakik.com\\\/\"},{\"@type\":\"ListItem\",\"position\":2,\"name\":\"SPR\u0130NTER RAM\u0130L GUL\u0130YEV, G\u0130RNE MARATONU\u2019NA KATILIYOR\"}]},{\"@type\":\"WebSite\",\"@id\":\"https:\\\/\\\/kibrisdakik.com\\\/#website\",\"url\":\"https:\\\/\\\/kibrisdakik.com\\\/\",\"name\":\"\",\"description\":\"Tam vaktinde haber\",\"potentialAction\":[{\"@type\":\"SearchAction\",\"target\":{\"@type\":\"EntryPoint\",\"urlTemplate\":\"https:\\\/\\\/kibrisdakik.com\\\/?s={search_term_string}\"},\"query-input\":{\"@type\":\"PropertyValueSpecification\",\"valueRequired\":true,\"valueName\":\"search_term_string\"}}],\"inLanguage\":\"tr\"},{\"@type\":\"Person\",\"@id\":\"https:\\\/\\\/kibrisdakik.com\\\/#\\\/schema\\\/person\\\/9cd9d437bbb44f72b73ba127e06d8e79\",\"name\":\"admin\",\"image\":{\"@type\":\"ImageObject\",\"inLanguage\":\"tr\",\"@id\":\"https:\\\/\\\/secure.gravatar.com\\\/avatar\\\/ccc17943b9d660506c869530f897617f7cb1c21a4bf30023f252596d83e1f007?s=96&d=mm&r=g\",\"url\":\"https:\\\/\\\/secure.gravatar.com\\\/avatar\\\/ccc17943b9d660506c869530f897617f7cb1c21a4bf30023f252596d83e1f007?s=96&d=mm&r=g\",\"contentUrl\":\"https:\\\/\\\/secure.gravatar.com\\\/avatar\\\/ccc17943b9d660506c869530f897617f7cb1c21a4bf30023f252596d83e1f007?s=96&d=mm&r=g\",\"caption\":\"admin\"},\"sameAs\":[\"https:\\\/\\\/kibrisdakik.com\"],\"url\":\"https:\\\/\\\/kibrisdakik.com\\\/?author=1\"}]}<\/script>\n<!-- \/ Yoast SEO plugin. -->","yoast_head_json":{"title":"SPR\u0130NTER RAM\u0130L GUL\u0130YEV, G\u0130RNE MARATONU\u2019NA KATILIYOR -","robots":{"index":"index","follow":"follow","max-snippet":"max-snippet:-1","max-image-preview":"max-image-preview:large","max-video-preview":"max-video-preview:-1"},"canonical":"https:\/\/kibrisdakik.com\/?p=97798","og_locale":"tr_TR","og_type":"article","og_title":"SPR\u0130NTER RAM\u0130L GUL\u0130YEV, G\u0130RNE MARATONU\u2019NA KATILIYOR -","og_description":"Girne Belediyesi ve KKTC Atletizm Federasyonu i\u015f birli\u011fiyle d\u00fczenlenen \u201cPasha Group Girne Yar\u0131 Maratonu 2025\u201d kapsam\u0131nda, d\u00fcnya \u015fampiyonu sprinter Ramil Guliyev, imza etkinli\u011fi d\u00fczenleyecek. Girne Belediyesinden verilen bilgiye g\u00f6re, Pasha Group ana sponsorlu\u011fundaki maraton kapsam\u0131nda 2 Kas\u0131m Pazar g\u00fcn\u00fc d\u00fczenlenecek etkinlik g\u00fcn\u00fc 10.00 \u2013 10.45 saatleri aras\u0131nda ana sahnede yer alacak. Londra\u2019da 2017 D\u00fcnya \u015eampiyonas\u0131\u2019nda","og_url":"https:\/\/kibrisdakik.com\/?p=97798","article_published_time":"2025-10-31T15:35:05+00:00","og_image":[{"width":1280,"height":720,"url":"https:\/\/kibrisdakik.com\/wp-content\/uploads\/2025\/10\/mha-sari-beyaz-442.png","type":"image\/png"}],"author":"admin","twitter_card":"summary_large_image","twitter_misc":{"Yazan:":"admin","Tahmini okuma s\u00fcresi":"1 dakika"},"schema":{"@context":"https:\/\/schema.org","@graph":[{"@type":"Article","@id":"https:\/\/kibrisdakik.com\/?p=97798#article","isPartOf":{"@id":"https:\/\/kibrisdakik.com\/?p=97798"},"author":{"name":"admin","@id":"https:\/\/kibrisdakik.com\/#\/schema\/person\/9cd9d437bbb44f72b73ba127e06d8e79"},"headline":"SPR\u0130NTER RAM\u0130L GUL\u0130YEV, G\u0130RNE MARATONU\u2019NA KATILIYOR","datePublished":"2025-10-31T15:35:05+00:00","mainEntityOfPage":{"@id":"https:\/\/kibrisdakik.com\/?p=97798"},"wordCount":233,"commentCount":0,"image":{"@id":"https:\/\/kibrisdakik.com\/?p=97798#primaryimage"},"thumbnailUrl":"https:\/\/kibrisdakik.com\/wp-content\/uploads\/2025\/10\/mha-sari-beyaz-442.png","articleSection":["K\u0131br\u0131s"],"inLanguage":"tr","potentialAction":[{"@type":"CommentAction","name":"Comment","target":["https:\/\/kibrisdakik.com\/?p=97798#respond"]}]},{"@type":"WebPage","@id":"https:\/\/kibrisdakik.com\/?p=97798","url":"https:\/\/kibrisdakik.com\/?p=97798","name":"SPR\u0130NTER RAM\u0130L GUL\u0130YEV, G\u0130RNE MARATONU\u2019NA KATILIYOR -","isPartOf":{"@id":"https:\/\/kibrisdakik.com\/#website"},"primaryImageOfPage":{"@id":"https:\/\/kibrisdakik.com\/?p=97798#primaryimage"},"image":{"@id":"https:\/\/kibrisdakik.com\/?p=97798#primaryimage"},"thumbnailUrl":"https:\/\/kibrisdakik.com\/wp-content\/uploads\/2025\/10\/mha-sari-beyaz-442.png","datePublished":"2025-10-31T15:35:05+00:00","author":{"@id":"https:\/\/kibrisdakik.com\/#\/schema\/person\/9cd9d437bbb44f72b73ba127e06d8e79"},"breadcrumb":{"@id":"https:\/\/kibrisdakik.com\/?p=97798#breadcrumb"},"inLanguage":"tr","potentialAction":[{"@type":"ReadAction","target":["https:\/\/kibrisdakik.com\/?p=97798"]}]},{"@type":"ImageObject","inLanguage":"tr","@id":"https:\/\/kibrisdakik.com\/?p=97798#primaryimage","url":"https:\/\/kibrisdakik.com\/wp-content\/uploads\/2025\/10\/mha-sari-beyaz-442.png","contentUrl":"https:\/\/kibrisdakik.com\/wp-content\/uploads\/2025\/10\/mha-sari-beyaz-442.png","width":1280,"height":720},{"@type":"BreadcrumbList","@id":"https:\/\/kibrisdakik.com\/?p=97798#breadcrumb","itemListElement":[{"@type":"ListItem","position":1,"name":"Home","item":"https:\/\/kibrisdakik.com\/"},{"@type":"ListItem","position":2,"name":"SPR\u0130NTER RAM\u0130L GUL\u0130YEV, G\u0130RNE MARATONU\u2019NA KATILIYOR"}]},{"@type":"WebSite","@id":"https:\/\/kibrisdakik.com\/#website","url":"https:\/\/kibrisdakik.com\/","name":"","description":"Tam vaktinde haber","potentialAction":[{"@type":"SearchAction","target":{"@type":"EntryPoint","urlTemplate":"https:\/\/kibrisdakik.com\/?s={search_term_string}"},"query-input":{"@type":"PropertyValueSpecification","valueRequired":true,"valueName":"search_term_string"}}],"inLanguage":"tr"},{"@type":"Person","@id":"https:\/\/kibrisdakik.com\/#\/schema\/person\/9cd9d437bbb44f72b73ba127e06d8e79","name":"admin","image":{"@type":"ImageObject","inLanguage":"tr","@id":"https:\/\/secure.gravatar.com\/avatar\/ccc17943b9d660506c869530f897617f7cb1c21a4bf30023f252596d83e1f007?s=96&d=mm&r=g","url":"https:\/\/secure.gravatar.com\/avatar\/ccc17943b9d660506c869530f897617f7cb1c21a4bf30023f252596d83e1f007?s=96&d=mm&r=g","contentUrl":"https:\/\/secure.gravatar.com\/avatar\/ccc17943b9d660506c869530f897617f7cb1c21a4bf30023f252596d83e1f007?s=96&d=mm&r=g","caption":"admin"},"sameAs":["https:\/\/kibrisdakik.com"],"url":"https:\/\/kibrisdakik.com\/?author=1"}]}},"_links":{"self":[{"href":"https:\/\/kibrisdakik.com\/index.php?rest_route=\/wp\/v2\/posts\/97798","targetHints":{"allow":["GET"]}}],"collection":[{"href":"https:\/\/kibrisdakik.com\/index.php?rest_route=\/wp\/v2\/posts"}],"about":[{"href":"https:\/\/kibrisdakik.com\/index.php?rest_route=\/wp\/v2\/types\/post"}],"author":[{"embeddable":true,"href":"https:\/\/kibrisdakik.com\/index.php?rest_route=\/wp\/v2\/users\/1"}],"replies":[{"embeddable":true,"href":"https:\/\/kibrisdakik.com\/index.php?rest_route=%2Fwp%2Fv2%2Fcomments&post=97798"}],"version-history":[{"count":0,"href":"https:\/\/kibrisdakik.com\/index.php?rest_route=\/wp\/v2\/posts\/97798\/revisions"}],"wp:featuredmedia":[{"embeddable":true,"href":"https:\/\/kibrisdakik.com\/index.php?rest_route=\/wp\/v2\/media\/97799"}],"wp:attachment":[{"href":"https:\/\/kibrisdakik.com\/index.php?rest_route=%2Fwp%2Fv2%2Fmedia&parent=97798"}],"wp:term":[{"taxonomy":"category","embeddable":true,"href":"https:\/\/kibrisdakik.com\/index.php?rest_route=%2Fwp%2Fv2%2Fcategories&post=97798"},{"taxonomy":"post_tag","embeddable":true,"href":"https:\/\/kibrisdakik.com\/index.php?rest_route=%2Fwp%2Fv2%2Ftags&post=97798"}],"curies":[{"name":"wp","href":"https:\/\/api.w.org\/{rel}","templated":true}]}}