{"id":9785,"date":"2023-07-04T07:35:12","date_gmt":"2023-07-04T07:35:12","guid":{"rendered":"https:\/\/kibrisdakik.com\/index.php\/2023\/07\/04\/giad-tek-kullanimlik-plastik-urunler-konusunda-ab-normlarini-hedefleyen-fakat-ic-dinamikleri-goz-ardi-etmeyen-bir-duzenleme-cagrisi-yapti\/"},"modified":"2023-07-04T07:35:12","modified_gmt":"2023-07-04T07:35:12","slug":"giad-tek-kullanimlik-plastik-urunler-konusunda-ab-normlarini-hedefleyen-fakat-ic-dinamikleri-goz-ardi-etmeyen-bir-duzenleme-cagrisi-yapti","status":"publish","type":"post","link":"https:\/\/kibrisdakik.com\/?p=9785","title":{"rendered":"G\u0130AD, tek kullan\u0131ml\u0131k plastik \u00fcr\u00fcnler konusunda AB normlar\u0131n\u0131 hedefleyen fakat i\u00e7 dinamikleri g\u00f6z ard\u0131 etmeyen bir d\u00fczenleme \u00e7a\u011fr\u0131s\u0131 yapt\u0131"},"content":{"rendered":"<p><\/p>\n<div>\n<div class=\"mariselle-image-container none\">\n                <img width=\"929\" height=\"521\" class=\"lazy-image\" alt=\"\" decoding=\"async\" loading=\"lazy\" sizes=\"auto, (max-width: 929px) 100vw, 929px\" src=\"https:\/\/brtk.net\/wp-content\/uploads\/2023\/07\/04\/giad3.jpg?ver=40ab6b959eb434223ba9bfcf70b395b6\" srcset=\"https:\/\/brtk.net\/wp-content\/uploads\/2023\/07\/04\/giad3.jpg?ver=40ab6b959eb434223ba9bfcf70b395b6 929w, https:\/\/brtk.net\/wp-content\/uploads\/2023\/07\/04\/giad3-300x168.jpg?ver=e814ba872e9477946deadecda25a5d69 300w, https:\/\/brtk.net\/wp-content\/uploads\/2023\/07\/04\/giad3-768x431.jpg?ver=e814ba872e9477946deadecda25a5d69 768w\"\/>                            <\/div>\n<p>Gen\u00e7 \u0130\u015f Adamlar\u0131 Derne\u011fi (G\u0130AD), \u201cTek Kullan\u0131ml\u0131k Plastik \u00dcr\u00fcnlerin \u00c7evre \u00dczerindeki Etkisinin Azalt\u0131lmas\u0131na \u0130li\u015fkin T\u00fcz\u00fck\u201d ile ilgili yap\u0131lan \u00e7al\u0131\u015fmalar\u0131n\u0131n, d\u00fcnyada \u00f6ng\u00f6r\u00fclen gelece\u011fin ekonomi, ticaret ve sanayi bak\u0131\u015f a\u00e7\u0131s\u0131 ile \u00f6rt\u00fc\u015ft\u00fc\u011f\u00fcn\u00fc ve \u00fclkede b\u00f6yle bir ad\u0131m at\u0131lmas\u0131n\u0131 olumlu buldu\u011funu, fakat bundan \u00f6nce at\u0131lmas\u0131 gereken ad\u0131mlar bulundu\u011funu bildirdi.<\/p>\n<p>G\u0130AD\u2019dan yap\u0131lan yaz\u0131l\u0131 a\u00e7\u0131klamada, \u00fclkeye halihaz\u0131rda girmi\u015f plastik ambalaj\u0131n kullan\u0131lmas\u0131n\u0131n yasaklanmas\u0131n\u0131n \u00e7evreye bir katk\u0131s\u0131 olmayaca\u011f\u0131, milli servet harcanarak toptanc\u0131lar\u0131n deposuna girmi\u015f \u00fcr\u00fcnlerin kullan\u0131m\u0131n\u0131 \u00e7ok k\u0131sa bir haber verme s\u00fcresiyle yasaklaman\u0131n \u00e7evreye kayda de\u011fer bir faydas\u0131 olmad\u0131\u011f\u0131 gibi \u00fclke ekonomisine de ciddi zararlar\u0131 olaca\u011f\u0131 kaydedildi.<\/p>\n<p>G\u0130AD, ayr\u0131ca, G\u00fcney K\u0131br\u0131s ile ayni \u00e7evrenin payla\u015f\u0131ld\u0131\u011f\u0131 Adada g\u00fcneyde yasaklanmayan \u00fcr\u00fcnlerin kuzeyde yasaklanmas\u0131n\u0131n bir anlam\u0131 olmayaca\u011f\u0131n\u0131, tek kullan\u0131ml\u0131k plastik ambalaj \u00fcr\u00fcnlerini kullanan i\u015fletmelerin haz\u0131rlanmak i\u00e7in acele etmelerinin uygun fiyatl\u0131 \u00fcr\u00fcn ara\u015ft\u0131rmas\u0131n\u0131 engelleyece\u011fini, yerli alternatiflerin fiyatlar\u0131n\u0131n artmas\u0131na sebep olaca\u011f\u0131n\u0131 ve enflasyonu art\u0131rarak al\u0131m g\u00fcc\u00fcn\u00fcn d\u00fc\u015fmesine sebep olaca\u011f\u0131n\u0131 belirtti.<\/p>\n<p>G\u0130AD konuyla ilgili alternatif \u00f6nerilerini \u015fu \u015fekilde s\u0131ralad\u0131:<\/p>\n<p>\u201c\u0130lgili t\u00fcz\u00fc\u011f\u00fcn geri \u00e7ekilerek hem \u00e7evre \u00f6rg\u00fctleri hem toptanc\u0131lar hem de kullan\u0131c\u0131lar\u0131n kat\u0131l\u0131m\u0131 ile, do\u011fru veriler \u0131\u015f\u0131\u011f\u0131nda ve asgari ortak d\u00fczeyde anla\u015ft\u0131klar\u0131, Avrupa Birli\u011fi normlar\u0131n\u0131 hedefleyen fakat i\u00e7 dinamiklerimizi de g\u00f6z ard\u0131 etmeyen bir d\u00fczenlemeye gidilmesidir.<\/p>\n<p>Halk\u0131n bu konularda bilin\u00e7lendirilmesi ve ki\u015fisel ambalaj ve plastik kullan\u0131m\u0131n\u0131n azalt\u0131lmas\u0131d\u0131r.<\/p>\n<p>\u00c7evre konusu, yaln\u0131zca ambalaj at\u0131klar\u0131yla s\u0131n\u0131rl\u0131 kalmamal\u0131d\u0131r. Avrupa Birli\u011fi d\u00fczenlemeleri, Paris \u0130klim Antla\u015fmas\u0131, Kyoto Protokol\u00fc ve Kuzey K\u0131br\u0131s ger\u00e7ekleri dikkate al\u0131narak b\u00fct\u00fcnl\u00fckl\u00fc bir ad\u0131m at\u0131lmas\u0131 gerekmektedir.<\/p>\n<p>Halk\u0131n \u00e7\u00f6p ayr\u0131\u015ft\u0131rmas\u0131 konusunda bilin\u00e7lendirilmesi ve geri d\u00f6n\u00fc\u015f\u00fcm\u00fc i\u00e7in \u00fclke kapasitesi yetersizse en yak\u0131n\u0131m\u0131zda bulunan G\u00fcney K\u0131br\u0131s ve\/ya T\u00fcrkiye ile anla\u015fmalar sa\u011flanmas\u0131d\u0131r.<\/p>\n<p>Yasaklamalar\u0131n hemen y\u00fcr\u00fcrl\u00fc\u011fe girmesi yerine, bir ge\u00e7i\u015f s\u00fcreci \u00f6ng\u00f6r\u00fclmelidir. Bu s\u00fcre\u00e7te toptanc\u0131lar ve i\u015fletmeler, stoklar\u0131n\u0131 t\u00fcketme ve alternatif \u00e7\u00f6z\u00fcmler i\u00e7in haz\u0131rl\u0131k yapma f\u0131rsat\u0131 bulabilirler.<\/p>\n<p>Yerli \u00fcreticilere destek sa\u011flanarak, \u00e7evre dostu ve s\u00fcrd\u00fcr\u00fclebilir alternatiflerin geli\u015ftirilmesi te\u015fvik edilebilir. Bu, yerli ekonomiyi g\u00fc\u00e7lendirecek ve d\u0131\u015fa ba\u011f\u0131ml\u0131l\u0131\u011f\u0131 azaltacakt\u0131r.\u201d<\/p>\n<\/p><\/div>\n<p><script async\n                    defer\n                    crossorigin=\"anonymous\"\n                    src=\"https:\/\/connect.facebook.net\/tr_TR\/sdk.js#xfbml=1&#038;version=v3.3\"\n            ><\/script><\/p>\n","protected":false},"excerpt":{"rendered":"<p>Gen\u00e7 \u0130\u015f Adamlar\u0131 Derne\u011fi (G\u0130AD), \u201cTek Kullan\u0131ml\u0131k Plastik \u00dcr\u00fcnlerin \u00c7evre \u00dczerindeki Etkisinin Azalt\u0131lmas\u0131na \u0130li\u015fkin T\u00fcz\u00fck\u201d ile ilgili yap\u0131lan \u00e7al\u0131\u015fmalar\u0131n\u0131n, d\u00fcnyada \u00f6ng\u00f6r\u00fclen gelece\u011fin ekonomi, ticaret ve sanayi bak\u0131\u015f a\u00e7\u0131s\u0131 ile \u00f6rt\u00fc\u015ft\u00fc\u011f\u00fcn\u00fc ve \u00fclkede b\u00f6yle bir ad\u0131m at\u0131lmas\u0131n\u0131 olumlu buldu\u011funu, fakat bundan \u00f6nce at\u0131lmas\u0131 gereken ad\u0131mlar bulundu\u011funu bildirdi. G\u0130AD\u2019dan yap\u0131lan yaz\u0131l\u0131 a\u00e7\u0131klamada, \u00fclkeye halihaz\u0131rda girmi\u015f plastik ambalaj\u0131n<\/p>\n","protected":false},"author":1,"featured_media":9786,"comment_status":"open","ping_status":"open","sticky":false,"template":"","format":"standard","meta":{"footnotes":""},"categories":[1],"tags":[],"class_list":["post-9785","post","type-post","status-publish","format-standard","has-post-thumbnail","hentry","category-gundem"],"yoast_head":"<!-- This site is optimized with the Yoast SEO plugin v27.4 - https:\/\/yoast.com\/product\/yoast-seo-wordpress\/ -->\n<title>G\u0130AD, tek kullan\u0131ml\u0131k plastik \u00fcr\u00fcnler konusunda AB normlar\u0131n\u0131 hedefleyen fakat i\u00e7 dinamikleri g\u00f6z ard\u0131 etmeyen bir d\u00fczenleme \u00e7a\u011fr\u0131s\u0131 yapt\u0131 -<\/title>\n<meta name=\"robots\" content=\"index, follow, max-snippet:-1, max-image-preview:large, max-video-preview:-1\" \/>\n<link rel=\"canonical\" href=\"https:\/\/kibrisdakik.com\/?p=9785\" \/>\n<meta property=\"og:locale\" content=\"tr_TR\" \/>\n<meta property=\"og:type\" content=\"article\" \/>\n<meta property=\"og:title\" content=\"G\u0130AD, tek kullan\u0131ml\u0131k plastik \u00fcr\u00fcnler konusunda AB normlar\u0131n\u0131 hedefleyen fakat i\u00e7 dinamikleri g\u00f6z ard\u0131 etmeyen bir d\u00fczenleme \u00e7a\u011fr\u0131s\u0131 yapt\u0131 -\" \/>\n<meta property=\"og:description\" content=\"Gen\u00e7 \u0130\u015f Adamlar\u0131 Derne\u011fi (G\u0130AD), \u201cTek Kullan\u0131ml\u0131k Plastik \u00dcr\u00fcnlerin \u00c7evre \u00dczerindeki Etkisinin Azalt\u0131lmas\u0131na \u0130li\u015fkin T\u00fcz\u00fck\u201d ile ilgili yap\u0131lan \u00e7al\u0131\u015fmalar\u0131n\u0131n, d\u00fcnyada \u00f6ng\u00f6r\u00fclen gelece\u011fin ekonomi, ticaret ve sanayi bak\u0131\u015f a\u00e7\u0131s\u0131 ile \u00f6rt\u00fc\u015ft\u00fc\u011f\u00fcn\u00fc ve \u00fclkede b\u00f6yle bir ad\u0131m at\u0131lmas\u0131n\u0131 olumlu buldu\u011funu, fakat bundan \u00f6nce at\u0131lmas\u0131 gereken ad\u0131mlar bulundu\u011funu bildirdi. G\u0130AD\u2019dan yap\u0131lan yaz\u0131l\u0131 a\u00e7\u0131klamada, \u00fclkeye halihaz\u0131rda girmi\u015f plastik ambalaj\u0131n\" \/>\n<meta property=\"og:url\" content=\"https:\/\/kibrisdakik.com\/?p=9785\" \/>\n<meta property=\"article:published_time\" content=\"2023-07-04T07:35:12+00:00\" \/>\n<meta property=\"og:image\" content=\"https:\/\/kibrisdakik.com\/wp-content\/uploads\/2023\/07\/giad3-740x420.jpg\" \/>\n\t<meta property=\"og:image:width\" content=\"929\" \/>\n\t<meta property=\"og:image:height\" content=\"521\" \/>\n\t<meta property=\"og:image:type\" content=\"image\/jpeg\" \/>\n<meta name=\"author\" content=\"admin\" \/>\n<meta name=\"twitter:card\" content=\"summary_large_image\" \/>\n<meta name=\"twitter:label1\" content=\"Yazan:\" \/>\n\t<meta name=\"twitter:data1\" content=\"admin\" \/>\n\t<meta name=\"twitter:label2\" content=\"Tahmini okuma s\u00fcresi\" \/>\n\t<meta name=\"twitter:data2\" content=\"2 dakika\" \/>\n<script type=\"application\/ld+json\" class=\"yoast-schema-graph\">{\"@context\":\"https:\\\/\\\/schema.org\",\"@graph\":[{\"@type\":\"Article\",\"@id\":\"https:\\\/\\\/kibrisdakik.com\\\/?p=9785#article\",\"isPartOf\":{\"@id\":\"https:\\\/\\\/kibrisdakik.com\\\/?p=9785\"},\"author\":{\"name\":\"admin\",\"@id\":\"https:\\\/\\\/kibrisdakik.com\\\/#\\\/schema\\\/person\\\/9cd9d437bbb44f72b73ba127e06d8e79\"},\"headline\":\"G\u0130AD, tek kullan\u0131ml\u0131k plastik \u00fcr\u00fcnler konusunda AB normlar\u0131n\u0131 hedefleyen fakat i\u00e7 dinamikleri g\u00f6z ard\u0131 etmeyen bir d\u00fczenleme \u00e7a\u011fr\u0131s\u0131 yapt\u0131\",\"datePublished\":\"2023-07-04T07:35:12+00:00\",\"mainEntityOfPage\":{\"@id\":\"https:\\\/\\\/kibrisdakik.com\\\/?p=9785\"},\"wordCount\":492,\"commentCount\":0,\"image\":{\"@id\":\"https:\\\/\\\/kibrisdakik.com\\\/?p=9785#primaryimage\"},\"thumbnailUrl\":\"https:\\\/\\\/kibrisdakik.com\\\/wp-content\\\/uploads\\\/2023\\\/07\\\/giad3-740x420.jpg\",\"articleSection\":[\"G\u00fcndem\"],\"inLanguage\":\"tr\",\"potentialAction\":[{\"@type\":\"CommentAction\",\"name\":\"Comment\",\"target\":[\"https:\\\/\\\/kibrisdakik.com\\\/?p=9785#respond\"]}]},{\"@type\":\"WebPage\",\"@id\":\"https:\\\/\\\/kibrisdakik.com\\\/?p=9785\",\"url\":\"https:\\\/\\\/kibrisdakik.com\\\/?p=9785\",\"name\":\"G\u0130AD, tek kullan\u0131ml\u0131k plastik \u00fcr\u00fcnler konusunda AB normlar\u0131n\u0131 hedefleyen fakat i\u00e7 dinamikleri g\u00f6z ard\u0131 etmeyen bir d\u00fczenleme \u00e7a\u011fr\u0131s\u0131 yapt\u0131 -\",\"isPartOf\":{\"@id\":\"https:\\\/\\\/kibrisdakik.com\\\/#website\"},\"primaryImageOfPage\":{\"@id\":\"https:\\\/\\\/kibrisdakik.com\\\/?p=9785#primaryimage\"},\"image\":{\"@id\":\"https:\\\/\\\/kibrisdakik.com\\\/?p=9785#primaryimage\"},\"thumbnailUrl\":\"https:\\\/\\\/kibrisdakik.com\\\/wp-content\\\/uploads\\\/2023\\\/07\\\/giad3-740x420.jpg\",\"datePublished\":\"2023-07-04T07:35:12+00:00\",\"author\":{\"@id\":\"https:\\\/\\\/kibrisdakik.com\\\/#\\\/schema\\\/person\\\/9cd9d437bbb44f72b73ba127e06d8e79\"},\"breadcrumb\":{\"@id\":\"https:\\\/\\\/kibrisdakik.com\\\/?p=9785#breadcrumb\"},\"inLanguage\":\"tr\",\"potentialAction\":[{\"@type\":\"ReadAction\",\"target\":[\"https:\\\/\\\/kibrisdakik.com\\\/?p=9785\"]}]},{\"@type\":\"ImageObject\",\"inLanguage\":\"tr\",\"@id\":\"https:\\\/\\\/kibrisdakik.com\\\/?p=9785#primaryimage\",\"url\":\"https:\\\/\\\/kibrisdakik.com\\\/wp-content\\\/uploads\\\/2023\\\/07\\\/giad3-740x420.jpg\",\"contentUrl\":\"https:\\\/\\\/kibrisdakik.com\\\/wp-content\\\/uploads\\\/2023\\\/07\\\/giad3-740x420.jpg\",\"width\":929,\"height\":521},{\"@type\":\"BreadcrumbList\",\"@id\":\"https:\\\/\\\/kibrisdakik.com\\\/?p=9785#breadcrumb\",\"itemListElement\":[{\"@type\":\"ListItem\",\"position\":1,\"name\":\"Home\",\"item\":\"https:\\\/\\\/kibrisdakik.com\\\/\"},{\"@type\":\"ListItem\",\"position\":2,\"name\":\"G\u0130AD, tek kullan\u0131ml\u0131k plastik \u00fcr\u00fcnler konusunda AB normlar\u0131n\u0131 hedefleyen fakat i\u00e7 dinamikleri g\u00f6z ard\u0131 etmeyen bir d\u00fczenleme \u00e7a\u011fr\u0131s\u0131 yapt\u0131\"}]},{\"@type\":\"WebSite\",\"@id\":\"https:\\\/\\\/kibrisdakik.com\\\/#website\",\"url\":\"https:\\\/\\\/kibrisdakik.com\\\/\",\"name\":\"\",\"description\":\"Tam vaktinde haber\",\"potentialAction\":[{\"@type\":\"SearchAction\",\"target\":{\"@type\":\"EntryPoint\",\"urlTemplate\":\"https:\\\/\\\/kibrisdakik.com\\\/?s={search_term_string}\"},\"query-input\":{\"@type\":\"PropertyValueSpecification\",\"valueRequired\":true,\"valueName\":\"search_term_string\"}}],\"inLanguage\":\"tr\"},{\"@type\":\"Person\",\"@id\":\"https:\\\/\\\/kibrisdakik.com\\\/#\\\/schema\\\/person\\\/9cd9d437bbb44f72b73ba127e06d8e79\",\"name\":\"admin\",\"image\":{\"@type\":\"ImageObject\",\"inLanguage\":\"tr\",\"@id\":\"https:\\\/\\\/secure.gravatar.com\\\/avatar\\\/ccc17943b9d660506c869530f897617f7cb1c21a4bf30023f252596d83e1f007?s=96&d=mm&r=g\",\"url\":\"https:\\\/\\\/secure.gravatar.com\\\/avatar\\\/ccc17943b9d660506c869530f897617f7cb1c21a4bf30023f252596d83e1f007?s=96&d=mm&r=g\",\"contentUrl\":\"https:\\\/\\\/secure.gravatar.com\\\/avatar\\\/ccc17943b9d660506c869530f897617f7cb1c21a4bf30023f252596d83e1f007?s=96&d=mm&r=g\",\"caption\":\"admin\"},\"sameAs\":[\"https:\\\/\\\/kibrisdakik.com\"],\"url\":\"https:\\\/\\\/kibrisdakik.com\\\/?author=1\"}]}<\/script>\n<!-- \/ Yoast SEO plugin. -->","yoast_head_json":{"title":"G\u0130AD, tek kullan\u0131ml\u0131k plastik \u00fcr\u00fcnler konusunda AB normlar\u0131n\u0131 hedefleyen fakat i\u00e7 dinamikleri g\u00f6z ard\u0131 etmeyen bir d\u00fczenleme \u00e7a\u011fr\u0131s\u0131 yapt\u0131 -","robots":{"index":"index","follow":"follow","max-snippet":"max-snippet:-1","max-image-preview":"max-image-preview:large","max-video-preview":"max-video-preview:-1"},"canonical":"https:\/\/kibrisdakik.com\/?p=9785","og_locale":"tr_TR","og_type":"article","og_title":"G\u0130AD, tek kullan\u0131ml\u0131k plastik \u00fcr\u00fcnler konusunda AB normlar\u0131n\u0131 hedefleyen fakat i\u00e7 dinamikleri g\u00f6z ard\u0131 etmeyen bir d\u00fczenleme \u00e7a\u011fr\u0131s\u0131 yapt\u0131 -","og_description":"Gen\u00e7 \u0130\u015f Adamlar\u0131 Derne\u011fi (G\u0130AD), \u201cTek Kullan\u0131ml\u0131k Plastik \u00dcr\u00fcnlerin \u00c7evre \u00dczerindeki Etkisinin Azalt\u0131lmas\u0131na \u0130li\u015fkin T\u00fcz\u00fck\u201d ile ilgili yap\u0131lan \u00e7al\u0131\u015fmalar\u0131n\u0131n, d\u00fcnyada \u00f6ng\u00f6r\u00fclen gelece\u011fin ekonomi, ticaret ve sanayi bak\u0131\u015f a\u00e7\u0131s\u0131 ile \u00f6rt\u00fc\u015ft\u00fc\u011f\u00fcn\u00fc ve \u00fclkede b\u00f6yle bir ad\u0131m at\u0131lmas\u0131n\u0131 olumlu buldu\u011funu, fakat bundan \u00f6nce at\u0131lmas\u0131 gereken ad\u0131mlar bulundu\u011funu bildirdi. G\u0130AD\u2019dan yap\u0131lan yaz\u0131l\u0131 a\u00e7\u0131klamada, \u00fclkeye halihaz\u0131rda girmi\u015f plastik ambalaj\u0131n","og_url":"https:\/\/kibrisdakik.com\/?p=9785","article_published_time":"2023-07-04T07:35:12+00:00","og_image":[{"width":929,"height":521,"url":"https:\/\/kibrisdakik.com\/wp-content\/uploads\/2023\/07\/giad3-740x420.jpg","type":"image\/jpeg"}],"author":"admin","twitter_card":"summary_large_image","twitter_misc":{"Yazan:":"admin","Tahmini okuma s\u00fcresi":"2 dakika"},"schema":{"@context":"https:\/\/schema.org","@graph":[{"@type":"Article","@id":"https:\/\/kibrisdakik.com\/?p=9785#article","isPartOf":{"@id":"https:\/\/kibrisdakik.com\/?p=9785"},"author":{"name":"admin","@id":"https:\/\/kibrisdakik.com\/#\/schema\/person\/9cd9d437bbb44f72b73ba127e06d8e79"},"headline":"G\u0130AD, tek kullan\u0131ml\u0131k plastik \u00fcr\u00fcnler konusunda AB normlar\u0131n\u0131 hedefleyen fakat i\u00e7 dinamikleri g\u00f6z ard\u0131 etmeyen bir d\u00fczenleme \u00e7a\u011fr\u0131s\u0131 yapt\u0131","datePublished":"2023-07-04T07:35:12+00:00","mainEntityOfPage":{"@id":"https:\/\/kibrisdakik.com\/?p=9785"},"wordCount":492,"commentCount":0,"image":{"@id":"https:\/\/kibrisdakik.com\/?p=9785#primaryimage"},"thumbnailUrl":"https:\/\/kibrisdakik.com\/wp-content\/uploads\/2023\/07\/giad3-740x420.jpg","articleSection":["G\u00fcndem"],"inLanguage":"tr","potentialAction":[{"@type":"CommentAction","name":"Comment","target":["https:\/\/kibrisdakik.com\/?p=9785#respond"]}]},{"@type":"WebPage","@id":"https:\/\/kibrisdakik.com\/?p=9785","url":"https:\/\/kibrisdakik.com\/?p=9785","name":"G\u0130AD, tek kullan\u0131ml\u0131k plastik \u00fcr\u00fcnler konusunda AB normlar\u0131n\u0131 hedefleyen fakat i\u00e7 dinamikleri g\u00f6z ard\u0131 etmeyen bir d\u00fczenleme \u00e7a\u011fr\u0131s\u0131 yapt\u0131 -","isPartOf":{"@id":"https:\/\/kibrisdakik.com\/#website"},"primaryImageOfPage":{"@id":"https:\/\/kibrisdakik.com\/?p=9785#primaryimage"},"image":{"@id":"https:\/\/kibrisdakik.com\/?p=9785#primaryimage"},"thumbnailUrl":"https:\/\/kibrisdakik.com\/wp-content\/uploads\/2023\/07\/giad3-740x420.jpg","datePublished":"2023-07-04T07:35:12+00:00","author":{"@id":"https:\/\/kibrisdakik.com\/#\/schema\/person\/9cd9d437bbb44f72b73ba127e06d8e79"},"breadcrumb":{"@id":"https:\/\/kibrisdakik.com\/?p=9785#breadcrumb"},"inLanguage":"tr","potentialAction":[{"@type":"ReadAction","target":["https:\/\/kibrisdakik.com\/?p=9785"]}]},{"@type":"ImageObject","inLanguage":"tr","@id":"https:\/\/kibrisdakik.com\/?p=9785#primaryimage","url":"https:\/\/kibrisdakik.com\/wp-content\/uploads\/2023\/07\/giad3-740x420.jpg","contentUrl":"https:\/\/kibrisdakik.com\/wp-content\/uploads\/2023\/07\/giad3-740x420.jpg","width":929,"height":521},{"@type":"BreadcrumbList","@id":"https:\/\/kibrisdakik.com\/?p=9785#breadcrumb","itemListElement":[{"@type":"ListItem","position":1,"name":"Home","item":"https:\/\/kibrisdakik.com\/"},{"@type":"ListItem","position":2,"name":"G\u0130AD, tek kullan\u0131ml\u0131k plastik \u00fcr\u00fcnler konusunda AB normlar\u0131n\u0131 hedefleyen fakat i\u00e7 dinamikleri g\u00f6z ard\u0131 etmeyen bir d\u00fczenleme \u00e7a\u011fr\u0131s\u0131 yapt\u0131"}]},{"@type":"WebSite","@id":"https:\/\/kibrisdakik.com\/#website","url":"https:\/\/kibrisdakik.com\/","name":"","description":"Tam vaktinde haber","potentialAction":[{"@type":"SearchAction","target":{"@type":"EntryPoint","urlTemplate":"https:\/\/kibrisdakik.com\/?s={search_term_string}"},"query-input":{"@type":"PropertyValueSpecification","valueRequired":true,"valueName":"search_term_string"}}],"inLanguage":"tr"},{"@type":"Person","@id":"https:\/\/kibrisdakik.com\/#\/schema\/person\/9cd9d437bbb44f72b73ba127e06d8e79","name":"admin","image":{"@type":"ImageObject","inLanguage":"tr","@id":"https:\/\/secure.gravatar.com\/avatar\/ccc17943b9d660506c869530f897617f7cb1c21a4bf30023f252596d83e1f007?s=96&d=mm&r=g","url":"https:\/\/secure.gravatar.com\/avatar\/ccc17943b9d660506c869530f897617f7cb1c21a4bf30023f252596d83e1f007?s=96&d=mm&r=g","contentUrl":"https:\/\/secure.gravatar.com\/avatar\/ccc17943b9d660506c869530f897617f7cb1c21a4bf30023f252596d83e1f007?s=96&d=mm&r=g","caption":"admin"},"sameAs":["https:\/\/kibrisdakik.com"],"url":"https:\/\/kibrisdakik.com\/?author=1"}]}},"_links":{"self":[{"href":"https:\/\/kibrisdakik.com\/index.php?rest_route=\/wp\/v2\/posts\/9785","targetHints":{"allow":["GET"]}}],"collection":[{"href":"https:\/\/kibrisdakik.com\/index.php?rest_route=\/wp\/v2\/posts"}],"about":[{"href":"https:\/\/kibrisdakik.com\/index.php?rest_route=\/wp\/v2\/types\/post"}],"author":[{"embeddable":true,"href":"https:\/\/kibrisdakik.com\/index.php?rest_route=\/wp\/v2\/users\/1"}],"replies":[{"embeddable":true,"href":"https:\/\/kibrisdakik.com\/index.php?rest_route=%2Fwp%2Fv2%2Fcomments&post=9785"}],"version-history":[{"count":0,"href":"https:\/\/kibrisdakik.com\/index.php?rest_route=\/wp\/v2\/posts\/9785\/revisions"}],"wp:featuredmedia":[{"embeddable":true,"href":"https:\/\/kibrisdakik.com\/index.php?rest_route=\/wp\/v2\/media\/9786"}],"wp:attachment":[{"href":"https:\/\/kibrisdakik.com\/index.php?rest_route=%2Fwp%2Fv2%2Fmedia&parent=9785"}],"wp:term":[{"taxonomy":"category","embeddable":true,"href":"https:\/\/kibrisdakik.com\/index.php?rest_route=%2Fwp%2Fv2%2Fcategories&post=9785"},{"taxonomy":"post_tag","embeddable":true,"href":"https:\/\/kibrisdakik.com\/index.php?rest_route=%2Fwp%2Fv2%2Ftags&post=9785"}],"curies":[{"name":"wp","href":"https:\/\/api.w.org\/{rel}","templated":true}]}}