{"id":97909,"date":"2025-11-01T18:22:04","date_gmt":"2025-11-01T16:22:04","guid":{"rendered":"https:\/\/kibrisdakik.com\/index.php\/2025\/11\/01\/ubp-ilce-orgutu-baskanlarindan-izlem-gurcaga-tepki\/"},"modified":"2025-11-01T18:22:04","modified_gmt":"2025-11-01T16:22:04","slug":"ubp-ilce-orgutu-baskanlarindan-izlem-gurcaga-tepki","status":"publish","type":"post","link":"https:\/\/kibrisdakik.com\/?p=97909","title":{"rendered":"UBP \u0130L\u00c7E \u00d6RG\u00dcT\u00dc BA\u015eKANLARINDAN \u0130ZLEM G\u00dcR\u00c7A\u011e\u2019A TEPK\u0130"},"content":{"rendered":"<p><\/p>\n<div data-text-id=\"188175\" property=\"articleBody\">\n<p>Ulusal Birlik Partisi (UBP), Girne Milletvekili \u0130zlem G\u00fcr\u00e7a\u011f Altu\u011fra\u2019n\u0131n partiyi ve Genel Ba\u015fkan \u00dcnal \u00dcstel\u2019i hedef alan son a\u00e7\u0131klamalar\u0131na tepki g\u00f6sterdi. Partiden yap\u0131lan yaz\u0131l\u0131 a\u00e7\u0131klamada, G\u00fcr\u00e7a\u011f Altu\u011fra\u2019n\u0131n mesnetsiz beyanlar\u0131n\u0131n kabul edilemez oldu\u011fu vurguland\u0131.<\/p>\n<p>A\u00e7\u0131klamada, 19 Ekim 2025 Cumhurba\u015fkanl\u0131\u011f\u0131 se\u00e7imleri s\u00fcrecinde UBP\u2019nin kapsaml\u0131 ve yo\u011fun bir kampanya y\u00fcr\u00fctt\u00fc\u011f\u00fc, te\u015fkilatlara her t\u00fcrl\u00fc deste\u011fin sa\u011fland\u0131\u011f\u0131 belirtildi. Se\u00e7im sonu\u00e7lar\u0131n\u0131n ard\u0131ndan ba\u015flat\u0131lan i\u00e7 de\u011ferlendirme s\u00fcreci kapsam\u0131nda il\u00e7e d\u00fczeyinde toplant\u0131lar\u0131n yap\u0131ld\u0131\u011f\u0131 da kaydedildi.<\/p>\n<p>\u201cSe\u00e7im s\u00fcrecinde \u00fczerine d\u00fc\u015fen sorumlulu\u011fu yerine getirmeyen ki\u015filerin partimizin birlik ve b\u00fct\u00fcnl\u00fc\u011f\u00fcne zarar verecek a\u00e7\u0131klamalar yapmas\u0131 kabul edilemez\u201d denilen a\u00e7\u0131klamada, partinin kurumsal disiplinine zarar veren tutum ve beyanlara g\u00f6z yumulmayaca\u011f\u0131 ifade edildi.<\/p>\n<p>UBP Genel Sekreterli\u011fi ve il\u00e7e ba\u015fkanl\u0131klar\u0131 imzas\u0131yla yay\u0131mlanan a\u00e7\u0131klamada, yakla\u015fan genel se\u00e7imlere g\u00fc\u00e7l\u00fc, kararl\u0131 ve tek y\u00fcrek olarak haz\u0131rlanma kararl\u0131l\u0131\u011f\u0131 vurguland\u0131.<\/p>\n<\/p><\/div>\n","protected":false},"excerpt":{"rendered":"<p>Ulusal Birlik Partisi (UBP), Girne Milletvekili \u0130zlem G\u00fcr\u00e7a\u011f Altu\u011fra\u2019n\u0131n partiyi ve Genel Ba\u015fkan \u00dcnal \u00dcstel\u2019i hedef alan son a\u00e7\u0131klamalar\u0131na tepki g\u00f6sterdi. Partiden yap\u0131lan yaz\u0131l\u0131 a\u00e7\u0131klamada, G\u00fcr\u00e7a\u011f Altu\u011fra\u2019n\u0131n mesnetsiz beyanlar\u0131n\u0131n kabul edilemez oldu\u011fu vurguland\u0131. A\u00e7\u0131klamada, 19 Ekim 2025 Cumhurba\u015fkanl\u0131\u011f\u0131 se\u00e7imleri s\u00fcrecinde UBP\u2019nin kapsaml\u0131 ve yo\u011fun bir kampanya y\u00fcr\u00fctt\u00fc\u011f\u00fc, te\u015fkilatlara her t\u00fcrl\u00fc deste\u011fin sa\u011fland\u0131\u011f\u0131 belirtildi. Se\u00e7im sonu\u00e7lar\u0131n\u0131n<\/p>\n","protected":false},"author":1,"featured_media":97910,"comment_status":"open","ping_status":"open","sticky":false,"template":"","format":"standard","meta":{"footnotes":""},"categories":[81],"tags":[],"class_list":["post-97909","post","type-post","status-publish","format-standard","has-post-thumbnail","hentry","category-kibris"],"yoast_head":"<!-- This site is optimized with the Yoast SEO plugin v27.5 - https:\/\/yoast.com\/product\/yoast-seo-wordpress\/ -->\n<title>UBP \u0130L\u00c7E \u00d6RG\u00dcT\u00dc BA\u015eKANLARINDAN \u0130ZLEM G\u00dcR\u00c7A\u011e\u2019A TEPK\u0130 -<\/title>\n<meta name=\"robots\" content=\"index, follow, max-snippet:-1, max-image-preview:large, max-video-preview:-1\" \/>\n<link rel=\"canonical\" href=\"https:\/\/kibrisdakik.com\/?p=97909\" \/>\n<meta property=\"og:locale\" content=\"tr_TR\" \/>\n<meta property=\"og:type\" content=\"article\" \/>\n<meta property=\"og:title\" content=\"UBP \u0130L\u00c7E \u00d6RG\u00dcT\u00dc BA\u015eKANLARINDAN \u0130ZLEM G\u00dcR\u00c7A\u011e\u2019A TEPK\u0130 -\" \/>\n<meta property=\"og:description\" content=\"Ulusal Birlik Partisi (UBP), Girne Milletvekili \u0130zlem G\u00fcr\u00e7a\u011f Altu\u011fra\u2019n\u0131n partiyi ve Genel Ba\u015fkan \u00dcnal \u00dcstel\u2019i hedef alan son a\u00e7\u0131klamalar\u0131na tepki g\u00f6sterdi. Partiden yap\u0131lan yaz\u0131l\u0131 a\u00e7\u0131klamada, G\u00fcr\u00e7a\u011f Altu\u011fra\u2019n\u0131n mesnetsiz beyanlar\u0131n\u0131n kabul edilemez oldu\u011fu vurguland\u0131. A\u00e7\u0131klamada, 19 Ekim 2025 Cumhurba\u015fkanl\u0131\u011f\u0131 se\u00e7imleri s\u00fcrecinde UBP\u2019nin kapsaml\u0131 ve yo\u011fun bir kampanya y\u00fcr\u00fctt\u00fc\u011f\u00fc, te\u015fkilatlara her t\u00fcrl\u00fc deste\u011fin sa\u011fland\u0131\u011f\u0131 belirtildi. Se\u00e7im sonu\u00e7lar\u0131n\u0131n\" \/>\n<meta property=\"og:url\" content=\"https:\/\/kibrisdakik.com\/?p=97909\" \/>\n<meta property=\"article:published_time\" content=\"2025-11-01T16:22:04+00:00\" \/>\n<meta property=\"og:image\" content=\"https:\/\/kibrisdakik.com\/wp-content\/uploads\/2025\/11\/mha-sari-beyaz-472.png\" \/>\n\t<meta property=\"og:image:width\" content=\"1280\" \/>\n\t<meta property=\"og:image:height\" content=\"720\" \/>\n\t<meta property=\"og:image:type\" content=\"image\/png\" \/>\n<meta name=\"author\" content=\"admin\" \/>\n<meta name=\"twitter:card\" content=\"summary_large_image\" \/>\n<meta name=\"twitter:label1\" content=\"Yazan:\" \/>\n\t<meta name=\"twitter:data1\" content=\"admin\" \/>\n\t<meta name=\"twitter:label2\" content=\"Tahmini okuma s\u00fcresi\" \/>\n\t<meta name=\"twitter:data2\" content=\"1 dakika\" \/>\n<script type=\"application\/ld+json\" class=\"yoast-schema-graph\">{\"@context\":\"https:\\\/\\\/schema.org\",\"@graph\":[{\"@type\":\"Article\",\"@id\":\"https:\\\/\\\/kibrisdakik.com\\\/?p=97909#article\",\"isPartOf\":{\"@id\":\"https:\\\/\\\/kibrisdakik.com\\\/?p=97909\"},\"author\":{\"name\":\"admin\",\"@id\":\"https:\\\/\\\/kibrisdakik.com\\\/#\\\/schema\\\/person\\\/9cd9d437bbb44f72b73ba127e06d8e79\"},\"headline\":\"UBP \u0130L\u00c7E \u00d6RG\u00dcT\u00dc BA\u015eKANLARINDAN \u0130ZLEM G\u00dcR\u00c7A\u011e\u2019A TEPK\u0130\",\"datePublished\":\"2025-11-01T16:22:04+00:00\",\"mainEntityOfPage\":{\"@id\":\"https:\\\/\\\/kibrisdakik.com\\\/?p=97909\"},\"wordCount\":203,\"commentCount\":0,\"image\":{\"@id\":\"https:\\\/\\\/kibrisdakik.com\\\/?p=97909#primaryimage\"},\"thumbnailUrl\":\"https:\\\/\\\/kibrisdakik.com\\\/wp-content\\\/uploads\\\/2025\\\/11\\\/mha-sari-beyaz-472.png\",\"articleSection\":[\"K\u0131br\u0131s\"],\"inLanguage\":\"tr\",\"potentialAction\":[{\"@type\":\"CommentAction\",\"name\":\"Comment\",\"target\":[\"https:\\\/\\\/kibrisdakik.com\\\/?p=97909#respond\"]}]},{\"@type\":\"WebPage\",\"@id\":\"https:\\\/\\\/kibrisdakik.com\\\/?p=97909\",\"url\":\"https:\\\/\\\/kibrisdakik.com\\\/?p=97909\",\"name\":\"UBP \u0130L\u00c7E \u00d6RG\u00dcT\u00dc BA\u015eKANLARINDAN \u0130ZLEM G\u00dcR\u00c7A\u011e\u2019A TEPK\u0130 -\",\"isPartOf\":{\"@id\":\"https:\\\/\\\/kibrisdakik.com\\\/#website\"},\"primaryImageOfPage\":{\"@id\":\"https:\\\/\\\/kibrisdakik.com\\\/?p=97909#primaryimage\"},\"image\":{\"@id\":\"https:\\\/\\\/kibrisdakik.com\\\/?p=97909#primaryimage\"},\"thumbnailUrl\":\"https:\\\/\\\/kibrisdakik.com\\\/wp-content\\\/uploads\\\/2025\\\/11\\\/mha-sari-beyaz-472.png\",\"datePublished\":\"2025-11-01T16:22:04+00:00\",\"author\":{\"@id\":\"https:\\\/\\\/kibrisdakik.com\\\/#\\\/schema\\\/person\\\/9cd9d437bbb44f72b73ba127e06d8e79\"},\"breadcrumb\":{\"@id\":\"https:\\\/\\\/kibrisdakik.com\\\/?p=97909#breadcrumb\"},\"inLanguage\":\"tr\",\"potentialAction\":[{\"@type\":\"ReadAction\",\"target\":[\"https:\\\/\\\/kibrisdakik.com\\\/?p=97909\"]}]},{\"@type\":\"ImageObject\",\"inLanguage\":\"tr\",\"@id\":\"https:\\\/\\\/kibrisdakik.com\\\/?p=97909#primaryimage\",\"url\":\"https:\\\/\\\/kibrisdakik.com\\\/wp-content\\\/uploads\\\/2025\\\/11\\\/mha-sari-beyaz-472.png\",\"contentUrl\":\"https:\\\/\\\/kibrisdakik.com\\\/wp-content\\\/uploads\\\/2025\\\/11\\\/mha-sari-beyaz-472.png\",\"width\":1280,\"height\":720},{\"@type\":\"BreadcrumbList\",\"@id\":\"https:\\\/\\\/kibrisdakik.com\\\/?p=97909#breadcrumb\",\"itemListElement\":[{\"@type\":\"ListItem\",\"position\":1,\"name\":\"Home\",\"item\":\"https:\\\/\\\/kibrisdakik.com\\\/\"},{\"@type\":\"ListItem\",\"position\":2,\"name\":\"UBP \u0130L\u00c7E \u00d6RG\u00dcT\u00dc BA\u015eKANLARINDAN \u0130ZLEM G\u00dcR\u00c7A\u011e\u2019A TEPK\u0130\"}]},{\"@type\":\"WebSite\",\"@id\":\"https:\\\/\\\/kibrisdakik.com\\\/#website\",\"url\":\"https:\\\/\\\/kibrisdakik.com\\\/\",\"name\":\"\",\"description\":\"Tam vaktinde haber\",\"potentialAction\":[{\"@type\":\"SearchAction\",\"target\":{\"@type\":\"EntryPoint\",\"urlTemplate\":\"https:\\\/\\\/kibrisdakik.com\\\/?s={search_term_string}\"},\"query-input\":{\"@type\":\"PropertyValueSpecification\",\"valueRequired\":true,\"valueName\":\"search_term_string\"}}],\"inLanguage\":\"tr\"},{\"@type\":\"Person\",\"@id\":\"https:\\\/\\\/kibrisdakik.com\\\/#\\\/schema\\\/person\\\/9cd9d437bbb44f72b73ba127e06d8e79\",\"name\":\"admin\",\"image\":{\"@type\":\"ImageObject\",\"inLanguage\":\"tr\",\"@id\":\"https:\\\/\\\/secure.gravatar.com\\\/avatar\\\/ccc17943b9d660506c869530f897617f7cb1c21a4bf30023f252596d83e1f007?s=96&d=mm&r=g\",\"url\":\"https:\\\/\\\/secure.gravatar.com\\\/avatar\\\/ccc17943b9d660506c869530f897617f7cb1c21a4bf30023f252596d83e1f007?s=96&d=mm&r=g\",\"contentUrl\":\"https:\\\/\\\/secure.gravatar.com\\\/avatar\\\/ccc17943b9d660506c869530f897617f7cb1c21a4bf30023f252596d83e1f007?s=96&d=mm&r=g\",\"caption\":\"admin\"},\"sameAs\":[\"https:\\\/\\\/kibrisdakik.com\"],\"url\":\"https:\\\/\\\/kibrisdakik.com\\\/?author=1\"}]}<\/script>\n<!-- \/ Yoast SEO plugin. -->","yoast_head_json":{"title":"UBP \u0130L\u00c7E \u00d6RG\u00dcT\u00dc BA\u015eKANLARINDAN \u0130ZLEM G\u00dcR\u00c7A\u011e\u2019A TEPK\u0130 -","robots":{"index":"index","follow":"follow","max-snippet":"max-snippet:-1","max-image-preview":"max-image-preview:large","max-video-preview":"max-video-preview:-1"},"canonical":"https:\/\/kibrisdakik.com\/?p=97909","og_locale":"tr_TR","og_type":"article","og_title":"UBP \u0130L\u00c7E \u00d6RG\u00dcT\u00dc BA\u015eKANLARINDAN \u0130ZLEM G\u00dcR\u00c7A\u011e\u2019A TEPK\u0130 -","og_description":"Ulusal Birlik Partisi (UBP), Girne Milletvekili \u0130zlem G\u00fcr\u00e7a\u011f Altu\u011fra\u2019n\u0131n partiyi ve Genel Ba\u015fkan \u00dcnal \u00dcstel\u2019i hedef alan son a\u00e7\u0131klamalar\u0131na tepki g\u00f6sterdi. Partiden yap\u0131lan yaz\u0131l\u0131 a\u00e7\u0131klamada, G\u00fcr\u00e7a\u011f Altu\u011fra\u2019n\u0131n mesnetsiz beyanlar\u0131n\u0131n kabul edilemez oldu\u011fu vurguland\u0131. A\u00e7\u0131klamada, 19 Ekim 2025 Cumhurba\u015fkanl\u0131\u011f\u0131 se\u00e7imleri s\u00fcrecinde UBP\u2019nin kapsaml\u0131 ve yo\u011fun bir kampanya y\u00fcr\u00fctt\u00fc\u011f\u00fc, te\u015fkilatlara her t\u00fcrl\u00fc deste\u011fin sa\u011fland\u0131\u011f\u0131 belirtildi. Se\u00e7im sonu\u00e7lar\u0131n\u0131n","og_url":"https:\/\/kibrisdakik.com\/?p=97909","article_published_time":"2025-11-01T16:22:04+00:00","og_image":[{"width":1280,"height":720,"url":"https:\/\/kibrisdakik.com\/wp-content\/uploads\/2025\/11\/mha-sari-beyaz-472.png","type":"image\/png"}],"author":"admin","twitter_card":"summary_large_image","twitter_misc":{"Yazan:":"admin","Tahmini okuma s\u00fcresi":"1 dakika"},"schema":{"@context":"https:\/\/schema.org","@graph":[{"@type":"Article","@id":"https:\/\/kibrisdakik.com\/?p=97909#article","isPartOf":{"@id":"https:\/\/kibrisdakik.com\/?p=97909"},"author":{"name":"admin","@id":"https:\/\/kibrisdakik.com\/#\/schema\/person\/9cd9d437bbb44f72b73ba127e06d8e79"},"headline":"UBP \u0130L\u00c7E \u00d6RG\u00dcT\u00dc BA\u015eKANLARINDAN \u0130ZLEM G\u00dcR\u00c7A\u011e\u2019A TEPK\u0130","datePublished":"2025-11-01T16:22:04+00:00","mainEntityOfPage":{"@id":"https:\/\/kibrisdakik.com\/?p=97909"},"wordCount":203,"commentCount":0,"image":{"@id":"https:\/\/kibrisdakik.com\/?p=97909#primaryimage"},"thumbnailUrl":"https:\/\/kibrisdakik.com\/wp-content\/uploads\/2025\/11\/mha-sari-beyaz-472.png","articleSection":["K\u0131br\u0131s"],"inLanguage":"tr","potentialAction":[{"@type":"CommentAction","name":"Comment","target":["https:\/\/kibrisdakik.com\/?p=97909#respond"]}]},{"@type":"WebPage","@id":"https:\/\/kibrisdakik.com\/?p=97909","url":"https:\/\/kibrisdakik.com\/?p=97909","name":"UBP \u0130L\u00c7E \u00d6RG\u00dcT\u00dc BA\u015eKANLARINDAN \u0130ZLEM G\u00dcR\u00c7A\u011e\u2019A TEPK\u0130 -","isPartOf":{"@id":"https:\/\/kibrisdakik.com\/#website"},"primaryImageOfPage":{"@id":"https:\/\/kibrisdakik.com\/?p=97909#primaryimage"},"image":{"@id":"https:\/\/kibrisdakik.com\/?p=97909#primaryimage"},"thumbnailUrl":"https:\/\/kibrisdakik.com\/wp-content\/uploads\/2025\/11\/mha-sari-beyaz-472.png","datePublished":"2025-11-01T16:22:04+00:00","author":{"@id":"https:\/\/kibrisdakik.com\/#\/schema\/person\/9cd9d437bbb44f72b73ba127e06d8e79"},"breadcrumb":{"@id":"https:\/\/kibrisdakik.com\/?p=97909#breadcrumb"},"inLanguage":"tr","potentialAction":[{"@type":"ReadAction","target":["https:\/\/kibrisdakik.com\/?p=97909"]}]},{"@type":"ImageObject","inLanguage":"tr","@id":"https:\/\/kibrisdakik.com\/?p=97909#primaryimage","url":"https:\/\/kibrisdakik.com\/wp-content\/uploads\/2025\/11\/mha-sari-beyaz-472.png","contentUrl":"https:\/\/kibrisdakik.com\/wp-content\/uploads\/2025\/11\/mha-sari-beyaz-472.png","width":1280,"height":720},{"@type":"BreadcrumbList","@id":"https:\/\/kibrisdakik.com\/?p=97909#breadcrumb","itemListElement":[{"@type":"ListItem","position":1,"name":"Home","item":"https:\/\/kibrisdakik.com\/"},{"@type":"ListItem","position":2,"name":"UBP \u0130L\u00c7E \u00d6RG\u00dcT\u00dc BA\u015eKANLARINDAN \u0130ZLEM G\u00dcR\u00c7A\u011e\u2019A TEPK\u0130"}]},{"@type":"WebSite","@id":"https:\/\/kibrisdakik.com\/#website","url":"https:\/\/kibrisdakik.com\/","name":"","description":"Tam vaktinde haber","potentialAction":[{"@type":"SearchAction","target":{"@type":"EntryPoint","urlTemplate":"https:\/\/kibrisdakik.com\/?s={search_term_string}"},"query-input":{"@type":"PropertyValueSpecification","valueRequired":true,"valueName":"search_term_string"}}],"inLanguage":"tr"},{"@type":"Person","@id":"https:\/\/kibrisdakik.com\/#\/schema\/person\/9cd9d437bbb44f72b73ba127e06d8e79","name":"admin","image":{"@type":"ImageObject","inLanguage":"tr","@id":"https:\/\/secure.gravatar.com\/avatar\/ccc17943b9d660506c869530f897617f7cb1c21a4bf30023f252596d83e1f007?s=96&d=mm&r=g","url":"https:\/\/secure.gravatar.com\/avatar\/ccc17943b9d660506c869530f897617f7cb1c21a4bf30023f252596d83e1f007?s=96&d=mm&r=g","contentUrl":"https:\/\/secure.gravatar.com\/avatar\/ccc17943b9d660506c869530f897617f7cb1c21a4bf30023f252596d83e1f007?s=96&d=mm&r=g","caption":"admin"},"sameAs":["https:\/\/kibrisdakik.com"],"url":"https:\/\/kibrisdakik.com\/?author=1"}]}},"_links":{"self":[{"href":"https:\/\/kibrisdakik.com\/index.php?rest_route=\/wp\/v2\/posts\/97909","targetHints":{"allow":["GET"]}}],"collection":[{"href":"https:\/\/kibrisdakik.com\/index.php?rest_route=\/wp\/v2\/posts"}],"about":[{"href":"https:\/\/kibrisdakik.com\/index.php?rest_route=\/wp\/v2\/types\/post"}],"author":[{"embeddable":true,"href":"https:\/\/kibrisdakik.com\/index.php?rest_route=\/wp\/v2\/users\/1"}],"replies":[{"embeddable":true,"href":"https:\/\/kibrisdakik.com\/index.php?rest_route=%2Fwp%2Fv2%2Fcomments&post=97909"}],"version-history":[{"count":0,"href":"https:\/\/kibrisdakik.com\/index.php?rest_route=\/wp\/v2\/posts\/97909\/revisions"}],"wp:featuredmedia":[{"embeddable":true,"href":"https:\/\/kibrisdakik.com\/index.php?rest_route=\/wp\/v2\/media\/97910"}],"wp:attachment":[{"href":"https:\/\/kibrisdakik.com\/index.php?rest_route=%2Fwp%2Fv2%2Fmedia&parent=97909"}],"wp:term":[{"taxonomy":"category","embeddable":true,"href":"https:\/\/kibrisdakik.com\/index.php?rest_route=%2Fwp%2Fv2%2Fcategories&post=97909"},{"taxonomy":"post_tag","embeddable":true,"href":"https:\/\/kibrisdakik.com\/index.php?rest_route=%2Fwp%2Fv2%2Ftags&post=97909"}],"curies":[{"name":"wp","href":"https:\/\/api.w.org\/{rel}","templated":true}]}}