{"id":97933,"date":"2025-11-02T09:13:17","date_gmt":"2025-11-02T07:13:17","guid":{"rendered":"https:\/\/kibrisdakik.com\/index.php\/2025\/11\/02\/kuzey-makedonyada-halk-yerel-secimin-ikinci-turu-icin-sandik-basinda\/"},"modified":"2025-11-02T09:13:17","modified_gmt":"2025-11-02T07:13:17","slug":"kuzey-makedonyada-halk-yerel-secimin-ikinci-turu-icin-sandik-basinda","status":"publish","type":"post","link":"https:\/\/kibrisdakik.com\/?p=97933","title":{"rendered":"Kuzey Makedonya&#039;da halk, yerel se\u00e7imin ikinci turu i\u00e7in sand\u0131k ba\u015f\u0131nda"},"content":{"rendered":"<p><\/p>\n<div class=\"news-content\">\n<p>\n\t\u00dclkedeki se\u00e7menler, yerel se\u00e7imin ikinci turunda 33 belediye ba\u015fkan\u0131 ve meclis \u00fcyelerini belirlemek \u00fczere yerel saat ile 07.00&#8217;den itibaren oylar\u0131n\u0131 kullanmak \u00fczere sand\u0131k ba\u015f\u0131na gidiyor.<\/p>\n<p>\n\tBu turda kay\u0131tl\u0131 1 milyon 13 bin 375 se\u00e7men, yerel saatle 19.00&#8217;a kadar oy kullanabilecek.<\/p>\n<p>\n\tSe\u00e7imin ikinci turunda, bir \u00f6nceki turda y\u00fczde 50 oy s\u0131n\u0131r\u0131n\u0131n ge\u00e7ilmedi\u011fi belediyelerde en \u00e7ok oy alan iki aday yar\u0131\u015f\u0131rken, se\u00e7menler \u00dcsk\u00fcp B\u00fcy\u00fck\u015fehir Belediyesinde \u0130\u00e7 Makedon Devrimci \u00d6rg\u00fct\u00fc-Makedonya Ulusal Demokratik Birli\u011fi&#8217;nin (VMRO-DPMNE) aday\u0131 Orce Gjorgjievski ile Levica (Sol) Partisi&#8217;nin aday\u0131 Amar Mecinovic aras\u0131nda se\u00e7im yapacak.<\/p>\n<p>\n\tGostivar, Vrap\u00e7i\u015fte, Mavrovo-Rostu\u015fe ile Merkez Jupa Belediyelerinde ise ilk turda se\u00e7ime kat\u0131l\u0131m oranlar\u0131 belirlenen y\u00fczdeli\u011fin alt\u0131nda kald\u0131\u011f\u0131 i\u00e7in, se\u00e7im ileri bir tarihte tekrarlanacak.<\/p>\n<p>\n\tSe\u00e7imde akredite edilen 1598 g\u00f6zlemci g\u00f6rev alacak.<\/p>\n<h2>\n\tYerel se\u00e7imin ilk turunda 81 belediyeden 44&#8217;\u00fcne ba\u015fkan se\u00e7ildi<\/h2>\n<p>\n\tKuzey Makedonya&#8217;da 81 belediye ba\u015fkan\u0131 ve belediye meclis \u00fcyelerinin belirlenmesi i\u00e7in yerel se\u00e7imin ilk turu, 19 Ekim&#8217;de ger\u00e7ekle\u015ftirilmi\u015fti.<\/p>\n<p>\n\t\u0130lk turda, iktidardaki VMRO-DPMNE 32, iktidar orta\u011f\u0131 VLEN ittifak\u0131 5, Ulusal Entegrasyon \u0130ttifak\u0131 (AKI) 4, muhalefetteki Makedonya Sosyal Demokratlar Birli\u011fi&#8217;nin (SDSM) \u00f6nc\u00fcl\u00fc\u011f\u00fcndeki ittifak ise 3 belediye kazanm\u0131\u015f, 44&#8217;\u00fcne belediyede ba\u015fkan se\u00e7ilmi\u015fti.<\/p>\n<p>\n\tBu y\u0131l 8&#8217;incisi d\u00fczenlenen yerel se\u00e7imler daha \u00f6nce 1996, 2000, 2005, 2009, 2013, 2017 ve 2021 y\u0131llar\u0131nda yap\u0131lm\u0131\u015ft\u0131.<\/p>\n<div class=\"news-tags\">\n<div class=\"title\">ET\u0130KETLER<\/div>\n<div class=\"tags\">\n                                                                            Kuzey Makedonya\n                                                                    <\/div>\n<\/p><\/div>\n<\/p><\/div>\n","protected":false},"excerpt":{"rendered":"<p>\u00dclkedeki se\u00e7menler, yerel se\u00e7imin ikinci turunda 33 belediye ba\u015fkan\u0131 ve meclis \u00fcyelerini belirlemek \u00fczere yerel saat ile 07.00&#8217;den itibaren oylar\u0131n\u0131 kullanmak \u00fczere sand\u0131k ba\u015f\u0131na gidiyor. Bu turda kay\u0131tl\u0131 1 milyon 13 bin 375 se\u00e7men, yerel saatle 19.00&#8217;a kadar oy kullanabilecek. Se\u00e7imin ikinci turunda, bir \u00f6nceki turda y\u00fczde 50 oy s\u0131n\u0131r\u0131n\u0131n ge\u00e7ilmedi\u011fi belediyelerde en \u00e7ok oy<\/p>\n","protected":false},"author":1,"featured_media":97934,"comment_status":"open","ping_status":"open","sticky":false,"template":"","format":"standard","meta":{"footnotes":""},"categories":[306],"tags":[],"class_list":["post-97933","post","type-post","status-publish","format-standard","has-post-thumbnail","hentry","category-dunya"],"yoast_head":"<!-- This site is optimized with the Yoast SEO plugin v27.5 - https:\/\/yoast.com\/product\/yoast-seo-wordpress\/ -->\n<title>Kuzey Makedonya&#039;da halk, yerel se\u00e7imin ikinci turu i\u00e7in sand\u0131k ba\u015f\u0131nda -<\/title>\n<meta name=\"robots\" content=\"index, follow, max-snippet:-1, max-image-preview:large, max-video-preview:-1\" \/>\n<link rel=\"canonical\" href=\"https:\/\/kibrisdakik.com\/?p=97933\" \/>\n<meta property=\"og:locale\" content=\"tr_TR\" \/>\n<meta property=\"og:type\" content=\"article\" \/>\n<meta property=\"og:title\" content=\"Kuzey Makedonya&#039;da halk, yerel se\u00e7imin ikinci turu i\u00e7in sand\u0131k ba\u015f\u0131nda -\" \/>\n<meta property=\"og:description\" content=\"\u00dclkedeki se\u00e7menler, yerel se\u00e7imin ikinci turunda 33 belediye ba\u015fkan\u0131 ve meclis \u00fcyelerini belirlemek \u00fczere yerel saat ile 07.00&#8217;den itibaren oylar\u0131n\u0131 kullanmak \u00fczere sand\u0131k ba\u015f\u0131na gidiyor. Bu turda kay\u0131tl\u0131 1 milyon 13 bin 375 se\u00e7men, yerel saatle 19.00&#8217;a kadar oy kullanabilecek. Se\u00e7imin ikinci turunda, bir \u00f6nceki turda y\u00fczde 50 oy s\u0131n\u0131r\u0131n\u0131n ge\u00e7ilmedi\u011fi belediyelerde en \u00e7ok oy\" \/>\n<meta property=\"og:url\" content=\"https:\/\/kibrisdakik.com\/?p=97933\" \/>\n<meta property=\"article:published_time\" content=\"2025-11-02T07:13:17+00:00\" \/>\n<meta property=\"og:image\" content=\"https:\/\/kibrisdakik.com\/wp-content\/uploads\/2025\/11\/kuzey-makedonya-secim-aa-2413470.jpg\" \/>\n\t<meta property=\"og:image:width\" content=\"1280\" \/>\n\t<meta property=\"og:image:height\" content=\"720\" \/>\n\t<meta property=\"og:image:type\" content=\"image\/jpeg\" \/>\n<meta name=\"author\" content=\"admin\" \/>\n<meta name=\"twitter:card\" content=\"summary_large_image\" \/>\n<meta name=\"twitter:label1\" content=\"Yazan:\" \/>\n\t<meta name=\"twitter:data1\" content=\"admin\" \/>\n\t<meta name=\"twitter:label2\" content=\"Tahmini okuma s\u00fcresi\" \/>\n\t<meta name=\"twitter:data2\" content=\"1 dakika\" \/>\n<script type=\"application\/ld+json\" class=\"yoast-schema-graph\">{\"@context\":\"https:\\\/\\\/schema.org\",\"@graph\":[{\"@type\":\"Article\",\"@id\":\"https:\\\/\\\/kibrisdakik.com\\\/?p=97933#article\",\"isPartOf\":{\"@id\":\"https:\\\/\\\/kibrisdakik.com\\\/?p=97933\"},\"author\":{\"name\":\"admin\",\"@id\":\"https:\\\/\\\/kibrisdakik.com\\\/#\\\/schema\\\/person\\\/9cd9d437bbb44f72b73ba127e06d8e79\"},\"headline\":\"Kuzey Makedonya&#039;da halk, yerel se\u00e7imin ikinci turu i\u00e7in sand\u0131k ba\u015f\u0131nda\",\"datePublished\":\"2025-11-02T07:13:17+00:00\",\"mainEntityOfPage\":{\"@id\":\"https:\\\/\\\/kibrisdakik.com\\\/?p=97933\"},\"wordCount\":253,\"commentCount\":0,\"image\":{\"@id\":\"https:\\\/\\\/kibrisdakik.com\\\/?p=97933#primaryimage\"},\"thumbnailUrl\":\"https:\\\/\\\/kibrisdakik.com\\\/wp-content\\\/uploads\\\/2025\\\/11\\\/kuzey-makedonya-secim-aa-2413470.jpg\",\"articleSection\":[\"D\u00fcnya\"],\"inLanguage\":\"tr\",\"potentialAction\":[{\"@type\":\"CommentAction\",\"name\":\"Comment\",\"target\":[\"https:\\\/\\\/kibrisdakik.com\\\/?p=97933#respond\"]}]},{\"@type\":\"WebPage\",\"@id\":\"https:\\\/\\\/kibrisdakik.com\\\/?p=97933\",\"url\":\"https:\\\/\\\/kibrisdakik.com\\\/?p=97933\",\"name\":\"Kuzey Makedonya&#039;da halk, yerel se\u00e7imin ikinci turu i\u00e7in sand\u0131k ba\u015f\u0131nda -\",\"isPartOf\":{\"@id\":\"https:\\\/\\\/kibrisdakik.com\\\/#website\"},\"primaryImageOfPage\":{\"@id\":\"https:\\\/\\\/kibrisdakik.com\\\/?p=97933#primaryimage\"},\"image\":{\"@id\":\"https:\\\/\\\/kibrisdakik.com\\\/?p=97933#primaryimage\"},\"thumbnailUrl\":\"https:\\\/\\\/kibrisdakik.com\\\/wp-content\\\/uploads\\\/2025\\\/11\\\/kuzey-makedonya-secim-aa-2413470.jpg\",\"datePublished\":\"2025-11-02T07:13:17+00:00\",\"author\":{\"@id\":\"https:\\\/\\\/kibrisdakik.com\\\/#\\\/schema\\\/person\\\/9cd9d437bbb44f72b73ba127e06d8e79\"},\"breadcrumb\":{\"@id\":\"https:\\\/\\\/kibrisdakik.com\\\/?p=97933#breadcrumb\"},\"inLanguage\":\"tr\",\"potentialAction\":[{\"@type\":\"ReadAction\",\"target\":[\"https:\\\/\\\/kibrisdakik.com\\\/?p=97933\"]}]},{\"@type\":\"ImageObject\",\"inLanguage\":\"tr\",\"@id\":\"https:\\\/\\\/kibrisdakik.com\\\/?p=97933#primaryimage\",\"url\":\"https:\\\/\\\/kibrisdakik.com\\\/wp-content\\\/uploads\\\/2025\\\/11\\\/kuzey-makedonya-secim-aa-2413470.jpg\",\"contentUrl\":\"https:\\\/\\\/kibrisdakik.com\\\/wp-content\\\/uploads\\\/2025\\\/11\\\/kuzey-makedonya-secim-aa-2413470.jpg\",\"width\":1280,\"height\":720},{\"@type\":\"BreadcrumbList\",\"@id\":\"https:\\\/\\\/kibrisdakik.com\\\/?p=97933#breadcrumb\",\"itemListElement\":[{\"@type\":\"ListItem\",\"position\":1,\"name\":\"Home\",\"item\":\"https:\\\/\\\/kibrisdakik.com\\\/\"},{\"@type\":\"ListItem\",\"position\":2,\"name\":\"Kuzey Makedonya&#039;da halk, yerel se\u00e7imin ikinci turu i\u00e7in sand\u0131k ba\u015f\u0131nda\"}]},{\"@type\":\"WebSite\",\"@id\":\"https:\\\/\\\/kibrisdakik.com\\\/#website\",\"url\":\"https:\\\/\\\/kibrisdakik.com\\\/\",\"name\":\"\",\"description\":\"Tam vaktinde haber\",\"potentialAction\":[{\"@type\":\"SearchAction\",\"target\":{\"@type\":\"EntryPoint\",\"urlTemplate\":\"https:\\\/\\\/kibrisdakik.com\\\/?s={search_term_string}\"},\"query-input\":{\"@type\":\"PropertyValueSpecification\",\"valueRequired\":true,\"valueName\":\"search_term_string\"}}],\"inLanguage\":\"tr\"},{\"@type\":\"Person\",\"@id\":\"https:\\\/\\\/kibrisdakik.com\\\/#\\\/schema\\\/person\\\/9cd9d437bbb44f72b73ba127e06d8e79\",\"name\":\"admin\",\"image\":{\"@type\":\"ImageObject\",\"inLanguage\":\"tr\",\"@id\":\"https:\\\/\\\/secure.gravatar.com\\\/avatar\\\/ccc17943b9d660506c869530f897617f7cb1c21a4bf30023f252596d83e1f007?s=96&d=mm&r=g\",\"url\":\"https:\\\/\\\/secure.gravatar.com\\\/avatar\\\/ccc17943b9d660506c869530f897617f7cb1c21a4bf30023f252596d83e1f007?s=96&d=mm&r=g\",\"contentUrl\":\"https:\\\/\\\/secure.gravatar.com\\\/avatar\\\/ccc17943b9d660506c869530f897617f7cb1c21a4bf30023f252596d83e1f007?s=96&d=mm&r=g\",\"caption\":\"admin\"},\"sameAs\":[\"https:\\\/\\\/kibrisdakik.com\"],\"url\":\"https:\\\/\\\/kibrisdakik.com\\\/?author=1\"}]}<\/script>\n<!-- \/ Yoast SEO plugin. -->","yoast_head_json":{"title":"Kuzey Makedonya&#039;da halk, yerel se\u00e7imin ikinci turu i\u00e7in sand\u0131k ba\u015f\u0131nda -","robots":{"index":"index","follow":"follow","max-snippet":"max-snippet:-1","max-image-preview":"max-image-preview:large","max-video-preview":"max-video-preview:-1"},"canonical":"https:\/\/kibrisdakik.com\/?p=97933","og_locale":"tr_TR","og_type":"article","og_title":"Kuzey Makedonya&#039;da halk, yerel se\u00e7imin ikinci turu i\u00e7in sand\u0131k ba\u015f\u0131nda -","og_description":"\u00dclkedeki se\u00e7menler, yerel se\u00e7imin ikinci turunda 33 belediye ba\u015fkan\u0131 ve meclis \u00fcyelerini belirlemek \u00fczere yerel saat ile 07.00&#8217;den itibaren oylar\u0131n\u0131 kullanmak \u00fczere sand\u0131k ba\u015f\u0131na gidiyor. Bu turda kay\u0131tl\u0131 1 milyon 13 bin 375 se\u00e7men, yerel saatle 19.00&#8217;a kadar oy kullanabilecek. Se\u00e7imin ikinci turunda, bir \u00f6nceki turda y\u00fczde 50 oy s\u0131n\u0131r\u0131n\u0131n ge\u00e7ilmedi\u011fi belediyelerde en \u00e7ok oy","og_url":"https:\/\/kibrisdakik.com\/?p=97933","article_published_time":"2025-11-02T07:13:17+00:00","og_image":[{"width":1280,"height":720,"url":"https:\/\/kibrisdakik.com\/wp-content\/uploads\/2025\/11\/kuzey-makedonya-secim-aa-2413470.jpg","type":"image\/jpeg"}],"author":"admin","twitter_card":"summary_large_image","twitter_misc":{"Yazan:":"admin","Tahmini okuma s\u00fcresi":"1 dakika"},"schema":{"@context":"https:\/\/schema.org","@graph":[{"@type":"Article","@id":"https:\/\/kibrisdakik.com\/?p=97933#article","isPartOf":{"@id":"https:\/\/kibrisdakik.com\/?p=97933"},"author":{"name":"admin","@id":"https:\/\/kibrisdakik.com\/#\/schema\/person\/9cd9d437bbb44f72b73ba127e06d8e79"},"headline":"Kuzey Makedonya&#039;da halk, yerel se\u00e7imin ikinci turu i\u00e7in sand\u0131k ba\u015f\u0131nda","datePublished":"2025-11-02T07:13:17+00:00","mainEntityOfPage":{"@id":"https:\/\/kibrisdakik.com\/?p=97933"},"wordCount":253,"commentCount":0,"image":{"@id":"https:\/\/kibrisdakik.com\/?p=97933#primaryimage"},"thumbnailUrl":"https:\/\/kibrisdakik.com\/wp-content\/uploads\/2025\/11\/kuzey-makedonya-secim-aa-2413470.jpg","articleSection":["D\u00fcnya"],"inLanguage":"tr","potentialAction":[{"@type":"CommentAction","name":"Comment","target":["https:\/\/kibrisdakik.com\/?p=97933#respond"]}]},{"@type":"WebPage","@id":"https:\/\/kibrisdakik.com\/?p=97933","url":"https:\/\/kibrisdakik.com\/?p=97933","name":"Kuzey Makedonya&#039;da halk, yerel se\u00e7imin ikinci turu i\u00e7in sand\u0131k ba\u015f\u0131nda -","isPartOf":{"@id":"https:\/\/kibrisdakik.com\/#website"},"primaryImageOfPage":{"@id":"https:\/\/kibrisdakik.com\/?p=97933#primaryimage"},"image":{"@id":"https:\/\/kibrisdakik.com\/?p=97933#primaryimage"},"thumbnailUrl":"https:\/\/kibrisdakik.com\/wp-content\/uploads\/2025\/11\/kuzey-makedonya-secim-aa-2413470.jpg","datePublished":"2025-11-02T07:13:17+00:00","author":{"@id":"https:\/\/kibrisdakik.com\/#\/schema\/person\/9cd9d437bbb44f72b73ba127e06d8e79"},"breadcrumb":{"@id":"https:\/\/kibrisdakik.com\/?p=97933#breadcrumb"},"inLanguage":"tr","potentialAction":[{"@type":"ReadAction","target":["https:\/\/kibrisdakik.com\/?p=97933"]}]},{"@type":"ImageObject","inLanguage":"tr","@id":"https:\/\/kibrisdakik.com\/?p=97933#primaryimage","url":"https:\/\/kibrisdakik.com\/wp-content\/uploads\/2025\/11\/kuzey-makedonya-secim-aa-2413470.jpg","contentUrl":"https:\/\/kibrisdakik.com\/wp-content\/uploads\/2025\/11\/kuzey-makedonya-secim-aa-2413470.jpg","width":1280,"height":720},{"@type":"BreadcrumbList","@id":"https:\/\/kibrisdakik.com\/?p=97933#breadcrumb","itemListElement":[{"@type":"ListItem","position":1,"name":"Home","item":"https:\/\/kibrisdakik.com\/"},{"@type":"ListItem","position":2,"name":"Kuzey Makedonya&#039;da halk, yerel se\u00e7imin ikinci turu i\u00e7in sand\u0131k ba\u015f\u0131nda"}]},{"@type":"WebSite","@id":"https:\/\/kibrisdakik.com\/#website","url":"https:\/\/kibrisdakik.com\/","name":"","description":"Tam vaktinde haber","potentialAction":[{"@type":"SearchAction","target":{"@type":"EntryPoint","urlTemplate":"https:\/\/kibrisdakik.com\/?s={search_term_string}"},"query-input":{"@type":"PropertyValueSpecification","valueRequired":true,"valueName":"search_term_string"}}],"inLanguage":"tr"},{"@type":"Person","@id":"https:\/\/kibrisdakik.com\/#\/schema\/person\/9cd9d437bbb44f72b73ba127e06d8e79","name":"admin","image":{"@type":"ImageObject","inLanguage":"tr","@id":"https:\/\/secure.gravatar.com\/avatar\/ccc17943b9d660506c869530f897617f7cb1c21a4bf30023f252596d83e1f007?s=96&d=mm&r=g","url":"https:\/\/secure.gravatar.com\/avatar\/ccc17943b9d660506c869530f897617f7cb1c21a4bf30023f252596d83e1f007?s=96&d=mm&r=g","contentUrl":"https:\/\/secure.gravatar.com\/avatar\/ccc17943b9d660506c869530f897617f7cb1c21a4bf30023f252596d83e1f007?s=96&d=mm&r=g","caption":"admin"},"sameAs":["https:\/\/kibrisdakik.com"],"url":"https:\/\/kibrisdakik.com\/?author=1"}]}},"_links":{"self":[{"href":"https:\/\/kibrisdakik.com\/index.php?rest_route=\/wp\/v2\/posts\/97933","targetHints":{"allow":["GET"]}}],"collection":[{"href":"https:\/\/kibrisdakik.com\/index.php?rest_route=\/wp\/v2\/posts"}],"about":[{"href":"https:\/\/kibrisdakik.com\/index.php?rest_route=\/wp\/v2\/types\/post"}],"author":[{"embeddable":true,"href":"https:\/\/kibrisdakik.com\/index.php?rest_route=\/wp\/v2\/users\/1"}],"replies":[{"embeddable":true,"href":"https:\/\/kibrisdakik.com\/index.php?rest_route=%2Fwp%2Fv2%2Fcomments&post=97933"}],"version-history":[{"count":0,"href":"https:\/\/kibrisdakik.com\/index.php?rest_route=\/wp\/v2\/posts\/97933\/revisions"}],"wp:featuredmedia":[{"embeddable":true,"href":"https:\/\/kibrisdakik.com\/index.php?rest_route=\/wp\/v2\/media\/97934"}],"wp:attachment":[{"href":"https:\/\/kibrisdakik.com\/index.php?rest_route=%2Fwp%2Fv2%2Fmedia&parent=97933"}],"wp:term":[{"taxonomy":"category","embeddable":true,"href":"https:\/\/kibrisdakik.com\/index.php?rest_route=%2Fwp%2Fv2%2Fcategories&post=97933"},{"taxonomy":"post_tag","embeddable":true,"href":"https:\/\/kibrisdakik.com\/index.php?rest_route=%2Fwp%2Fv2%2Ftags&post=97933"}],"curies":[{"name":"wp","href":"https:\/\/api.w.org\/{rel}","templated":true}]}}