{"id":98079,"date":"2025-11-03T15:23:10","date_gmt":"2025-11-03T13:23:10","guid":{"rendered":"https:\/\/kibrisdakik.com\/index.php\/2025\/11\/03\/foder-25-yil-kibris-fotograf-gunleri-sona-erdi\/"},"modified":"2025-11-03T15:23:10","modified_gmt":"2025-11-03T13:23:10","slug":"foder-25-yil-kibris-fotograf-gunleri-sona-erdi","status":"publish","type":"post","link":"https:\/\/kibrisdakik.com\/?p=98079","title":{"rendered":"FODER 25. YIL \u201cKIBRIS FOTO\u011eRAF G\u00dcNLER\u0130\u201d SONA ERD\u0130"},"content":{"rendered":"<p><\/p>\n<div data-text-id=\"188281\" property=\"articleBody\">\n<p>K\u0131br\u0131s T\u00fcrk Foto\u011fraf Derne\u011fi\u2019nin (FODER) 25\u2019inci y\u0131l\u0131 dolay\u0131s\u0131yla d\u00fczenlenen \u201cK\u0131br\u0131s Foto\u011fraf G\u00fcnleri\u201d d\u00fcn tamamland\u0131.<\/p>\n<p>Verilen bilgiye g\u00f6re, Merit Royal Diamond Otel ev sahipli\u011finde ger\u00e7ekle\u015ftirilen etkinlikte, T\u00fcrkiye\u2019den foto\u011fraf\u00e7\u0131lar Burak \u015eenbak, Deniz \u00c7eliker, Derya Yazar Ataser, Hamit Yal\u00e7\u0131n, Maruf \u015einik ve Okan Y\u0131lmaz, e\u011fitim ve at\u00f6lyeleriyle yer ald\u0131.<\/p>\n<p>T\u00fcrkiye Foto\u011fraf Sanat\u0131 Federasyonu\u2019nu (TFSF) temsilen y\u00f6neticiler de etkinli\u011fe kat\u0131ld\u0131.<\/p>\n<p>FODER \u00fcyeleri ile yerel foto\u011fraf dernekleri KlFSAD, FODOS, G\u0130FDER, D\u0130FSAD ve katk\u0131da bulunan di\u011fer foto\u011fraf\u00e7\u0131lar\u0131n sunumlar\u0131n\u0131n yan\u0131nda, IAAP Ba\u015fkan\u0131 Vladimir Jovanovski\u2019nin \u201cBenin\u2019de Ya\u015fam\u201d sergisi de etkinlikte yer ald\u0131.<\/p>\n<p>\u00dc\u00e7 g\u00fcn s\u00fcren etkinlik boyunca kat\u0131l\u0131mc\u0131lara te\u015fekk\u00fcr belgeleri ve plaketler de sunuldu.<\/p>\n<\/p><\/div>\n","protected":false},"excerpt":{"rendered":"<p>K\u0131br\u0131s T\u00fcrk Foto\u011fraf Derne\u011fi\u2019nin (FODER) 25\u2019inci y\u0131l\u0131 dolay\u0131s\u0131yla d\u00fczenlenen \u201cK\u0131br\u0131s Foto\u011fraf G\u00fcnleri\u201d d\u00fcn tamamland\u0131. Verilen bilgiye g\u00f6re, Merit Royal Diamond Otel ev sahipli\u011finde ger\u00e7ekle\u015ftirilen etkinlikte, T\u00fcrkiye\u2019den foto\u011fraf\u00e7\u0131lar Burak \u015eenbak, Deniz \u00c7eliker, Derya Yazar Ataser, Hamit Yal\u00e7\u0131n, Maruf \u015einik ve Okan Y\u0131lmaz, e\u011fitim ve at\u00f6lyeleriyle yer ald\u0131. T\u00fcrkiye Foto\u011fraf Sanat\u0131 Federasyonu\u2019nu (TFSF) temsilen y\u00f6neticiler de etkinli\u011fe<\/p>\n","protected":false},"author":1,"featured_media":98080,"comment_status":"open","ping_status":"open","sticky":false,"template":"","format":"standard","meta":{"footnotes":""},"categories":[81],"tags":[],"class_list":["post-98079","post","type-post","status-publish","format-standard","has-post-thumbnail","hentry","category-kibris"],"yoast_head":"<!-- This site is optimized with the Yoast SEO plugin v27.4 - https:\/\/yoast.com\/product\/yoast-seo-wordpress\/ -->\n<title>FODER 25. YIL \u201cKIBRIS FOTO\u011eRAF G\u00dcNLER\u0130\u201d SONA ERD\u0130 -<\/title>\n<meta name=\"robots\" content=\"index, follow, max-snippet:-1, max-image-preview:large, max-video-preview:-1\" \/>\n<link rel=\"canonical\" href=\"https:\/\/kibrisdakik.com\/?p=98079\" \/>\n<meta property=\"og:locale\" content=\"tr_TR\" \/>\n<meta property=\"og:type\" content=\"article\" \/>\n<meta property=\"og:title\" content=\"FODER 25. YIL \u201cKIBRIS FOTO\u011eRAF G\u00dcNLER\u0130\u201d SONA ERD\u0130 -\" \/>\n<meta property=\"og:description\" content=\"K\u0131br\u0131s T\u00fcrk Foto\u011fraf Derne\u011fi\u2019nin (FODER) 25\u2019inci y\u0131l\u0131 dolay\u0131s\u0131yla d\u00fczenlenen \u201cK\u0131br\u0131s Foto\u011fraf G\u00fcnleri\u201d d\u00fcn tamamland\u0131. Verilen bilgiye g\u00f6re, Merit Royal Diamond Otel ev sahipli\u011finde ger\u00e7ekle\u015ftirilen etkinlikte, T\u00fcrkiye\u2019den foto\u011fraf\u00e7\u0131lar Burak \u015eenbak, Deniz \u00c7eliker, Derya Yazar Ataser, Hamit Yal\u00e7\u0131n, Maruf \u015einik ve Okan Y\u0131lmaz, e\u011fitim ve at\u00f6lyeleriyle yer ald\u0131. T\u00fcrkiye Foto\u011fraf Sanat\u0131 Federasyonu\u2019nu (TFSF) temsilen y\u00f6neticiler de etkinli\u011fe\" \/>\n<meta property=\"og:url\" content=\"https:\/\/kibrisdakik.com\/?p=98079\" \/>\n<meta property=\"article:published_time\" content=\"2025-11-03T13:23:10+00:00\" \/>\n<meta property=\"og:image\" content=\"https:\/\/kibrisdakik.com\/wp-content\/uploads\/2025\/11\/mha-sari-beyaz-502.png\" \/>\n\t<meta property=\"og:image:width\" content=\"1280\" \/>\n\t<meta property=\"og:image:height\" content=\"720\" \/>\n\t<meta property=\"og:image:type\" content=\"image\/png\" \/>\n<meta name=\"author\" content=\"admin\" \/>\n<meta name=\"twitter:card\" content=\"summary_large_image\" \/>\n<meta name=\"twitter:label1\" content=\"Yazan:\" \/>\n\t<meta name=\"twitter:data1\" content=\"admin\" \/>\n\t<meta name=\"twitter:label2\" content=\"Tahmini okuma s\u00fcresi\" \/>\n\t<meta name=\"twitter:data2\" content=\"1 dakika\" \/>\n<script type=\"application\/ld+json\" class=\"yoast-schema-graph\">{\"@context\":\"https:\\\/\\\/schema.org\",\"@graph\":[{\"@type\":\"Article\",\"@id\":\"https:\\\/\\\/kibrisdakik.com\\\/?p=98079#article\",\"isPartOf\":{\"@id\":\"https:\\\/\\\/kibrisdakik.com\\\/?p=98079\"},\"author\":{\"name\":\"admin\",\"@id\":\"https:\\\/\\\/kibrisdakik.com\\\/#\\\/schema\\\/person\\\/9cd9d437bbb44f72b73ba127e06d8e79\"},\"headline\":\"FODER 25. YIL \u201cKIBRIS FOTO\u011eRAF G\u00dcNLER\u0130\u201d SONA ERD\u0130\",\"datePublished\":\"2025-11-03T13:23:10+00:00\",\"mainEntityOfPage\":{\"@id\":\"https:\\\/\\\/kibrisdakik.com\\\/?p=98079\"},\"wordCount\":159,\"commentCount\":0,\"image\":{\"@id\":\"https:\\\/\\\/kibrisdakik.com\\\/?p=98079#primaryimage\"},\"thumbnailUrl\":\"https:\\\/\\\/kibrisdakik.com\\\/wp-content\\\/uploads\\\/2025\\\/11\\\/mha-sari-beyaz-502.png\",\"articleSection\":[\"K\u0131br\u0131s\"],\"inLanguage\":\"tr\",\"potentialAction\":[{\"@type\":\"CommentAction\",\"name\":\"Comment\",\"target\":[\"https:\\\/\\\/kibrisdakik.com\\\/?p=98079#respond\"]}]},{\"@type\":\"WebPage\",\"@id\":\"https:\\\/\\\/kibrisdakik.com\\\/?p=98079\",\"url\":\"https:\\\/\\\/kibrisdakik.com\\\/?p=98079\",\"name\":\"FODER 25. YIL \u201cKIBRIS FOTO\u011eRAF G\u00dcNLER\u0130\u201d SONA ERD\u0130 -\",\"isPartOf\":{\"@id\":\"https:\\\/\\\/kibrisdakik.com\\\/#website\"},\"primaryImageOfPage\":{\"@id\":\"https:\\\/\\\/kibrisdakik.com\\\/?p=98079#primaryimage\"},\"image\":{\"@id\":\"https:\\\/\\\/kibrisdakik.com\\\/?p=98079#primaryimage\"},\"thumbnailUrl\":\"https:\\\/\\\/kibrisdakik.com\\\/wp-content\\\/uploads\\\/2025\\\/11\\\/mha-sari-beyaz-502.png\",\"datePublished\":\"2025-11-03T13:23:10+00:00\",\"author\":{\"@id\":\"https:\\\/\\\/kibrisdakik.com\\\/#\\\/schema\\\/person\\\/9cd9d437bbb44f72b73ba127e06d8e79\"},\"breadcrumb\":{\"@id\":\"https:\\\/\\\/kibrisdakik.com\\\/?p=98079#breadcrumb\"},\"inLanguage\":\"tr\",\"potentialAction\":[{\"@type\":\"ReadAction\",\"target\":[\"https:\\\/\\\/kibrisdakik.com\\\/?p=98079\"]}]},{\"@type\":\"ImageObject\",\"inLanguage\":\"tr\",\"@id\":\"https:\\\/\\\/kibrisdakik.com\\\/?p=98079#primaryimage\",\"url\":\"https:\\\/\\\/kibrisdakik.com\\\/wp-content\\\/uploads\\\/2025\\\/11\\\/mha-sari-beyaz-502.png\",\"contentUrl\":\"https:\\\/\\\/kibrisdakik.com\\\/wp-content\\\/uploads\\\/2025\\\/11\\\/mha-sari-beyaz-502.png\",\"width\":1280,\"height\":720},{\"@type\":\"BreadcrumbList\",\"@id\":\"https:\\\/\\\/kibrisdakik.com\\\/?p=98079#breadcrumb\",\"itemListElement\":[{\"@type\":\"ListItem\",\"position\":1,\"name\":\"Home\",\"item\":\"https:\\\/\\\/kibrisdakik.com\\\/\"},{\"@type\":\"ListItem\",\"position\":2,\"name\":\"FODER 25. YIL \u201cKIBRIS FOTO\u011eRAF G\u00dcNLER\u0130\u201d SONA ERD\u0130\"}]},{\"@type\":\"WebSite\",\"@id\":\"https:\\\/\\\/kibrisdakik.com\\\/#website\",\"url\":\"https:\\\/\\\/kibrisdakik.com\\\/\",\"name\":\"\",\"description\":\"Tam vaktinde haber\",\"potentialAction\":[{\"@type\":\"SearchAction\",\"target\":{\"@type\":\"EntryPoint\",\"urlTemplate\":\"https:\\\/\\\/kibrisdakik.com\\\/?s={search_term_string}\"},\"query-input\":{\"@type\":\"PropertyValueSpecification\",\"valueRequired\":true,\"valueName\":\"search_term_string\"}}],\"inLanguage\":\"tr\"},{\"@type\":\"Person\",\"@id\":\"https:\\\/\\\/kibrisdakik.com\\\/#\\\/schema\\\/person\\\/9cd9d437bbb44f72b73ba127e06d8e79\",\"name\":\"admin\",\"image\":{\"@type\":\"ImageObject\",\"inLanguage\":\"tr\",\"@id\":\"https:\\\/\\\/secure.gravatar.com\\\/avatar\\\/ccc17943b9d660506c869530f897617f7cb1c21a4bf30023f252596d83e1f007?s=96&d=mm&r=g\",\"url\":\"https:\\\/\\\/secure.gravatar.com\\\/avatar\\\/ccc17943b9d660506c869530f897617f7cb1c21a4bf30023f252596d83e1f007?s=96&d=mm&r=g\",\"contentUrl\":\"https:\\\/\\\/secure.gravatar.com\\\/avatar\\\/ccc17943b9d660506c869530f897617f7cb1c21a4bf30023f252596d83e1f007?s=96&d=mm&r=g\",\"caption\":\"admin\"},\"sameAs\":[\"https:\\\/\\\/kibrisdakik.com\"],\"url\":\"https:\\\/\\\/kibrisdakik.com\\\/?author=1\"}]}<\/script>\n<!-- \/ Yoast SEO plugin. -->","yoast_head_json":{"title":"FODER 25. YIL \u201cKIBRIS FOTO\u011eRAF G\u00dcNLER\u0130\u201d SONA ERD\u0130 -","robots":{"index":"index","follow":"follow","max-snippet":"max-snippet:-1","max-image-preview":"max-image-preview:large","max-video-preview":"max-video-preview:-1"},"canonical":"https:\/\/kibrisdakik.com\/?p=98079","og_locale":"tr_TR","og_type":"article","og_title":"FODER 25. YIL \u201cKIBRIS FOTO\u011eRAF G\u00dcNLER\u0130\u201d SONA ERD\u0130 -","og_description":"K\u0131br\u0131s T\u00fcrk Foto\u011fraf Derne\u011fi\u2019nin (FODER) 25\u2019inci y\u0131l\u0131 dolay\u0131s\u0131yla d\u00fczenlenen \u201cK\u0131br\u0131s Foto\u011fraf G\u00fcnleri\u201d d\u00fcn tamamland\u0131. Verilen bilgiye g\u00f6re, Merit Royal Diamond Otel ev sahipli\u011finde ger\u00e7ekle\u015ftirilen etkinlikte, T\u00fcrkiye\u2019den foto\u011fraf\u00e7\u0131lar Burak \u015eenbak, Deniz \u00c7eliker, Derya Yazar Ataser, Hamit Yal\u00e7\u0131n, Maruf \u015einik ve Okan Y\u0131lmaz, e\u011fitim ve at\u00f6lyeleriyle yer ald\u0131. T\u00fcrkiye Foto\u011fraf Sanat\u0131 Federasyonu\u2019nu (TFSF) temsilen y\u00f6neticiler de etkinli\u011fe","og_url":"https:\/\/kibrisdakik.com\/?p=98079","article_published_time":"2025-11-03T13:23:10+00:00","og_image":[{"width":1280,"height":720,"url":"https:\/\/kibrisdakik.com\/wp-content\/uploads\/2025\/11\/mha-sari-beyaz-502.png","type":"image\/png"}],"author":"admin","twitter_card":"summary_large_image","twitter_misc":{"Yazan:":"admin","Tahmini okuma s\u00fcresi":"1 dakika"},"schema":{"@context":"https:\/\/schema.org","@graph":[{"@type":"Article","@id":"https:\/\/kibrisdakik.com\/?p=98079#article","isPartOf":{"@id":"https:\/\/kibrisdakik.com\/?p=98079"},"author":{"name":"admin","@id":"https:\/\/kibrisdakik.com\/#\/schema\/person\/9cd9d437bbb44f72b73ba127e06d8e79"},"headline":"FODER 25. YIL \u201cKIBRIS FOTO\u011eRAF G\u00dcNLER\u0130\u201d SONA ERD\u0130","datePublished":"2025-11-03T13:23:10+00:00","mainEntityOfPage":{"@id":"https:\/\/kibrisdakik.com\/?p=98079"},"wordCount":159,"commentCount":0,"image":{"@id":"https:\/\/kibrisdakik.com\/?p=98079#primaryimage"},"thumbnailUrl":"https:\/\/kibrisdakik.com\/wp-content\/uploads\/2025\/11\/mha-sari-beyaz-502.png","articleSection":["K\u0131br\u0131s"],"inLanguage":"tr","potentialAction":[{"@type":"CommentAction","name":"Comment","target":["https:\/\/kibrisdakik.com\/?p=98079#respond"]}]},{"@type":"WebPage","@id":"https:\/\/kibrisdakik.com\/?p=98079","url":"https:\/\/kibrisdakik.com\/?p=98079","name":"FODER 25. YIL \u201cKIBRIS FOTO\u011eRAF G\u00dcNLER\u0130\u201d SONA ERD\u0130 -","isPartOf":{"@id":"https:\/\/kibrisdakik.com\/#website"},"primaryImageOfPage":{"@id":"https:\/\/kibrisdakik.com\/?p=98079#primaryimage"},"image":{"@id":"https:\/\/kibrisdakik.com\/?p=98079#primaryimage"},"thumbnailUrl":"https:\/\/kibrisdakik.com\/wp-content\/uploads\/2025\/11\/mha-sari-beyaz-502.png","datePublished":"2025-11-03T13:23:10+00:00","author":{"@id":"https:\/\/kibrisdakik.com\/#\/schema\/person\/9cd9d437bbb44f72b73ba127e06d8e79"},"breadcrumb":{"@id":"https:\/\/kibrisdakik.com\/?p=98079#breadcrumb"},"inLanguage":"tr","potentialAction":[{"@type":"ReadAction","target":["https:\/\/kibrisdakik.com\/?p=98079"]}]},{"@type":"ImageObject","inLanguage":"tr","@id":"https:\/\/kibrisdakik.com\/?p=98079#primaryimage","url":"https:\/\/kibrisdakik.com\/wp-content\/uploads\/2025\/11\/mha-sari-beyaz-502.png","contentUrl":"https:\/\/kibrisdakik.com\/wp-content\/uploads\/2025\/11\/mha-sari-beyaz-502.png","width":1280,"height":720},{"@type":"BreadcrumbList","@id":"https:\/\/kibrisdakik.com\/?p=98079#breadcrumb","itemListElement":[{"@type":"ListItem","position":1,"name":"Home","item":"https:\/\/kibrisdakik.com\/"},{"@type":"ListItem","position":2,"name":"FODER 25. YIL \u201cKIBRIS FOTO\u011eRAF G\u00dcNLER\u0130\u201d SONA ERD\u0130"}]},{"@type":"WebSite","@id":"https:\/\/kibrisdakik.com\/#website","url":"https:\/\/kibrisdakik.com\/","name":"","description":"Tam vaktinde haber","potentialAction":[{"@type":"SearchAction","target":{"@type":"EntryPoint","urlTemplate":"https:\/\/kibrisdakik.com\/?s={search_term_string}"},"query-input":{"@type":"PropertyValueSpecification","valueRequired":true,"valueName":"search_term_string"}}],"inLanguage":"tr"},{"@type":"Person","@id":"https:\/\/kibrisdakik.com\/#\/schema\/person\/9cd9d437bbb44f72b73ba127e06d8e79","name":"admin","image":{"@type":"ImageObject","inLanguage":"tr","@id":"https:\/\/secure.gravatar.com\/avatar\/ccc17943b9d660506c869530f897617f7cb1c21a4bf30023f252596d83e1f007?s=96&d=mm&r=g","url":"https:\/\/secure.gravatar.com\/avatar\/ccc17943b9d660506c869530f897617f7cb1c21a4bf30023f252596d83e1f007?s=96&d=mm&r=g","contentUrl":"https:\/\/secure.gravatar.com\/avatar\/ccc17943b9d660506c869530f897617f7cb1c21a4bf30023f252596d83e1f007?s=96&d=mm&r=g","caption":"admin"},"sameAs":["https:\/\/kibrisdakik.com"],"url":"https:\/\/kibrisdakik.com\/?author=1"}]}},"_links":{"self":[{"href":"https:\/\/kibrisdakik.com\/index.php?rest_route=\/wp\/v2\/posts\/98079","targetHints":{"allow":["GET"]}}],"collection":[{"href":"https:\/\/kibrisdakik.com\/index.php?rest_route=\/wp\/v2\/posts"}],"about":[{"href":"https:\/\/kibrisdakik.com\/index.php?rest_route=\/wp\/v2\/types\/post"}],"author":[{"embeddable":true,"href":"https:\/\/kibrisdakik.com\/index.php?rest_route=\/wp\/v2\/users\/1"}],"replies":[{"embeddable":true,"href":"https:\/\/kibrisdakik.com\/index.php?rest_route=%2Fwp%2Fv2%2Fcomments&post=98079"}],"version-history":[{"count":0,"href":"https:\/\/kibrisdakik.com\/index.php?rest_route=\/wp\/v2\/posts\/98079\/revisions"}],"wp:featuredmedia":[{"embeddable":true,"href":"https:\/\/kibrisdakik.com\/index.php?rest_route=\/wp\/v2\/media\/98080"}],"wp:attachment":[{"href":"https:\/\/kibrisdakik.com\/index.php?rest_route=%2Fwp%2Fv2%2Fmedia&parent=98079"}],"wp:term":[{"taxonomy":"category","embeddable":true,"href":"https:\/\/kibrisdakik.com\/index.php?rest_route=%2Fwp%2Fv2%2Fcategories&post=98079"},{"taxonomy":"post_tag","embeddable":true,"href":"https:\/\/kibrisdakik.com\/index.php?rest_route=%2Fwp%2Fv2%2Ftags&post=98079"}],"curies":[{"name":"wp","href":"https:\/\/api.w.org\/{rel}","templated":true}]}}