{"id":98100,"date":"2025-11-03T17:14:16","date_gmt":"2025-11-03T15:14:16","guid":{"rendered":"https:\/\/kibrisdakik.com\/index.php\/2025\/11\/03\/berova-2026-butcesi-31-ekimde-meclise-sunulacak\/"},"modified":"2025-11-03T17:14:16","modified_gmt":"2025-11-03T15:14:16","slug":"berova-2026-butcesi-31-ekimde-meclise-sunulacak","status":"publish","type":"post","link":"https:\/\/kibrisdakik.com\/?p=98100","title":{"rendered":"BEROVA: 2026 B\u00dcT\u00c7ES\u0130 31 EK\u0130M\u2019DE MECL\u0130S\u2019E SUNULACAK"},"content":{"rendered":"<p><\/p>\n<div data-text-id=\"188309\" property=\"articleBody\">\n<p>Maliye Bakan\u0131 \u00d6zdemir Berova, Meclis Genel Kurulu\u2019nda 2026 y\u0131l\u0131 b\u00fct\u00e7esi ve ekonomiyle ilgili a\u00e7\u0131klamalarda bulundu. Berova, yeni b\u00fct\u00e7e yasa tasar\u0131s\u0131n\u0131n 31 Ekim\u2019de Meclis\u2019e sunulaca\u011f\u0131n\u0131 belirtti.<\/p>\n<p>Bakan, 2025 y\u0131l\u0131 b\u00fct\u00e7esinde \u00f6denek s\u0131k\u0131nt\u0131s\u0131 ya\u015fanmad\u0131\u011f\u0131n\u0131 ve ek b\u00fct\u00e7eye ihtiya\u00e7 olmad\u0131\u011f\u0131n\u0131 vurgulad\u0131. \u201cArkada\u015flar\u0131ma b\u00fct\u00e7eyi rasyonel haz\u0131rlay\u0131n dedim; gelirleri \u015fi\u015firmeyin, giderleri d\u00fc\u015f\u00fcrmeyin\u201d ifadelerini kulland\u0131.<\/p>\n<p>2026 b\u00fct\u00e7esinde hayat pahal\u0131l\u0131\u011f\u0131 oranlar\u0131n\u0131n dikkate al\u0131nd\u0131\u011f\u0131n\u0131 a\u00e7\u0131klayan Berova, Haziran ay\u0131nda y\u00fczde 12\u2019lik bir art\u0131\u015f \u00f6ng\u00f6rd\u00fcklerini, T\u00fcrkiye\u2019de ise y\u00fczde 15\u2019lik bir HP beklendi\u011fini belirtti.<\/p>\n<p>Berova, pandemi ve y\u00fcksek enflasyon ile d\u00f6viz-faiz art\u0131\u015flar\u0131na ra\u011fmen b\u00fct\u00e7e dengesinin korundu\u011funu, yat\u0131r\u0131mlar\u0131n etkilenmesine ra\u011fmen T\u00fcrkiye\u2019deki ekonomik iyile\u015fmenin KKTC\u2019yi de olumlu etkiledi\u011fini ifade etti.<\/p>\n<p>Ge\u00e7en y\u0131l b\u00fct\u00e7ede y\u00fczde 40\u2019l\u0131k bir art\u0131\u015f ya\u015fand\u0131\u011f\u0131n\u0131, b\u00fct\u00e7e a\u00e7\u0131\u011f\u0131 oran\u0131nda ise anlaml\u0131 bir de\u011fi\u015fiklik olmad\u0131\u011f\u0131n\u0131 belirten Berova, 2026\u2019da mali disiplinin korunaca\u011f\u0131n\u0131 ve ekonominin daha iyi bir noktaya gelece\u011fini s\u00f6yledi.<\/p>\n<p>Maliye Bakan\u0131, b\u00fct\u00e7ede vergide adalet, kay\u0131t d\u0131\u015f\u0131l\u0131\u011f\u0131n \u00f6nlenmesi ve gelir art\u0131r\u0131c\u0131 yasalar konular\u0131nda da ilerleme sa\u011fland\u0131\u011f\u0131n\u0131 ifade etti.<\/p>\n<\/p><\/div>\n","protected":false},"excerpt":{"rendered":"<p>Maliye Bakan\u0131 \u00d6zdemir Berova, Meclis Genel Kurulu\u2019nda 2026 y\u0131l\u0131 b\u00fct\u00e7esi ve ekonomiyle ilgili a\u00e7\u0131klamalarda bulundu. Berova, yeni b\u00fct\u00e7e yasa tasar\u0131s\u0131n\u0131n 31 Ekim\u2019de Meclis\u2019e sunulaca\u011f\u0131n\u0131 belirtti. Bakan, 2025 y\u0131l\u0131 b\u00fct\u00e7esinde \u00f6denek s\u0131k\u0131nt\u0131s\u0131 ya\u015fanmad\u0131\u011f\u0131n\u0131 ve ek b\u00fct\u00e7eye ihtiya\u00e7 olmad\u0131\u011f\u0131n\u0131 vurgulad\u0131. \u201cArkada\u015flar\u0131ma b\u00fct\u00e7eyi rasyonel haz\u0131rlay\u0131n dedim; gelirleri \u015fi\u015firmeyin, giderleri d\u00fc\u015f\u00fcrmeyin\u201d ifadelerini kulland\u0131. 2026 b\u00fct\u00e7esinde hayat pahal\u0131l\u0131\u011f\u0131 oranlar\u0131n\u0131n dikkate<\/p>\n","protected":false},"author":1,"featured_media":98101,"comment_status":"open","ping_status":"open","sticky":false,"template":"","format":"standard","meta":{"footnotes":""},"categories":[81],"tags":[],"class_list":["post-98100","post","type-post","status-publish","format-standard","has-post-thumbnail","hentry","category-kibris"],"yoast_head":"<!-- This site is optimized with the Yoast SEO plugin v27.5 - https:\/\/yoast.com\/product\/yoast-seo-wordpress\/ -->\n<title>BEROVA: 2026 B\u00dcT\u00c7ES\u0130 31 EK\u0130M\u2019DE MECL\u0130S\u2019E SUNULACAK -<\/title>\n<meta name=\"robots\" content=\"index, follow, max-snippet:-1, max-image-preview:large, max-video-preview:-1\" \/>\n<link rel=\"canonical\" href=\"https:\/\/kibrisdakik.com\/?p=98100\" \/>\n<meta property=\"og:locale\" content=\"tr_TR\" \/>\n<meta property=\"og:type\" content=\"article\" \/>\n<meta property=\"og:title\" content=\"BEROVA: 2026 B\u00dcT\u00c7ES\u0130 31 EK\u0130M\u2019DE MECL\u0130S\u2019E SUNULACAK -\" \/>\n<meta property=\"og:description\" content=\"Maliye Bakan\u0131 \u00d6zdemir Berova, Meclis Genel Kurulu\u2019nda 2026 y\u0131l\u0131 b\u00fct\u00e7esi ve ekonomiyle ilgili a\u00e7\u0131klamalarda bulundu. Berova, yeni b\u00fct\u00e7e yasa tasar\u0131s\u0131n\u0131n 31 Ekim\u2019de Meclis\u2019e sunulaca\u011f\u0131n\u0131 belirtti. Bakan, 2025 y\u0131l\u0131 b\u00fct\u00e7esinde \u00f6denek s\u0131k\u0131nt\u0131s\u0131 ya\u015fanmad\u0131\u011f\u0131n\u0131 ve ek b\u00fct\u00e7eye ihtiya\u00e7 olmad\u0131\u011f\u0131n\u0131 vurgulad\u0131. \u201cArkada\u015flar\u0131ma b\u00fct\u00e7eyi rasyonel haz\u0131rlay\u0131n dedim; gelirleri \u015fi\u015firmeyin, giderleri d\u00fc\u015f\u00fcrmeyin\u201d ifadelerini kulland\u0131. 2026 b\u00fct\u00e7esinde hayat pahal\u0131l\u0131\u011f\u0131 oranlar\u0131n\u0131n dikkate\" \/>\n<meta property=\"og:url\" content=\"https:\/\/kibrisdakik.com\/?p=98100\" \/>\n<meta property=\"article:published_time\" content=\"2025-11-03T15:14:16+00:00\" \/>\n<meta property=\"og:image\" content=\"https:\/\/kibrisdakik.com\/wp-content\/uploads\/2025\/11\/mha-sari-beyaz-510.png\" \/>\n\t<meta property=\"og:image:width\" content=\"1280\" \/>\n\t<meta property=\"og:image:height\" content=\"720\" \/>\n\t<meta property=\"og:image:type\" content=\"image\/png\" \/>\n<meta name=\"author\" content=\"admin\" \/>\n<meta name=\"twitter:card\" content=\"summary_large_image\" \/>\n<meta name=\"twitter:label1\" content=\"Yazan:\" \/>\n\t<meta name=\"twitter:data1\" content=\"admin\" \/>\n\t<meta name=\"twitter:label2\" content=\"Tahmini okuma s\u00fcresi\" \/>\n\t<meta name=\"twitter:data2\" content=\"1 dakika\" \/>\n<script type=\"application\/ld+json\" class=\"yoast-schema-graph\">{\"@context\":\"https:\\\/\\\/schema.org\",\"@graph\":[{\"@type\":\"Article\",\"@id\":\"https:\\\/\\\/kibrisdakik.com\\\/?p=98100#article\",\"isPartOf\":{\"@id\":\"https:\\\/\\\/kibrisdakik.com\\\/?p=98100\"},\"author\":{\"name\":\"admin\",\"@id\":\"https:\\\/\\\/kibrisdakik.com\\\/#\\\/schema\\\/person\\\/9cd9d437bbb44f72b73ba127e06d8e79\"},\"headline\":\"BEROVA: 2026 B\u00dcT\u00c7ES\u0130 31 EK\u0130M\u2019DE MECL\u0130S\u2019E SUNULACAK\",\"datePublished\":\"2025-11-03T15:14:16+00:00\",\"mainEntityOfPage\":{\"@id\":\"https:\\\/\\\/kibrisdakik.com\\\/?p=98100\"},\"wordCount\":244,\"commentCount\":0,\"image\":{\"@id\":\"https:\\\/\\\/kibrisdakik.com\\\/?p=98100#primaryimage\"},\"thumbnailUrl\":\"https:\\\/\\\/kibrisdakik.com\\\/wp-content\\\/uploads\\\/2025\\\/11\\\/mha-sari-beyaz-510.png\",\"articleSection\":[\"K\u0131br\u0131s\"],\"inLanguage\":\"tr\",\"potentialAction\":[{\"@type\":\"CommentAction\",\"name\":\"Comment\",\"target\":[\"https:\\\/\\\/kibrisdakik.com\\\/?p=98100#respond\"]}]},{\"@type\":\"WebPage\",\"@id\":\"https:\\\/\\\/kibrisdakik.com\\\/?p=98100\",\"url\":\"https:\\\/\\\/kibrisdakik.com\\\/?p=98100\",\"name\":\"BEROVA: 2026 B\u00dcT\u00c7ES\u0130 31 EK\u0130M\u2019DE MECL\u0130S\u2019E SUNULACAK -\",\"isPartOf\":{\"@id\":\"https:\\\/\\\/kibrisdakik.com\\\/#website\"},\"primaryImageOfPage\":{\"@id\":\"https:\\\/\\\/kibrisdakik.com\\\/?p=98100#primaryimage\"},\"image\":{\"@id\":\"https:\\\/\\\/kibrisdakik.com\\\/?p=98100#primaryimage\"},\"thumbnailUrl\":\"https:\\\/\\\/kibrisdakik.com\\\/wp-content\\\/uploads\\\/2025\\\/11\\\/mha-sari-beyaz-510.png\",\"datePublished\":\"2025-11-03T15:14:16+00:00\",\"author\":{\"@id\":\"https:\\\/\\\/kibrisdakik.com\\\/#\\\/schema\\\/person\\\/9cd9d437bbb44f72b73ba127e06d8e79\"},\"breadcrumb\":{\"@id\":\"https:\\\/\\\/kibrisdakik.com\\\/?p=98100#breadcrumb\"},\"inLanguage\":\"tr\",\"potentialAction\":[{\"@type\":\"ReadAction\",\"target\":[\"https:\\\/\\\/kibrisdakik.com\\\/?p=98100\"]}]},{\"@type\":\"ImageObject\",\"inLanguage\":\"tr\",\"@id\":\"https:\\\/\\\/kibrisdakik.com\\\/?p=98100#primaryimage\",\"url\":\"https:\\\/\\\/kibrisdakik.com\\\/wp-content\\\/uploads\\\/2025\\\/11\\\/mha-sari-beyaz-510.png\",\"contentUrl\":\"https:\\\/\\\/kibrisdakik.com\\\/wp-content\\\/uploads\\\/2025\\\/11\\\/mha-sari-beyaz-510.png\",\"width\":1280,\"height\":720},{\"@type\":\"BreadcrumbList\",\"@id\":\"https:\\\/\\\/kibrisdakik.com\\\/?p=98100#breadcrumb\",\"itemListElement\":[{\"@type\":\"ListItem\",\"position\":1,\"name\":\"Home\",\"item\":\"https:\\\/\\\/kibrisdakik.com\\\/\"},{\"@type\":\"ListItem\",\"position\":2,\"name\":\"BEROVA: 2026 B\u00dcT\u00c7ES\u0130 31 EK\u0130M\u2019DE MECL\u0130S\u2019E SUNULACAK\"}]},{\"@type\":\"WebSite\",\"@id\":\"https:\\\/\\\/kibrisdakik.com\\\/#website\",\"url\":\"https:\\\/\\\/kibrisdakik.com\\\/\",\"name\":\"\",\"description\":\"Tam vaktinde haber\",\"potentialAction\":[{\"@type\":\"SearchAction\",\"target\":{\"@type\":\"EntryPoint\",\"urlTemplate\":\"https:\\\/\\\/kibrisdakik.com\\\/?s={search_term_string}\"},\"query-input\":{\"@type\":\"PropertyValueSpecification\",\"valueRequired\":true,\"valueName\":\"search_term_string\"}}],\"inLanguage\":\"tr\"},{\"@type\":\"Person\",\"@id\":\"https:\\\/\\\/kibrisdakik.com\\\/#\\\/schema\\\/person\\\/9cd9d437bbb44f72b73ba127e06d8e79\",\"name\":\"admin\",\"image\":{\"@type\":\"ImageObject\",\"inLanguage\":\"tr\",\"@id\":\"https:\\\/\\\/secure.gravatar.com\\\/avatar\\\/ccc17943b9d660506c869530f897617f7cb1c21a4bf30023f252596d83e1f007?s=96&d=mm&r=g\",\"url\":\"https:\\\/\\\/secure.gravatar.com\\\/avatar\\\/ccc17943b9d660506c869530f897617f7cb1c21a4bf30023f252596d83e1f007?s=96&d=mm&r=g\",\"contentUrl\":\"https:\\\/\\\/secure.gravatar.com\\\/avatar\\\/ccc17943b9d660506c869530f897617f7cb1c21a4bf30023f252596d83e1f007?s=96&d=mm&r=g\",\"caption\":\"admin\"},\"sameAs\":[\"https:\\\/\\\/kibrisdakik.com\"],\"url\":\"https:\\\/\\\/kibrisdakik.com\\\/?author=1\"}]}<\/script>\n<!-- \/ Yoast SEO plugin. -->","yoast_head_json":{"title":"BEROVA: 2026 B\u00dcT\u00c7ES\u0130 31 EK\u0130M\u2019DE MECL\u0130S\u2019E SUNULACAK -","robots":{"index":"index","follow":"follow","max-snippet":"max-snippet:-1","max-image-preview":"max-image-preview:large","max-video-preview":"max-video-preview:-1"},"canonical":"https:\/\/kibrisdakik.com\/?p=98100","og_locale":"tr_TR","og_type":"article","og_title":"BEROVA: 2026 B\u00dcT\u00c7ES\u0130 31 EK\u0130M\u2019DE MECL\u0130S\u2019E SUNULACAK -","og_description":"Maliye Bakan\u0131 \u00d6zdemir Berova, Meclis Genel Kurulu\u2019nda 2026 y\u0131l\u0131 b\u00fct\u00e7esi ve ekonomiyle ilgili a\u00e7\u0131klamalarda bulundu. Berova, yeni b\u00fct\u00e7e yasa tasar\u0131s\u0131n\u0131n 31 Ekim\u2019de Meclis\u2019e sunulaca\u011f\u0131n\u0131 belirtti. Bakan, 2025 y\u0131l\u0131 b\u00fct\u00e7esinde \u00f6denek s\u0131k\u0131nt\u0131s\u0131 ya\u015fanmad\u0131\u011f\u0131n\u0131 ve ek b\u00fct\u00e7eye ihtiya\u00e7 olmad\u0131\u011f\u0131n\u0131 vurgulad\u0131. \u201cArkada\u015flar\u0131ma b\u00fct\u00e7eyi rasyonel haz\u0131rlay\u0131n dedim; gelirleri \u015fi\u015firmeyin, giderleri d\u00fc\u015f\u00fcrmeyin\u201d ifadelerini kulland\u0131. 2026 b\u00fct\u00e7esinde hayat pahal\u0131l\u0131\u011f\u0131 oranlar\u0131n\u0131n dikkate","og_url":"https:\/\/kibrisdakik.com\/?p=98100","article_published_time":"2025-11-03T15:14:16+00:00","og_image":[{"width":1280,"height":720,"url":"https:\/\/kibrisdakik.com\/wp-content\/uploads\/2025\/11\/mha-sari-beyaz-510.png","type":"image\/png"}],"author":"admin","twitter_card":"summary_large_image","twitter_misc":{"Yazan:":"admin","Tahmini okuma s\u00fcresi":"1 dakika"},"schema":{"@context":"https:\/\/schema.org","@graph":[{"@type":"Article","@id":"https:\/\/kibrisdakik.com\/?p=98100#article","isPartOf":{"@id":"https:\/\/kibrisdakik.com\/?p=98100"},"author":{"name":"admin","@id":"https:\/\/kibrisdakik.com\/#\/schema\/person\/9cd9d437bbb44f72b73ba127e06d8e79"},"headline":"BEROVA: 2026 B\u00dcT\u00c7ES\u0130 31 EK\u0130M\u2019DE MECL\u0130S\u2019E SUNULACAK","datePublished":"2025-11-03T15:14:16+00:00","mainEntityOfPage":{"@id":"https:\/\/kibrisdakik.com\/?p=98100"},"wordCount":244,"commentCount":0,"image":{"@id":"https:\/\/kibrisdakik.com\/?p=98100#primaryimage"},"thumbnailUrl":"https:\/\/kibrisdakik.com\/wp-content\/uploads\/2025\/11\/mha-sari-beyaz-510.png","articleSection":["K\u0131br\u0131s"],"inLanguage":"tr","potentialAction":[{"@type":"CommentAction","name":"Comment","target":["https:\/\/kibrisdakik.com\/?p=98100#respond"]}]},{"@type":"WebPage","@id":"https:\/\/kibrisdakik.com\/?p=98100","url":"https:\/\/kibrisdakik.com\/?p=98100","name":"BEROVA: 2026 B\u00dcT\u00c7ES\u0130 31 EK\u0130M\u2019DE MECL\u0130S\u2019E SUNULACAK -","isPartOf":{"@id":"https:\/\/kibrisdakik.com\/#website"},"primaryImageOfPage":{"@id":"https:\/\/kibrisdakik.com\/?p=98100#primaryimage"},"image":{"@id":"https:\/\/kibrisdakik.com\/?p=98100#primaryimage"},"thumbnailUrl":"https:\/\/kibrisdakik.com\/wp-content\/uploads\/2025\/11\/mha-sari-beyaz-510.png","datePublished":"2025-11-03T15:14:16+00:00","author":{"@id":"https:\/\/kibrisdakik.com\/#\/schema\/person\/9cd9d437bbb44f72b73ba127e06d8e79"},"breadcrumb":{"@id":"https:\/\/kibrisdakik.com\/?p=98100#breadcrumb"},"inLanguage":"tr","potentialAction":[{"@type":"ReadAction","target":["https:\/\/kibrisdakik.com\/?p=98100"]}]},{"@type":"ImageObject","inLanguage":"tr","@id":"https:\/\/kibrisdakik.com\/?p=98100#primaryimage","url":"https:\/\/kibrisdakik.com\/wp-content\/uploads\/2025\/11\/mha-sari-beyaz-510.png","contentUrl":"https:\/\/kibrisdakik.com\/wp-content\/uploads\/2025\/11\/mha-sari-beyaz-510.png","width":1280,"height":720},{"@type":"BreadcrumbList","@id":"https:\/\/kibrisdakik.com\/?p=98100#breadcrumb","itemListElement":[{"@type":"ListItem","position":1,"name":"Home","item":"https:\/\/kibrisdakik.com\/"},{"@type":"ListItem","position":2,"name":"BEROVA: 2026 B\u00dcT\u00c7ES\u0130 31 EK\u0130M\u2019DE MECL\u0130S\u2019E SUNULACAK"}]},{"@type":"WebSite","@id":"https:\/\/kibrisdakik.com\/#website","url":"https:\/\/kibrisdakik.com\/","name":"","description":"Tam vaktinde haber","potentialAction":[{"@type":"SearchAction","target":{"@type":"EntryPoint","urlTemplate":"https:\/\/kibrisdakik.com\/?s={search_term_string}"},"query-input":{"@type":"PropertyValueSpecification","valueRequired":true,"valueName":"search_term_string"}}],"inLanguage":"tr"},{"@type":"Person","@id":"https:\/\/kibrisdakik.com\/#\/schema\/person\/9cd9d437bbb44f72b73ba127e06d8e79","name":"admin","image":{"@type":"ImageObject","inLanguage":"tr","@id":"https:\/\/secure.gravatar.com\/avatar\/ccc17943b9d660506c869530f897617f7cb1c21a4bf30023f252596d83e1f007?s=96&d=mm&r=g","url":"https:\/\/secure.gravatar.com\/avatar\/ccc17943b9d660506c869530f897617f7cb1c21a4bf30023f252596d83e1f007?s=96&d=mm&r=g","contentUrl":"https:\/\/secure.gravatar.com\/avatar\/ccc17943b9d660506c869530f897617f7cb1c21a4bf30023f252596d83e1f007?s=96&d=mm&r=g","caption":"admin"},"sameAs":["https:\/\/kibrisdakik.com"],"url":"https:\/\/kibrisdakik.com\/?author=1"}]}},"_links":{"self":[{"href":"https:\/\/kibrisdakik.com\/index.php?rest_route=\/wp\/v2\/posts\/98100","targetHints":{"allow":["GET"]}}],"collection":[{"href":"https:\/\/kibrisdakik.com\/index.php?rest_route=\/wp\/v2\/posts"}],"about":[{"href":"https:\/\/kibrisdakik.com\/index.php?rest_route=\/wp\/v2\/types\/post"}],"author":[{"embeddable":true,"href":"https:\/\/kibrisdakik.com\/index.php?rest_route=\/wp\/v2\/users\/1"}],"replies":[{"embeddable":true,"href":"https:\/\/kibrisdakik.com\/index.php?rest_route=%2Fwp%2Fv2%2Fcomments&post=98100"}],"version-history":[{"count":0,"href":"https:\/\/kibrisdakik.com\/index.php?rest_route=\/wp\/v2\/posts\/98100\/revisions"}],"wp:featuredmedia":[{"embeddable":true,"href":"https:\/\/kibrisdakik.com\/index.php?rest_route=\/wp\/v2\/media\/98101"}],"wp:attachment":[{"href":"https:\/\/kibrisdakik.com\/index.php?rest_route=%2Fwp%2Fv2%2Fmedia&parent=98100"}],"wp:term":[{"taxonomy":"category","embeddable":true,"href":"https:\/\/kibrisdakik.com\/index.php?rest_route=%2Fwp%2Fv2%2Fcategories&post=98100"},{"taxonomy":"post_tag","embeddable":true,"href":"https:\/\/kibrisdakik.com\/index.php?rest_route=%2Fwp%2Fv2%2Ftags&post=98100"}],"curies":[{"name":"wp","href":"https:\/\/api.w.org\/{rel}","templated":true}]}}