{"id":98112,"date":"2025-11-03T19:13:12","date_gmt":"2025-11-03T17:13:12","guid":{"rendered":"https:\/\/kibrisdakik.com\/index.php\/2025\/11\/03\/akansoy-bugunden-yarina-hic-kimse-disarida-kalmayacak\/"},"modified":"2025-11-03T19:13:12","modified_gmt":"2025-11-03T17:13:12","slug":"akansoy-bugunden-yarina-hic-kimse-disarida-kalmayacak","status":"publish","type":"post","link":"https:\/\/kibrisdakik.com\/?p=98112","title":{"rendered":"AKANSOY: \u201cBUG\u00dcNDEN YARINA, H\u0130\u00c7 K\u0130MSE DI\u015eARIDA KALMAYACAK\u201d"},"content":{"rendered":"<p><\/p>\n<p>CTP Milletvekili As\u0131m Akansoy: \u201cHi\u00e7 kimse d\u0131\u015far\u0131da kalmayacak, liyakat ve kapsay\u0131c\u0131l\u0131k temelimizdir\u201d<\/p>\n<p>Cumhuriyet\u00e7i T\u00fcrk Partisi (CTP) Milletvekili As\u0131m Akansoy, G\u00f6k\u00e7e \u00d6rnekal\u2019\u0131n haz\u0131rlay\u0131p sundu\u011fu \u201cHayata Dair\u201d program\u0131na konuk olarak, Cumhurba\u015fkanl\u0131\u011f\u0131, parti i\u00e7i s\u00fcre\u00e7ler ve K\u0131br\u0131s sorunu \u00fczerine de\u011ferlendirmelerde bulundu.<\/p>\n<p>Sorulan soru \u00fczerine Akansoy, Cumhurba\u015fkan\u0131 Tufan Erh\u00fcrman\u2019\u0131n dan\u0131\u015fman tercihleriyle ilgili, \u201cSay\u0131n Cumhurba\u015fkan\u0131n\u0131n liyakata, uzmanl\u0131\u011fa ve hak edi\u015fe g\u00f6re hareket edece\u011finden kimsenin ku\u015fkusu olmas\u0131n. Kimsenin ekme\u011fiyle oynanmayacak, ancak herkesin yapt\u0131\u011f\u0131 i\u015f de\u011ferlendirilecektir, diye d\u00fc\u015f\u00fcnmekteyim.\u201d dedi.<\/p>\n<p>CTP\u2019nin demokratik yap\u0131s\u0131na vurgu yapan Akansoy, parti i\u00e7indeki farkl\u0131 g\u00f6r\u00fc\u015flerin do\u011fall\u0131\u011f\u0131na dikkat \u00e7ekti:<br \/>\n\u201cAyn\u0131 partide olmak, herkesin her konuda ayn\u0131 d\u00fc\u015f\u00fcnmesini gerektirmez. Burada \u00f6nemli olan t\u00fcz\u00fck, provam ve tezlerimizdir. \u0130\u00e7te her zaman demokratik tart\u0131\u015fmalar olur, \u00f6nemli olan bunun d\u0131\u015fa yans\u0131t\u0131lmamas\u0131, partili olman\u0131n bilinciyle, birlikte \u00e7al\u0131\u015fmak ve sorumlulukla hareket etmek gerektirir.\u201d<br \/>\nParti kurultay\u0131 s\u00fcrecinde bir kar\u0131\u015f\u0131kl\u0131k olmad\u0131\u011f\u0131n\u0131 vurgulayan Akansoy, \u201cBizim i\u00e7in \u00f6nemli olan ki\u015fisel h\u0131rslar de\u011fil, halk\u0131n beklentilerini kar\u015f\u0131lamak ve partiyi gelece\u011fe ta\u015f\u0131makt\u0131r\u201d diye konu\u015ftu.<\/p>\n<p>K\u0131br\u0131s sorununa da de\u011finen Akansoy, CTP\u2019nin t\u00fcz\u00fc\u011f\u00fcnde yer alan \u00e7\u00f6z\u00fcm modelinin BM parametreleri \u00e7er\u00e7evesinde, evrensel de\u011ferler ekseninde acil bir \u00e7\u00f6z\u00fcm oldu\u011funu hat\u0131rlatarak, \u201cHalk\u0131m\u0131z\u0131n beklenti\u015flerini \u00e7ok iyi biliyoruz. Bu noktada g\u00f6revimiz, iki kurucu devlete dayal\u0131 siyasi e\u015fitli\u011fe dayal\u0131 federal K\u0131br\u0131s\u2019a ula\u015fmakt\u0131r. Bu ba\u011flamda ana hedefimiz kendi devlet yap\u0131m\u0131z\u0131n, \u00e7a\u011fda\u015f, sosyal ve demokratik hukuk devleti normlar\u0131nda, etkin ve i\u015flevsel olmas\u0131n\u0131 sa\u011flayacak d\u00fczenlemelere ba\u015flamak olmal\u0131d\u0131r. Yar\u0131na haz\u0131rl\u0131k i\u00e7inden bug\u00fcnden s\u00fcratle \u00e7al\u0131\u015fmaya ba\u015flayaca\u011f\u0131z. \u00c7\u00fcnk\u00fc e\u015fitlik salt siyasi veya hukuksal bir kavram olman\u0131n \u00f6tesinde ekonomik ve sosyal ba\u011flamda da ele al\u0131nmal\u0131, ekonomik denkli\u011fi sa\u011flayacak yap\u0131sal d\u00fczenlemeleri acilen yapmam\u0131z gerekir. K\u0131sa g\u00fcn\u00fcn hesab\u0131n\u0131 yapamay\u0131z, kal\u0131c\u0131 ve kapsaml\u0131 ad\u0131mlarla y\u00fcr\u00fcyece\u011fiz.\u201d ifadelerini kulland\u0131.<br \/>\nSorulan bir soru \u00fczerine, \u201cta\u015f\u0131ma n\u00fcfus\u201d, \u201cyerle\u015fik\u201d gibi kavramlar\u0131n K\u0131br\u0131s Rum siyasi egemenlerinin jargonundan geldi\u011fini s\u00f6yleyen Akansoy, \u201cBunlara kulak vermeyin, biz karde\u015flik k\u00fclt\u00fcr\u00fc ve hukukundan bahsediyoruz, yolumuza b\u00f6yle devam edece\u011fiz\u201d dedi.<br \/>\nK\u0131br\u0131s\u2019ta bar\u0131\u015f ve g\u00fcven ortam\u0131n\u0131n \u00f6nemine i\u015faret eden Akansoy, \u201cHi\u00e7 kimse d\u0131\u015far\u0131da kalmayacak, toplumun her kesimiyle birlikte, ad\u0131m ad\u0131m ilerleyece\u011fiz\u201d s\u00f6zleriyle konu\u015fmas\u0131n\u0131 tamamlad\u0131. (MHA)<\/p>\n","protected":false},"excerpt":{"rendered":"<p>CTP Milletvekili As\u0131m Akansoy: \u201cHi\u00e7 kimse d\u0131\u015far\u0131da kalmayacak, liyakat ve kapsay\u0131c\u0131l\u0131k temelimizdir\u201d Cumhuriyet\u00e7i T\u00fcrk Partisi (CTP) Milletvekili As\u0131m Akansoy, G\u00f6k\u00e7e \u00d6rnekal\u2019\u0131n haz\u0131rlay\u0131p sundu\u011fu \u201cHayata Dair\u201d program\u0131na konuk olarak, Cumhurba\u015fkanl\u0131\u011f\u0131, parti i\u00e7i s\u00fcre\u00e7ler ve K\u0131br\u0131s sorunu \u00fczerine de\u011ferlendirmelerde bulundu. Sorulan soru \u00fczerine Akansoy, Cumhurba\u015fkan\u0131 Tufan Erh\u00fcrman\u2019\u0131n dan\u0131\u015fman tercihleriyle ilgili, \u201cSay\u0131n Cumhurba\u015fkan\u0131n\u0131n liyakata, uzmanl\u0131\u011fa ve hak edi\u015fe<\/p>\n","protected":false},"author":1,"featured_media":98113,"comment_status":"open","ping_status":"open","sticky":false,"template":"","format":"standard","meta":{"footnotes":""},"categories":[81],"tags":[],"class_list":["post-98112","post","type-post","status-publish","format-standard","has-post-thumbnail","hentry","category-kibris"],"yoast_head":"<!-- This site is optimized with the Yoast SEO plugin v27.5 - https:\/\/yoast.com\/product\/yoast-seo-wordpress\/ -->\n<title>AKANSOY: \u201cBUG\u00dcNDEN YARINA, H\u0130\u00c7 K\u0130MSE DI\u015eARIDA KALMAYACAK\u201d -<\/title>\n<meta name=\"robots\" content=\"index, follow, max-snippet:-1, max-image-preview:large, max-video-preview:-1\" \/>\n<link rel=\"canonical\" href=\"https:\/\/kibrisdakik.com\/?p=98112\" \/>\n<meta property=\"og:locale\" content=\"tr_TR\" \/>\n<meta property=\"og:type\" content=\"article\" \/>\n<meta property=\"og:title\" content=\"AKANSOY: \u201cBUG\u00dcNDEN YARINA, H\u0130\u00c7 K\u0130MSE DI\u015eARIDA KALMAYACAK\u201d -\" \/>\n<meta property=\"og:description\" content=\"CTP Milletvekili As\u0131m Akansoy: \u201cHi\u00e7 kimse d\u0131\u015far\u0131da kalmayacak, liyakat ve kapsay\u0131c\u0131l\u0131k temelimizdir\u201d Cumhuriyet\u00e7i T\u00fcrk Partisi (CTP) Milletvekili As\u0131m Akansoy, G\u00f6k\u00e7e \u00d6rnekal\u2019\u0131n haz\u0131rlay\u0131p sundu\u011fu \u201cHayata Dair\u201d program\u0131na konuk olarak, Cumhurba\u015fkanl\u0131\u011f\u0131, parti i\u00e7i s\u00fcre\u00e7ler ve K\u0131br\u0131s sorunu \u00fczerine de\u011ferlendirmelerde bulundu. Sorulan soru \u00fczerine Akansoy, Cumhurba\u015fkan\u0131 Tufan Erh\u00fcrman\u2019\u0131n dan\u0131\u015fman tercihleriyle ilgili, \u201cSay\u0131n Cumhurba\u015fkan\u0131n\u0131n liyakata, uzmanl\u0131\u011fa ve hak edi\u015fe\" \/>\n<meta property=\"og:url\" content=\"https:\/\/kibrisdakik.com\/?p=98112\" \/>\n<meta property=\"article:published_time\" content=\"2025-11-03T17:13:12+00:00\" \/>\n<meta property=\"og:image\" content=\"https:\/\/kibrisdakik.com\/wp-content\/uploads\/2025\/11\/mha-sari-beyaz-516.png\" \/>\n\t<meta property=\"og:image:width\" content=\"1280\" \/>\n\t<meta property=\"og:image:height\" content=\"720\" \/>\n\t<meta property=\"og:image:type\" content=\"image\/png\" \/>\n<meta name=\"author\" content=\"admin\" \/>\n<meta name=\"twitter:card\" content=\"summary_large_image\" \/>\n<meta name=\"twitter:label1\" content=\"Yazan:\" \/>\n\t<meta name=\"twitter:data1\" content=\"admin\" \/>\n\t<meta name=\"twitter:label2\" content=\"Tahmini okuma s\u00fcresi\" \/>\n\t<meta name=\"twitter:data2\" content=\"2 dakika\" \/>\n<script type=\"application\/ld+json\" class=\"yoast-schema-graph\">{\"@context\":\"https:\\\/\\\/schema.org\",\"@graph\":[{\"@type\":\"Article\",\"@id\":\"https:\\\/\\\/kibrisdakik.com\\\/?p=98112#article\",\"isPartOf\":{\"@id\":\"https:\\\/\\\/kibrisdakik.com\\\/?p=98112\"},\"author\":{\"name\":\"admin\",\"@id\":\"https:\\\/\\\/kibrisdakik.com\\\/#\\\/schema\\\/person\\\/9cd9d437bbb44f72b73ba127e06d8e79\"},\"headline\":\"AKANSOY: \u201cBUG\u00dcNDEN YARINA, H\u0130\u00c7 K\u0130MSE DI\u015eARIDA KALMAYACAK\u201d\",\"datePublished\":\"2025-11-03T17:13:12+00:00\",\"mainEntityOfPage\":{\"@id\":\"https:\\\/\\\/kibrisdakik.com\\\/?p=98112\"},\"wordCount\":480,\"commentCount\":0,\"image\":{\"@id\":\"https:\\\/\\\/kibrisdakik.com\\\/?p=98112#primaryimage\"},\"thumbnailUrl\":\"https:\\\/\\\/kibrisdakik.com\\\/wp-content\\\/uploads\\\/2025\\\/11\\\/mha-sari-beyaz-516.png\",\"articleSection\":[\"K\u0131br\u0131s\"],\"inLanguage\":\"tr\",\"potentialAction\":[{\"@type\":\"CommentAction\",\"name\":\"Comment\",\"target\":[\"https:\\\/\\\/kibrisdakik.com\\\/?p=98112#respond\"]}]},{\"@type\":\"WebPage\",\"@id\":\"https:\\\/\\\/kibrisdakik.com\\\/?p=98112\",\"url\":\"https:\\\/\\\/kibrisdakik.com\\\/?p=98112\",\"name\":\"AKANSOY: \u201cBUG\u00dcNDEN YARINA, H\u0130\u00c7 K\u0130MSE DI\u015eARIDA KALMAYACAK\u201d -\",\"isPartOf\":{\"@id\":\"https:\\\/\\\/kibrisdakik.com\\\/#website\"},\"primaryImageOfPage\":{\"@id\":\"https:\\\/\\\/kibrisdakik.com\\\/?p=98112#primaryimage\"},\"image\":{\"@id\":\"https:\\\/\\\/kibrisdakik.com\\\/?p=98112#primaryimage\"},\"thumbnailUrl\":\"https:\\\/\\\/kibrisdakik.com\\\/wp-content\\\/uploads\\\/2025\\\/11\\\/mha-sari-beyaz-516.png\",\"datePublished\":\"2025-11-03T17:13:12+00:00\",\"author\":{\"@id\":\"https:\\\/\\\/kibrisdakik.com\\\/#\\\/schema\\\/person\\\/9cd9d437bbb44f72b73ba127e06d8e79\"},\"breadcrumb\":{\"@id\":\"https:\\\/\\\/kibrisdakik.com\\\/?p=98112#breadcrumb\"},\"inLanguage\":\"tr\",\"potentialAction\":[{\"@type\":\"ReadAction\",\"target\":[\"https:\\\/\\\/kibrisdakik.com\\\/?p=98112\"]}]},{\"@type\":\"ImageObject\",\"inLanguage\":\"tr\",\"@id\":\"https:\\\/\\\/kibrisdakik.com\\\/?p=98112#primaryimage\",\"url\":\"https:\\\/\\\/kibrisdakik.com\\\/wp-content\\\/uploads\\\/2025\\\/11\\\/mha-sari-beyaz-516.png\",\"contentUrl\":\"https:\\\/\\\/kibrisdakik.com\\\/wp-content\\\/uploads\\\/2025\\\/11\\\/mha-sari-beyaz-516.png\",\"width\":1280,\"height\":720},{\"@type\":\"BreadcrumbList\",\"@id\":\"https:\\\/\\\/kibrisdakik.com\\\/?p=98112#breadcrumb\",\"itemListElement\":[{\"@type\":\"ListItem\",\"position\":1,\"name\":\"Home\",\"item\":\"https:\\\/\\\/kibrisdakik.com\\\/\"},{\"@type\":\"ListItem\",\"position\":2,\"name\":\"AKANSOY: \u201cBUG\u00dcNDEN YARINA, H\u0130\u00c7 K\u0130MSE DI\u015eARIDA KALMAYACAK\u201d\"}]},{\"@type\":\"WebSite\",\"@id\":\"https:\\\/\\\/kibrisdakik.com\\\/#website\",\"url\":\"https:\\\/\\\/kibrisdakik.com\\\/\",\"name\":\"\",\"description\":\"Tam vaktinde haber\",\"potentialAction\":[{\"@type\":\"SearchAction\",\"target\":{\"@type\":\"EntryPoint\",\"urlTemplate\":\"https:\\\/\\\/kibrisdakik.com\\\/?s={search_term_string}\"},\"query-input\":{\"@type\":\"PropertyValueSpecification\",\"valueRequired\":true,\"valueName\":\"search_term_string\"}}],\"inLanguage\":\"tr\"},{\"@type\":\"Person\",\"@id\":\"https:\\\/\\\/kibrisdakik.com\\\/#\\\/schema\\\/person\\\/9cd9d437bbb44f72b73ba127e06d8e79\",\"name\":\"admin\",\"image\":{\"@type\":\"ImageObject\",\"inLanguage\":\"tr\",\"@id\":\"https:\\\/\\\/secure.gravatar.com\\\/avatar\\\/ccc17943b9d660506c869530f897617f7cb1c21a4bf30023f252596d83e1f007?s=96&d=mm&r=g\",\"url\":\"https:\\\/\\\/secure.gravatar.com\\\/avatar\\\/ccc17943b9d660506c869530f897617f7cb1c21a4bf30023f252596d83e1f007?s=96&d=mm&r=g\",\"contentUrl\":\"https:\\\/\\\/secure.gravatar.com\\\/avatar\\\/ccc17943b9d660506c869530f897617f7cb1c21a4bf30023f252596d83e1f007?s=96&d=mm&r=g\",\"caption\":\"admin\"},\"sameAs\":[\"https:\\\/\\\/kibrisdakik.com\"],\"url\":\"https:\\\/\\\/kibrisdakik.com\\\/?author=1\"}]}<\/script>\n<!-- \/ Yoast SEO plugin. -->","yoast_head_json":{"title":"AKANSOY: \u201cBUG\u00dcNDEN YARINA, H\u0130\u00c7 K\u0130MSE DI\u015eARIDA KALMAYACAK\u201d -","robots":{"index":"index","follow":"follow","max-snippet":"max-snippet:-1","max-image-preview":"max-image-preview:large","max-video-preview":"max-video-preview:-1"},"canonical":"https:\/\/kibrisdakik.com\/?p=98112","og_locale":"tr_TR","og_type":"article","og_title":"AKANSOY: \u201cBUG\u00dcNDEN YARINA, H\u0130\u00c7 K\u0130MSE DI\u015eARIDA KALMAYACAK\u201d -","og_description":"CTP Milletvekili As\u0131m Akansoy: \u201cHi\u00e7 kimse d\u0131\u015far\u0131da kalmayacak, liyakat ve kapsay\u0131c\u0131l\u0131k temelimizdir\u201d Cumhuriyet\u00e7i T\u00fcrk Partisi (CTP) Milletvekili As\u0131m Akansoy, G\u00f6k\u00e7e \u00d6rnekal\u2019\u0131n haz\u0131rlay\u0131p sundu\u011fu \u201cHayata Dair\u201d program\u0131na konuk olarak, Cumhurba\u015fkanl\u0131\u011f\u0131, parti i\u00e7i s\u00fcre\u00e7ler ve K\u0131br\u0131s sorunu \u00fczerine de\u011ferlendirmelerde bulundu. Sorulan soru \u00fczerine Akansoy, Cumhurba\u015fkan\u0131 Tufan Erh\u00fcrman\u2019\u0131n dan\u0131\u015fman tercihleriyle ilgili, \u201cSay\u0131n Cumhurba\u015fkan\u0131n\u0131n liyakata, uzmanl\u0131\u011fa ve hak edi\u015fe","og_url":"https:\/\/kibrisdakik.com\/?p=98112","article_published_time":"2025-11-03T17:13:12+00:00","og_image":[{"width":1280,"height":720,"url":"https:\/\/kibrisdakik.com\/wp-content\/uploads\/2025\/11\/mha-sari-beyaz-516.png","type":"image\/png"}],"author":"admin","twitter_card":"summary_large_image","twitter_misc":{"Yazan:":"admin","Tahmini okuma s\u00fcresi":"2 dakika"},"schema":{"@context":"https:\/\/schema.org","@graph":[{"@type":"Article","@id":"https:\/\/kibrisdakik.com\/?p=98112#article","isPartOf":{"@id":"https:\/\/kibrisdakik.com\/?p=98112"},"author":{"name":"admin","@id":"https:\/\/kibrisdakik.com\/#\/schema\/person\/9cd9d437bbb44f72b73ba127e06d8e79"},"headline":"AKANSOY: \u201cBUG\u00dcNDEN YARINA, H\u0130\u00c7 K\u0130MSE DI\u015eARIDA KALMAYACAK\u201d","datePublished":"2025-11-03T17:13:12+00:00","mainEntityOfPage":{"@id":"https:\/\/kibrisdakik.com\/?p=98112"},"wordCount":480,"commentCount":0,"image":{"@id":"https:\/\/kibrisdakik.com\/?p=98112#primaryimage"},"thumbnailUrl":"https:\/\/kibrisdakik.com\/wp-content\/uploads\/2025\/11\/mha-sari-beyaz-516.png","articleSection":["K\u0131br\u0131s"],"inLanguage":"tr","potentialAction":[{"@type":"CommentAction","name":"Comment","target":["https:\/\/kibrisdakik.com\/?p=98112#respond"]}]},{"@type":"WebPage","@id":"https:\/\/kibrisdakik.com\/?p=98112","url":"https:\/\/kibrisdakik.com\/?p=98112","name":"AKANSOY: \u201cBUG\u00dcNDEN YARINA, H\u0130\u00c7 K\u0130MSE DI\u015eARIDA KALMAYACAK\u201d -","isPartOf":{"@id":"https:\/\/kibrisdakik.com\/#website"},"primaryImageOfPage":{"@id":"https:\/\/kibrisdakik.com\/?p=98112#primaryimage"},"image":{"@id":"https:\/\/kibrisdakik.com\/?p=98112#primaryimage"},"thumbnailUrl":"https:\/\/kibrisdakik.com\/wp-content\/uploads\/2025\/11\/mha-sari-beyaz-516.png","datePublished":"2025-11-03T17:13:12+00:00","author":{"@id":"https:\/\/kibrisdakik.com\/#\/schema\/person\/9cd9d437bbb44f72b73ba127e06d8e79"},"breadcrumb":{"@id":"https:\/\/kibrisdakik.com\/?p=98112#breadcrumb"},"inLanguage":"tr","potentialAction":[{"@type":"ReadAction","target":["https:\/\/kibrisdakik.com\/?p=98112"]}]},{"@type":"ImageObject","inLanguage":"tr","@id":"https:\/\/kibrisdakik.com\/?p=98112#primaryimage","url":"https:\/\/kibrisdakik.com\/wp-content\/uploads\/2025\/11\/mha-sari-beyaz-516.png","contentUrl":"https:\/\/kibrisdakik.com\/wp-content\/uploads\/2025\/11\/mha-sari-beyaz-516.png","width":1280,"height":720},{"@type":"BreadcrumbList","@id":"https:\/\/kibrisdakik.com\/?p=98112#breadcrumb","itemListElement":[{"@type":"ListItem","position":1,"name":"Home","item":"https:\/\/kibrisdakik.com\/"},{"@type":"ListItem","position":2,"name":"AKANSOY: \u201cBUG\u00dcNDEN YARINA, H\u0130\u00c7 K\u0130MSE DI\u015eARIDA KALMAYACAK\u201d"}]},{"@type":"WebSite","@id":"https:\/\/kibrisdakik.com\/#website","url":"https:\/\/kibrisdakik.com\/","name":"","description":"Tam vaktinde haber","potentialAction":[{"@type":"SearchAction","target":{"@type":"EntryPoint","urlTemplate":"https:\/\/kibrisdakik.com\/?s={search_term_string}"},"query-input":{"@type":"PropertyValueSpecification","valueRequired":true,"valueName":"search_term_string"}}],"inLanguage":"tr"},{"@type":"Person","@id":"https:\/\/kibrisdakik.com\/#\/schema\/person\/9cd9d437bbb44f72b73ba127e06d8e79","name":"admin","image":{"@type":"ImageObject","inLanguage":"tr","@id":"https:\/\/secure.gravatar.com\/avatar\/ccc17943b9d660506c869530f897617f7cb1c21a4bf30023f252596d83e1f007?s=96&d=mm&r=g","url":"https:\/\/secure.gravatar.com\/avatar\/ccc17943b9d660506c869530f897617f7cb1c21a4bf30023f252596d83e1f007?s=96&d=mm&r=g","contentUrl":"https:\/\/secure.gravatar.com\/avatar\/ccc17943b9d660506c869530f897617f7cb1c21a4bf30023f252596d83e1f007?s=96&d=mm&r=g","caption":"admin"},"sameAs":["https:\/\/kibrisdakik.com"],"url":"https:\/\/kibrisdakik.com\/?author=1"}]}},"_links":{"self":[{"href":"https:\/\/kibrisdakik.com\/index.php?rest_route=\/wp\/v2\/posts\/98112","targetHints":{"allow":["GET"]}}],"collection":[{"href":"https:\/\/kibrisdakik.com\/index.php?rest_route=\/wp\/v2\/posts"}],"about":[{"href":"https:\/\/kibrisdakik.com\/index.php?rest_route=\/wp\/v2\/types\/post"}],"author":[{"embeddable":true,"href":"https:\/\/kibrisdakik.com\/index.php?rest_route=\/wp\/v2\/users\/1"}],"replies":[{"embeddable":true,"href":"https:\/\/kibrisdakik.com\/index.php?rest_route=%2Fwp%2Fv2%2Fcomments&post=98112"}],"version-history":[{"count":0,"href":"https:\/\/kibrisdakik.com\/index.php?rest_route=\/wp\/v2\/posts\/98112\/revisions"}],"wp:featuredmedia":[{"embeddable":true,"href":"https:\/\/kibrisdakik.com\/index.php?rest_route=\/wp\/v2\/media\/98113"}],"wp:attachment":[{"href":"https:\/\/kibrisdakik.com\/index.php?rest_route=%2Fwp%2Fv2%2Fmedia&parent=98112"}],"wp:term":[{"taxonomy":"category","embeddable":true,"href":"https:\/\/kibrisdakik.com\/index.php?rest_route=%2Fwp%2Fv2%2Fcategories&post=98112"},{"taxonomy":"post_tag","embeddable":true,"href":"https:\/\/kibrisdakik.com\/index.php?rest_route=%2Fwp%2Fv2%2Ftags&post=98112"}],"curies":[{"name":"wp","href":"https:\/\/api.w.org\/{rel}","templated":true}]}}