{"id":9812,"date":"2023-07-04T14:44:10","date_gmt":"2023-07-04T14:44:10","guid":{"rendered":"https:\/\/kibrisdakik.com\/index.php\/2023\/07\/04\/yeni-ercan-havalimaninda-yarin-test-ucuslari-yapilacak\/"},"modified":"2023-07-04T14:44:10","modified_gmt":"2023-07-04T14:44:10","slug":"yeni-ercan-havalimaninda-yarin-test-ucuslari-yapilacak","status":"publish","type":"post","link":"https:\/\/kibrisdakik.com\/?p=9812","title":{"rendered":"Yeni Ercan Havaliman\u0131\u2019nda yar\u0131n test u\u00e7u\u015flar\u0131 yap\u0131lacak"},"content":{"rendered":"<p><\/p>\n<div>\n<div class=\"mariselle-image-container center\">\n                <img width=\"1654\" height=\"842\" class=\"lazy-image\" alt=\"\" decoding=\"async\" loading=\"lazy\" sizes=\"auto, (max-width: 1654px) 100vw, 1654px\" src=\"https:\/\/brtk.net\/wp-content\/uploads\/2023\/07\/04\/yeni-ercan.jpg?ver=e26d054e98c691592452ed00d14f3c42\" srcset=\"https:\/\/brtk.net\/wp-content\/uploads\/2023\/07\/04\/yeni-ercan.jpg?ver=e26d054e98c691592452ed00d14f3c42 1654w, https:\/\/brtk.net\/wp-content\/uploads\/2023\/07\/04\/yeni-ercan-300x153.jpg?ver=e26d054e98c691592452ed00d14f3c42 300w, https:\/\/brtk.net\/wp-content\/uploads\/2023\/07\/04\/yeni-ercan-1024x521.jpg?ver=e26d054e98c691592452ed00d14f3c42 1024w, https:\/\/brtk.net\/wp-content\/uploads\/2023\/07\/04\/yeni-ercan-768x391.jpg?ver=e26d054e98c691592452ed00d14f3c42 768w, https:\/\/brtk.net\/wp-content\/uploads\/2023\/07\/04\/yeni-ercan-1536x782.jpg?ver=c9715833c5542aa09add06761b8063eb 1536w\"\/>                            <\/div>\n<p> Yeni Ercan Havaliman\u0131\u2019nda yar\u0131n saat 10.00\u2019da test u\u00e7u\u015flar\u0131 yap\u0131lacak. Bay\u0131nd\u0131rl\u0131k ve Ula\u015ft\u0131rma Bakan\u0131 Erhan Ar\u0131kl\u0131\u2019n\u0131n da izleyece\u011fi test u\u00e7u\u015flar\u0131n\u0131n \u00f6ncesinde T&amp;T Teknik Koordinat\u00f6r\u00fc Naci I\u015f\u0131k, bas\u0131na brifing verecek.<\/p>\n<p>Bay\u0131nd\u0131rl\u0131k ve Ula\u015ft\u0131rma Bakanl\u0131\u011f\u0131ndan yap\u0131lan a\u00e7\u0131klamaya g\u00f6re, Yeni Ercan Havaliman\u0131\u2019nda son a\u015famaya gelinmesi nedeniyle yar\u0131n yeni pistte test u\u00e7u\u015flar\u0131 yap\u0131lacak.<\/p>\n<p>A\u00e7\u0131klamada, test u\u00e7u\u015flar\u0131n\u0131 takip etmek isteyen bas\u0131n mensuplar\u0131n\u0131n saat 09.00\u2019dan \u00f6nce yeni Ercan Havaliman\u0131 terminalinde olmalar\u0131 gerekti\u011fi bildirilirken, saat 09.00\u2019da T&amp;T Teknik Koordinat\u00f6r\u00fc Naci I\u015f\u0131k\u2019\u0131n test u\u00e7u\u015flar\u0131 ile ilgili bas\u0131na brifing verece\u011fi de aktar\u0131ld\u0131. A\u00e7\u0131klamada, brifingin ard\u0131ndan saat 10.00\u2019da ba\u015flayacak test u\u00e7u\u015flar\u0131n\u0131 Bay\u0131nd\u0131rl\u0131k ve Ula\u015ft\u0131rma Bakan\u0131 Erhan Ar\u0131kl\u0131\u2019n\u0131n da izleyece\u011fi kaydedildi.<\/p>\n<\/p><\/div>\n<p><script async\n                    defer\n                    crossorigin=\"anonymous\"\n                    src=\"https:\/\/connect.facebook.net\/tr_TR\/sdk.js#xfbml=1&#038;version=v3.3\"\n            ><\/script><\/p>\n","protected":false},"excerpt":{"rendered":"<p>Yeni Ercan Havaliman\u0131\u2019nda yar\u0131n saat 10.00\u2019da test u\u00e7u\u015flar\u0131 yap\u0131lacak. Bay\u0131nd\u0131rl\u0131k ve Ula\u015ft\u0131rma Bakan\u0131 Erhan Ar\u0131kl\u0131\u2019n\u0131n da izleyece\u011fi test u\u00e7u\u015flar\u0131n\u0131n \u00f6ncesinde T&amp;T Teknik Koordinat\u00f6r\u00fc Naci I\u015f\u0131k, bas\u0131na brifing verecek. Bay\u0131nd\u0131rl\u0131k ve Ula\u015ft\u0131rma Bakanl\u0131\u011f\u0131ndan yap\u0131lan a\u00e7\u0131klamaya g\u00f6re, Yeni Ercan Havaliman\u0131\u2019nda son a\u015famaya gelinmesi nedeniyle yar\u0131n yeni pistte test u\u00e7u\u015flar\u0131 yap\u0131lacak. A\u00e7\u0131klamada, test u\u00e7u\u015flar\u0131n\u0131 takip etmek isteyen bas\u0131n<\/p>\n","protected":false},"author":1,"featured_media":9813,"comment_status":"open","ping_status":"open","sticky":false,"template":"","format":"standard","meta":{"footnotes":""},"categories":[1],"tags":[],"class_list":["post-9812","post","type-post","status-publish","format-standard","has-post-thumbnail","hentry","category-gundem"],"yoast_head":"<!-- This site is optimized with the Yoast SEO plugin v27.4 - https:\/\/yoast.com\/product\/yoast-seo-wordpress\/ -->\n<title>Yeni Ercan Havaliman\u0131\u2019nda yar\u0131n test u\u00e7u\u015flar\u0131 yap\u0131lacak -<\/title>\n<meta name=\"robots\" content=\"index, follow, max-snippet:-1, max-image-preview:large, max-video-preview:-1\" \/>\n<link rel=\"canonical\" href=\"https:\/\/kibrisdakik.com\/?p=9812\" \/>\n<meta property=\"og:locale\" content=\"tr_TR\" \/>\n<meta property=\"og:type\" content=\"article\" \/>\n<meta property=\"og:title\" content=\"Yeni Ercan Havaliman\u0131\u2019nda yar\u0131n test u\u00e7u\u015flar\u0131 yap\u0131lacak -\" \/>\n<meta property=\"og:description\" content=\"Yeni Ercan Havaliman\u0131\u2019nda yar\u0131n saat 10.00\u2019da test u\u00e7u\u015flar\u0131 yap\u0131lacak. Bay\u0131nd\u0131rl\u0131k ve Ula\u015ft\u0131rma Bakan\u0131 Erhan Ar\u0131kl\u0131\u2019n\u0131n da izleyece\u011fi test u\u00e7u\u015flar\u0131n\u0131n \u00f6ncesinde T&amp;T Teknik Koordinat\u00f6r\u00fc Naci I\u015f\u0131k, bas\u0131na brifing verecek. Bay\u0131nd\u0131rl\u0131k ve Ula\u015ft\u0131rma Bakanl\u0131\u011f\u0131ndan yap\u0131lan a\u00e7\u0131klamaya g\u00f6re, Yeni Ercan Havaliman\u0131\u2019nda son a\u015famaya gelinmesi nedeniyle yar\u0131n yeni pistte test u\u00e7u\u015flar\u0131 yap\u0131lacak. A\u00e7\u0131klamada, test u\u00e7u\u015flar\u0131n\u0131 takip etmek isteyen bas\u0131n\" \/>\n<meta property=\"og:url\" content=\"https:\/\/kibrisdakik.com\/?p=9812\" \/>\n<meta property=\"article:published_time\" content=\"2023-07-04T14:44:10+00:00\" \/>\n<meta property=\"og:image\" content=\"https:\/\/kibrisdakik.com\/wp-content\/uploads\/2023\/07\/yeni-ercan-740x420.jpg\" \/>\n\t<meta property=\"og:image:width\" content=\"1654\" \/>\n\t<meta property=\"og:image:height\" content=\"842\" \/>\n\t<meta property=\"og:image:type\" content=\"image\/jpeg\" \/>\n<meta name=\"author\" content=\"admin\" \/>\n<meta name=\"twitter:card\" content=\"summary_large_image\" \/>\n<meta name=\"twitter:label1\" content=\"Yazan:\" \/>\n\t<meta name=\"twitter:data1\" content=\"admin\" \/>\n\t<meta name=\"twitter:label2\" content=\"Tahmini okuma s\u00fcresi\" \/>\n\t<meta name=\"twitter:data2\" content=\"1 dakika\" \/>\n<script type=\"application\/ld+json\" class=\"yoast-schema-graph\">{\"@context\":\"https:\\\/\\\/schema.org\",\"@graph\":[{\"@type\":\"Article\",\"@id\":\"https:\\\/\\\/kibrisdakik.com\\\/?p=9812#article\",\"isPartOf\":{\"@id\":\"https:\\\/\\\/kibrisdakik.com\\\/?p=9812\"},\"author\":{\"name\":\"admin\",\"@id\":\"https:\\\/\\\/kibrisdakik.com\\\/#\\\/schema\\\/person\\\/9cd9d437bbb44f72b73ba127e06d8e79\"},\"headline\":\"Yeni Ercan Havaliman\u0131\u2019nda yar\u0131n test u\u00e7u\u015flar\u0131 yap\u0131lacak\",\"datePublished\":\"2023-07-04T14:44:10+00:00\",\"mainEntityOfPage\":{\"@id\":\"https:\\\/\\\/kibrisdakik.com\\\/?p=9812\"},\"wordCount\":182,\"commentCount\":0,\"image\":{\"@id\":\"https:\\\/\\\/kibrisdakik.com\\\/?p=9812#primaryimage\"},\"thumbnailUrl\":\"https:\\\/\\\/kibrisdakik.com\\\/wp-content\\\/uploads\\\/2023\\\/07\\\/yeni-ercan-740x420.jpg\",\"articleSection\":[\"G\u00fcndem\"],\"inLanguage\":\"tr\",\"potentialAction\":[{\"@type\":\"CommentAction\",\"name\":\"Comment\",\"target\":[\"https:\\\/\\\/kibrisdakik.com\\\/?p=9812#respond\"]}]},{\"@type\":\"WebPage\",\"@id\":\"https:\\\/\\\/kibrisdakik.com\\\/?p=9812\",\"url\":\"https:\\\/\\\/kibrisdakik.com\\\/?p=9812\",\"name\":\"Yeni Ercan Havaliman\u0131\u2019nda yar\u0131n test u\u00e7u\u015flar\u0131 yap\u0131lacak -\",\"isPartOf\":{\"@id\":\"https:\\\/\\\/kibrisdakik.com\\\/#website\"},\"primaryImageOfPage\":{\"@id\":\"https:\\\/\\\/kibrisdakik.com\\\/?p=9812#primaryimage\"},\"image\":{\"@id\":\"https:\\\/\\\/kibrisdakik.com\\\/?p=9812#primaryimage\"},\"thumbnailUrl\":\"https:\\\/\\\/kibrisdakik.com\\\/wp-content\\\/uploads\\\/2023\\\/07\\\/yeni-ercan-740x420.jpg\",\"datePublished\":\"2023-07-04T14:44:10+00:00\",\"author\":{\"@id\":\"https:\\\/\\\/kibrisdakik.com\\\/#\\\/schema\\\/person\\\/9cd9d437bbb44f72b73ba127e06d8e79\"},\"breadcrumb\":{\"@id\":\"https:\\\/\\\/kibrisdakik.com\\\/?p=9812#breadcrumb\"},\"inLanguage\":\"tr\",\"potentialAction\":[{\"@type\":\"ReadAction\",\"target\":[\"https:\\\/\\\/kibrisdakik.com\\\/?p=9812\"]}]},{\"@type\":\"ImageObject\",\"inLanguage\":\"tr\",\"@id\":\"https:\\\/\\\/kibrisdakik.com\\\/?p=9812#primaryimage\",\"url\":\"https:\\\/\\\/kibrisdakik.com\\\/wp-content\\\/uploads\\\/2023\\\/07\\\/yeni-ercan-740x420.jpg\",\"contentUrl\":\"https:\\\/\\\/kibrisdakik.com\\\/wp-content\\\/uploads\\\/2023\\\/07\\\/yeni-ercan-740x420.jpg\",\"width\":1654,\"height\":842},{\"@type\":\"BreadcrumbList\",\"@id\":\"https:\\\/\\\/kibrisdakik.com\\\/?p=9812#breadcrumb\",\"itemListElement\":[{\"@type\":\"ListItem\",\"position\":1,\"name\":\"Home\",\"item\":\"https:\\\/\\\/kibrisdakik.com\\\/\"},{\"@type\":\"ListItem\",\"position\":2,\"name\":\"Yeni Ercan Havaliman\u0131\u2019nda yar\u0131n test u\u00e7u\u015flar\u0131 yap\u0131lacak\"}]},{\"@type\":\"WebSite\",\"@id\":\"https:\\\/\\\/kibrisdakik.com\\\/#website\",\"url\":\"https:\\\/\\\/kibrisdakik.com\\\/\",\"name\":\"\",\"description\":\"Tam vaktinde haber\",\"potentialAction\":[{\"@type\":\"SearchAction\",\"target\":{\"@type\":\"EntryPoint\",\"urlTemplate\":\"https:\\\/\\\/kibrisdakik.com\\\/?s={search_term_string}\"},\"query-input\":{\"@type\":\"PropertyValueSpecification\",\"valueRequired\":true,\"valueName\":\"search_term_string\"}}],\"inLanguage\":\"tr\"},{\"@type\":\"Person\",\"@id\":\"https:\\\/\\\/kibrisdakik.com\\\/#\\\/schema\\\/person\\\/9cd9d437bbb44f72b73ba127e06d8e79\",\"name\":\"admin\",\"image\":{\"@type\":\"ImageObject\",\"inLanguage\":\"tr\",\"@id\":\"https:\\\/\\\/secure.gravatar.com\\\/avatar\\\/ccc17943b9d660506c869530f897617f7cb1c21a4bf30023f252596d83e1f007?s=96&d=mm&r=g\",\"url\":\"https:\\\/\\\/secure.gravatar.com\\\/avatar\\\/ccc17943b9d660506c869530f897617f7cb1c21a4bf30023f252596d83e1f007?s=96&d=mm&r=g\",\"contentUrl\":\"https:\\\/\\\/secure.gravatar.com\\\/avatar\\\/ccc17943b9d660506c869530f897617f7cb1c21a4bf30023f252596d83e1f007?s=96&d=mm&r=g\",\"caption\":\"admin\"},\"sameAs\":[\"https:\\\/\\\/kibrisdakik.com\"],\"url\":\"https:\\\/\\\/kibrisdakik.com\\\/?author=1\"}]}<\/script>\n<!-- \/ Yoast SEO plugin. -->","yoast_head_json":{"title":"Yeni Ercan Havaliman\u0131\u2019nda yar\u0131n test u\u00e7u\u015flar\u0131 yap\u0131lacak -","robots":{"index":"index","follow":"follow","max-snippet":"max-snippet:-1","max-image-preview":"max-image-preview:large","max-video-preview":"max-video-preview:-1"},"canonical":"https:\/\/kibrisdakik.com\/?p=9812","og_locale":"tr_TR","og_type":"article","og_title":"Yeni Ercan Havaliman\u0131\u2019nda yar\u0131n test u\u00e7u\u015flar\u0131 yap\u0131lacak -","og_description":"Yeni Ercan Havaliman\u0131\u2019nda yar\u0131n saat 10.00\u2019da test u\u00e7u\u015flar\u0131 yap\u0131lacak. Bay\u0131nd\u0131rl\u0131k ve Ula\u015ft\u0131rma Bakan\u0131 Erhan Ar\u0131kl\u0131\u2019n\u0131n da izleyece\u011fi test u\u00e7u\u015flar\u0131n\u0131n \u00f6ncesinde T&amp;T Teknik Koordinat\u00f6r\u00fc Naci I\u015f\u0131k, bas\u0131na brifing verecek. Bay\u0131nd\u0131rl\u0131k ve Ula\u015ft\u0131rma Bakanl\u0131\u011f\u0131ndan yap\u0131lan a\u00e7\u0131klamaya g\u00f6re, Yeni Ercan Havaliman\u0131\u2019nda son a\u015famaya gelinmesi nedeniyle yar\u0131n yeni pistte test u\u00e7u\u015flar\u0131 yap\u0131lacak. A\u00e7\u0131klamada, test u\u00e7u\u015flar\u0131n\u0131 takip etmek isteyen bas\u0131n","og_url":"https:\/\/kibrisdakik.com\/?p=9812","article_published_time":"2023-07-04T14:44:10+00:00","og_image":[{"width":1654,"height":842,"url":"https:\/\/kibrisdakik.com\/wp-content\/uploads\/2023\/07\/yeni-ercan-740x420.jpg","type":"image\/jpeg"}],"author":"admin","twitter_card":"summary_large_image","twitter_misc":{"Yazan:":"admin","Tahmini okuma s\u00fcresi":"1 dakika"},"schema":{"@context":"https:\/\/schema.org","@graph":[{"@type":"Article","@id":"https:\/\/kibrisdakik.com\/?p=9812#article","isPartOf":{"@id":"https:\/\/kibrisdakik.com\/?p=9812"},"author":{"name":"admin","@id":"https:\/\/kibrisdakik.com\/#\/schema\/person\/9cd9d437bbb44f72b73ba127e06d8e79"},"headline":"Yeni Ercan Havaliman\u0131\u2019nda yar\u0131n test u\u00e7u\u015flar\u0131 yap\u0131lacak","datePublished":"2023-07-04T14:44:10+00:00","mainEntityOfPage":{"@id":"https:\/\/kibrisdakik.com\/?p=9812"},"wordCount":182,"commentCount":0,"image":{"@id":"https:\/\/kibrisdakik.com\/?p=9812#primaryimage"},"thumbnailUrl":"https:\/\/kibrisdakik.com\/wp-content\/uploads\/2023\/07\/yeni-ercan-740x420.jpg","articleSection":["G\u00fcndem"],"inLanguage":"tr","potentialAction":[{"@type":"CommentAction","name":"Comment","target":["https:\/\/kibrisdakik.com\/?p=9812#respond"]}]},{"@type":"WebPage","@id":"https:\/\/kibrisdakik.com\/?p=9812","url":"https:\/\/kibrisdakik.com\/?p=9812","name":"Yeni Ercan Havaliman\u0131\u2019nda yar\u0131n test u\u00e7u\u015flar\u0131 yap\u0131lacak -","isPartOf":{"@id":"https:\/\/kibrisdakik.com\/#website"},"primaryImageOfPage":{"@id":"https:\/\/kibrisdakik.com\/?p=9812#primaryimage"},"image":{"@id":"https:\/\/kibrisdakik.com\/?p=9812#primaryimage"},"thumbnailUrl":"https:\/\/kibrisdakik.com\/wp-content\/uploads\/2023\/07\/yeni-ercan-740x420.jpg","datePublished":"2023-07-04T14:44:10+00:00","author":{"@id":"https:\/\/kibrisdakik.com\/#\/schema\/person\/9cd9d437bbb44f72b73ba127e06d8e79"},"breadcrumb":{"@id":"https:\/\/kibrisdakik.com\/?p=9812#breadcrumb"},"inLanguage":"tr","potentialAction":[{"@type":"ReadAction","target":["https:\/\/kibrisdakik.com\/?p=9812"]}]},{"@type":"ImageObject","inLanguage":"tr","@id":"https:\/\/kibrisdakik.com\/?p=9812#primaryimage","url":"https:\/\/kibrisdakik.com\/wp-content\/uploads\/2023\/07\/yeni-ercan-740x420.jpg","contentUrl":"https:\/\/kibrisdakik.com\/wp-content\/uploads\/2023\/07\/yeni-ercan-740x420.jpg","width":1654,"height":842},{"@type":"BreadcrumbList","@id":"https:\/\/kibrisdakik.com\/?p=9812#breadcrumb","itemListElement":[{"@type":"ListItem","position":1,"name":"Home","item":"https:\/\/kibrisdakik.com\/"},{"@type":"ListItem","position":2,"name":"Yeni Ercan Havaliman\u0131\u2019nda yar\u0131n test u\u00e7u\u015flar\u0131 yap\u0131lacak"}]},{"@type":"WebSite","@id":"https:\/\/kibrisdakik.com\/#website","url":"https:\/\/kibrisdakik.com\/","name":"","description":"Tam vaktinde haber","potentialAction":[{"@type":"SearchAction","target":{"@type":"EntryPoint","urlTemplate":"https:\/\/kibrisdakik.com\/?s={search_term_string}"},"query-input":{"@type":"PropertyValueSpecification","valueRequired":true,"valueName":"search_term_string"}}],"inLanguage":"tr"},{"@type":"Person","@id":"https:\/\/kibrisdakik.com\/#\/schema\/person\/9cd9d437bbb44f72b73ba127e06d8e79","name":"admin","image":{"@type":"ImageObject","inLanguage":"tr","@id":"https:\/\/secure.gravatar.com\/avatar\/ccc17943b9d660506c869530f897617f7cb1c21a4bf30023f252596d83e1f007?s=96&d=mm&r=g","url":"https:\/\/secure.gravatar.com\/avatar\/ccc17943b9d660506c869530f897617f7cb1c21a4bf30023f252596d83e1f007?s=96&d=mm&r=g","contentUrl":"https:\/\/secure.gravatar.com\/avatar\/ccc17943b9d660506c869530f897617f7cb1c21a4bf30023f252596d83e1f007?s=96&d=mm&r=g","caption":"admin"},"sameAs":["https:\/\/kibrisdakik.com"],"url":"https:\/\/kibrisdakik.com\/?author=1"}]}},"_links":{"self":[{"href":"https:\/\/kibrisdakik.com\/index.php?rest_route=\/wp\/v2\/posts\/9812","targetHints":{"allow":["GET"]}}],"collection":[{"href":"https:\/\/kibrisdakik.com\/index.php?rest_route=\/wp\/v2\/posts"}],"about":[{"href":"https:\/\/kibrisdakik.com\/index.php?rest_route=\/wp\/v2\/types\/post"}],"author":[{"embeddable":true,"href":"https:\/\/kibrisdakik.com\/index.php?rest_route=\/wp\/v2\/users\/1"}],"replies":[{"embeddable":true,"href":"https:\/\/kibrisdakik.com\/index.php?rest_route=%2Fwp%2Fv2%2Fcomments&post=9812"}],"version-history":[{"count":0,"href":"https:\/\/kibrisdakik.com\/index.php?rest_route=\/wp\/v2\/posts\/9812\/revisions"}],"wp:featuredmedia":[{"embeddable":true,"href":"https:\/\/kibrisdakik.com\/index.php?rest_route=\/wp\/v2\/media\/9813"}],"wp:attachment":[{"href":"https:\/\/kibrisdakik.com\/index.php?rest_route=%2Fwp%2Fv2%2Fmedia&parent=9812"}],"wp:term":[{"taxonomy":"category","embeddable":true,"href":"https:\/\/kibrisdakik.com\/index.php?rest_route=%2Fwp%2Fv2%2Fcategories&post=9812"},{"taxonomy":"post_tag","embeddable":true,"href":"https:\/\/kibrisdakik.com\/index.php?rest_route=%2Fwp%2Fv2%2Ftags&post=9812"}],"curies":[{"name":"wp","href":"https:\/\/api.w.org\/{rel}","templated":true}]}}