{"id":98189,"date":"2025-11-04T09:07:29","date_gmt":"2025-11-04T07:07:29","guid":{"rendered":"https:\/\/kibrisdakik.com\/index.php\/2025\/11\/04\/chpnin-kurultay-davasi-13-ocaka-ertelendi\/"},"modified":"2025-11-04T09:07:29","modified_gmt":"2025-11-04T07:07:29","slug":"chpnin-kurultay-davasi-13-ocaka-ertelendi","status":"publish","type":"post","link":"https:\/\/kibrisdakik.com\/?p=98189","title":{"rendered":"CHP\u2019N\u0130N KURULTAY DAVASI 13 OCAK\u2019A ERTELEND\u0130"},"content":{"rendered":"<p><\/p>\n<div data-text-id=\"188330\" property=\"articleBody\">\n<article dir=\"auto\" tabindex=\"-1\">&#13;<\/p>\n<p>CHP\u2019nin 38. Ola\u011fan Kurultay\u0131\u2019nda usuls\u00fczl\u00fck yap\u0131ld\u0131\u011f\u0131 iddias\u0131yla a\u00e7\u0131lan davan\u0131n ilk duru\u015fmas\u0131 Ankara 26. Asliye Ceza Mahkemesi\u2019nde g\u00f6r\u00fcld\u00fc. Aralar\u0131nda \u0130stanbul B\u00fcy\u00fck\u015fehir Belediye Ba\u015fkan\u0131 ve CHP\u2019nin cumhurba\u015fkan\u0131 aday\u0131 Ekrem \u0130mamo\u011flu\u2019nun da bulundu\u011fu 12 san\u0131\u011f\u0131n \u201cse\u00e7im kanununa muhalefet\u201d su\u00e7undan yarg\u0131land\u0131\u011f\u0131 dava, 13 Ocak tarihine ertelendi.<\/p>\n<p>                                &#13;<br \/>\n&#13;<\/p>\n<p>Kurultay s\u00fcrecine ili\u015fkin olarak, baz\u0131 delegelere menfaat kar\u015f\u0131l\u0131\u011f\u0131nda oy kulland\u0131r\u0131ld\u0131\u011f\u0131 iddias\u0131yla ba\u015flat\u0131lan soru\u015fturmada \u201cg\u00f6revli mahkeme\u201d tart\u0131\u015fmas\u0131 ya\u015fanm\u0131\u015f, konu Anayasa Mahkemesi\u2019ne ta\u015f\u0131nm\u0131\u015ft\u0131. Ankara 26. Asliye Ceza Mahkemesi\u2019nin verdi\u011fi \u201cg\u00f6revsizlik\u201d karar\u0131na yap\u0131lan itirazlar\u0131n ard\u0131ndan, Ceza Muhakemesi Kanunu\u2019nun ilgili maddesinin Anayasa\u2019ya ayk\u0131r\u0131 oldu\u011fu gerek\u00e7esiyle iptali talep edilmi\u015fti.<\/p>\n<p>&#13;<br \/>\n<\/article>\n<\/p><\/div>\n","protected":false},"excerpt":{"rendered":"<p>&#13; CHP\u2019nin 38. Ola\u011fan Kurultay\u0131\u2019nda usuls\u00fczl\u00fck yap\u0131ld\u0131\u011f\u0131 iddias\u0131yla a\u00e7\u0131lan davan\u0131n ilk duru\u015fmas\u0131 Ankara 26. Asliye Ceza Mahkemesi\u2019nde g\u00f6r\u00fcld\u00fc. Aralar\u0131nda \u0130stanbul B\u00fcy\u00fck\u015fehir Belediye Ba\u015fkan\u0131 ve CHP\u2019nin cumhurba\u015fkan\u0131 aday\u0131 Ekrem \u0130mamo\u011flu\u2019nun da bulundu\u011fu 12 san\u0131\u011f\u0131n \u201cse\u00e7im kanununa muhalefet\u201d su\u00e7undan yarg\u0131land\u0131\u011f\u0131 dava, 13 Ocak tarihine ertelendi. &#13; &#13; Kurultay s\u00fcrecine ili\u015fkin olarak, baz\u0131 delegelere menfaat kar\u015f\u0131l\u0131\u011f\u0131nda oy kulland\u0131r\u0131ld\u0131\u011f\u0131<\/p>\n","protected":false},"author":1,"featured_media":96621,"comment_status":"open","ping_status":"open","sticky":false,"template":"","format":"standard","meta":{"footnotes":""},"categories":[81],"tags":[],"class_list":["post-98189","post","type-post","status-publish","format-standard","has-post-thumbnail","hentry","category-kibris"],"yoast_head":"<!-- This site is optimized with the Yoast SEO plugin v27.4 - https:\/\/yoast.com\/product\/yoast-seo-wordpress\/ -->\n<title>CHP\u2019N\u0130N KURULTAY DAVASI 13 OCAK\u2019A ERTELEND\u0130 -<\/title>\n<meta name=\"robots\" content=\"index, follow, max-snippet:-1, max-image-preview:large, max-video-preview:-1\" \/>\n<link rel=\"canonical\" href=\"https:\/\/kibrisdakik.com\/?p=98189\" \/>\n<meta property=\"og:locale\" content=\"tr_TR\" \/>\n<meta property=\"og:type\" content=\"article\" \/>\n<meta property=\"og:title\" content=\"CHP\u2019N\u0130N KURULTAY DAVASI 13 OCAK\u2019A ERTELEND\u0130 -\" \/>\n<meta property=\"og:description\" content=\"&#013; CHP\u2019nin 38. Ola\u011fan Kurultay\u0131\u2019nda usuls\u00fczl\u00fck yap\u0131ld\u0131\u011f\u0131 iddias\u0131yla a\u00e7\u0131lan davan\u0131n ilk duru\u015fmas\u0131 Ankara 26. Asliye Ceza Mahkemesi\u2019nde g\u00f6r\u00fcld\u00fc. Aralar\u0131nda \u0130stanbul B\u00fcy\u00fck\u015fehir Belediye Ba\u015fkan\u0131 ve CHP\u2019nin cumhurba\u015fkan\u0131 aday\u0131 Ekrem \u0130mamo\u011flu\u2019nun da bulundu\u011fu 12 san\u0131\u011f\u0131n \u201cse\u00e7im kanununa muhalefet\u201d su\u00e7undan yarg\u0131land\u0131\u011f\u0131 dava, 13 Ocak tarihine ertelendi. &#013; &#013; Kurultay s\u00fcrecine ili\u015fkin olarak, baz\u0131 delegelere menfaat kar\u015f\u0131l\u0131\u011f\u0131nda oy kulland\u0131r\u0131ld\u0131\u011f\u0131\" \/>\n<meta property=\"og:url\" content=\"https:\/\/kibrisdakik.com\/?p=98189\" \/>\n<meta property=\"article:published_time\" content=\"2025-11-04T07:07:29+00:00\" \/>\n<meta property=\"og:image\" content=\"https:\/\/kibrisdakik.com\/wp-content\/uploads\/2025\/10\/mha-gorsel.png\" \/>\n\t<meta property=\"og:image:width\" content=\"1280\" \/>\n\t<meta property=\"og:image:height\" content=\"720\" \/>\n\t<meta property=\"og:image:type\" content=\"image\/png\" \/>\n<meta name=\"author\" content=\"admin\" \/>\n<meta name=\"twitter:card\" content=\"summary_large_image\" \/>\n<meta name=\"twitter:label1\" content=\"Yazan:\" \/>\n\t<meta name=\"twitter:data1\" content=\"admin\" \/>\n\t<meta name=\"twitter:label2\" content=\"Tahmini okuma s\u00fcresi\" \/>\n\t<meta name=\"twitter:data2\" content=\"1 dakika\" \/>\n<script type=\"application\/ld+json\" class=\"yoast-schema-graph\">{\"@context\":\"https:\\\/\\\/schema.org\",\"@graph\":[{\"@type\":\"Article\",\"@id\":\"https:\\\/\\\/kibrisdakik.com\\\/?p=98189#article\",\"isPartOf\":{\"@id\":\"https:\\\/\\\/kibrisdakik.com\\\/?p=98189\"},\"author\":{\"name\":\"admin\",\"@id\":\"https:\\\/\\\/kibrisdakik.com\\\/#\\\/schema\\\/person\\\/9cd9d437bbb44f72b73ba127e06d8e79\"},\"headline\":\"CHP\u2019N\u0130N KURULTAY DAVASI 13 OCAK\u2019A ERTELEND\u0130\",\"datePublished\":\"2025-11-04T07:07:29+00:00\",\"mainEntityOfPage\":{\"@id\":\"https:\\\/\\\/kibrisdakik.com\\\/?p=98189\"},\"wordCount\":145,\"commentCount\":0,\"image\":{\"@id\":\"https:\\\/\\\/kibrisdakik.com\\\/?p=98189#primaryimage\"},\"thumbnailUrl\":\"https:\\\/\\\/kibrisdakik.com\\\/wp-content\\\/uploads\\\/2025\\\/10\\\/mha-gorsel.png\",\"articleSection\":[\"K\u0131br\u0131s\"],\"inLanguage\":\"tr\",\"potentialAction\":[{\"@type\":\"CommentAction\",\"name\":\"Comment\",\"target\":[\"https:\\\/\\\/kibrisdakik.com\\\/?p=98189#respond\"]}]},{\"@type\":\"WebPage\",\"@id\":\"https:\\\/\\\/kibrisdakik.com\\\/?p=98189\",\"url\":\"https:\\\/\\\/kibrisdakik.com\\\/?p=98189\",\"name\":\"CHP\u2019N\u0130N KURULTAY DAVASI 13 OCAK\u2019A ERTELEND\u0130 -\",\"isPartOf\":{\"@id\":\"https:\\\/\\\/kibrisdakik.com\\\/#website\"},\"primaryImageOfPage\":{\"@id\":\"https:\\\/\\\/kibrisdakik.com\\\/?p=98189#primaryimage\"},\"image\":{\"@id\":\"https:\\\/\\\/kibrisdakik.com\\\/?p=98189#primaryimage\"},\"thumbnailUrl\":\"https:\\\/\\\/kibrisdakik.com\\\/wp-content\\\/uploads\\\/2025\\\/10\\\/mha-gorsel.png\",\"datePublished\":\"2025-11-04T07:07:29+00:00\",\"author\":{\"@id\":\"https:\\\/\\\/kibrisdakik.com\\\/#\\\/schema\\\/person\\\/9cd9d437bbb44f72b73ba127e06d8e79\"},\"breadcrumb\":{\"@id\":\"https:\\\/\\\/kibrisdakik.com\\\/?p=98189#breadcrumb\"},\"inLanguage\":\"tr\",\"potentialAction\":[{\"@type\":\"ReadAction\",\"target\":[\"https:\\\/\\\/kibrisdakik.com\\\/?p=98189\"]}]},{\"@type\":\"ImageObject\",\"inLanguage\":\"tr\",\"@id\":\"https:\\\/\\\/kibrisdakik.com\\\/?p=98189#primaryimage\",\"url\":\"https:\\\/\\\/kibrisdakik.com\\\/wp-content\\\/uploads\\\/2025\\\/10\\\/mha-gorsel.png\",\"contentUrl\":\"https:\\\/\\\/kibrisdakik.com\\\/wp-content\\\/uploads\\\/2025\\\/10\\\/mha-gorsel.png\",\"width\":1280,\"height\":720},{\"@type\":\"BreadcrumbList\",\"@id\":\"https:\\\/\\\/kibrisdakik.com\\\/?p=98189#breadcrumb\",\"itemListElement\":[{\"@type\":\"ListItem\",\"position\":1,\"name\":\"Home\",\"item\":\"https:\\\/\\\/kibrisdakik.com\\\/\"},{\"@type\":\"ListItem\",\"position\":2,\"name\":\"CHP\u2019N\u0130N KURULTAY DAVASI 13 OCAK\u2019A ERTELEND\u0130\"}]},{\"@type\":\"WebSite\",\"@id\":\"https:\\\/\\\/kibrisdakik.com\\\/#website\",\"url\":\"https:\\\/\\\/kibrisdakik.com\\\/\",\"name\":\"\",\"description\":\"Tam vaktinde haber\",\"potentialAction\":[{\"@type\":\"SearchAction\",\"target\":{\"@type\":\"EntryPoint\",\"urlTemplate\":\"https:\\\/\\\/kibrisdakik.com\\\/?s={search_term_string}\"},\"query-input\":{\"@type\":\"PropertyValueSpecification\",\"valueRequired\":true,\"valueName\":\"search_term_string\"}}],\"inLanguage\":\"tr\"},{\"@type\":\"Person\",\"@id\":\"https:\\\/\\\/kibrisdakik.com\\\/#\\\/schema\\\/person\\\/9cd9d437bbb44f72b73ba127e06d8e79\",\"name\":\"admin\",\"image\":{\"@type\":\"ImageObject\",\"inLanguage\":\"tr\",\"@id\":\"https:\\\/\\\/secure.gravatar.com\\\/avatar\\\/ccc17943b9d660506c869530f897617f7cb1c21a4bf30023f252596d83e1f007?s=96&d=mm&r=g\",\"url\":\"https:\\\/\\\/secure.gravatar.com\\\/avatar\\\/ccc17943b9d660506c869530f897617f7cb1c21a4bf30023f252596d83e1f007?s=96&d=mm&r=g\",\"contentUrl\":\"https:\\\/\\\/secure.gravatar.com\\\/avatar\\\/ccc17943b9d660506c869530f897617f7cb1c21a4bf30023f252596d83e1f007?s=96&d=mm&r=g\",\"caption\":\"admin\"},\"sameAs\":[\"https:\\\/\\\/kibrisdakik.com\"],\"url\":\"https:\\\/\\\/kibrisdakik.com\\\/?author=1\"}]}<\/script>\n<!-- \/ Yoast SEO plugin. -->","yoast_head_json":{"title":"CHP\u2019N\u0130N KURULTAY DAVASI 13 OCAK\u2019A ERTELEND\u0130 -","robots":{"index":"index","follow":"follow","max-snippet":"max-snippet:-1","max-image-preview":"max-image-preview:large","max-video-preview":"max-video-preview:-1"},"canonical":"https:\/\/kibrisdakik.com\/?p=98189","og_locale":"tr_TR","og_type":"article","og_title":"CHP\u2019N\u0130N KURULTAY DAVASI 13 OCAK\u2019A ERTELEND\u0130 -","og_description":"&#13; CHP\u2019nin 38. Ola\u011fan Kurultay\u0131\u2019nda usuls\u00fczl\u00fck yap\u0131ld\u0131\u011f\u0131 iddias\u0131yla a\u00e7\u0131lan davan\u0131n ilk duru\u015fmas\u0131 Ankara 26. Asliye Ceza Mahkemesi\u2019nde g\u00f6r\u00fcld\u00fc. Aralar\u0131nda \u0130stanbul B\u00fcy\u00fck\u015fehir Belediye Ba\u015fkan\u0131 ve CHP\u2019nin cumhurba\u015fkan\u0131 aday\u0131 Ekrem \u0130mamo\u011flu\u2019nun da bulundu\u011fu 12 san\u0131\u011f\u0131n \u201cse\u00e7im kanununa muhalefet\u201d su\u00e7undan yarg\u0131land\u0131\u011f\u0131 dava, 13 Ocak tarihine ertelendi. &#13; &#13; Kurultay s\u00fcrecine ili\u015fkin olarak, baz\u0131 delegelere menfaat kar\u015f\u0131l\u0131\u011f\u0131nda oy kulland\u0131r\u0131ld\u0131\u011f\u0131","og_url":"https:\/\/kibrisdakik.com\/?p=98189","article_published_time":"2025-11-04T07:07:29+00:00","og_image":[{"width":1280,"height":720,"url":"https:\/\/kibrisdakik.com\/wp-content\/uploads\/2025\/10\/mha-gorsel.png","type":"image\/png"}],"author":"admin","twitter_card":"summary_large_image","twitter_misc":{"Yazan:":"admin","Tahmini okuma s\u00fcresi":"1 dakika"},"schema":{"@context":"https:\/\/schema.org","@graph":[{"@type":"Article","@id":"https:\/\/kibrisdakik.com\/?p=98189#article","isPartOf":{"@id":"https:\/\/kibrisdakik.com\/?p=98189"},"author":{"name":"admin","@id":"https:\/\/kibrisdakik.com\/#\/schema\/person\/9cd9d437bbb44f72b73ba127e06d8e79"},"headline":"CHP\u2019N\u0130N KURULTAY DAVASI 13 OCAK\u2019A ERTELEND\u0130","datePublished":"2025-11-04T07:07:29+00:00","mainEntityOfPage":{"@id":"https:\/\/kibrisdakik.com\/?p=98189"},"wordCount":145,"commentCount":0,"image":{"@id":"https:\/\/kibrisdakik.com\/?p=98189#primaryimage"},"thumbnailUrl":"https:\/\/kibrisdakik.com\/wp-content\/uploads\/2025\/10\/mha-gorsel.png","articleSection":["K\u0131br\u0131s"],"inLanguage":"tr","potentialAction":[{"@type":"CommentAction","name":"Comment","target":["https:\/\/kibrisdakik.com\/?p=98189#respond"]}]},{"@type":"WebPage","@id":"https:\/\/kibrisdakik.com\/?p=98189","url":"https:\/\/kibrisdakik.com\/?p=98189","name":"CHP\u2019N\u0130N KURULTAY DAVASI 13 OCAK\u2019A ERTELEND\u0130 -","isPartOf":{"@id":"https:\/\/kibrisdakik.com\/#website"},"primaryImageOfPage":{"@id":"https:\/\/kibrisdakik.com\/?p=98189#primaryimage"},"image":{"@id":"https:\/\/kibrisdakik.com\/?p=98189#primaryimage"},"thumbnailUrl":"https:\/\/kibrisdakik.com\/wp-content\/uploads\/2025\/10\/mha-gorsel.png","datePublished":"2025-11-04T07:07:29+00:00","author":{"@id":"https:\/\/kibrisdakik.com\/#\/schema\/person\/9cd9d437bbb44f72b73ba127e06d8e79"},"breadcrumb":{"@id":"https:\/\/kibrisdakik.com\/?p=98189#breadcrumb"},"inLanguage":"tr","potentialAction":[{"@type":"ReadAction","target":["https:\/\/kibrisdakik.com\/?p=98189"]}]},{"@type":"ImageObject","inLanguage":"tr","@id":"https:\/\/kibrisdakik.com\/?p=98189#primaryimage","url":"https:\/\/kibrisdakik.com\/wp-content\/uploads\/2025\/10\/mha-gorsel.png","contentUrl":"https:\/\/kibrisdakik.com\/wp-content\/uploads\/2025\/10\/mha-gorsel.png","width":1280,"height":720},{"@type":"BreadcrumbList","@id":"https:\/\/kibrisdakik.com\/?p=98189#breadcrumb","itemListElement":[{"@type":"ListItem","position":1,"name":"Home","item":"https:\/\/kibrisdakik.com\/"},{"@type":"ListItem","position":2,"name":"CHP\u2019N\u0130N KURULTAY DAVASI 13 OCAK\u2019A ERTELEND\u0130"}]},{"@type":"WebSite","@id":"https:\/\/kibrisdakik.com\/#website","url":"https:\/\/kibrisdakik.com\/","name":"","description":"Tam vaktinde haber","potentialAction":[{"@type":"SearchAction","target":{"@type":"EntryPoint","urlTemplate":"https:\/\/kibrisdakik.com\/?s={search_term_string}"},"query-input":{"@type":"PropertyValueSpecification","valueRequired":true,"valueName":"search_term_string"}}],"inLanguage":"tr"},{"@type":"Person","@id":"https:\/\/kibrisdakik.com\/#\/schema\/person\/9cd9d437bbb44f72b73ba127e06d8e79","name":"admin","image":{"@type":"ImageObject","inLanguage":"tr","@id":"https:\/\/secure.gravatar.com\/avatar\/ccc17943b9d660506c869530f897617f7cb1c21a4bf30023f252596d83e1f007?s=96&d=mm&r=g","url":"https:\/\/secure.gravatar.com\/avatar\/ccc17943b9d660506c869530f897617f7cb1c21a4bf30023f252596d83e1f007?s=96&d=mm&r=g","contentUrl":"https:\/\/secure.gravatar.com\/avatar\/ccc17943b9d660506c869530f897617f7cb1c21a4bf30023f252596d83e1f007?s=96&d=mm&r=g","caption":"admin"},"sameAs":["https:\/\/kibrisdakik.com"],"url":"https:\/\/kibrisdakik.com\/?author=1"}]}},"_links":{"self":[{"href":"https:\/\/kibrisdakik.com\/index.php?rest_route=\/wp\/v2\/posts\/98189","targetHints":{"allow":["GET"]}}],"collection":[{"href":"https:\/\/kibrisdakik.com\/index.php?rest_route=\/wp\/v2\/posts"}],"about":[{"href":"https:\/\/kibrisdakik.com\/index.php?rest_route=\/wp\/v2\/types\/post"}],"author":[{"embeddable":true,"href":"https:\/\/kibrisdakik.com\/index.php?rest_route=\/wp\/v2\/users\/1"}],"replies":[{"embeddable":true,"href":"https:\/\/kibrisdakik.com\/index.php?rest_route=%2Fwp%2Fv2%2Fcomments&post=98189"}],"version-history":[{"count":0,"href":"https:\/\/kibrisdakik.com\/index.php?rest_route=\/wp\/v2\/posts\/98189\/revisions"}],"wp:featuredmedia":[{"embeddable":true,"href":"https:\/\/kibrisdakik.com\/index.php?rest_route=\/wp\/v2\/media\/96621"}],"wp:attachment":[{"href":"https:\/\/kibrisdakik.com\/index.php?rest_route=%2Fwp%2Fv2%2Fmedia&parent=98189"}],"wp:term":[{"taxonomy":"category","embeddable":true,"href":"https:\/\/kibrisdakik.com\/index.php?rest_route=%2Fwp%2Fv2%2Fcategories&post=98189"},{"taxonomy":"post_tag","embeddable":true,"href":"https:\/\/kibrisdakik.com\/index.php?rest_route=%2Fwp%2Fv2%2Ftags&post=98189"}],"curies":[{"name":"wp","href":"https:\/\/api.w.org\/{rel}","templated":true}]}}