{"id":9822,"date":"2023-07-04T15:48:31","date_gmt":"2023-07-04T15:48:31","guid":{"rendered":"https:\/\/kibrisdakik.com\/index.php\/2023\/07\/04\/canakkale-tsknde-suleyman-can-baskanliga-getirildi\/"},"modified":"2023-07-04T15:48:31","modified_gmt":"2023-07-04T15:48:31","slug":"canakkale-tsknde-suleyman-can-baskanliga-getirildi","status":"publish","type":"post","link":"https:\/\/kibrisdakik.com\/?p=9822","title":{"rendered":"\u00c7anakkale TSK\u2019nde S\u00fcleyman Can ba\u015fkanl\u0131\u011fa getirildi"},"content":{"rendered":"<p> <br \/>\n<\/p>\n<div>\n<div class=\"mariselle-image-container none\">\n                <img width=\"848\" height=\"480\" class=\"lazy-image\" alt=\"\" decoding=\"async\" loading=\"lazy\" sizes=\"auto, (max-width: 848px) 100vw, 848px\" src=\"https:\/\/brtk.net\/wp-content\/uploads\/2023\/07\/04\/CANAKKALE-BASKAN.png?ver=ca60d4092a4db51370a6ade6ab5d1a8a\" srcset=\"https:\/\/brtk.net\/wp-content\/uploads\/2023\/07\/04\/CANAKKALE-BASKAN.png?ver=ca60d4092a4db51370a6ade6ab5d1a8a 848w, https:\/\/brtk.net\/wp-content\/uploads\/2023\/07\/04\/CANAKKALE-BASKAN-300x170.png?ver=95b9db0b16758d63ca2c18c26658887d 300w, https:\/\/brtk.net\/wp-content\/uploads\/2023\/07\/04\/CANAKKALE-BASKAN-768x435.png?ver=f9c882a85a103e34e3175c22db655828 768w\"\/>                            <\/div>\n<p>\u00c7anakkale T\u00fcrk Spor Kul\u00fcb\u00fc ola\u011fan\u00fcst\u00fc genel kurulu yap\u0131ld\u0131. Genel kurulda ba\u015fkanl\u0131\u011fa tek aday olan S\u00fcleyman Can getirildi. Kul\u00fcp lokalinde ger\u00e7ekle\u015ftirilen ola\u011fan\u00fcst\u00fc genel kurulda, a\u00e7\u0131l\u0131\u015f ve sayg\u0131 duru\u015fu sonras\u0131 olu\u015fturulan divan kurulunda ba\u015fkanl\u0131\u011f\u0131Y\u0131ltan \u00d6zk\u0131ra\u00e7, sekreterlikleri ise H\u00fcseyin Arsal ve \u0130lker Ek\u015fici yapt\u0131. Faaliyet ve mali raporun kul\u00fcp ba\u015fkan\u0131 Yusuf Sertel taraf\u0131ndan okunarak, \u00fcyeler taraf\u0131ndan oybirli\u011fiyle onaylanmas\u0131n\u0131n ard\u0131ndan ba\u015fkanl\u0131k se\u00e7imine ge\u00e7ildi. Se\u00e7ime tek aday olarak giren S\u00fcleyman Can \u00fcyelerden ald\u0131\u011f\u0131 onayla yeni d\u00f6nemde oybirli\u011fiyle ba\u015fkan se\u00e7ildi.<\/p>\n<p>Yeni ba\u015fkan S\u00fcleyman Can yapt\u0131\u011f\u0131 k\u0131sa konu\u015fmada genel kurula kat\u0131lan \u00fcyelere te\u015fekk\u00fcr ederek, birlik beraberlik mesaj\u0131 verdi. Camiay\u0131 kenetlenmeye davet eden ba\u015fkan S\u00fcleyman Can, \u00c7anakkale\u2019de yeni d\u00f6nemin ba\u015flad\u0131\u011f\u0131na, hedeflerinin ise s\u00fcper lig oldu\u011funa vurgu yapt\u0131. Yeni d\u00f6nemde \u00c7anakkale T\u00fcrk Spor Kul\u00fcb\u00fc\u2019nde S\u00fcleyman Can\u2019\u0131n ba\u015fkanl\u0131\u011fa se\u00e7ilmesinin ard\u0131ndan Gazima\u011fusa\u2019n\u0131n ye\u015fil beyazl\u0131 ekibi \u00c7anakkale\u2019de daha \u00f6nce anla\u015fmaya var\u0131lan teknik direkt\u00f6r Ahmet Ogan ve ekibiyle birlikte mevcut kadroya yap\u0131lacak transfer \u00e7al\u0131\u015fmalar\u0131 da h\u0131z kazanm\u0131\u015f oldu. \u00c7anakkale T\u00fcrk Spor Kul\u00fcb\u00fc ba\u015fkan\u0131 S\u00fcleyman Can, birlikte \u00e7al\u0131\u015faca\u011f\u0131 yeni y\u00f6netim kurlu ve g\u00f6rev da\u011f\u0131l\u0131m\u0131 ileriki g\u00fcnlerde a\u00e7\u0131klayacak.<\/p>\n<\/p><\/div>\n<p><script async\n                    defer\n                    crossorigin=\"anonymous\"\n                    src=\"https:\/\/connect.facebook.net\/tr_TR\/sdk.js#xfbml=1&#038;version=v3.3\"\n            ><\/script><br \/>\n<br \/><br \/>\n<br \/><a href=\"https:\/\/brtk.net\/canakkale-tsknde-suleyman-can-baskanliga-getirildi\/\"> <\/a><\/p>\n","protected":false},"excerpt":{"rendered":"<p>\u00c7anakkale T\u00fcrk Spor Kul\u00fcb\u00fc ola\u011fan\u00fcst\u00fc genel kurulu yap\u0131ld\u0131. Genel kurulda ba\u015fkanl\u0131\u011fa tek aday olan S\u00fcleyman Can getirildi. Kul\u00fcp lokalinde ger\u00e7ekle\u015ftirilen ola\u011fan\u00fcst\u00fc genel kurulda, a\u00e7\u0131l\u0131\u015f ve sayg\u0131 duru\u015fu sonras\u0131 olu\u015fturulan divan kurulunda ba\u015fkanl\u0131\u011f\u0131Y\u0131ltan \u00d6zk\u0131ra\u00e7, sekreterlikleri ise H\u00fcseyin Arsal ve \u0130lker Ek\u015fici yapt\u0131. Faaliyet ve mali raporun kul\u00fcp ba\u015fkan\u0131 Yusuf Sertel taraf\u0131ndan okunarak, \u00fcyeler taraf\u0131ndan oybirli\u011fiyle onaylanmas\u0131n\u0131n<\/p>\n","protected":false},"author":1,"featured_media":9823,"comment_status":"open","ping_status":"open","sticky":false,"template":"","format":"standard","meta":{"footnotes":""},"categories":[85],"tags":[],"class_list":["post-9822","post","type-post","status-publish","format-standard","has-post-thumbnail","hentry","category-spor"],"yoast_head":"<!-- This site is optimized with the Yoast SEO plugin v27.5 - https:\/\/yoast.com\/product\/yoast-seo-wordpress\/ -->\n<title>\u00c7anakkale TSK\u2019nde S\u00fcleyman Can ba\u015fkanl\u0131\u011fa getirildi -<\/title>\n<meta name=\"robots\" content=\"index, follow, max-snippet:-1, max-image-preview:large, max-video-preview:-1\" \/>\n<link rel=\"canonical\" href=\"https:\/\/kibrisdakik.com\/?p=9822\" \/>\n<meta property=\"og:locale\" content=\"tr_TR\" \/>\n<meta property=\"og:type\" content=\"article\" \/>\n<meta property=\"og:title\" content=\"\u00c7anakkale TSK\u2019nde S\u00fcleyman Can ba\u015fkanl\u0131\u011fa getirildi -\" \/>\n<meta property=\"og:description\" content=\"\u00c7anakkale T\u00fcrk Spor Kul\u00fcb\u00fc ola\u011fan\u00fcst\u00fc genel kurulu yap\u0131ld\u0131. Genel kurulda ba\u015fkanl\u0131\u011fa tek aday olan S\u00fcleyman Can getirildi. Kul\u00fcp lokalinde ger\u00e7ekle\u015ftirilen ola\u011fan\u00fcst\u00fc genel kurulda, a\u00e7\u0131l\u0131\u015f ve sayg\u0131 duru\u015fu sonras\u0131 olu\u015fturulan divan kurulunda ba\u015fkanl\u0131\u011f\u0131Y\u0131ltan \u00d6zk\u0131ra\u00e7, sekreterlikleri ise H\u00fcseyin Arsal ve \u0130lker Ek\u015fici yapt\u0131. Faaliyet ve mali raporun kul\u00fcp ba\u015fkan\u0131 Yusuf Sertel taraf\u0131ndan okunarak, \u00fcyeler taraf\u0131ndan oybirli\u011fiyle onaylanmas\u0131n\u0131n\" \/>\n<meta property=\"og:url\" content=\"https:\/\/kibrisdakik.com\/?p=9822\" \/>\n<meta property=\"article:published_time\" content=\"2023-07-04T15:48:31+00:00\" \/>\n<meta property=\"og:image\" content=\"https:\/\/kibrisdakik.com\/wp-content\/uploads\/2023\/07\/CANAKKALE-BASKAN-740x420.png\" \/>\n\t<meta property=\"og:image:width\" content=\"848\" \/>\n\t<meta property=\"og:image:height\" content=\"480\" \/>\n\t<meta property=\"og:image:type\" content=\"image\/png\" \/>\n<meta name=\"author\" content=\"admin\" \/>\n<meta name=\"twitter:card\" content=\"summary_large_image\" \/>\n<meta name=\"twitter:label1\" content=\"Yazan:\" \/>\n\t<meta name=\"twitter:data1\" content=\"admin\" \/>\n\t<meta name=\"twitter:label2\" content=\"Tahmini okuma s\u00fcresi\" \/>\n\t<meta name=\"twitter:data2\" content=\"1 dakika\" \/>\n<script type=\"application\/ld+json\" class=\"yoast-schema-graph\">{\"@context\":\"https:\\\/\\\/schema.org\",\"@graph\":[{\"@type\":\"Article\",\"@id\":\"https:\\\/\\\/kibrisdakik.com\\\/?p=9822#article\",\"isPartOf\":{\"@id\":\"https:\\\/\\\/kibrisdakik.com\\\/?p=9822\"},\"author\":{\"name\":\"admin\",\"@id\":\"https:\\\/\\\/kibrisdakik.com\\\/#\\\/schema\\\/person\\\/9cd9d437bbb44f72b73ba127e06d8e79\"},\"headline\":\"\u00c7anakkale TSK\u2019nde S\u00fcleyman Can ba\u015fkanl\u0131\u011fa getirildi\",\"datePublished\":\"2023-07-04T15:48:31+00:00\",\"mainEntityOfPage\":{\"@id\":\"https:\\\/\\\/kibrisdakik.com\\\/?p=9822\"},\"wordCount\":262,\"commentCount\":0,\"image\":{\"@id\":\"https:\\\/\\\/kibrisdakik.com\\\/?p=9822#primaryimage\"},\"thumbnailUrl\":\"https:\\\/\\\/kibrisdakik.com\\\/wp-content\\\/uploads\\\/2023\\\/07\\\/CANAKKALE-BASKAN-740x420.png\",\"articleSection\":[\"Spor\"],\"inLanguage\":\"tr\",\"potentialAction\":[{\"@type\":\"CommentAction\",\"name\":\"Comment\",\"target\":[\"https:\\\/\\\/kibrisdakik.com\\\/?p=9822#respond\"]}]},{\"@type\":\"WebPage\",\"@id\":\"https:\\\/\\\/kibrisdakik.com\\\/?p=9822\",\"url\":\"https:\\\/\\\/kibrisdakik.com\\\/?p=9822\",\"name\":\"\u00c7anakkale TSK\u2019nde S\u00fcleyman Can ba\u015fkanl\u0131\u011fa getirildi -\",\"isPartOf\":{\"@id\":\"https:\\\/\\\/kibrisdakik.com\\\/#website\"},\"primaryImageOfPage\":{\"@id\":\"https:\\\/\\\/kibrisdakik.com\\\/?p=9822#primaryimage\"},\"image\":{\"@id\":\"https:\\\/\\\/kibrisdakik.com\\\/?p=9822#primaryimage\"},\"thumbnailUrl\":\"https:\\\/\\\/kibrisdakik.com\\\/wp-content\\\/uploads\\\/2023\\\/07\\\/CANAKKALE-BASKAN-740x420.png\",\"datePublished\":\"2023-07-04T15:48:31+00:00\",\"author\":{\"@id\":\"https:\\\/\\\/kibrisdakik.com\\\/#\\\/schema\\\/person\\\/9cd9d437bbb44f72b73ba127e06d8e79\"},\"breadcrumb\":{\"@id\":\"https:\\\/\\\/kibrisdakik.com\\\/?p=9822#breadcrumb\"},\"inLanguage\":\"tr\",\"potentialAction\":[{\"@type\":\"ReadAction\",\"target\":[\"https:\\\/\\\/kibrisdakik.com\\\/?p=9822\"]}]},{\"@type\":\"ImageObject\",\"inLanguage\":\"tr\",\"@id\":\"https:\\\/\\\/kibrisdakik.com\\\/?p=9822#primaryimage\",\"url\":\"https:\\\/\\\/kibrisdakik.com\\\/wp-content\\\/uploads\\\/2023\\\/07\\\/CANAKKALE-BASKAN-740x420.png\",\"contentUrl\":\"https:\\\/\\\/kibrisdakik.com\\\/wp-content\\\/uploads\\\/2023\\\/07\\\/CANAKKALE-BASKAN-740x420.png\",\"width\":848,\"height\":480},{\"@type\":\"BreadcrumbList\",\"@id\":\"https:\\\/\\\/kibrisdakik.com\\\/?p=9822#breadcrumb\",\"itemListElement\":[{\"@type\":\"ListItem\",\"position\":1,\"name\":\"Home\",\"item\":\"https:\\\/\\\/kibrisdakik.com\\\/\"},{\"@type\":\"ListItem\",\"position\":2,\"name\":\"\u00c7anakkale TSK\u2019nde S\u00fcleyman Can ba\u015fkanl\u0131\u011fa getirildi\"}]},{\"@type\":\"WebSite\",\"@id\":\"https:\\\/\\\/kibrisdakik.com\\\/#website\",\"url\":\"https:\\\/\\\/kibrisdakik.com\\\/\",\"name\":\"\",\"description\":\"Tam vaktinde haber\",\"potentialAction\":[{\"@type\":\"SearchAction\",\"target\":{\"@type\":\"EntryPoint\",\"urlTemplate\":\"https:\\\/\\\/kibrisdakik.com\\\/?s={search_term_string}\"},\"query-input\":{\"@type\":\"PropertyValueSpecification\",\"valueRequired\":true,\"valueName\":\"search_term_string\"}}],\"inLanguage\":\"tr\"},{\"@type\":\"Person\",\"@id\":\"https:\\\/\\\/kibrisdakik.com\\\/#\\\/schema\\\/person\\\/9cd9d437bbb44f72b73ba127e06d8e79\",\"name\":\"admin\",\"image\":{\"@type\":\"ImageObject\",\"inLanguage\":\"tr\",\"@id\":\"https:\\\/\\\/secure.gravatar.com\\\/avatar\\\/ccc17943b9d660506c869530f897617f7cb1c21a4bf30023f252596d83e1f007?s=96&d=mm&r=g\",\"url\":\"https:\\\/\\\/secure.gravatar.com\\\/avatar\\\/ccc17943b9d660506c869530f897617f7cb1c21a4bf30023f252596d83e1f007?s=96&d=mm&r=g\",\"contentUrl\":\"https:\\\/\\\/secure.gravatar.com\\\/avatar\\\/ccc17943b9d660506c869530f897617f7cb1c21a4bf30023f252596d83e1f007?s=96&d=mm&r=g\",\"caption\":\"admin\"},\"sameAs\":[\"https:\\\/\\\/kibrisdakik.com\"],\"url\":\"https:\\\/\\\/kibrisdakik.com\\\/?author=1\"}]}<\/script>\n<!-- \/ Yoast SEO plugin. -->","yoast_head_json":{"title":"\u00c7anakkale TSK\u2019nde S\u00fcleyman Can ba\u015fkanl\u0131\u011fa getirildi -","robots":{"index":"index","follow":"follow","max-snippet":"max-snippet:-1","max-image-preview":"max-image-preview:large","max-video-preview":"max-video-preview:-1"},"canonical":"https:\/\/kibrisdakik.com\/?p=9822","og_locale":"tr_TR","og_type":"article","og_title":"\u00c7anakkale TSK\u2019nde S\u00fcleyman Can ba\u015fkanl\u0131\u011fa getirildi -","og_description":"\u00c7anakkale T\u00fcrk Spor Kul\u00fcb\u00fc ola\u011fan\u00fcst\u00fc genel kurulu yap\u0131ld\u0131. Genel kurulda ba\u015fkanl\u0131\u011fa tek aday olan S\u00fcleyman Can getirildi. Kul\u00fcp lokalinde ger\u00e7ekle\u015ftirilen ola\u011fan\u00fcst\u00fc genel kurulda, a\u00e7\u0131l\u0131\u015f ve sayg\u0131 duru\u015fu sonras\u0131 olu\u015fturulan divan kurulunda ba\u015fkanl\u0131\u011f\u0131Y\u0131ltan \u00d6zk\u0131ra\u00e7, sekreterlikleri ise H\u00fcseyin Arsal ve \u0130lker Ek\u015fici yapt\u0131. Faaliyet ve mali raporun kul\u00fcp ba\u015fkan\u0131 Yusuf Sertel taraf\u0131ndan okunarak, \u00fcyeler taraf\u0131ndan oybirli\u011fiyle onaylanmas\u0131n\u0131n","og_url":"https:\/\/kibrisdakik.com\/?p=9822","article_published_time":"2023-07-04T15:48:31+00:00","og_image":[{"width":848,"height":480,"url":"https:\/\/kibrisdakik.com\/wp-content\/uploads\/2023\/07\/CANAKKALE-BASKAN-740x420.png","type":"image\/png"}],"author":"admin","twitter_card":"summary_large_image","twitter_misc":{"Yazan:":"admin","Tahmini okuma s\u00fcresi":"1 dakika"},"schema":{"@context":"https:\/\/schema.org","@graph":[{"@type":"Article","@id":"https:\/\/kibrisdakik.com\/?p=9822#article","isPartOf":{"@id":"https:\/\/kibrisdakik.com\/?p=9822"},"author":{"name":"admin","@id":"https:\/\/kibrisdakik.com\/#\/schema\/person\/9cd9d437bbb44f72b73ba127e06d8e79"},"headline":"\u00c7anakkale TSK\u2019nde S\u00fcleyman Can ba\u015fkanl\u0131\u011fa getirildi","datePublished":"2023-07-04T15:48:31+00:00","mainEntityOfPage":{"@id":"https:\/\/kibrisdakik.com\/?p=9822"},"wordCount":262,"commentCount":0,"image":{"@id":"https:\/\/kibrisdakik.com\/?p=9822#primaryimage"},"thumbnailUrl":"https:\/\/kibrisdakik.com\/wp-content\/uploads\/2023\/07\/CANAKKALE-BASKAN-740x420.png","articleSection":["Spor"],"inLanguage":"tr","potentialAction":[{"@type":"CommentAction","name":"Comment","target":["https:\/\/kibrisdakik.com\/?p=9822#respond"]}]},{"@type":"WebPage","@id":"https:\/\/kibrisdakik.com\/?p=9822","url":"https:\/\/kibrisdakik.com\/?p=9822","name":"\u00c7anakkale TSK\u2019nde S\u00fcleyman Can ba\u015fkanl\u0131\u011fa getirildi -","isPartOf":{"@id":"https:\/\/kibrisdakik.com\/#website"},"primaryImageOfPage":{"@id":"https:\/\/kibrisdakik.com\/?p=9822#primaryimage"},"image":{"@id":"https:\/\/kibrisdakik.com\/?p=9822#primaryimage"},"thumbnailUrl":"https:\/\/kibrisdakik.com\/wp-content\/uploads\/2023\/07\/CANAKKALE-BASKAN-740x420.png","datePublished":"2023-07-04T15:48:31+00:00","author":{"@id":"https:\/\/kibrisdakik.com\/#\/schema\/person\/9cd9d437bbb44f72b73ba127e06d8e79"},"breadcrumb":{"@id":"https:\/\/kibrisdakik.com\/?p=9822#breadcrumb"},"inLanguage":"tr","potentialAction":[{"@type":"ReadAction","target":["https:\/\/kibrisdakik.com\/?p=9822"]}]},{"@type":"ImageObject","inLanguage":"tr","@id":"https:\/\/kibrisdakik.com\/?p=9822#primaryimage","url":"https:\/\/kibrisdakik.com\/wp-content\/uploads\/2023\/07\/CANAKKALE-BASKAN-740x420.png","contentUrl":"https:\/\/kibrisdakik.com\/wp-content\/uploads\/2023\/07\/CANAKKALE-BASKAN-740x420.png","width":848,"height":480},{"@type":"BreadcrumbList","@id":"https:\/\/kibrisdakik.com\/?p=9822#breadcrumb","itemListElement":[{"@type":"ListItem","position":1,"name":"Home","item":"https:\/\/kibrisdakik.com\/"},{"@type":"ListItem","position":2,"name":"\u00c7anakkale TSK\u2019nde S\u00fcleyman Can ba\u015fkanl\u0131\u011fa getirildi"}]},{"@type":"WebSite","@id":"https:\/\/kibrisdakik.com\/#website","url":"https:\/\/kibrisdakik.com\/","name":"","description":"Tam vaktinde haber","potentialAction":[{"@type":"SearchAction","target":{"@type":"EntryPoint","urlTemplate":"https:\/\/kibrisdakik.com\/?s={search_term_string}"},"query-input":{"@type":"PropertyValueSpecification","valueRequired":true,"valueName":"search_term_string"}}],"inLanguage":"tr"},{"@type":"Person","@id":"https:\/\/kibrisdakik.com\/#\/schema\/person\/9cd9d437bbb44f72b73ba127e06d8e79","name":"admin","image":{"@type":"ImageObject","inLanguage":"tr","@id":"https:\/\/secure.gravatar.com\/avatar\/ccc17943b9d660506c869530f897617f7cb1c21a4bf30023f252596d83e1f007?s=96&d=mm&r=g","url":"https:\/\/secure.gravatar.com\/avatar\/ccc17943b9d660506c869530f897617f7cb1c21a4bf30023f252596d83e1f007?s=96&d=mm&r=g","contentUrl":"https:\/\/secure.gravatar.com\/avatar\/ccc17943b9d660506c869530f897617f7cb1c21a4bf30023f252596d83e1f007?s=96&d=mm&r=g","caption":"admin"},"sameAs":["https:\/\/kibrisdakik.com"],"url":"https:\/\/kibrisdakik.com\/?author=1"}]}},"_links":{"self":[{"href":"https:\/\/kibrisdakik.com\/index.php?rest_route=\/wp\/v2\/posts\/9822","targetHints":{"allow":["GET"]}}],"collection":[{"href":"https:\/\/kibrisdakik.com\/index.php?rest_route=\/wp\/v2\/posts"}],"about":[{"href":"https:\/\/kibrisdakik.com\/index.php?rest_route=\/wp\/v2\/types\/post"}],"author":[{"embeddable":true,"href":"https:\/\/kibrisdakik.com\/index.php?rest_route=\/wp\/v2\/users\/1"}],"replies":[{"embeddable":true,"href":"https:\/\/kibrisdakik.com\/index.php?rest_route=%2Fwp%2Fv2%2Fcomments&post=9822"}],"version-history":[{"count":0,"href":"https:\/\/kibrisdakik.com\/index.php?rest_route=\/wp\/v2\/posts\/9822\/revisions"}],"wp:featuredmedia":[{"embeddable":true,"href":"https:\/\/kibrisdakik.com\/index.php?rest_route=\/wp\/v2\/media\/9823"}],"wp:attachment":[{"href":"https:\/\/kibrisdakik.com\/index.php?rest_route=%2Fwp%2Fv2%2Fmedia&parent=9822"}],"wp:term":[{"taxonomy":"category","embeddable":true,"href":"https:\/\/kibrisdakik.com\/index.php?rest_route=%2Fwp%2Fv2%2Fcategories&post=9822"},{"taxonomy":"post_tag","embeddable":true,"href":"https:\/\/kibrisdakik.com\/index.php?rest_route=%2Fwp%2Fv2%2Ftags&post=9822"}],"curies":[{"name":"wp","href":"https:\/\/api.w.org\/{rel}","templated":true}]}}