{"id":98249,"date":"2025-11-04T15:38:12","date_gmt":"2025-11-04T13:38:12","guid":{"rendered":"https:\/\/kibrisdakik.com\/index.php\/2025\/11\/04\/ctp-tamamen-tukenmis-bu-hukumet-derhal-istifa-etmelidir\/"},"modified":"2025-11-04T15:38:12","modified_gmt":"2025-11-04T13:38:12","slug":"ctp-tamamen-tukenmis-bu-hukumet-derhal-istifa-etmelidir","status":"publish","type":"post","link":"https:\/\/kibrisdakik.com\/?p=98249","title":{"rendered":"CTP: \u201cTAMAMEN T\u00dcKENM\u0130\u015e BU H\u00dcK\u00dcMET DERHAL \u0130ST\u0130FA ETMEL\u0130D\u0130R!\u201d"},"content":{"rendered":"<p><\/p>\n<div data-text-id=\"188405\" property=\"articleBody\">\n<p>Cumhuriyet\u00e7i T\u00fcrk Partisi (CTP), Cumhurba\u015fkanl\u0131\u011f\u0131 se\u00e7im sonu\u00e7lar\u0131n\u0131n, halk\u0131n mevcut h\u00fck\u00fcmete olan g\u00fcvenini tamamen kaybetti\u011fini a\u00e7\u0131k\u00e7a ortaya koydu\u011funu belirterek h\u00fck\u00fcmete istifa \u00e7a\u011fr\u0131s\u0131nda bulundu.<\/p>\n<p>CTP\u2019den yap\u0131lan yaz\u0131l\u0131 a\u00e7\u0131klamada, \u00fclkenin bir y\u00f6netim krizine s\u00fcr\u00fcklendi\u011fi vurgulanarak \u015fu ifadelere yer verildi:<\/p>\n<p>\u201cCumhurba\u015fkanl\u0131\u011f\u0131 se\u00e7im sonucu, K\u0131br\u0131s T\u00fcrk halk\u0131n\u0131n a\u00e7\u0131k ve g\u00fc\u00e7l\u00fc iradesini bir kez daha ortaya koymu\u015ftur. Halk, bu se\u00e7imlerle birlikte mevcut h\u00fck\u00fcmete g\u00fcvenini tamamen kaybetti\u011fini ilan etmi\u015ftir. Cumhuriyet\u00e7i T\u00fcrk Partisi olarak, bu sonucun gere\u011fini yerine getirmek, demokrasinin ve halk iradesinin onurunu korumak ad\u0131na, h\u00fck\u00fcmetin derhal erken se\u00e7im karar\u0131 alarak \u00fclkenin \u00f6n\u00fcn\u00fc a\u00e7mas\u0131 gerekti\u011fini a\u00e7\u0131k ve net bi\u00e7imde ifade ediyoruz.\u201d<\/p>\n<p>A\u00e7\u0131klamada, CTP\u2019nin d\u00fcnk\u00fc Meclis birle\u015fiminde h\u00fck\u00fcmete 22 Mart 2026 tarihinde erken genel se\u00e7im \u00e7a\u011fr\u0131s\u0131nda bulundu\u011fu hat\u0131rlat\u0131larak, bu \u00e7a\u011fr\u0131n\u0131n yaln\u0131zca partinin de\u011fil, halk\u0131n sabr\u0131n\u0131n ve beklentisinin yans\u0131mas\u0131 oldu\u011fu ifade edildi.<\/p>\n<p>\u201cBug\u00fcn ger\u00e7ekle\u015fmesi gereken Meclis oturumu, h\u00fck\u00fcmet partilerinin nisap yetersizli\u011fi nedeniyle yine ba\u015flayamam\u0131\u015ft\u0131r. Bu, \u00fclkenin i\u00e7ine d\u00fc\u015f\u00fcr\u00fcld\u00fc\u011f\u00fc y\u00f6netim bo\u015flu\u011funu bir kez daha g\u00f6zler \u00f6n\u00fcne sermi\u015ftir. Art\u0131k a\u00e7\u0131k\u00e7a g\u00f6r\u00fclmektedir ki, bu h\u00fck\u00fcmet ne Meclis\u2019i \u00e7al\u0131\u015ft\u0131rabilmekte ne de \u00fclkeyi y\u00f6netebilmektedir.\u201d<\/p>\n<p>CTP a\u00e7\u0131klamas\u0131nda, mevcut h\u00fck\u00fcmetin me\u015fruiyetini yitirdi\u011fi savunularak \u015fu ifadelere yer verildi:<\/p>\n<p>\u201cBu tablo, bir h\u00fck\u00fcmetin de\u011fil, bir y\u00f6netememe halinin resmidir. Bu h\u00fck\u00fcmet, sadece me\u015fruiyetini de\u011fil ayn\u0131 zamanda v\u00fccut b\u00fct\u00fcnl\u00fc\u011f\u00fcn\u00fc de kaybetmi\u015ftir. Halk iradesiyle inatla\u015fmak, siyasetin de\u011fil \u00e7aresizli\u011fin g\u00f6stergesidir. Y\u00f6netemeyenlerin koltukta kalmas\u0131, \u00fclkeye daha fazla zarar vermekten ba\u015fka bir anlam ta\u015f\u0131mamaktad\u0131r.\u201d<\/p>\n<p>Parti, erken se\u00e7imin \u00fclke i\u00e7in tek \u00e7\u0131k\u0131\u015f yolu oldu\u011funu vurgulad\u0131:<\/p>\n<p>\u201c\u00c7\u0131k\u0131\u015f yolu bellidir: H\u00fck\u00fcmet derhal inad\u0131ndan d\u00f6nmeli ve 22 Mart 2026 tarihinde yap\u0131lmak \u00fczere erken genel se\u00e7imin \u00f6n\u00fc bir an \u00f6nce a\u00e7\u0131lmal\u0131d\u0131r.\u201d<\/p>\n<p>A\u00e7\u0131klaman\u0131n sonunda CTP, halk\u0131n iradesini ve demokrasiyi savunma kararl\u0131l\u0131\u011f\u0131n\u0131 \u015fu s\u00f6zlerle dile getirdi:<\/p>\n<p>\u201cCumhuriyet\u00e7i T\u00fcrk Partisi, halk\u0131n iradesini hi\u00e7e sayan bu anlay\u0131\u015fa kar\u015f\u0131, demokrasiyi, meclis iradesini ve halk\u0131n onurunu korumaya kararl\u0131d\u0131r. \u00dclkemizin gelece\u011fi, birka\u00e7 koltu\u011fun de\u011fil; halk\u0131n iradesinin, eme\u011finin ve onurlu bir y\u00f6netimin teminat\u0131 alt\u0131nda olmal\u0131d\u0131r.\u201d<\/p>\n<\/p><\/div>\n","protected":false},"excerpt":{"rendered":"<p>Cumhuriyet\u00e7i T\u00fcrk Partisi (CTP), Cumhurba\u015fkanl\u0131\u011f\u0131 se\u00e7im sonu\u00e7lar\u0131n\u0131n, halk\u0131n mevcut h\u00fck\u00fcmete olan g\u00fcvenini tamamen kaybetti\u011fini a\u00e7\u0131k\u00e7a ortaya koydu\u011funu belirterek h\u00fck\u00fcmete istifa \u00e7a\u011fr\u0131s\u0131nda bulundu. CTP\u2019den yap\u0131lan yaz\u0131l\u0131 a\u00e7\u0131klamada, \u00fclkenin bir y\u00f6netim krizine s\u00fcr\u00fcklendi\u011fi vurgulanarak \u015fu ifadelere yer verildi: \u201cCumhurba\u015fkanl\u0131\u011f\u0131 se\u00e7im sonucu, K\u0131br\u0131s T\u00fcrk halk\u0131n\u0131n a\u00e7\u0131k ve g\u00fc\u00e7l\u00fc iradesini bir kez daha ortaya koymu\u015ftur. Halk, bu se\u00e7imlerle birlikte<\/p>\n","protected":false},"author":1,"featured_media":98250,"comment_status":"open","ping_status":"open","sticky":false,"template":"","format":"standard","meta":{"footnotes":""},"categories":[81],"tags":[],"class_list":["post-98249","post","type-post","status-publish","format-standard","has-post-thumbnail","hentry","category-kibris"],"yoast_head":"<!-- This site is optimized with the Yoast SEO plugin v27.4 - https:\/\/yoast.com\/product\/yoast-seo-wordpress\/ -->\n<title>CTP: \u201cTAMAMEN T\u00dcKENM\u0130\u015e BU H\u00dcK\u00dcMET DERHAL \u0130ST\u0130FA ETMEL\u0130D\u0130R!\u201d -<\/title>\n<meta name=\"robots\" content=\"index, follow, max-snippet:-1, max-image-preview:large, max-video-preview:-1\" \/>\n<link rel=\"canonical\" href=\"https:\/\/kibrisdakik.com\/?p=98249\" \/>\n<meta property=\"og:locale\" content=\"tr_TR\" \/>\n<meta property=\"og:type\" content=\"article\" \/>\n<meta property=\"og:title\" content=\"CTP: \u201cTAMAMEN T\u00dcKENM\u0130\u015e BU H\u00dcK\u00dcMET DERHAL \u0130ST\u0130FA ETMEL\u0130D\u0130R!\u201d -\" \/>\n<meta property=\"og:description\" content=\"Cumhuriyet\u00e7i T\u00fcrk Partisi (CTP), Cumhurba\u015fkanl\u0131\u011f\u0131 se\u00e7im sonu\u00e7lar\u0131n\u0131n, halk\u0131n mevcut h\u00fck\u00fcmete olan g\u00fcvenini tamamen kaybetti\u011fini a\u00e7\u0131k\u00e7a ortaya koydu\u011funu belirterek h\u00fck\u00fcmete istifa \u00e7a\u011fr\u0131s\u0131nda bulundu. CTP\u2019den yap\u0131lan yaz\u0131l\u0131 a\u00e7\u0131klamada, \u00fclkenin bir y\u00f6netim krizine s\u00fcr\u00fcklendi\u011fi vurgulanarak \u015fu ifadelere yer verildi: \u201cCumhurba\u015fkanl\u0131\u011f\u0131 se\u00e7im sonucu, K\u0131br\u0131s T\u00fcrk halk\u0131n\u0131n a\u00e7\u0131k ve g\u00fc\u00e7l\u00fc iradesini bir kez daha ortaya koymu\u015ftur. Halk, bu se\u00e7imlerle birlikte\" \/>\n<meta property=\"og:url\" content=\"https:\/\/kibrisdakik.com\/?p=98249\" \/>\n<meta property=\"article:published_time\" content=\"2025-11-04T13:38:12+00:00\" \/>\n<meta property=\"og:image\" content=\"https:\/\/kibrisdakik.com\/wp-content\/uploads\/2025\/11\/m-h-a-m-h-a-138.png\" \/>\n\t<meta property=\"og:image:width\" content=\"1280\" \/>\n\t<meta property=\"og:image:height\" content=\"720\" \/>\n\t<meta property=\"og:image:type\" content=\"image\/png\" \/>\n<meta name=\"author\" content=\"admin\" \/>\n<meta name=\"twitter:card\" content=\"summary_large_image\" \/>\n<meta name=\"twitter:label1\" content=\"Yazan:\" \/>\n\t<meta name=\"twitter:data1\" content=\"admin\" \/>\n\t<meta name=\"twitter:label2\" content=\"Tahmini okuma s\u00fcresi\" \/>\n\t<meta name=\"twitter:data2\" content=\"2 dakika\" \/>\n<script type=\"application\/ld+json\" class=\"yoast-schema-graph\">{\"@context\":\"https:\\\/\\\/schema.org\",\"@graph\":[{\"@type\":\"Article\",\"@id\":\"https:\\\/\\\/kibrisdakik.com\\\/?p=98249#article\",\"isPartOf\":{\"@id\":\"https:\\\/\\\/kibrisdakik.com\\\/?p=98249\"},\"author\":{\"name\":\"admin\",\"@id\":\"https:\\\/\\\/kibrisdakik.com\\\/#\\\/schema\\\/person\\\/9cd9d437bbb44f72b73ba127e06d8e79\"},\"headline\":\"CTP: \u201cTAMAMEN T\u00dcKENM\u0130\u015e BU H\u00dcK\u00dcMET DERHAL \u0130ST\u0130FA ETMEL\u0130D\u0130R!\u201d\",\"datePublished\":\"2025-11-04T13:38:12+00:00\",\"mainEntityOfPage\":{\"@id\":\"https:\\\/\\\/kibrisdakik.com\\\/?p=98249\"},\"wordCount\":468,\"commentCount\":0,\"image\":{\"@id\":\"https:\\\/\\\/kibrisdakik.com\\\/?p=98249#primaryimage\"},\"thumbnailUrl\":\"https:\\\/\\\/kibrisdakik.com\\\/wp-content\\\/uploads\\\/2025\\\/11\\\/m-h-a-m-h-a-138.png\",\"articleSection\":[\"K\u0131br\u0131s\"],\"inLanguage\":\"tr\",\"potentialAction\":[{\"@type\":\"CommentAction\",\"name\":\"Comment\",\"target\":[\"https:\\\/\\\/kibrisdakik.com\\\/?p=98249#respond\"]}]},{\"@type\":\"WebPage\",\"@id\":\"https:\\\/\\\/kibrisdakik.com\\\/?p=98249\",\"url\":\"https:\\\/\\\/kibrisdakik.com\\\/?p=98249\",\"name\":\"CTP: \u201cTAMAMEN T\u00dcKENM\u0130\u015e BU H\u00dcK\u00dcMET DERHAL \u0130ST\u0130FA ETMEL\u0130D\u0130R!\u201d -\",\"isPartOf\":{\"@id\":\"https:\\\/\\\/kibrisdakik.com\\\/#website\"},\"primaryImageOfPage\":{\"@id\":\"https:\\\/\\\/kibrisdakik.com\\\/?p=98249#primaryimage\"},\"image\":{\"@id\":\"https:\\\/\\\/kibrisdakik.com\\\/?p=98249#primaryimage\"},\"thumbnailUrl\":\"https:\\\/\\\/kibrisdakik.com\\\/wp-content\\\/uploads\\\/2025\\\/11\\\/m-h-a-m-h-a-138.png\",\"datePublished\":\"2025-11-04T13:38:12+00:00\",\"author\":{\"@id\":\"https:\\\/\\\/kibrisdakik.com\\\/#\\\/schema\\\/person\\\/9cd9d437bbb44f72b73ba127e06d8e79\"},\"breadcrumb\":{\"@id\":\"https:\\\/\\\/kibrisdakik.com\\\/?p=98249#breadcrumb\"},\"inLanguage\":\"tr\",\"potentialAction\":[{\"@type\":\"ReadAction\",\"target\":[\"https:\\\/\\\/kibrisdakik.com\\\/?p=98249\"]}]},{\"@type\":\"ImageObject\",\"inLanguage\":\"tr\",\"@id\":\"https:\\\/\\\/kibrisdakik.com\\\/?p=98249#primaryimage\",\"url\":\"https:\\\/\\\/kibrisdakik.com\\\/wp-content\\\/uploads\\\/2025\\\/11\\\/m-h-a-m-h-a-138.png\",\"contentUrl\":\"https:\\\/\\\/kibrisdakik.com\\\/wp-content\\\/uploads\\\/2025\\\/11\\\/m-h-a-m-h-a-138.png\",\"width\":1280,\"height\":720},{\"@type\":\"BreadcrumbList\",\"@id\":\"https:\\\/\\\/kibrisdakik.com\\\/?p=98249#breadcrumb\",\"itemListElement\":[{\"@type\":\"ListItem\",\"position\":1,\"name\":\"Home\",\"item\":\"https:\\\/\\\/kibrisdakik.com\\\/\"},{\"@type\":\"ListItem\",\"position\":2,\"name\":\"CTP: \u201cTAMAMEN T\u00dcKENM\u0130\u015e BU H\u00dcK\u00dcMET DERHAL \u0130ST\u0130FA ETMEL\u0130D\u0130R!\u201d\"}]},{\"@type\":\"WebSite\",\"@id\":\"https:\\\/\\\/kibrisdakik.com\\\/#website\",\"url\":\"https:\\\/\\\/kibrisdakik.com\\\/\",\"name\":\"\",\"description\":\"Tam vaktinde haber\",\"potentialAction\":[{\"@type\":\"SearchAction\",\"target\":{\"@type\":\"EntryPoint\",\"urlTemplate\":\"https:\\\/\\\/kibrisdakik.com\\\/?s={search_term_string}\"},\"query-input\":{\"@type\":\"PropertyValueSpecification\",\"valueRequired\":true,\"valueName\":\"search_term_string\"}}],\"inLanguage\":\"tr\"},{\"@type\":\"Person\",\"@id\":\"https:\\\/\\\/kibrisdakik.com\\\/#\\\/schema\\\/person\\\/9cd9d437bbb44f72b73ba127e06d8e79\",\"name\":\"admin\",\"image\":{\"@type\":\"ImageObject\",\"inLanguage\":\"tr\",\"@id\":\"https:\\\/\\\/secure.gravatar.com\\\/avatar\\\/ccc17943b9d660506c869530f897617f7cb1c21a4bf30023f252596d83e1f007?s=96&d=mm&r=g\",\"url\":\"https:\\\/\\\/secure.gravatar.com\\\/avatar\\\/ccc17943b9d660506c869530f897617f7cb1c21a4bf30023f252596d83e1f007?s=96&d=mm&r=g\",\"contentUrl\":\"https:\\\/\\\/secure.gravatar.com\\\/avatar\\\/ccc17943b9d660506c869530f897617f7cb1c21a4bf30023f252596d83e1f007?s=96&d=mm&r=g\",\"caption\":\"admin\"},\"sameAs\":[\"https:\\\/\\\/kibrisdakik.com\"],\"url\":\"https:\\\/\\\/kibrisdakik.com\\\/?author=1\"}]}<\/script>\n<!-- \/ Yoast SEO plugin. -->","yoast_head_json":{"title":"CTP: \u201cTAMAMEN T\u00dcKENM\u0130\u015e BU H\u00dcK\u00dcMET DERHAL \u0130ST\u0130FA ETMEL\u0130D\u0130R!\u201d -","robots":{"index":"index","follow":"follow","max-snippet":"max-snippet:-1","max-image-preview":"max-image-preview:large","max-video-preview":"max-video-preview:-1"},"canonical":"https:\/\/kibrisdakik.com\/?p=98249","og_locale":"tr_TR","og_type":"article","og_title":"CTP: \u201cTAMAMEN T\u00dcKENM\u0130\u015e BU H\u00dcK\u00dcMET DERHAL \u0130ST\u0130FA ETMEL\u0130D\u0130R!\u201d -","og_description":"Cumhuriyet\u00e7i T\u00fcrk Partisi (CTP), Cumhurba\u015fkanl\u0131\u011f\u0131 se\u00e7im sonu\u00e7lar\u0131n\u0131n, halk\u0131n mevcut h\u00fck\u00fcmete olan g\u00fcvenini tamamen kaybetti\u011fini a\u00e7\u0131k\u00e7a ortaya koydu\u011funu belirterek h\u00fck\u00fcmete istifa \u00e7a\u011fr\u0131s\u0131nda bulundu. CTP\u2019den yap\u0131lan yaz\u0131l\u0131 a\u00e7\u0131klamada, \u00fclkenin bir y\u00f6netim krizine s\u00fcr\u00fcklendi\u011fi vurgulanarak \u015fu ifadelere yer verildi: \u201cCumhurba\u015fkanl\u0131\u011f\u0131 se\u00e7im sonucu, K\u0131br\u0131s T\u00fcrk halk\u0131n\u0131n a\u00e7\u0131k ve g\u00fc\u00e7l\u00fc iradesini bir kez daha ortaya koymu\u015ftur. Halk, bu se\u00e7imlerle birlikte","og_url":"https:\/\/kibrisdakik.com\/?p=98249","article_published_time":"2025-11-04T13:38:12+00:00","og_image":[{"width":1280,"height":720,"url":"https:\/\/kibrisdakik.com\/wp-content\/uploads\/2025\/11\/m-h-a-m-h-a-138.png","type":"image\/png"}],"author":"admin","twitter_card":"summary_large_image","twitter_misc":{"Yazan:":"admin","Tahmini okuma s\u00fcresi":"2 dakika"},"schema":{"@context":"https:\/\/schema.org","@graph":[{"@type":"Article","@id":"https:\/\/kibrisdakik.com\/?p=98249#article","isPartOf":{"@id":"https:\/\/kibrisdakik.com\/?p=98249"},"author":{"name":"admin","@id":"https:\/\/kibrisdakik.com\/#\/schema\/person\/9cd9d437bbb44f72b73ba127e06d8e79"},"headline":"CTP: \u201cTAMAMEN T\u00dcKENM\u0130\u015e BU H\u00dcK\u00dcMET DERHAL \u0130ST\u0130FA ETMEL\u0130D\u0130R!\u201d","datePublished":"2025-11-04T13:38:12+00:00","mainEntityOfPage":{"@id":"https:\/\/kibrisdakik.com\/?p=98249"},"wordCount":468,"commentCount":0,"image":{"@id":"https:\/\/kibrisdakik.com\/?p=98249#primaryimage"},"thumbnailUrl":"https:\/\/kibrisdakik.com\/wp-content\/uploads\/2025\/11\/m-h-a-m-h-a-138.png","articleSection":["K\u0131br\u0131s"],"inLanguage":"tr","potentialAction":[{"@type":"CommentAction","name":"Comment","target":["https:\/\/kibrisdakik.com\/?p=98249#respond"]}]},{"@type":"WebPage","@id":"https:\/\/kibrisdakik.com\/?p=98249","url":"https:\/\/kibrisdakik.com\/?p=98249","name":"CTP: \u201cTAMAMEN T\u00dcKENM\u0130\u015e BU H\u00dcK\u00dcMET DERHAL \u0130ST\u0130FA ETMEL\u0130D\u0130R!\u201d -","isPartOf":{"@id":"https:\/\/kibrisdakik.com\/#website"},"primaryImageOfPage":{"@id":"https:\/\/kibrisdakik.com\/?p=98249#primaryimage"},"image":{"@id":"https:\/\/kibrisdakik.com\/?p=98249#primaryimage"},"thumbnailUrl":"https:\/\/kibrisdakik.com\/wp-content\/uploads\/2025\/11\/m-h-a-m-h-a-138.png","datePublished":"2025-11-04T13:38:12+00:00","author":{"@id":"https:\/\/kibrisdakik.com\/#\/schema\/person\/9cd9d437bbb44f72b73ba127e06d8e79"},"breadcrumb":{"@id":"https:\/\/kibrisdakik.com\/?p=98249#breadcrumb"},"inLanguage":"tr","potentialAction":[{"@type":"ReadAction","target":["https:\/\/kibrisdakik.com\/?p=98249"]}]},{"@type":"ImageObject","inLanguage":"tr","@id":"https:\/\/kibrisdakik.com\/?p=98249#primaryimage","url":"https:\/\/kibrisdakik.com\/wp-content\/uploads\/2025\/11\/m-h-a-m-h-a-138.png","contentUrl":"https:\/\/kibrisdakik.com\/wp-content\/uploads\/2025\/11\/m-h-a-m-h-a-138.png","width":1280,"height":720},{"@type":"BreadcrumbList","@id":"https:\/\/kibrisdakik.com\/?p=98249#breadcrumb","itemListElement":[{"@type":"ListItem","position":1,"name":"Home","item":"https:\/\/kibrisdakik.com\/"},{"@type":"ListItem","position":2,"name":"CTP: \u201cTAMAMEN T\u00dcKENM\u0130\u015e BU H\u00dcK\u00dcMET DERHAL \u0130ST\u0130FA ETMEL\u0130D\u0130R!\u201d"}]},{"@type":"WebSite","@id":"https:\/\/kibrisdakik.com\/#website","url":"https:\/\/kibrisdakik.com\/","name":"","description":"Tam vaktinde haber","potentialAction":[{"@type":"SearchAction","target":{"@type":"EntryPoint","urlTemplate":"https:\/\/kibrisdakik.com\/?s={search_term_string}"},"query-input":{"@type":"PropertyValueSpecification","valueRequired":true,"valueName":"search_term_string"}}],"inLanguage":"tr"},{"@type":"Person","@id":"https:\/\/kibrisdakik.com\/#\/schema\/person\/9cd9d437bbb44f72b73ba127e06d8e79","name":"admin","image":{"@type":"ImageObject","inLanguage":"tr","@id":"https:\/\/secure.gravatar.com\/avatar\/ccc17943b9d660506c869530f897617f7cb1c21a4bf30023f252596d83e1f007?s=96&d=mm&r=g","url":"https:\/\/secure.gravatar.com\/avatar\/ccc17943b9d660506c869530f897617f7cb1c21a4bf30023f252596d83e1f007?s=96&d=mm&r=g","contentUrl":"https:\/\/secure.gravatar.com\/avatar\/ccc17943b9d660506c869530f897617f7cb1c21a4bf30023f252596d83e1f007?s=96&d=mm&r=g","caption":"admin"},"sameAs":["https:\/\/kibrisdakik.com"],"url":"https:\/\/kibrisdakik.com\/?author=1"}]}},"_links":{"self":[{"href":"https:\/\/kibrisdakik.com\/index.php?rest_route=\/wp\/v2\/posts\/98249","targetHints":{"allow":["GET"]}}],"collection":[{"href":"https:\/\/kibrisdakik.com\/index.php?rest_route=\/wp\/v2\/posts"}],"about":[{"href":"https:\/\/kibrisdakik.com\/index.php?rest_route=\/wp\/v2\/types\/post"}],"author":[{"embeddable":true,"href":"https:\/\/kibrisdakik.com\/index.php?rest_route=\/wp\/v2\/users\/1"}],"replies":[{"embeddable":true,"href":"https:\/\/kibrisdakik.com\/index.php?rest_route=%2Fwp%2Fv2%2Fcomments&post=98249"}],"version-history":[{"count":0,"href":"https:\/\/kibrisdakik.com\/index.php?rest_route=\/wp\/v2\/posts\/98249\/revisions"}],"wp:featuredmedia":[{"embeddable":true,"href":"https:\/\/kibrisdakik.com\/index.php?rest_route=\/wp\/v2\/media\/98250"}],"wp:attachment":[{"href":"https:\/\/kibrisdakik.com\/index.php?rest_route=%2Fwp%2Fv2%2Fmedia&parent=98249"}],"wp:term":[{"taxonomy":"category","embeddable":true,"href":"https:\/\/kibrisdakik.com\/index.php?rest_route=%2Fwp%2Fv2%2Fcategories&post=98249"},{"taxonomy":"post_tag","embeddable":true,"href":"https:\/\/kibrisdakik.com\/index.php?rest_route=%2Fwp%2Fv2%2Ftags&post=98249"}],"curies":[{"name":"wp","href":"https:\/\/api.w.org\/{rel}","templated":true}]}}