{"id":9826,"date":"2023-07-04T16:49:48","date_gmt":"2023-07-04T16:49:48","guid":{"rendered":"https:\/\/kibrisdakik.com\/index.php\/2023\/07\/04\/masa-tenisi-altyapi-yaz-okulu-basladi\/"},"modified":"2023-07-04T16:49:48","modified_gmt":"2023-07-04T16:49:48","slug":"masa-tenisi-altyapi-yaz-okulu-basladi","status":"publish","type":"post","link":"https:\/\/kibrisdakik.com\/?p=9826","title":{"rendered":"Masa Tenisi \u201cAltyap\u0131 Yaz Okulu\u201d ba\u015flad\u0131"},"content":{"rendered":"<p> <br \/>\n<\/p>\n<div>\n<div class=\"mariselle-image-container none\">\n                <img width=\"2048\" height=\"1536\" class=\"lazy-image\" alt=\"\" decoding=\"async\" loading=\"lazy\" sizes=\"auto, (max-width: 2048px) 100vw, 2048px\" src=\"https:\/\/brtk.net\/wp-content\/uploads\/2023\/07\/04\/Masa-tenisi-altyapi.jpg?ver=59d08e22c02a8fd92fd31a9fe03a7dc4\" srcset=\"https:\/\/brtk.net\/wp-content\/uploads\/2023\/07\/04\/Masa-tenisi-altyapi.jpg?ver=59d08e22c02a8fd92fd31a9fe03a7dc4 2048w, https:\/\/brtk.net\/wp-content\/uploads\/2023\/07\/04\/Masa-tenisi-altyapi-300x225.jpg?ver=59d08e22c02a8fd92fd31a9fe03a7dc4 300w, https:\/\/brtk.net\/wp-content\/uploads\/2023\/07\/04\/Masa-tenisi-altyapi-1024x768.jpg?ver=9979e19ce2555aad5b1b2d05816347da 1024w, https:\/\/brtk.net\/wp-content\/uploads\/2023\/07\/04\/Masa-tenisi-altyapi-768x576.jpg?ver=9979e19ce2555aad5b1b2d05816347da 768w, https:\/\/brtk.net\/wp-content\/uploads\/2023\/07\/04\/Masa-tenisi-altyapi-1536x1152.jpg?ver=2805f407698f55fba6600ef612713cfa 1536w\"\/>                            <\/div>\n<p>Kuzey K\u0131br\u0131s Masa Tenisi Federasyonu, sezonun tamamlanmas\u0131yla birlikte alt yap\u0131ya y\u00f6neldi. Mustafa Bekiro\u011fullar\u0131 ba\u015fkanl\u0131\u011f\u0131ndaki Masa Tenisi Federasyonu, haftan\u0131n iki g\u00fcn\u00fc, 6 ile 13 ya\u015f aral\u0131\u011f\u0131ndaki \u00e7ocuklara \u00fccretsiz e\u011fitim verecek.<\/p>\n<p>\u00dclkemizde masa tenisine olan ilgi g\u00fcnden g\u00fcne artmaya devam ederken,<\/p>\n<p>Kuzey K\u0131br\u0131s Masa Tenisi Federasyonu, \u201cAltyap\u0131 Yaz Okulu\u201d ad\u0131 alt\u0131nda \u00fccretsiz e\u011fitimi hayata ge\u00e7irdi.<\/p>\n<p>Sal\u0131 ve Per\u015fembe g\u00fcnleri 10.00 ile 12.00 saatleri aras\u0131nda 6 ile 13 ya\u015f aral\u0131\u011f\u0131ndaki \u00e7ocuklara e\u011fitim verilecek. Federasyon Ba\u015fkan\u0131 Mustafa Bekiro\u011fullar\u0131, ilginin beklediklerinden fazla oldu\u011funu ve \u201cAltyap\u0131 Yaz Okulu\u201dnu hayata ge\u00e7irdikleri i\u00e7in \u00e7ok mutlu olduklar\u0131n\u0131 s\u00f6yledi. Bekiro\u011fullar\u0131 ayr\u0131ca masa tenisinin gelece\u011fi a\u00e7\u0131s\u0131ndan bu \u00e7al\u0131\u015fmalar\u0131n \u015fart oldu\u011funu ve hedeflerinin sadece ba\u015fkentte de\u011fil \u00e7al\u0131\u015fmalar\u0131 her b\u00f6lgeye yaymak oldu\u011funu vurgulad\u0131.<\/p>\n<p>\u201cAltyap\u0131 Yaz Okulu\u201dnda Antren\u00f6r olarak Hasan Akmansoy, Osman Yurtkan, Bilge Ervandar ve Bekir Bekiro\u011fullar\u0131 g\u00f6rev yapacak.<\/p>\n<\/p><\/div>\n<p><script async\n                    defer\n                    crossorigin=\"anonymous\"\n                    src=\"https:\/\/connect.facebook.net\/tr_TR\/sdk.js#xfbml=1&#038;version=v3.3\"\n            ><\/script><br \/>\n<br \/><br \/>\n<br \/><a href=\"https:\/\/brtk.net\/masa-tenisi-altyapi-yaz-okulu-basladi\/\"> <\/a><\/p>\n","protected":false},"excerpt":{"rendered":"<p>Kuzey K\u0131br\u0131s Masa Tenisi Federasyonu, sezonun tamamlanmas\u0131yla birlikte alt yap\u0131ya y\u00f6neldi. Mustafa Bekiro\u011fullar\u0131 ba\u015fkanl\u0131\u011f\u0131ndaki Masa Tenisi Federasyonu, haftan\u0131n iki g\u00fcn\u00fc, 6 ile 13 ya\u015f aral\u0131\u011f\u0131ndaki \u00e7ocuklara \u00fccretsiz e\u011fitim verecek. \u00dclkemizde masa tenisine olan ilgi g\u00fcnden g\u00fcne artmaya devam ederken, Kuzey K\u0131br\u0131s Masa Tenisi Federasyonu, \u201cAltyap\u0131 Yaz Okulu\u201d ad\u0131 alt\u0131nda \u00fccretsiz e\u011fitimi hayata ge\u00e7irdi. Sal\u0131 ve<\/p>\n","protected":false},"author":1,"featured_media":9827,"comment_status":"open","ping_status":"open","sticky":false,"template":"","format":"standard","meta":{"footnotes":""},"categories":[85],"tags":[],"class_list":["post-9826","post","type-post","status-publish","format-standard","has-post-thumbnail","hentry","category-spor"],"yoast_head":"<!-- This site is optimized with the Yoast SEO plugin v27.5 - https:\/\/yoast.com\/product\/yoast-seo-wordpress\/ -->\n<title>Masa Tenisi \u201cAltyap\u0131 Yaz Okulu\u201d ba\u015flad\u0131 -<\/title>\n<meta name=\"robots\" content=\"index, follow, max-snippet:-1, max-image-preview:large, max-video-preview:-1\" \/>\n<link rel=\"canonical\" href=\"https:\/\/kibrisdakik.com\/?p=9826\" \/>\n<meta property=\"og:locale\" content=\"tr_TR\" \/>\n<meta property=\"og:type\" content=\"article\" \/>\n<meta property=\"og:title\" content=\"Masa Tenisi \u201cAltyap\u0131 Yaz Okulu\u201d ba\u015flad\u0131 -\" \/>\n<meta property=\"og:description\" content=\"Kuzey K\u0131br\u0131s Masa Tenisi Federasyonu, sezonun tamamlanmas\u0131yla birlikte alt yap\u0131ya y\u00f6neldi. Mustafa Bekiro\u011fullar\u0131 ba\u015fkanl\u0131\u011f\u0131ndaki Masa Tenisi Federasyonu, haftan\u0131n iki g\u00fcn\u00fc, 6 ile 13 ya\u015f aral\u0131\u011f\u0131ndaki \u00e7ocuklara \u00fccretsiz e\u011fitim verecek. \u00dclkemizde masa tenisine olan ilgi g\u00fcnden g\u00fcne artmaya devam ederken, Kuzey K\u0131br\u0131s Masa Tenisi Federasyonu, \u201cAltyap\u0131 Yaz Okulu\u201d ad\u0131 alt\u0131nda \u00fccretsiz e\u011fitimi hayata ge\u00e7irdi. Sal\u0131 ve\" \/>\n<meta property=\"og:url\" content=\"https:\/\/kibrisdakik.com\/?p=9826\" \/>\n<meta property=\"article:published_time\" content=\"2023-07-04T16:49:48+00:00\" \/>\n<meta property=\"og:image\" content=\"https:\/\/kibrisdakik.com\/wp-content\/uploads\/2023\/07\/Masa-tenisi-altyapi-740x420.jpg\" \/>\n\t<meta property=\"og:image:width\" content=\"2048\" \/>\n\t<meta property=\"og:image:height\" content=\"1536\" \/>\n\t<meta property=\"og:image:type\" content=\"image\/jpeg\" \/>\n<meta name=\"author\" content=\"admin\" \/>\n<meta name=\"twitter:card\" content=\"summary_large_image\" \/>\n<meta name=\"twitter:label1\" content=\"Yazan:\" \/>\n\t<meta name=\"twitter:data1\" content=\"admin\" \/>\n\t<meta name=\"twitter:label2\" content=\"Tahmini okuma s\u00fcresi\" \/>\n\t<meta name=\"twitter:data2\" content=\"1 dakika\" \/>\n<script type=\"application\/ld+json\" class=\"yoast-schema-graph\">{\"@context\":\"https:\\\/\\\/schema.org\",\"@graph\":[{\"@type\":\"Article\",\"@id\":\"https:\\\/\\\/kibrisdakik.com\\\/?p=9826#article\",\"isPartOf\":{\"@id\":\"https:\\\/\\\/kibrisdakik.com\\\/?p=9826\"},\"author\":{\"name\":\"admin\",\"@id\":\"https:\\\/\\\/kibrisdakik.com\\\/#\\\/schema\\\/person\\\/9cd9d437bbb44f72b73ba127e06d8e79\"},\"headline\":\"Masa Tenisi \u201cAltyap\u0131 Yaz Okulu\u201d ba\u015flad\u0131\",\"datePublished\":\"2023-07-04T16:49:48+00:00\",\"mainEntityOfPage\":{\"@id\":\"https:\\\/\\\/kibrisdakik.com\\\/?p=9826\"},\"wordCount\":178,\"commentCount\":0,\"image\":{\"@id\":\"https:\\\/\\\/kibrisdakik.com\\\/?p=9826#primaryimage\"},\"thumbnailUrl\":\"https:\\\/\\\/kibrisdakik.com\\\/wp-content\\\/uploads\\\/2023\\\/07\\\/Masa-tenisi-altyapi-740x420.jpg\",\"articleSection\":[\"Spor\"],\"inLanguage\":\"tr\",\"potentialAction\":[{\"@type\":\"CommentAction\",\"name\":\"Comment\",\"target\":[\"https:\\\/\\\/kibrisdakik.com\\\/?p=9826#respond\"]}]},{\"@type\":\"WebPage\",\"@id\":\"https:\\\/\\\/kibrisdakik.com\\\/?p=9826\",\"url\":\"https:\\\/\\\/kibrisdakik.com\\\/?p=9826\",\"name\":\"Masa Tenisi \u201cAltyap\u0131 Yaz Okulu\u201d ba\u015flad\u0131 -\",\"isPartOf\":{\"@id\":\"https:\\\/\\\/kibrisdakik.com\\\/#website\"},\"primaryImageOfPage\":{\"@id\":\"https:\\\/\\\/kibrisdakik.com\\\/?p=9826#primaryimage\"},\"image\":{\"@id\":\"https:\\\/\\\/kibrisdakik.com\\\/?p=9826#primaryimage\"},\"thumbnailUrl\":\"https:\\\/\\\/kibrisdakik.com\\\/wp-content\\\/uploads\\\/2023\\\/07\\\/Masa-tenisi-altyapi-740x420.jpg\",\"datePublished\":\"2023-07-04T16:49:48+00:00\",\"author\":{\"@id\":\"https:\\\/\\\/kibrisdakik.com\\\/#\\\/schema\\\/person\\\/9cd9d437bbb44f72b73ba127e06d8e79\"},\"breadcrumb\":{\"@id\":\"https:\\\/\\\/kibrisdakik.com\\\/?p=9826#breadcrumb\"},\"inLanguage\":\"tr\",\"potentialAction\":[{\"@type\":\"ReadAction\",\"target\":[\"https:\\\/\\\/kibrisdakik.com\\\/?p=9826\"]}]},{\"@type\":\"ImageObject\",\"inLanguage\":\"tr\",\"@id\":\"https:\\\/\\\/kibrisdakik.com\\\/?p=9826#primaryimage\",\"url\":\"https:\\\/\\\/kibrisdakik.com\\\/wp-content\\\/uploads\\\/2023\\\/07\\\/Masa-tenisi-altyapi-740x420.jpg\",\"contentUrl\":\"https:\\\/\\\/kibrisdakik.com\\\/wp-content\\\/uploads\\\/2023\\\/07\\\/Masa-tenisi-altyapi-740x420.jpg\",\"width\":2048,\"height\":1536},{\"@type\":\"BreadcrumbList\",\"@id\":\"https:\\\/\\\/kibrisdakik.com\\\/?p=9826#breadcrumb\",\"itemListElement\":[{\"@type\":\"ListItem\",\"position\":1,\"name\":\"Home\",\"item\":\"https:\\\/\\\/kibrisdakik.com\\\/\"},{\"@type\":\"ListItem\",\"position\":2,\"name\":\"Masa Tenisi \u201cAltyap\u0131 Yaz Okulu\u201d ba\u015flad\u0131\"}]},{\"@type\":\"WebSite\",\"@id\":\"https:\\\/\\\/kibrisdakik.com\\\/#website\",\"url\":\"https:\\\/\\\/kibrisdakik.com\\\/\",\"name\":\"\",\"description\":\"Tam vaktinde haber\",\"potentialAction\":[{\"@type\":\"SearchAction\",\"target\":{\"@type\":\"EntryPoint\",\"urlTemplate\":\"https:\\\/\\\/kibrisdakik.com\\\/?s={search_term_string}\"},\"query-input\":{\"@type\":\"PropertyValueSpecification\",\"valueRequired\":true,\"valueName\":\"search_term_string\"}}],\"inLanguage\":\"tr\"},{\"@type\":\"Person\",\"@id\":\"https:\\\/\\\/kibrisdakik.com\\\/#\\\/schema\\\/person\\\/9cd9d437bbb44f72b73ba127e06d8e79\",\"name\":\"admin\",\"image\":{\"@type\":\"ImageObject\",\"inLanguage\":\"tr\",\"@id\":\"https:\\\/\\\/secure.gravatar.com\\\/avatar\\\/ccc17943b9d660506c869530f897617f7cb1c21a4bf30023f252596d83e1f007?s=96&d=mm&r=g\",\"url\":\"https:\\\/\\\/secure.gravatar.com\\\/avatar\\\/ccc17943b9d660506c869530f897617f7cb1c21a4bf30023f252596d83e1f007?s=96&d=mm&r=g\",\"contentUrl\":\"https:\\\/\\\/secure.gravatar.com\\\/avatar\\\/ccc17943b9d660506c869530f897617f7cb1c21a4bf30023f252596d83e1f007?s=96&d=mm&r=g\",\"caption\":\"admin\"},\"sameAs\":[\"https:\\\/\\\/kibrisdakik.com\"],\"url\":\"https:\\\/\\\/kibrisdakik.com\\\/?author=1\"}]}<\/script>\n<!-- \/ Yoast SEO plugin. -->","yoast_head_json":{"title":"Masa Tenisi \u201cAltyap\u0131 Yaz Okulu\u201d ba\u015flad\u0131 -","robots":{"index":"index","follow":"follow","max-snippet":"max-snippet:-1","max-image-preview":"max-image-preview:large","max-video-preview":"max-video-preview:-1"},"canonical":"https:\/\/kibrisdakik.com\/?p=9826","og_locale":"tr_TR","og_type":"article","og_title":"Masa Tenisi \u201cAltyap\u0131 Yaz Okulu\u201d ba\u015flad\u0131 -","og_description":"Kuzey K\u0131br\u0131s Masa Tenisi Federasyonu, sezonun tamamlanmas\u0131yla birlikte alt yap\u0131ya y\u00f6neldi. Mustafa Bekiro\u011fullar\u0131 ba\u015fkanl\u0131\u011f\u0131ndaki Masa Tenisi Federasyonu, haftan\u0131n iki g\u00fcn\u00fc, 6 ile 13 ya\u015f aral\u0131\u011f\u0131ndaki \u00e7ocuklara \u00fccretsiz e\u011fitim verecek. \u00dclkemizde masa tenisine olan ilgi g\u00fcnden g\u00fcne artmaya devam ederken, Kuzey K\u0131br\u0131s Masa Tenisi Federasyonu, \u201cAltyap\u0131 Yaz Okulu\u201d ad\u0131 alt\u0131nda \u00fccretsiz e\u011fitimi hayata ge\u00e7irdi. Sal\u0131 ve","og_url":"https:\/\/kibrisdakik.com\/?p=9826","article_published_time":"2023-07-04T16:49:48+00:00","og_image":[{"width":2048,"height":1536,"url":"https:\/\/kibrisdakik.com\/wp-content\/uploads\/2023\/07\/Masa-tenisi-altyapi-740x420.jpg","type":"image\/jpeg"}],"author":"admin","twitter_card":"summary_large_image","twitter_misc":{"Yazan:":"admin","Tahmini okuma s\u00fcresi":"1 dakika"},"schema":{"@context":"https:\/\/schema.org","@graph":[{"@type":"Article","@id":"https:\/\/kibrisdakik.com\/?p=9826#article","isPartOf":{"@id":"https:\/\/kibrisdakik.com\/?p=9826"},"author":{"name":"admin","@id":"https:\/\/kibrisdakik.com\/#\/schema\/person\/9cd9d437bbb44f72b73ba127e06d8e79"},"headline":"Masa Tenisi \u201cAltyap\u0131 Yaz Okulu\u201d ba\u015flad\u0131","datePublished":"2023-07-04T16:49:48+00:00","mainEntityOfPage":{"@id":"https:\/\/kibrisdakik.com\/?p=9826"},"wordCount":178,"commentCount":0,"image":{"@id":"https:\/\/kibrisdakik.com\/?p=9826#primaryimage"},"thumbnailUrl":"https:\/\/kibrisdakik.com\/wp-content\/uploads\/2023\/07\/Masa-tenisi-altyapi-740x420.jpg","articleSection":["Spor"],"inLanguage":"tr","potentialAction":[{"@type":"CommentAction","name":"Comment","target":["https:\/\/kibrisdakik.com\/?p=9826#respond"]}]},{"@type":"WebPage","@id":"https:\/\/kibrisdakik.com\/?p=9826","url":"https:\/\/kibrisdakik.com\/?p=9826","name":"Masa Tenisi \u201cAltyap\u0131 Yaz Okulu\u201d ba\u015flad\u0131 -","isPartOf":{"@id":"https:\/\/kibrisdakik.com\/#website"},"primaryImageOfPage":{"@id":"https:\/\/kibrisdakik.com\/?p=9826#primaryimage"},"image":{"@id":"https:\/\/kibrisdakik.com\/?p=9826#primaryimage"},"thumbnailUrl":"https:\/\/kibrisdakik.com\/wp-content\/uploads\/2023\/07\/Masa-tenisi-altyapi-740x420.jpg","datePublished":"2023-07-04T16:49:48+00:00","author":{"@id":"https:\/\/kibrisdakik.com\/#\/schema\/person\/9cd9d437bbb44f72b73ba127e06d8e79"},"breadcrumb":{"@id":"https:\/\/kibrisdakik.com\/?p=9826#breadcrumb"},"inLanguage":"tr","potentialAction":[{"@type":"ReadAction","target":["https:\/\/kibrisdakik.com\/?p=9826"]}]},{"@type":"ImageObject","inLanguage":"tr","@id":"https:\/\/kibrisdakik.com\/?p=9826#primaryimage","url":"https:\/\/kibrisdakik.com\/wp-content\/uploads\/2023\/07\/Masa-tenisi-altyapi-740x420.jpg","contentUrl":"https:\/\/kibrisdakik.com\/wp-content\/uploads\/2023\/07\/Masa-tenisi-altyapi-740x420.jpg","width":2048,"height":1536},{"@type":"BreadcrumbList","@id":"https:\/\/kibrisdakik.com\/?p=9826#breadcrumb","itemListElement":[{"@type":"ListItem","position":1,"name":"Home","item":"https:\/\/kibrisdakik.com\/"},{"@type":"ListItem","position":2,"name":"Masa Tenisi \u201cAltyap\u0131 Yaz Okulu\u201d ba\u015flad\u0131"}]},{"@type":"WebSite","@id":"https:\/\/kibrisdakik.com\/#website","url":"https:\/\/kibrisdakik.com\/","name":"","description":"Tam vaktinde haber","potentialAction":[{"@type":"SearchAction","target":{"@type":"EntryPoint","urlTemplate":"https:\/\/kibrisdakik.com\/?s={search_term_string}"},"query-input":{"@type":"PropertyValueSpecification","valueRequired":true,"valueName":"search_term_string"}}],"inLanguage":"tr"},{"@type":"Person","@id":"https:\/\/kibrisdakik.com\/#\/schema\/person\/9cd9d437bbb44f72b73ba127e06d8e79","name":"admin","image":{"@type":"ImageObject","inLanguage":"tr","@id":"https:\/\/secure.gravatar.com\/avatar\/ccc17943b9d660506c869530f897617f7cb1c21a4bf30023f252596d83e1f007?s=96&d=mm&r=g","url":"https:\/\/secure.gravatar.com\/avatar\/ccc17943b9d660506c869530f897617f7cb1c21a4bf30023f252596d83e1f007?s=96&d=mm&r=g","contentUrl":"https:\/\/secure.gravatar.com\/avatar\/ccc17943b9d660506c869530f897617f7cb1c21a4bf30023f252596d83e1f007?s=96&d=mm&r=g","caption":"admin"},"sameAs":["https:\/\/kibrisdakik.com"],"url":"https:\/\/kibrisdakik.com\/?author=1"}]}},"_links":{"self":[{"href":"https:\/\/kibrisdakik.com\/index.php?rest_route=\/wp\/v2\/posts\/9826","targetHints":{"allow":["GET"]}}],"collection":[{"href":"https:\/\/kibrisdakik.com\/index.php?rest_route=\/wp\/v2\/posts"}],"about":[{"href":"https:\/\/kibrisdakik.com\/index.php?rest_route=\/wp\/v2\/types\/post"}],"author":[{"embeddable":true,"href":"https:\/\/kibrisdakik.com\/index.php?rest_route=\/wp\/v2\/users\/1"}],"replies":[{"embeddable":true,"href":"https:\/\/kibrisdakik.com\/index.php?rest_route=%2Fwp%2Fv2%2Fcomments&post=9826"}],"version-history":[{"count":0,"href":"https:\/\/kibrisdakik.com\/index.php?rest_route=\/wp\/v2\/posts\/9826\/revisions"}],"wp:featuredmedia":[{"embeddable":true,"href":"https:\/\/kibrisdakik.com\/index.php?rest_route=\/wp\/v2\/media\/9827"}],"wp:attachment":[{"href":"https:\/\/kibrisdakik.com\/index.php?rest_route=%2Fwp%2Fv2%2Fmedia&parent=9826"}],"wp:term":[{"taxonomy":"category","embeddable":true,"href":"https:\/\/kibrisdakik.com\/index.php?rest_route=%2Fwp%2Fv2%2Fcategories&post=9826"},{"taxonomy":"post_tag","embeddable":true,"href":"https:\/\/kibrisdakik.com\/index.php?rest_route=%2Fwp%2Fv2%2Ftags&post=9826"}],"curies":[{"name":"wp","href":"https:\/\/api.w.org\/{rel}","templated":true}]}}