{"id":98382,"date":"2025-11-05T10:13:25","date_gmt":"2025-11-05T08:13:25","guid":{"rendered":"https:\/\/kibrisdakik.com\/index.php\/2025\/11\/05\/hasipoglu-iki-ayri-devlet-gercegi-goz-ardi-edilemez\/"},"modified":"2025-11-05T10:13:25","modified_gmt":"2025-11-05T08:13:25","slug":"hasipoglu-iki-ayri-devlet-gercegi-goz-ardi-edilemez","status":"publish","type":"post","link":"https:\/\/kibrisdakik.com\/?p=98382","title":{"rendered":"HAS\u0130PO\u011eLU: \u201c\u0130K\u0130 AYRI DEVLET GER\u00c7E\u011e\u0130 G\u00d6Z ARDI ED\u0130LEMEZ\u201d"},"content":{"rendered":"<p><\/p>\n<div data-text-id=\"188477\" property=\"articleBody\">\n<p>\u00c7al\u0131\u015fma ve Sosyal G\u00fcvenlik Bakan\u0131 O\u011fuzhan Hasipo\u011flu, Ahmet Durmu\u015f ba\u015fkanl\u0131\u011f\u0131ndaki Hamburg T\u00fcrk Bas\u0131n Birli\u011fi heyetini kabul etti. Kabulde, KKTC D\u0131\u015f Bas\u0131n Birli\u011fi Y\u00f6netim Kurulu \u00fcyeleri de haz\u0131r bulundu.<\/p>\n<p>Heyet Ba\u015fkan\u0131 Ahmet Durmu\u015f, K\u0131br\u0131s T\u00fcrk halk\u0131n\u0131n m\u00fccadelesini yak\u0131ndan takip ettiklerini belirterek, bu m\u00fccadelenin T\u00fcrk d\u00fcnyas\u0131n\u0131n ortak davas\u0131 oldu\u011funu vurgulad\u0131. Durmu\u015f, \u201cYurtd\u0131\u015f\u0131nda ya\u015fayan T\u00fcrk bas\u0131n mensuplar\u0131 olarak K\u0131br\u0131s T\u00fcrk halk\u0131n\u0131n sesini Avrupa\u2019da daha g\u00fc\u00e7l\u00fc \u015fekilde duyurmak istiyoruz. Bu hakl\u0131 m\u00fccadele, T\u00fcrk milletinin ortak onurudur\u201d dedi.<\/p>\n<p>Bakan Hasipo\u011flu, K\u0131br\u0131s T\u00fcrk halk\u0131n\u0131n hakl\u0131 ve milli bir dava y\u00fcr\u00fctt\u00fc\u011f\u00fcn\u00fc belirterek, \u201cKKTC\u2019nin uluslararas\u0131 alanda hak etti\u011fi yeri alabilmesi i\u00e7in b\u00fcy\u00fck \u00e7aba g\u00f6sterdik. Bu u\u011furda \u015fehitler verdik, anavatan\u0131m\u0131z\u0131n kararl\u0131 deste\u011fiyle bug\u00fcnlere geldik\u201d ifadelerini kulland\u0131.<\/p>\n<p>Hasipo\u011flu, Kuzey K\u0131br\u0131s T\u00fcrk Cumhuriyeti\u2019nin izolasyonlara ve d\u0131\u015f ticaret yasaklar\u0131na ra\u011fmen kendi ayaklar\u0131 \u00fczerinde durdu\u011funu vurgulayarak, \u201cM\u00fccadelemize devam edece\u011fiz. Uluslararas\u0131 alanda hak etti\u011fimiz yeri almakta kararl\u0131y\u0131z\u201d dedi.<\/p>\n<p>K\u0131br\u0131s\u2019ta \u00e7\u00f6z\u00fcm bulunamad\u0131\u011f\u0131n\u0131 ancak bar\u0131\u015f ve huzurun korundu\u011funu ifade eden Hasipo\u011flu, \u201cK\u0131br\u0131s T\u00fcrk halk\u0131n\u0131n g\u00fcvenli\u011fi, Anavatan T\u00fcrkiye\u2019nin garant\u00f6rl\u00fc\u011f\u00fc sayesinde sa\u011flanmaktad\u0131r. Bug\u00fcn Filistin\u2019in bizim gibi bir garant\u00f6r\u00fc olsayd\u0131, bu ac\u0131lar\u0131 ya\u015famazd\u0131\u201d diye konu\u015ftu.<\/p>\n<p>Adadaki siyasi ger\u00e7ekli\u011fin iki ayr\u0131 devlet ve iki ayr\u0131 egemen halk oldu\u011funa dikkat \u00e7eken Hasipo\u011flu, \u201cBu ger\u00e7ek g\u00f6z ard\u0131 edilemez. Tan\u0131nmam\u0131\u015f olsak da meclisimiz, yasalar\u0131m\u0131z ve yarg\u0131m\u0131zla tam bir devlet d\u00fczenine sahibiz. Bu hakl\u0131 davam\u0131z\u0131 d\u00fcnya kamuoyuna anlatmak b\u00fcy\u00fck \u00f6nem ta\u015f\u0131yor\u201d ifadelerini kulland\u0131.<\/p>\n<\/p><\/div>\n","protected":false},"excerpt":{"rendered":"<p>\u00c7al\u0131\u015fma ve Sosyal G\u00fcvenlik Bakan\u0131 O\u011fuzhan Hasipo\u011flu, Ahmet Durmu\u015f ba\u015fkanl\u0131\u011f\u0131ndaki Hamburg T\u00fcrk Bas\u0131n Birli\u011fi heyetini kabul etti. Kabulde, KKTC D\u0131\u015f Bas\u0131n Birli\u011fi Y\u00f6netim Kurulu \u00fcyeleri de haz\u0131r bulundu. Heyet Ba\u015fkan\u0131 Ahmet Durmu\u015f, K\u0131br\u0131s T\u00fcrk halk\u0131n\u0131n m\u00fccadelesini yak\u0131ndan takip ettiklerini belirterek, bu m\u00fccadelenin T\u00fcrk d\u00fcnyas\u0131n\u0131n ortak davas\u0131 oldu\u011funu vurgulad\u0131. Durmu\u015f, \u201cYurtd\u0131\u015f\u0131nda ya\u015fayan T\u00fcrk bas\u0131n mensuplar\u0131 olarak<\/p>\n","protected":false},"author":1,"featured_media":98383,"comment_status":"open","ping_status":"open","sticky":false,"template":"","format":"standard","meta":{"footnotes":""},"categories":[81],"tags":[],"class_list":["post-98382","post","type-post","status-publish","format-standard","has-post-thumbnail","hentry","category-kibris"],"yoast_head":"<!-- This site is optimized with the Yoast SEO plugin v27.5 - https:\/\/yoast.com\/product\/yoast-seo-wordpress\/ -->\n<title>HAS\u0130PO\u011eLU: \u201c\u0130K\u0130 AYRI DEVLET GER\u00c7E\u011e\u0130 G\u00d6Z ARDI ED\u0130LEMEZ\u201d -<\/title>\n<meta name=\"robots\" content=\"index, follow, max-snippet:-1, max-image-preview:large, max-video-preview:-1\" \/>\n<link rel=\"canonical\" href=\"https:\/\/kibrisdakik.com\/?p=98382\" \/>\n<meta property=\"og:locale\" content=\"tr_TR\" \/>\n<meta property=\"og:type\" content=\"article\" \/>\n<meta property=\"og:title\" content=\"HAS\u0130PO\u011eLU: \u201c\u0130K\u0130 AYRI DEVLET GER\u00c7E\u011e\u0130 G\u00d6Z ARDI ED\u0130LEMEZ\u201d -\" \/>\n<meta property=\"og:description\" content=\"\u00c7al\u0131\u015fma ve Sosyal G\u00fcvenlik Bakan\u0131 O\u011fuzhan Hasipo\u011flu, Ahmet Durmu\u015f ba\u015fkanl\u0131\u011f\u0131ndaki Hamburg T\u00fcrk Bas\u0131n Birli\u011fi heyetini kabul etti. Kabulde, KKTC D\u0131\u015f Bas\u0131n Birli\u011fi Y\u00f6netim Kurulu \u00fcyeleri de haz\u0131r bulundu. Heyet Ba\u015fkan\u0131 Ahmet Durmu\u015f, K\u0131br\u0131s T\u00fcrk halk\u0131n\u0131n m\u00fccadelesini yak\u0131ndan takip ettiklerini belirterek, bu m\u00fccadelenin T\u00fcrk d\u00fcnyas\u0131n\u0131n ortak davas\u0131 oldu\u011funu vurgulad\u0131. Durmu\u015f, \u201cYurtd\u0131\u015f\u0131nda ya\u015fayan T\u00fcrk bas\u0131n mensuplar\u0131 olarak\" \/>\n<meta property=\"og:url\" content=\"https:\/\/kibrisdakik.com\/?p=98382\" \/>\n<meta property=\"article:published_time\" content=\"2025-11-05T08:13:25+00:00\" \/>\n<meta property=\"og:image\" content=\"https:\/\/kibrisdakik.com\/wp-content\/uploads\/2025\/11\/mha-sari-beyaz-554.png\" \/>\n\t<meta property=\"og:image:width\" content=\"1280\" \/>\n\t<meta property=\"og:image:height\" content=\"720\" \/>\n\t<meta property=\"og:image:type\" content=\"image\/png\" \/>\n<meta name=\"author\" content=\"admin\" \/>\n<meta name=\"twitter:card\" content=\"summary_large_image\" \/>\n<meta name=\"twitter:label1\" content=\"Yazan:\" \/>\n\t<meta name=\"twitter:data1\" content=\"admin\" \/>\n\t<meta name=\"twitter:label2\" content=\"Tahmini okuma s\u00fcresi\" \/>\n\t<meta name=\"twitter:data2\" content=\"2 dakika\" \/>\n<script type=\"application\/ld+json\" class=\"yoast-schema-graph\">{\"@context\":\"https:\\\/\\\/schema.org\",\"@graph\":[{\"@type\":\"Article\",\"@id\":\"https:\\\/\\\/kibrisdakik.com\\\/?p=98382#article\",\"isPartOf\":{\"@id\":\"https:\\\/\\\/kibrisdakik.com\\\/?p=98382\"},\"author\":{\"name\":\"admin\",\"@id\":\"https:\\\/\\\/kibrisdakik.com\\\/#\\\/schema\\\/person\\\/9cd9d437bbb44f72b73ba127e06d8e79\"},\"headline\":\"HAS\u0130PO\u011eLU: \u201c\u0130K\u0130 AYRI DEVLET GER\u00c7E\u011e\u0130 G\u00d6Z ARDI ED\u0130LEMEZ\u201d\",\"datePublished\":\"2025-11-05T08:13:25+00:00\",\"mainEntityOfPage\":{\"@id\":\"https:\\\/\\\/kibrisdakik.com\\\/?p=98382\"},\"wordCount\":338,\"commentCount\":0,\"image\":{\"@id\":\"https:\\\/\\\/kibrisdakik.com\\\/?p=98382#primaryimage\"},\"thumbnailUrl\":\"https:\\\/\\\/kibrisdakik.com\\\/wp-content\\\/uploads\\\/2025\\\/11\\\/mha-sari-beyaz-554.png\",\"articleSection\":[\"K\u0131br\u0131s\"],\"inLanguage\":\"tr\",\"potentialAction\":[{\"@type\":\"CommentAction\",\"name\":\"Comment\",\"target\":[\"https:\\\/\\\/kibrisdakik.com\\\/?p=98382#respond\"]}]},{\"@type\":\"WebPage\",\"@id\":\"https:\\\/\\\/kibrisdakik.com\\\/?p=98382\",\"url\":\"https:\\\/\\\/kibrisdakik.com\\\/?p=98382\",\"name\":\"HAS\u0130PO\u011eLU: \u201c\u0130K\u0130 AYRI DEVLET GER\u00c7E\u011e\u0130 G\u00d6Z ARDI ED\u0130LEMEZ\u201d -\",\"isPartOf\":{\"@id\":\"https:\\\/\\\/kibrisdakik.com\\\/#website\"},\"primaryImageOfPage\":{\"@id\":\"https:\\\/\\\/kibrisdakik.com\\\/?p=98382#primaryimage\"},\"image\":{\"@id\":\"https:\\\/\\\/kibrisdakik.com\\\/?p=98382#primaryimage\"},\"thumbnailUrl\":\"https:\\\/\\\/kibrisdakik.com\\\/wp-content\\\/uploads\\\/2025\\\/11\\\/mha-sari-beyaz-554.png\",\"datePublished\":\"2025-11-05T08:13:25+00:00\",\"author\":{\"@id\":\"https:\\\/\\\/kibrisdakik.com\\\/#\\\/schema\\\/person\\\/9cd9d437bbb44f72b73ba127e06d8e79\"},\"breadcrumb\":{\"@id\":\"https:\\\/\\\/kibrisdakik.com\\\/?p=98382#breadcrumb\"},\"inLanguage\":\"tr\",\"potentialAction\":[{\"@type\":\"ReadAction\",\"target\":[\"https:\\\/\\\/kibrisdakik.com\\\/?p=98382\"]}]},{\"@type\":\"ImageObject\",\"inLanguage\":\"tr\",\"@id\":\"https:\\\/\\\/kibrisdakik.com\\\/?p=98382#primaryimage\",\"url\":\"https:\\\/\\\/kibrisdakik.com\\\/wp-content\\\/uploads\\\/2025\\\/11\\\/mha-sari-beyaz-554.png\",\"contentUrl\":\"https:\\\/\\\/kibrisdakik.com\\\/wp-content\\\/uploads\\\/2025\\\/11\\\/mha-sari-beyaz-554.png\",\"width\":1280,\"height\":720},{\"@type\":\"BreadcrumbList\",\"@id\":\"https:\\\/\\\/kibrisdakik.com\\\/?p=98382#breadcrumb\",\"itemListElement\":[{\"@type\":\"ListItem\",\"position\":1,\"name\":\"Home\",\"item\":\"https:\\\/\\\/kibrisdakik.com\\\/\"},{\"@type\":\"ListItem\",\"position\":2,\"name\":\"HAS\u0130PO\u011eLU: \u201c\u0130K\u0130 AYRI DEVLET GER\u00c7E\u011e\u0130 G\u00d6Z ARDI ED\u0130LEMEZ\u201d\"}]},{\"@type\":\"WebSite\",\"@id\":\"https:\\\/\\\/kibrisdakik.com\\\/#website\",\"url\":\"https:\\\/\\\/kibrisdakik.com\\\/\",\"name\":\"\",\"description\":\"Tam vaktinde haber\",\"potentialAction\":[{\"@type\":\"SearchAction\",\"target\":{\"@type\":\"EntryPoint\",\"urlTemplate\":\"https:\\\/\\\/kibrisdakik.com\\\/?s={search_term_string}\"},\"query-input\":{\"@type\":\"PropertyValueSpecification\",\"valueRequired\":true,\"valueName\":\"search_term_string\"}}],\"inLanguage\":\"tr\"},{\"@type\":\"Person\",\"@id\":\"https:\\\/\\\/kibrisdakik.com\\\/#\\\/schema\\\/person\\\/9cd9d437bbb44f72b73ba127e06d8e79\",\"name\":\"admin\",\"image\":{\"@type\":\"ImageObject\",\"inLanguage\":\"tr\",\"@id\":\"https:\\\/\\\/secure.gravatar.com\\\/avatar\\\/ccc17943b9d660506c869530f897617f7cb1c21a4bf30023f252596d83e1f007?s=96&d=mm&r=g\",\"url\":\"https:\\\/\\\/secure.gravatar.com\\\/avatar\\\/ccc17943b9d660506c869530f897617f7cb1c21a4bf30023f252596d83e1f007?s=96&d=mm&r=g\",\"contentUrl\":\"https:\\\/\\\/secure.gravatar.com\\\/avatar\\\/ccc17943b9d660506c869530f897617f7cb1c21a4bf30023f252596d83e1f007?s=96&d=mm&r=g\",\"caption\":\"admin\"},\"sameAs\":[\"https:\\\/\\\/kibrisdakik.com\"],\"url\":\"https:\\\/\\\/kibrisdakik.com\\\/?author=1\"}]}<\/script>\n<!-- \/ Yoast SEO plugin. -->","yoast_head_json":{"title":"HAS\u0130PO\u011eLU: \u201c\u0130K\u0130 AYRI DEVLET GER\u00c7E\u011e\u0130 G\u00d6Z ARDI ED\u0130LEMEZ\u201d -","robots":{"index":"index","follow":"follow","max-snippet":"max-snippet:-1","max-image-preview":"max-image-preview:large","max-video-preview":"max-video-preview:-1"},"canonical":"https:\/\/kibrisdakik.com\/?p=98382","og_locale":"tr_TR","og_type":"article","og_title":"HAS\u0130PO\u011eLU: \u201c\u0130K\u0130 AYRI DEVLET GER\u00c7E\u011e\u0130 G\u00d6Z ARDI ED\u0130LEMEZ\u201d -","og_description":"\u00c7al\u0131\u015fma ve Sosyal G\u00fcvenlik Bakan\u0131 O\u011fuzhan Hasipo\u011flu, Ahmet Durmu\u015f ba\u015fkanl\u0131\u011f\u0131ndaki Hamburg T\u00fcrk Bas\u0131n Birli\u011fi heyetini kabul etti. Kabulde, KKTC D\u0131\u015f Bas\u0131n Birli\u011fi Y\u00f6netim Kurulu \u00fcyeleri de haz\u0131r bulundu. Heyet Ba\u015fkan\u0131 Ahmet Durmu\u015f, K\u0131br\u0131s T\u00fcrk halk\u0131n\u0131n m\u00fccadelesini yak\u0131ndan takip ettiklerini belirterek, bu m\u00fccadelenin T\u00fcrk d\u00fcnyas\u0131n\u0131n ortak davas\u0131 oldu\u011funu vurgulad\u0131. Durmu\u015f, \u201cYurtd\u0131\u015f\u0131nda ya\u015fayan T\u00fcrk bas\u0131n mensuplar\u0131 olarak","og_url":"https:\/\/kibrisdakik.com\/?p=98382","article_published_time":"2025-11-05T08:13:25+00:00","og_image":[{"width":1280,"height":720,"url":"https:\/\/kibrisdakik.com\/wp-content\/uploads\/2025\/11\/mha-sari-beyaz-554.png","type":"image\/png"}],"author":"admin","twitter_card":"summary_large_image","twitter_misc":{"Yazan:":"admin","Tahmini okuma s\u00fcresi":"2 dakika"},"schema":{"@context":"https:\/\/schema.org","@graph":[{"@type":"Article","@id":"https:\/\/kibrisdakik.com\/?p=98382#article","isPartOf":{"@id":"https:\/\/kibrisdakik.com\/?p=98382"},"author":{"name":"admin","@id":"https:\/\/kibrisdakik.com\/#\/schema\/person\/9cd9d437bbb44f72b73ba127e06d8e79"},"headline":"HAS\u0130PO\u011eLU: \u201c\u0130K\u0130 AYRI DEVLET GER\u00c7E\u011e\u0130 G\u00d6Z ARDI ED\u0130LEMEZ\u201d","datePublished":"2025-11-05T08:13:25+00:00","mainEntityOfPage":{"@id":"https:\/\/kibrisdakik.com\/?p=98382"},"wordCount":338,"commentCount":0,"image":{"@id":"https:\/\/kibrisdakik.com\/?p=98382#primaryimage"},"thumbnailUrl":"https:\/\/kibrisdakik.com\/wp-content\/uploads\/2025\/11\/mha-sari-beyaz-554.png","articleSection":["K\u0131br\u0131s"],"inLanguage":"tr","potentialAction":[{"@type":"CommentAction","name":"Comment","target":["https:\/\/kibrisdakik.com\/?p=98382#respond"]}]},{"@type":"WebPage","@id":"https:\/\/kibrisdakik.com\/?p=98382","url":"https:\/\/kibrisdakik.com\/?p=98382","name":"HAS\u0130PO\u011eLU: \u201c\u0130K\u0130 AYRI DEVLET GER\u00c7E\u011e\u0130 G\u00d6Z ARDI ED\u0130LEMEZ\u201d -","isPartOf":{"@id":"https:\/\/kibrisdakik.com\/#website"},"primaryImageOfPage":{"@id":"https:\/\/kibrisdakik.com\/?p=98382#primaryimage"},"image":{"@id":"https:\/\/kibrisdakik.com\/?p=98382#primaryimage"},"thumbnailUrl":"https:\/\/kibrisdakik.com\/wp-content\/uploads\/2025\/11\/mha-sari-beyaz-554.png","datePublished":"2025-11-05T08:13:25+00:00","author":{"@id":"https:\/\/kibrisdakik.com\/#\/schema\/person\/9cd9d437bbb44f72b73ba127e06d8e79"},"breadcrumb":{"@id":"https:\/\/kibrisdakik.com\/?p=98382#breadcrumb"},"inLanguage":"tr","potentialAction":[{"@type":"ReadAction","target":["https:\/\/kibrisdakik.com\/?p=98382"]}]},{"@type":"ImageObject","inLanguage":"tr","@id":"https:\/\/kibrisdakik.com\/?p=98382#primaryimage","url":"https:\/\/kibrisdakik.com\/wp-content\/uploads\/2025\/11\/mha-sari-beyaz-554.png","contentUrl":"https:\/\/kibrisdakik.com\/wp-content\/uploads\/2025\/11\/mha-sari-beyaz-554.png","width":1280,"height":720},{"@type":"BreadcrumbList","@id":"https:\/\/kibrisdakik.com\/?p=98382#breadcrumb","itemListElement":[{"@type":"ListItem","position":1,"name":"Home","item":"https:\/\/kibrisdakik.com\/"},{"@type":"ListItem","position":2,"name":"HAS\u0130PO\u011eLU: \u201c\u0130K\u0130 AYRI DEVLET GER\u00c7E\u011e\u0130 G\u00d6Z ARDI ED\u0130LEMEZ\u201d"}]},{"@type":"WebSite","@id":"https:\/\/kibrisdakik.com\/#website","url":"https:\/\/kibrisdakik.com\/","name":"","description":"Tam vaktinde haber","potentialAction":[{"@type":"SearchAction","target":{"@type":"EntryPoint","urlTemplate":"https:\/\/kibrisdakik.com\/?s={search_term_string}"},"query-input":{"@type":"PropertyValueSpecification","valueRequired":true,"valueName":"search_term_string"}}],"inLanguage":"tr"},{"@type":"Person","@id":"https:\/\/kibrisdakik.com\/#\/schema\/person\/9cd9d437bbb44f72b73ba127e06d8e79","name":"admin","image":{"@type":"ImageObject","inLanguage":"tr","@id":"https:\/\/secure.gravatar.com\/avatar\/ccc17943b9d660506c869530f897617f7cb1c21a4bf30023f252596d83e1f007?s=96&d=mm&r=g","url":"https:\/\/secure.gravatar.com\/avatar\/ccc17943b9d660506c869530f897617f7cb1c21a4bf30023f252596d83e1f007?s=96&d=mm&r=g","contentUrl":"https:\/\/secure.gravatar.com\/avatar\/ccc17943b9d660506c869530f897617f7cb1c21a4bf30023f252596d83e1f007?s=96&d=mm&r=g","caption":"admin"},"sameAs":["https:\/\/kibrisdakik.com"],"url":"https:\/\/kibrisdakik.com\/?author=1"}]}},"_links":{"self":[{"href":"https:\/\/kibrisdakik.com\/index.php?rest_route=\/wp\/v2\/posts\/98382","targetHints":{"allow":["GET"]}}],"collection":[{"href":"https:\/\/kibrisdakik.com\/index.php?rest_route=\/wp\/v2\/posts"}],"about":[{"href":"https:\/\/kibrisdakik.com\/index.php?rest_route=\/wp\/v2\/types\/post"}],"author":[{"embeddable":true,"href":"https:\/\/kibrisdakik.com\/index.php?rest_route=\/wp\/v2\/users\/1"}],"replies":[{"embeddable":true,"href":"https:\/\/kibrisdakik.com\/index.php?rest_route=%2Fwp%2Fv2%2Fcomments&post=98382"}],"version-history":[{"count":0,"href":"https:\/\/kibrisdakik.com\/index.php?rest_route=\/wp\/v2\/posts\/98382\/revisions"}],"wp:featuredmedia":[{"embeddable":true,"href":"https:\/\/kibrisdakik.com\/index.php?rest_route=\/wp\/v2\/media\/98383"}],"wp:attachment":[{"href":"https:\/\/kibrisdakik.com\/index.php?rest_route=%2Fwp%2Fv2%2Fmedia&parent=98382"}],"wp:term":[{"taxonomy":"category","embeddable":true,"href":"https:\/\/kibrisdakik.com\/index.php?rest_route=%2Fwp%2Fv2%2Fcategories&post=98382"},{"taxonomy":"post_tag","embeddable":true,"href":"https:\/\/kibrisdakik.com\/index.php?rest_route=%2Fwp%2Fv2%2Ftags&post=98382"}],"curies":[{"name":"wp","href":"https:\/\/api.w.org\/{rel}","templated":true}]}}